{"id":3600,"date":"2026-02-16T10:58:54","date_gmt":"2026-02-16T09:58:54","guid":{"rendered":"https:\/\/www.ecovis.com\/uruguay\/es\/?p=3600"},"modified":"2026-02-16T11:01:13","modified_gmt":"2026-02-16T10:01:13","slug":"comunicados-bps-servicios-personales-vencimientos-declaracion-jurada-fonasa","status":"publish","type":"post","link":"https:\/\/www.ecovis.com\/uruguay\/es\/blog\/2026\/02\/16\/comunicados-bps-servicios-personales-vencimientos-declaracion-jurada-fonasa\/","title":{"rendered":"Comunicados BPS Servicios Personales \u2013 Vencimientos declaraci\u00f3n jurada \u2013 FONASA"},"content":{"rendered":"<p>Se establecieron los plazos para que los titulares de servicios personales, profesionales y no profesionales, que hayan desarrollado actividades fuera de la relaci\u00f3n de dependencia durante el a\u00f1o 2025, presenten la declaraci\u00f3n jurada Fonasa correspondiente a dicho ejercicio.<\/p>\n<p>La presentaci\u00f3n podr\u00e1 realizarse a partir del 9 de febrero de 2026. El plazo m\u00e1ximo para<br \/>\nrealizarla sin multa depende del \u00faltimo d\u00edgito del n\u00famero de empresa, de acuerdo con el cronograma vigente:<\/p>\n<table class=\"ecovistable\">\n<tbody>\n<tr>\n<td><b>D\u00cdGITOS<\/b><\/td>\n<td><b>VENCIMIENTOS<\/b><\/td>\n<\/tr>\n<tr>\n<td>0, 1 Y 2<\/td>\n<td>16\/04\/2026<\/td>\n<\/tr>\n<tr>\n<td>3, 4 Y 5<\/td>\n<td>23\/04\/2026<\/td>\n<\/tr>\n<tr>\n<td>6, 7, 8 Y 9<\/td>\n<td>30\/04\/2026<\/td>\n<\/tr>\n<\/tbody>\n<\/table>\n<p>Se recuerda que, de presentarse fuera de los plazos establecidos, corresponde la aplicaci\u00f3n de una multa de 1 UR.<br \/>\nSe debe tener en cuenta que son requisitos para realizar la presentaci\u00f3n de la declaraci\u00f3n, contar con usuario personal BPS y que los titulares de las empresas constituyan domicilio electr\u00f3nico ante BPS.<\/p>\n","protected":false},"excerpt":{"rendered":"<p>Se establecieron los plazos para que los titulares de servicios personales, profesionales y no profesionales, que hayan desarrollado actividades fuera de la relaci\u00f3n de dependencia durante el a\u00f1o 2025, presenten la declaraci\u00f3n jurada Fonasa correspondiente a dicho ejercicio. La presentaci\u00f3n podr\u00e1 realizarse a partir del 9 de febrero de 2026. El plazo m\u00e1ximo para realizarla [&hellip;]<\/p>\n","protected":false},"author":15,"featured_media":3601,"comment_status":"closed","ping_status":"open","sticky":false,"template":"","format":"standard","meta":{"_acf_changed":false,"footnotes":""},"categories":[30],"tags":[115],"class_list":["post-3600","post","type-post","status-publish","format-standard","has-post-thumbnail","hentry","category-novedades","tag-issue-334"],"acf":[],"yoast_head":"<!-- This site is optimized with the Yoast SEO plugin v27.4 - https:\/\/yoast.com\/product\/yoast-seo-wordpress\/ -->\n<title>Comunicados BPS Servicios Personales \u2013 Vencimientos declaraci\u00f3n jurada \u2013 FONASA - Ecovis en Uruguay<\/title>\n<meta name=\"robots\" content=\"index, follow, max-snippet:-1, max-image-preview:large, max-video-preview:-1\" \/>\n<link rel=\"canonical\" href=\"https:\/\/www.ecovis.com\/uruguay\/es\/blog\/2026\/02\/16\/comunicados-bps-servicios-personales-vencimientos-declaracion-jurada-fonasa\/\" \/>\n<meta property=\"og:locale\" content=\"es_ES\" \/>\n<meta property=\"og:type\" content=\"article\" \/>\n<meta property=\"og:title\" content=\"Comunicados BPS Servicios Personales \u2013 Vencimientos declaraci\u00f3n jurada \u2013 FONASA - Ecovis en Uruguay\" \/>\n<meta property=\"og:description\" content=\"Se establecieron los plazos para que los titulares de servicios personales, profesionales y no profesionales, que hayan desarrollado actividades fuera de la relaci\u00f3n de dependencia durante el a\u00f1o 2025, presenten la declaraci\u00f3n jurada Fonasa correspondiente a dicho ejercicio. La presentaci\u00f3n podr\u00e1 realizarse a partir del 9 de febrero de 2026. El plazo m\u00e1ximo para realizarla [&hellip;]\" \/>\n<meta property=\"og:url\" content=\"https:\/\/www.ecovis.com\/uruguay\/es\/blog\/2026\/02\/16\/comunicados-bps-servicios-personales-vencimientos-declaracion-jurada-fonasa\/\" \/>\n<meta property=\"og:site_name\" content=\"Ecovis en Uruguay\" \/>\n<meta property=\"article:published_time\" content=\"2026-02-16T09:58:54+00:00\" \/>\n<meta property=\"article:modified_time\" content=\"2026-02-16T10:01:13+00:00\" \/>\n<meta property=\"og:image\" content=\"https:\/\/www.ecovis.com\/uruguay\/es\/wp-content\/uploads\/sites\/3\/2026\/02\/NL334_bps.webp\" \/>\n\t<meta property=\"og:image:width\" content=\"1280\" \/>\n\t<meta property=\"og:image:height\" content=\"550\" \/>\n\t<meta property=\"og:image:type\" content=\"image\/webp\" \/>\n<meta name=\"author\" content=\"fg_uruguay\" \/>\n<meta name=\"twitter:card\" content=\"summary_large_image\" \/>\n<meta name=\"twitter:label1\" content=\"Written by\" \/>\n\t<meta name=\"twitter:data1\" content=\"fg_uruguay\" \/>\n\t<meta name=\"twitter:label2\" content=\"Est. reading time\" \/>\n\t<meta name=\"twitter:data2\" content=\"1 minuto\" \/>\n<script type=\"application\/ld+json\" class=\"yoast-schema-graph\">{\"@context\":\"https:\\\/\\\/schema.org\",\"@graph\":[{\"@type\":\"Article\",\"@id\":\"https:\\\/\\\/www.ecovis.com\\\/uruguay\\\/es\\\/blog\\\/2026\\\/02\\\/16\\\/comunicados-bps-servicios-personales-vencimientos-declaracion-jurada-fonasa\\\/#article\",\"isPartOf\":{\"@id\":\"https:\\\/\\\/www.ecovis.com\\\/uruguay\\\/es\\\/blog\\\/2026\\\/02\\\/16\\\/comunicados-bps-servicios-personales-vencimientos-declaracion-jurada-fonasa\\\/\"},\"author\":{\"name\":\"fg_uruguay\",\"@id\":\"https:\\\/\\\/www.ecovis.com\\\/uruguay\\\/es\\\/#\\\/schema\\\/person\\\/3534ca2ace82a2b5e11d9092650e0703\"},\"headline\":\"Comunicados BPS Servicios Personales \u2013 Vencimientos declaraci\u00f3n jurada \u2013 FONASA\",\"datePublished\":\"2026-02-16T09:58:54+00:00\",\"dateModified\":\"2026-02-16T10:01:13+00:00\",\"mainEntityOfPage\":{\"@id\":\"https:\\\/\\\/www.ecovis.com\\\/uruguay\\\/es\\\/blog\\\/2026\\\/02\\\/16\\\/comunicados-bps-servicios-personales-vencimientos-declaracion-jurada-fonasa\\\/\"},\"wordCount\":144,\"image\":{\"@id\":\"https:\\\/\\\/www.ecovis.com\\\/uruguay\\\/es\\\/blog\\\/2026\\\/02\\\/16\\\/comunicados-bps-servicios-personales-vencimientos-declaracion-jurada-fonasa\\\/#primaryimage\"},\"thumbnailUrl\":\"https:\\\/\\\/www.ecovis.com\\\/uruguay\\\/es\\\/wp-content\\\/uploads\\\/sites\\\/3\\\/2026\\\/02\\\/NL334_bps.webp\",\"keywords\":[\"Issue 334\"],\"articleSection\":[\"Novedades\"],\"inLanguage\":\"es-UY\"},{\"@type\":\"WebPage\",\"@id\":\"https:\\\/\\\/www.ecovis.com\\\/uruguay\\\/es\\\/blog\\\/2026\\\/02\\\/16\\\/comunicados-bps-servicios-personales-vencimientos-declaracion-jurada-fonasa\\\/\",\"url\":\"https:\\\/\\\/www.ecovis.com\\\/uruguay\\\/es\\\/blog\\\/2026\\\/02\\\/16\\\/comunicados-bps-servicios-personales-vencimientos-declaracion-jurada-fonasa\\\/\",\"name\":\"Comunicados BPS Servicios Personales \u2013 Vencimientos declaraci\u00f3n jurada \u2013 FONASA - Ecovis en Uruguay\",\"isPartOf\":{\"@id\":\"https:\\\/\\\/www.ecovis.com\\\/uruguay\\\/es\\\/#website\"},\"primaryImageOfPage\":{\"@id\":\"https:\\\/\\\/www.ecovis.com\\\/uruguay\\\/es\\\/blog\\\/2026\\\/02\\\/16\\\/comunicados-bps-servicios-personales-vencimientos-declaracion-jurada-fonasa\\\/#primaryimage\"},\"image\":{\"@id\":\"https:\\\/\\\/www.ecovis.com\\\/uruguay\\\/es\\\/blog\\\/2026\\\/02\\\/16\\\/comunicados-bps-servicios-personales-vencimientos-declaracion-jurada-fonasa\\\/#primaryimage\"},\"thumbnailUrl\":\"https:\\\/\\\/www.ecovis.com\\\/uruguay\\\/es\\\/wp-content\\\/uploads\\\/sites\\\/3\\\/2026\\\/02\\\/NL334_bps.webp\",\"datePublished\":\"2026-02-16T09:58:54+00:00\",\"dateModified\":\"2026-02-16T10:01:13+00:00\",\"author\":{\"@id\":\"https:\\\/\\\/www.ecovis.com\\\/uruguay\\\/es\\\/#\\\/schema\\\/person\\\/3534ca2ace82a2b5e11d9092650e0703\"},\"breadcrumb\":{\"@id\":\"https:\\\/\\\/www.ecovis.com\\\/uruguay\\\/es\\\/blog\\\/2026\\\/02\\\/16\\\/comunicados-bps-servicios-personales-vencimientos-declaracion-jurada-fonasa\\\/#breadcrumb\"},\"inLanguage\":\"es-UY\",\"potentialAction\":[{\"@type\":\"ReadAction\",\"target\":[\"https:\\\/\\\/www.ecovis.com\\\/uruguay\\\/es\\\/blog\\\/2026\\\/02\\\/16\\\/comunicados-bps-servicios-personales-vencimientos-declaracion-jurada-fonasa\\\/\"]}]},{\"@type\":\"ImageObject\",\"inLanguage\":\"es-UY\",\"@id\":\"https:\\\/\\\/www.ecovis.com\\\/uruguay\\\/es\\\/blog\\\/2026\\\/02\\\/16\\\/comunicados-bps-servicios-personales-vencimientos-declaracion-jurada-fonasa\\\/#primaryimage\",\"url\":\"https:\\\/\\\/www.ecovis.com\\\/uruguay\\\/es\\\/wp-content\\\/uploads\\\/sites\\\/3\\\/2026\\\/02\\\/NL334_bps.webp\",\"contentUrl\":\"https:\\\/\\\/www.ecovis.com\\\/uruguay\\\/es\\\/wp-content\\\/uploads\\\/sites\\\/3\\\/2026\\\/02\\\/NL334_bps.webp\",\"width\":1280,\"height\":550,\"caption\":\"\u00a9 towfiqu-barbhuiya, Pexels\"},{\"@type\":\"BreadcrumbList\",\"@id\":\"https:\\\/\\\/www.ecovis.com\\\/uruguay\\\/es\\\/blog\\\/2026\\\/02\\\/16\\\/comunicados-bps-servicios-personales-vencimientos-declaracion-jurada-fonasa\\\/#breadcrumb\",\"itemListElement\":[{\"@type\":\"ListItem\",\"position\":1,\"name\":\"Ecovis Global\",\"item\":\"https:\\\/\\\/www.ecovis.com\\\/\"},{\"@type\":\"ListItem\",\"position\":2,\"name\":\"Inicio\",\"item\":\"https:\\\/\\\/www.ecovis.com\\\/uruguay\\\/es\\\/\"},{\"@type\":\"ListItem\",\"position\":3,\"name\":\"Comunicados BPS Servicios Personales \u2013 Vencimientos declaraci\u00f3n jurada \u2013 FONASA\"}]},{\"@type\":\"WebSite\",\"@id\":\"https:\\\/\\\/www.ecovis.com\\\/uruguay\\\/es\\\/#website\",\"url\":\"https:\\\/\\\/www.ecovis.com\\\/uruguay\\\/es\\\/\",\"name\":\"Ecovis.com\",\"description\":\"\",\"potentialAction\":[{\"@type\":\"SearchAction\",\"target\":{\"@type\":\"EntryPoint\",\"urlTemplate\":\"https:\\\/\\\/www.ecovis.com\\\/uruguay\\\/es\\\/?s={search_term_string}\"},\"query-input\":{\"@type\":\"PropertyValueSpecification\",\"valueRequired\":true,\"valueName\":\"search_term_string\"}}],\"inLanguage\":\"es-UY\"},{\"@type\":\"Person\",\"@id\":\"https:\\\/\\\/www.ecovis.com\\\/uruguay\\\/es\\\/#\\\/schema\\\/person\\\/3534ca2ace82a2b5e11d9092650e0703\",\"name\":\"fg_uruguay\",\"image\":{\"@type\":\"ImageObject\",\"inLanguage\":\"es-UY\",\"@id\":\"https:\\\/\\\/secure.gravatar.com\\\/avatar\\\/d8f8cdb8dedf4903b4419a5b22f1a43436ad0387b7c6d10390caed756603f27f?s=96&d=mm&r=g\",\"url\":\"https:\\\/\\\/secure.gravatar.com\\\/avatar\\\/d8f8cdb8dedf4903b4419a5b22f1a43436ad0387b7c6d10390caed756603f27f?s=96&d=mm&r=g\",\"contentUrl\":\"https:\\\/\\\/secure.gravatar.com\\\/avatar\\\/d8f8cdb8dedf4903b4419a5b22f1a43436ad0387b7c6d10390caed756603f27f?s=96&d=mm&r=g\",\"caption\":\"fg_uruguay\"},\"url\":\"https:\\\/\\\/www.ecovis.com\\\/uruguay\\\/es\\\/blog\\\/author\\\/fg_uruguay\\\/\"}]}<\/script>\n<!-- \/ Yoast SEO plugin. -->","yoast_head_json":{"title":"Comunicados BPS Servicios Personales \u2013 Vencimientos declaraci\u00f3n jurada \u2013 FONASA - Ecovis en Uruguay","robots":{"index":"index","follow":"follow","max-snippet":"max-snippet:-1","max-image-preview":"max-image-preview:large","max-video-preview":"max-video-preview:-1"},"canonical":"https:\/\/www.ecovis.com\/uruguay\/es\/blog\/2026\/02\/16\/comunicados-bps-servicios-personales-vencimientos-declaracion-jurada-fonasa\/","og_locale":"es_ES","og_type":"article","og_title":"Comunicados BPS Servicios Personales \u2013 Vencimientos declaraci\u00f3n jurada \u2013 FONASA - Ecovis en Uruguay","og_description":"Se establecieron los plazos para que los titulares de servicios personales, profesionales y no profesionales, que hayan desarrollado actividades fuera de la relaci\u00f3n de dependencia durante el a\u00f1o 2025, presenten la declaraci\u00f3n jurada Fonasa correspondiente a dicho ejercicio. La presentaci\u00f3n podr\u00e1 realizarse a partir del 9 de febrero de 2026. El plazo m\u00e1ximo para realizarla [&hellip;]","og_url":"https:\/\/www.ecovis.com\/uruguay\/es\/blog\/2026\/02\/16\/comunicados-bps-servicios-personales-vencimientos-declaracion-jurada-fonasa\/","og_site_name":"Ecovis en Uruguay","article_published_time":"2026-02-16T09:58:54+00:00","article_modified_time":"2026-02-16T10:01:13+00:00","og_image":[{"width":1280,"height":550,"url":"https:\/\/www.ecovis.com\/uruguay\/es\/wp-content\/uploads\/sites\/3\/2026\/02\/NL334_bps.webp","type":"image\/webp"}],"author":"fg_uruguay","twitter_card":"summary_large_image","twitter_misc":{"Written by":"fg_uruguay","Est. reading time":"1 minuto"},"schema":{"@context":"https:\/\/schema.org","@graph":[{"@type":"Article","@id":"https:\/\/www.ecovis.com\/uruguay\/es\/blog\/2026\/02\/16\/comunicados-bps-servicios-personales-vencimientos-declaracion-jurada-fonasa\/#article","isPartOf":{"@id":"https:\/\/www.ecovis.com\/uruguay\/es\/blog\/2026\/02\/16\/comunicados-bps-servicios-personales-vencimientos-declaracion-jurada-fonasa\/"},"author":{"name":"fg_uruguay","@id":"https:\/\/www.ecovis.com\/uruguay\/es\/#\/schema\/person\/3534ca2ace82a2b5e11d9092650e0703"},"headline":"Comunicados BPS Servicios Personales \u2013 Vencimientos declaraci\u00f3n jurada \u2013 FONASA","datePublished":"2026-02-16T09:58:54+00:00","dateModified":"2026-02-16T10:01:13+00:00","mainEntityOfPage":{"@id":"https:\/\/www.ecovis.com\/uruguay\/es\/blog\/2026\/02\/16\/comunicados-bps-servicios-personales-vencimientos-declaracion-jurada-fonasa\/"},"wordCount":144,"image":{"@id":"https:\/\/www.ecovis.com\/uruguay\/es\/blog\/2026\/02\/16\/comunicados-bps-servicios-personales-vencimientos-declaracion-jurada-fonasa\/#primaryimage"},"thumbnailUrl":"https:\/\/www.ecovis.com\/uruguay\/es\/wp-content\/uploads\/sites\/3\/2026\/02\/NL334_bps.webp","keywords":["Issue 334"],"articleSection":["Novedades"],"inLanguage":"es-UY"},{"@type":"WebPage","@id":"https:\/\/www.ecovis.com\/uruguay\/es\/blog\/2026\/02\/16\/comunicados-bps-servicios-personales-vencimientos-declaracion-jurada-fonasa\/","url":"https:\/\/www.ecovis.com\/uruguay\/es\/blog\/2026\/02\/16\/comunicados-bps-servicios-personales-vencimientos-declaracion-jurada-fonasa\/","name":"Comunicados BPS Servicios Personales \u2013 Vencimientos declaraci\u00f3n jurada \u2013 FONASA - Ecovis en Uruguay","isPartOf":{"@id":"https:\/\/www.ecovis.com\/uruguay\/es\/#website"},"primaryImageOfPage":{"@id":"https:\/\/www.ecovis.com\/uruguay\/es\/blog\/2026\/02\/16\/comunicados-bps-servicios-personales-vencimientos-declaracion-jurada-fonasa\/#primaryimage"},"image":{"@id":"https:\/\/www.ecovis.com\/uruguay\/es\/blog\/2026\/02\/16\/comunicados-bps-servicios-personales-vencimientos-declaracion-jurada-fonasa\/#primaryimage"},"thumbnailUrl":"https:\/\/www.ecovis.com\/uruguay\/es\/wp-content\/uploads\/sites\/3\/2026\/02\/NL334_bps.webp","datePublished":"2026-02-16T09:58:54+00:00","dateModified":"2026-02-16T10:01:13+00:00","author":{"@id":"https:\/\/www.ecovis.com\/uruguay\/es\/#\/schema\/person\/3534ca2ace82a2b5e11d9092650e0703"},"breadcrumb":{"@id":"https:\/\/www.ecovis.com\/uruguay\/es\/blog\/2026\/02\/16\/comunicados-bps-servicios-personales-vencimientos-declaracion-jurada-fonasa\/#breadcrumb"},"inLanguage":"es-UY","potentialAction":[{"@type":"ReadAction","target":["https:\/\/www.ecovis.com\/uruguay\/es\/blog\/2026\/02\/16\/comunicados-bps-servicios-personales-vencimientos-declaracion-jurada-fonasa\/"]}]},{"@type":"ImageObject","inLanguage":"es-UY","@id":"https:\/\/www.ecovis.com\/uruguay\/es\/blog\/2026\/02\/16\/comunicados-bps-servicios-personales-vencimientos-declaracion-jurada-fonasa\/#primaryimage","url":"https:\/\/www.ecovis.com\/uruguay\/es\/wp-content\/uploads\/sites\/3\/2026\/02\/NL334_bps.webp","contentUrl":"https:\/\/www.ecovis.com\/uruguay\/es\/wp-content\/uploads\/sites\/3\/2026\/02\/NL334_bps.webp","width":1280,"height":550,"caption":"\u00a9 towfiqu-barbhuiya, Pexels"},{"@type":"BreadcrumbList","@id":"https:\/\/www.ecovis.com\/uruguay\/es\/blog\/2026\/02\/16\/comunicados-bps-servicios-personales-vencimientos-declaracion-jurada-fonasa\/#breadcrumb","itemListElement":[{"@type":"ListItem","position":1,"name":"Ecovis Global","item":"https:\/\/www.ecovis.com\/"},{"@type":"ListItem","position":2,"name":"Inicio","item":"https:\/\/www.ecovis.com\/uruguay\/es\/"},{"@type":"ListItem","position":3,"name":"Comunicados BPS Servicios Personales \u2013 Vencimientos declaraci\u00f3n jurada \u2013 FONASA"}]},{"@type":"WebSite","@id":"https:\/\/www.ecovis.com\/uruguay\/es\/#website","url":"https:\/\/www.ecovis.com\/uruguay\/es\/","name":"Ecovis.com","description":"","potentialAction":[{"@type":"SearchAction","target":{"@type":"EntryPoint","urlTemplate":"https:\/\/www.ecovis.com\/uruguay\/es\/?s={search_term_string}"},"query-input":{"@type":"PropertyValueSpecification","valueRequired":true,"valueName":"search_term_string"}}],"inLanguage":"es-UY"},{"@type":"Person","@id":"https:\/\/www.ecovis.com\/uruguay\/es\/#\/schema\/person\/3534ca2ace82a2b5e11d9092650e0703","name":"fg_uruguay","image":{"@type":"ImageObject","inLanguage":"es-UY","@id":"https:\/\/secure.gravatar.com\/avatar\/d8f8cdb8dedf4903b4419a5b22f1a43436ad0387b7c6d10390caed756603f27f?s=96&d=mm&r=g","url":"https:\/\/secure.gravatar.com\/avatar\/d8f8cdb8dedf4903b4419a5b22f1a43436ad0387b7c6d10390caed756603f27f?s=96&d=mm&r=g","contentUrl":"https:\/\/secure.gravatar.com\/avatar\/d8f8cdb8dedf4903b4419a5b22f1a43436ad0387b7c6d10390caed756603f27f?s=96&d=mm&r=g","caption":"fg_uruguay"},"url":"https:\/\/www.ecovis.com\/uruguay\/es\/blog\/author\/fg_uruguay\/"}]}},"featured_image_url":"https:\/\/www.ecovis.com\/uruguay\/es\/wp-content\/uploads\/sites\/3\/2026\/02\/NL334_bps-300x150.webp","featured_image_url_large":"https:\/\/www.ecovis.com\/uruguay\/es\/wp-content\/uploads\/sites\/3\/2026\/02\/NL334_bps.webp","_links":{"self":[{"href":"https:\/\/www.ecovis.com\/uruguay\/es\/wp-json\/wp\/v2\/posts\/3600","targetHints":{"allow":["GET"]}}],"collection":[{"href":"https:\/\/www.ecovis.com\/uruguay\/es\/wp-json\/wp\/v2\/posts"}],"about":[{"href":"https:\/\/www.ecovis.com\/uruguay\/es\/wp-json\/wp\/v2\/types\/post"}],"author":[{"embeddable":true,"href":"https:\/\/www.ecovis.com\/uruguay\/es\/wp-json\/wp\/v2\/users\/15"}],"replies":[{"embeddable":true,"href":"https:\/\/www.ecovis.com\/uruguay\/es\/wp-json\/wp\/v2\/comments?post=3600"}],"version-history":[{"count":1,"href":"https:\/\/www.ecovis.com\/uruguay\/es\/wp-json\/wp\/v2\/posts\/3600\/revisions"}],"predecessor-version":[{"id":3602,"href":"https:\/\/www.ecovis.com\/uruguay\/es\/wp-json\/wp\/v2\/posts\/3600\/revisions\/3602"}],"wp:featuredmedia":[{"embeddable":true,"href":"https:\/\/www.ecovis.com\/uruguay\/es\/wp-json\/wp\/v2\/media\/3601"}],"wp:attachment":[{"href":"https:\/\/www.ecovis.com\/uruguay\/es\/wp-json\/wp\/v2\/media?parent=3600"}],"wp:term":[{"taxonomy":"category","embeddable":true,"href":"https:\/\/www.ecovis.com\/uruguay\/es\/wp-json\/wp\/v2\/categories?post=3600"},{"taxonomy":"post_tag","embeddable":true,"href":"https:\/\/www.ecovis.com\/uruguay\/es\/wp-json\/wp\/v2\/tags?post=3600"}],"curies":[{"name":"wp","href":"https:\/\/api.w.org\/{rel}","templated":true}]}}