{"id":3574,"date":"2025-12-18T21:16:45","date_gmt":"2025-12-18T20:16:45","guid":{"rendered":"https:\/\/www.ecovis.com\/uruguay\/es\/?p=3574"},"modified":"2025-12-18T21:16:45","modified_gmt":"2025-12-18T20:16:45","slug":"se-aproxima-el-cierre-del-ano","status":"publish","type":"post","link":"https:\/\/www.ecovis.com\/uruguay\/es\/blog\/2025\/12\/18\/se-aproxima-el-cierre-del-ano\/","title":{"rendered":"Se aproxima el cierre del a\u00f1o"},"content":{"rendered":"<p>Un n\u00famero significativo de empresas cierran sus balances al 31 de diciembre. En la presente nota aprovecharemos para comentar algunos aspectos que entendemos que son importantes a tener en cuenta desde el punto de vista fiscal.<\/p>\n<p>Uno de ellos refiere en el Impuesto al Patrimonio a la cancelaci\u00f3n de deudas que a los efectos de dicho impuesto no son deducibles o computables como tales fiscalmente; por ejemplo, las deudas por importaciones de bienes, anticipos de clientes, dividendos a pagar. El efecto de cancelar este tipo de deudas antes del cierre de ejercicio produce una disminuci\u00f3n en el Impuesto a pagar.<\/p>\n<p>A su vez, existen determinadas deudas con acreedores del exterior que, de estar presentes al 31 de diciembre, las empresas deber\u00e1n retener el Impuesto al Patrimonio, aplicando una retenci\u00f3n del 1.5% sobre el saldo adeudado. Los saldos sujetos a retenci\u00f3n son aquellos que no obedecen a pr\u00e9stamos ni a pasivos por importaciones de bienes. Por lo que b\u00e1sicamente se trata de deudas por dividendos con accionistas no residentes, anticipos de clientes del exterior, deudas por servicios recibidos de proveedores del exterior.<\/p>\n","protected":false},"excerpt":{"rendered":"<p>Un n\u00famero significativo de empresas cierran sus balances al 31 de diciembre. En la presente nota aprovecharemos para comentar algunos aspectos que entendemos que son importantes a tener en cuenta desde el punto de vista fiscal. Uno de ellos refiere en el Impuesto al Patrimonio a la cancelaci\u00f3n de deudas que a los efectos de [&hellip;]<\/p>\n","protected":false},"author":15,"featured_media":3575,"comment_status":"closed","ping_status":"open","sticky":false,"template":"","format":"standard","meta":{"_acf_changed":false,"footnotes":""},"categories":[30],"tags":[112],"class_list":["post-3574","post","type-post","status-publish","format-standard","has-post-thumbnail","hentry","category-novedades","tag-issue-330"],"acf":[],"yoast_head":"<!-- This site is optimized with the Yoast SEO plugin v27.4 - https:\/\/yoast.com\/product\/yoast-seo-wordpress\/ -->\n<title>Se aproxima el cierre del a\u00f1o - Ecovis en Uruguay<\/title>\n<meta name=\"robots\" content=\"index, follow, max-snippet:-1, max-image-preview:large, max-video-preview:-1\" \/>\n<link rel=\"canonical\" href=\"https:\/\/www.ecovis.com\/uruguay\/es\/blog\/2025\/12\/18\/se-aproxima-el-cierre-del-ano\/\" \/>\n<meta property=\"og:locale\" content=\"es_ES\" \/>\n<meta property=\"og:type\" content=\"article\" \/>\n<meta property=\"og:title\" content=\"Se aproxima el cierre del a\u00f1o - Ecovis en Uruguay\" \/>\n<meta property=\"og:description\" content=\"Un n\u00famero significativo de empresas cierran sus balances al 31 de diciembre. En la presente nota aprovecharemos para comentar algunos aspectos que entendemos que son importantes a tener en cuenta desde el punto de vista fiscal. Uno de ellos refiere en el Impuesto al Patrimonio a la cancelaci\u00f3n de deudas que a los efectos de [&hellip;]\" \/>\n<meta property=\"og:url\" content=\"https:\/\/www.ecovis.com\/uruguay\/es\/blog\/2025\/12\/18\/se-aproxima-el-cierre-del-ano\/\" \/>\n<meta property=\"og:site_name\" content=\"Ecovis en Uruguay\" \/>\n<meta property=\"article:published_time\" content=\"2025-12-18T20:16:45+00:00\" \/>\n<meta property=\"og:image\" content=\"https:\/\/www.ecovis.com\/uruguay\/es\/wp-content\/uploads\/sites\/3\/2025\/12\/NL330_se-aproxima.webp\" \/>\n\t<meta property=\"og:image:width\" content=\"1280\" \/>\n\t<meta property=\"og:image:height\" content=\"550\" \/>\n\t<meta property=\"og:image:type\" content=\"image\/webp\" \/>\n<meta name=\"author\" content=\"fg_uruguay\" \/>\n<meta name=\"twitter:card\" content=\"summary_large_image\" \/>\n<meta name=\"twitter:label1\" content=\"Written by\" \/>\n\t<meta name=\"twitter:data1\" content=\"fg_uruguay\" \/>\n\t<meta name=\"twitter:label2\" content=\"Est. reading time\" \/>\n\t<meta name=\"twitter:data2\" content=\"2 minutos\" \/>\n<script type=\"application\/ld+json\" class=\"yoast-schema-graph\">{\"@context\":\"https:\\\/\\\/schema.org\",\"@graph\":[{\"@type\":\"Article\",\"@id\":\"https:\\\/\\\/www.ecovis.com\\\/uruguay\\\/es\\\/blog\\\/2025\\\/12\\\/18\\\/se-aproxima-el-cierre-del-ano\\\/#article\",\"isPartOf\":{\"@id\":\"https:\\\/\\\/www.ecovis.com\\\/uruguay\\\/es\\\/blog\\\/2025\\\/12\\\/18\\\/se-aproxima-el-cierre-del-ano\\\/\"},\"author\":{\"name\":\"fg_uruguay\",\"@id\":\"https:\\\/\\\/www.ecovis.com\\\/uruguay\\\/es\\\/#\\\/schema\\\/person\\\/3534ca2ace82a2b5e11d9092650e0703\"},\"headline\":\"Se aproxima el cierre del a\u00f1o\",\"datePublished\":\"2025-12-18T20:16:45+00:00\",\"mainEntityOfPage\":{\"@id\":\"https:\\\/\\\/www.ecovis.com\\\/uruguay\\\/es\\\/blog\\\/2025\\\/12\\\/18\\\/se-aproxima-el-cierre-del-ano\\\/\"},\"wordCount\":193,\"image\":{\"@id\":\"https:\\\/\\\/www.ecovis.com\\\/uruguay\\\/es\\\/blog\\\/2025\\\/12\\\/18\\\/se-aproxima-el-cierre-del-ano\\\/#primaryimage\"},\"thumbnailUrl\":\"https:\\\/\\\/www.ecovis.com\\\/uruguay\\\/es\\\/wp-content\\\/uploads\\\/sites\\\/3\\\/2025\\\/12\\\/NL330_se-aproxima.webp\",\"keywords\":[\"Issue 330\"],\"articleSection\":[\"Novedades\"],\"inLanguage\":\"es-UY\"},{\"@type\":\"WebPage\",\"@id\":\"https:\\\/\\\/www.ecovis.com\\\/uruguay\\\/es\\\/blog\\\/2025\\\/12\\\/18\\\/se-aproxima-el-cierre-del-ano\\\/\",\"url\":\"https:\\\/\\\/www.ecovis.com\\\/uruguay\\\/es\\\/blog\\\/2025\\\/12\\\/18\\\/se-aproxima-el-cierre-del-ano\\\/\",\"name\":\"Se aproxima el cierre del a\u00f1o - Ecovis en Uruguay\",\"isPartOf\":{\"@id\":\"https:\\\/\\\/www.ecovis.com\\\/uruguay\\\/es\\\/#website\"},\"primaryImageOfPage\":{\"@id\":\"https:\\\/\\\/www.ecovis.com\\\/uruguay\\\/es\\\/blog\\\/2025\\\/12\\\/18\\\/se-aproxima-el-cierre-del-ano\\\/#primaryimage\"},\"image\":{\"@id\":\"https:\\\/\\\/www.ecovis.com\\\/uruguay\\\/es\\\/blog\\\/2025\\\/12\\\/18\\\/se-aproxima-el-cierre-del-ano\\\/#primaryimage\"},\"thumbnailUrl\":\"https:\\\/\\\/www.ecovis.com\\\/uruguay\\\/es\\\/wp-content\\\/uploads\\\/sites\\\/3\\\/2025\\\/12\\\/NL330_se-aproxima.webp\",\"datePublished\":\"2025-12-18T20:16:45+00:00\",\"author\":{\"@id\":\"https:\\\/\\\/www.ecovis.com\\\/uruguay\\\/es\\\/#\\\/schema\\\/person\\\/3534ca2ace82a2b5e11d9092650e0703\"},\"breadcrumb\":{\"@id\":\"https:\\\/\\\/www.ecovis.com\\\/uruguay\\\/es\\\/blog\\\/2025\\\/12\\\/18\\\/se-aproxima-el-cierre-del-ano\\\/#breadcrumb\"},\"inLanguage\":\"es-UY\",\"potentialAction\":[{\"@type\":\"ReadAction\",\"target\":[\"https:\\\/\\\/www.ecovis.com\\\/uruguay\\\/es\\\/blog\\\/2025\\\/12\\\/18\\\/se-aproxima-el-cierre-del-ano\\\/\"]}]},{\"@type\":\"ImageObject\",\"inLanguage\":\"es-UY\",\"@id\":\"https:\\\/\\\/www.ecovis.com\\\/uruguay\\\/es\\\/blog\\\/2025\\\/12\\\/18\\\/se-aproxima-el-cierre-del-ano\\\/#primaryimage\",\"url\":\"https:\\\/\\\/www.ecovis.com\\\/uruguay\\\/es\\\/wp-content\\\/uploads\\\/sites\\\/3\\\/2025\\\/12\\\/NL330_se-aproxima.webp\",\"contentUrl\":\"https:\\\/\\\/www.ecovis.com\\\/uruguay\\\/es\\\/wp-content\\\/uploads\\\/sites\\\/3\\\/2025\\\/12\\\/NL330_se-aproxima.webp\",\"width\":1280,\"height\":550,\"caption\":\"\u00a9 rdne, Pexels\"},{\"@type\":\"BreadcrumbList\",\"@id\":\"https:\\\/\\\/www.ecovis.com\\\/uruguay\\\/es\\\/blog\\\/2025\\\/12\\\/18\\\/se-aproxima-el-cierre-del-ano\\\/#breadcrumb\",\"itemListElement\":[{\"@type\":\"ListItem\",\"position\":1,\"name\":\"Ecovis Global\",\"item\":\"https:\\\/\\\/www.ecovis.com\\\/\"},{\"@type\":\"ListItem\",\"position\":2,\"name\":\"Inicio\",\"item\":\"https:\\\/\\\/www.ecovis.com\\\/uruguay\\\/es\\\/\"},{\"@type\":\"ListItem\",\"position\":3,\"name\":\"Se aproxima el cierre del a\u00f1o\"}]},{\"@type\":\"WebSite\",\"@id\":\"https:\\\/\\\/www.ecovis.com\\\/uruguay\\\/es\\\/#website\",\"url\":\"https:\\\/\\\/www.ecovis.com\\\/uruguay\\\/es\\\/\",\"name\":\"Ecovis.com\",\"description\":\"\",\"potentialAction\":[{\"@type\":\"SearchAction\",\"target\":{\"@type\":\"EntryPoint\",\"urlTemplate\":\"https:\\\/\\\/www.ecovis.com\\\/uruguay\\\/es\\\/?s={search_term_string}\"},\"query-input\":{\"@type\":\"PropertyValueSpecification\",\"valueRequired\":true,\"valueName\":\"search_term_string\"}}],\"inLanguage\":\"es-UY\"},{\"@type\":\"Person\",\"@id\":\"https:\\\/\\\/www.ecovis.com\\\/uruguay\\\/es\\\/#\\\/schema\\\/person\\\/3534ca2ace82a2b5e11d9092650e0703\",\"name\":\"fg_uruguay\",\"image\":{\"@type\":\"ImageObject\",\"inLanguage\":\"es-UY\",\"@id\":\"https:\\\/\\\/secure.gravatar.com\\\/avatar\\\/d8f8cdb8dedf4903b4419a5b22f1a43436ad0387b7c6d10390caed756603f27f?s=96&d=mm&r=g\",\"url\":\"https:\\\/\\\/secure.gravatar.com\\\/avatar\\\/d8f8cdb8dedf4903b4419a5b22f1a43436ad0387b7c6d10390caed756603f27f?s=96&d=mm&r=g\",\"contentUrl\":\"https:\\\/\\\/secure.gravatar.com\\\/avatar\\\/d8f8cdb8dedf4903b4419a5b22f1a43436ad0387b7c6d10390caed756603f27f?s=96&d=mm&r=g\",\"caption\":\"fg_uruguay\"},\"url\":\"https:\\\/\\\/www.ecovis.com\\\/uruguay\\\/es\\\/blog\\\/author\\\/fg_uruguay\\\/\"}]}<\/script>\n<!-- \/ Yoast SEO plugin. -->","yoast_head_json":{"title":"Se aproxima el cierre del a\u00f1o - Ecovis en Uruguay","robots":{"index":"index","follow":"follow","max-snippet":"max-snippet:-1","max-image-preview":"max-image-preview:large","max-video-preview":"max-video-preview:-1"},"canonical":"https:\/\/www.ecovis.com\/uruguay\/es\/blog\/2025\/12\/18\/se-aproxima-el-cierre-del-ano\/","og_locale":"es_ES","og_type":"article","og_title":"Se aproxima el cierre del a\u00f1o - Ecovis en Uruguay","og_description":"Un n\u00famero significativo de empresas cierran sus balances al 31 de diciembre. En la presente nota aprovecharemos para comentar algunos aspectos que entendemos que son importantes a tener en cuenta desde el punto de vista fiscal. Uno de ellos refiere en el Impuesto al Patrimonio a la cancelaci\u00f3n de deudas que a los efectos de [&hellip;]","og_url":"https:\/\/www.ecovis.com\/uruguay\/es\/blog\/2025\/12\/18\/se-aproxima-el-cierre-del-ano\/","og_site_name":"Ecovis en Uruguay","article_published_time":"2025-12-18T20:16:45+00:00","og_image":[{"width":1280,"height":550,"url":"https:\/\/www.ecovis.com\/uruguay\/es\/wp-content\/uploads\/sites\/3\/2025\/12\/NL330_se-aproxima.webp","type":"image\/webp"}],"author":"fg_uruguay","twitter_card":"summary_large_image","twitter_misc":{"Written by":"fg_uruguay","Est. reading time":"2 minutos"},"schema":{"@context":"https:\/\/schema.org","@graph":[{"@type":"Article","@id":"https:\/\/www.ecovis.com\/uruguay\/es\/blog\/2025\/12\/18\/se-aproxima-el-cierre-del-ano\/#article","isPartOf":{"@id":"https:\/\/www.ecovis.com\/uruguay\/es\/blog\/2025\/12\/18\/se-aproxima-el-cierre-del-ano\/"},"author":{"name":"fg_uruguay","@id":"https:\/\/www.ecovis.com\/uruguay\/es\/#\/schema\/person\/3534ca2ace82a2b5e11d9092650e0703"},"headline":"Se aproxima el cierre del a\u00f1o","datePublished":"2025-12-18T20:16:45+00:00","mainEntityOfPage":{"@id":"https:\/\/www.ecovis.com\/uruguay\/es\/blog\/2025\/12\/18\/se-aproxima-el-cierre-del-ano\/"},"wordCount":193,"image":{"@id":"https:\/\/www.ecovis.com\/uruguay\/es\/blog\/2025\/12\/18\/se-aproxima-el-cierre-del-ano\/#primaryimage"},"thumbnailUrl":"https:\/\/www.ecovis.com\/uruguay\/es\/wp-content\/uploads\/sites\/3\/2025\/12\/NL330_se-aproxima.webp","keywords":["Issue 330"],"articleSection":["Novedades"],"inLanguage":"es-UY"},{"@type":"WebPage","@id":"https:\/\/www.ecovis.com\/uruguay\/es\/blog\/2025\/12\/18\/se-aproxima-el-cierre-del-ano\/","url":"https:\/\/www.ecovis.com\/uruguay\/es\/blog\/2025\/12\/18\/se-aproxima-el-cierre-del-ano\/","name":"Se aproxima el cierre del a\u00f1o - Ecovis en Uruguay","isPartOf":{"@id":"https:\/\/www.ecovis.com\/uruguay\/es\/#website"},"primaryImageOfPage":{"@id":"https:\/\/www.ecovis.com\/uruguay\/es\/blog\/2025\/12\/18\/se-aproxima-el-cierre-del-ano\/#primaryimage"},"image":{"@id":"https:\/\/www.ecovis.com\/uruguay\/es\/blog\/2025\/12\/18\/se-aproxima-el-cierre-del-ano\/#primaryimage"},"thumbnailUrl":"https:\/\/www.ecovis.com\/uruguay\/es\/wp-content\/uploads\/sites\/3\/2025\/12\/NL330_se-aproxima.webp","datePublished":"2025-12-18T20:16:45+00:00","author":{"@id":"https:\/\/www.ecovis.com\/uruguay\/es\/#\/schema\/person\/3534ca2ace82a2b5e11d9092650e0703"},"breadcrumb":{"@id":"https:\/\/www.ecovis.com\/uruguay\/es\/blog\/2025\/12\/18\/se-aproxima-el-cierre-del-ano\/#breadcrumb"},"inLanguage":"es-UY","potentialAction":[{"@type":"ReadAction","target":["https:\/\/www.ecovis.com\/uruguay\/es\/blog\/2025\/12\/18\/se-aproxima-el-cierre-del-ano\/"]}]},{"@type":"ImageObject","inLanguage":"es-UY","@id":"https:\/\/www.ecovis.com\/uruguay\/es\/blog\/2025\/12\/18\/se-aproxima-el-cierre-del-ano\/#primaryimage","url":"https:\/\/www.ecovis.com\/uruguay\/es\/wp-content\/uploads\/sites\/3\/2025\/12\/NL330_se-aproxima.webp","contentUrl":"https:\/\/www.ecovis.com\/uruguay\/es\/wp-content\/uploads\/sites\/3\/2025\/12\/NL330_se-aproxima.webp","width":1280,"height":550,"caption":"\u00a9 rdne, Pexels"},{"@type":"BreadcrumbList","@id":"https:\/\/www.ecovis.com\/uruguay\/es\/blog\/2025\/12\/18\/se-aproxima-el-cierre-del-ano\/#breadcrumb","itemListElement":[{"@type":"ListItem","position":1,"name":"Ecovis Global","item":"https:\/\/www.ecovis.com\/"},{"@type":"ListItem","position":2,"name":"Inicio","item":"https:\/\/www.ecovis.com\/uruguay\/es\/"},{"@type":"ListItem","position":3,"name":"Se aproxima el cierre del a\u00f1o"}]},{"@type":"WebSite","@id":"https:\/\/www.ecovis.com\/uruguay\/es\/#website","url":"https:\/\/www.ecovis.com\/uruguay\/es\/","name":"Ecovis.com","description":"","potentialAction":[{"@type":"SearchAction","target":{"@type":"EntryPoint","urlTemplate":"https:\/\/www.ecovis.com\/uruguay\/es\/?s={search_term_string}"},"query-input":{"@type":"PropertyValueSpecification","valueRequired":true,"valueName":"search_term_string"}}],"inLanguage":"es-UY"},{"@type":"Person","@id":"https:\/\/www.ecovis.com\/uruguay\/es\/#\/schema\/person\/3534ca2ace82a2b5e11d9092650e0703","name":"fg_uruguay","image":{"@type":"ImageObject","inLanguage":"es-UY","@id":"https:\/\/secure.gravatar.com\/avatar\/d8f8cdb8dedf4903b4419a5b22f1a43436ad0387b7c6d10390caed756603f27f?s=96&d=mm&r=g","url":"https:\/\/secure.gravatar.com\/avatar\/d8f8cdb8dedf4903b4419a5b22f1a43436ad0387b7c6d10390caed756603f27f?s=96&d=mm&r=g","contentUrl":"https:\/\/secure.gravatar.com\/avatar\/d8f8cdb8dedf4903b4419a5b22f1a43436ad0387b7c6d10390caed756603f27f?s=96&d=mm&r=g","caption":"fg_uruguay"},"url":"https:\/\/www.ecovis.com\/uruguay\/es\/blog\/author\/fg_uruguay\/"}]}},"featured_image_url":"https:\/\/www.ecovis.com\/uruguay\/es\/wp-content\/uploads\/sites\/3\/2025\/12\/NL330_se-aproxima-300x150.webp","featured_image_url_large":"https:\/\/www.ecovis.com\/uruguay\/es\/wp-content\/uploads\/sites\/3\/2025\/12\/NL330_se-aproxima.webp","_links":{"self":[{"href":"https:\/\/www.ecovis.com\/uruguay\/es\/wp-json\/wp\/v2\/posts\/3574","targetHints":{"allow":["GET"]}}],"collection":[{"href":"https:\/\/www.ecovis.com\/uruguay\/es\/wp-json\/wp\/v2\/posts"}],"about":[{"href":"https:\/\/www.ecovis.com\/uruguay\/es\/wp-json\/wp\/v2\/types\/post"}],"author":[{"embeddable":true,"href":"https:\/\/www.ecovis.com\/uruguay\/es\/wp-json\/wp\/v2\/users\/15"}],"replies":[{"embeddable":true,"href":"https:\/\/www.ecovis.com\/uruguay\/es\/wp-json\/wp\/v2\/comments?post=3574"}],"version-history":[{"count":1,"href":"https:\/\/www.ecovis.com\/uruguay\/es\/wp-json\/wp\/v2\/posts\/3574\/revisions"}],"predecessor-version":[{"id":3576,"href":"https:\/\/www.ecovis.com\/uruguay\/es\/wp-json\/wp\/v2\/posts\/3574\/revisions\/3576"}],"wp:featuredmedia":[{"embeddable":true,"href":"https:\/\/www.ecovis.com\/uruguay\/es\/wp-json\/wp\/v2\/media\/3575"}],"wp:attachment":[{"href":"https:\/\/www.ecovis.com\/uruguay\/es\/wp-json\/wp\/v2\/media?parent=3574"}],"wp:term":[{"taxonomy":"category","embeddable":true,"href":"https:\/\/www.ecovis.com\/uruguay\/es\/wp-json\/wp\/v2\/categories?post=3574"},{"taxonomy":"post_tag","embeddable":true,"href":"https:\/\/www.ecovis.com\/uruguay\/es\/wp-json\/wp\/v2\/tags?post=3574"}],"curies":[{"name":"wp","href":"https:\/\/api.w.org\/{rel}","templated":true}]}}