{"id":3571,"date":"2025-12-18T21:14:46","date_gmt":"2025-12-18T20:14:46","guid":{"rendered":"https:\/\/www.ecovis.com\/uruguay\/es\/?p=3571"},"modified":"2025-12-18T21:16:58","modified_gmt":"2025-12-18T20:16:58","slug":"proyecto-de-ley-condiciones-laborales-para-el-sector-transporte","status":"publish","type":"post","link":"https:\/\/www.ecovis.com\/uruguay\/es\/blog\/2025\/12\/18\/proyecto-de-ley-condiciones-laborales-para-el-sector-transporte\/","title":{"rendered":"Proyecto de Ley &#8211; Condiciones laborales para el sector transporte"},"content":{"rendered":"<p>Recientemente se envi\u00f3 al Parlamento un proyecto de Ley que busca regular algunos aspectos relativos al stress laboral de los conductores de taxis, remises, \u00f3mnibus y servicios afines. La regulaci\u00f3n propuesta parte de tres premisas fundamentales:<\/p>\n<ul>\n<li>La salud del trabajador tanto f\u00edsica, emocional como mental como un factor clave de seguridad vial.<\/li>\n<li>El conductor es un actor esencial del servicio p\u00fablico de transporte, y por lo tanto debe gozar de derechos que permitan su desarrollo humano y profesional, integrando su derecho al estudio, a la formaci\u00f3n continua, al ocio y al cuidado de su salud mental como dimensiones inseparables del trabajo digno.<\/li>\n<li>Identificaci\u00f3n de Riesgos Psicosociales y Psicolaborales, para la generaci\u00f3n de planes intervenci\u00f3n en prevenci\u00f3n y promoci\u00f3n de Salud Ocupacional, Gesti\u00f3n del Riesgo, con el\u00a0 fin de\u00a0 garantizar un entorno laboral seguro y saludable.<br \/>\nLa propuesta otorga al conductor no solo l\u00edmites a su carga horaria, sino tambi\u00e9n derechos positivos:<\/p>\n<ul>\n<li>derecho a la formaci\u00f3n remunerada;<\/li>\n<li>derecho al descanso efectivo;<\/li>\n<li>derecho al ocio y al estudio como parte integral de su desarrollo personal y laboral;<\/li>\n<li>acceso garantizado a programas de prevenci\u00f3n del estr\u00e9s, ex\u00e1menes de salud psicol\u00f3gica y orientaci\u00f3n profesional en bienestar mental.<\/li>\n<\/ul>\n<\/li>\n<\/ul>\n","protected":false},"excerpt":{"rendered":"<p>Recientemente se envi\u00f3 al Parlamento un proyecto de Ley que busca regular algunos aspectos relativos al stress laboral de los conductores de taxis, remises, \u00f3mnibus y servicios afines. La regulaci\u00f3n propuesta parte de tres premisas fundamentales: La salud del trabajador tanto f\u00edsica, emocional como mental como un factor clave de seguridad vial. El conductor es [&hellip;]<\/p>\n","protected":false},"author":15,"featured_media":3572,"comment_status":"closed","ping_status":"open","sticky":false,"template":"","format":"standard","meta":{"_acf_changed":false,"footnotes":""},"categories":[30],"tags":[112],"class_list":["post-3571","post","type-post","status-publish","format-standard","has-post-thumbnail","hentry","category-novedades","tag-issue-330"],"acf":[],"yoast_head":"<!-- This site is optimized with the Yoast SEO plugin v27.4 - https:\/\/yoast.com\/product\/yoast-seo-wordpress\/ -->\n<title>Proyecto de Ley - Condiciones laborales para el sector transporte - Ecovis en Uruguay<\/title>\n<meta name=\"robots\" content=\"index, follow, max-snippet:-1, max-image-preview:large, max-video-preview:-1\" \/>\n<link rel=\"canonical\" href=\"https:\/\/www.ecovis.com\/uruguay\/es\/blog\/2025\/12\/18\/proyecto-de-ley-condiciones-laborales-para-el-sector-transporte\/\" \/>\n<meta property=\"og:locale\" content=\"es_ES\" \/>\n<meta property=\"og:type\" content=\"article\" \/>\n<meta property=\"og:title\" content=\"Proyecto de Ley - Condiciones laborales para el sector transporte - Ecovis en Uruguay\" \/>\n<meta property=\"og:description\" content=\"Recientemente se envi\u00f3 al Parlamento un proyecto de Ley que busca regular algunos aspectos relativos al stress laboral de los conductores de taxis, remises, \u00f3mnibus y servicios afines. La regulaci\u00f3n propuesta parte de tres premisas fundamentales: La salud del trabajador tanto f\u00edsica, emocional como mental como un factor clave de seguridad vial. El conductor es [&hellip;]\" \/>\n<meta property=\"og:url\" content=\"https:\/\/www.ecovis.com\/uruguay\/es\/blog\/2025\/12\/18\/proyecto-de-ley-condiciones-laborales-para-el-sector-transporte\/\" \/>\n<meta property=\"og:site_name\" content=\"Ecovis en Uruguay\" \/>\n<meta property=\"article:published_time\" content=\"2025-12-18T20:14:46+00:00\" \/>\n<meta property=\"article:modified_time\" content=\"2025-12-18T20:16:58+00:00\" \/>\n<meta property=\"og:image\" content=\"https:\/\/www.ecovis.com\/uruguay\/es\/wp-content\/uploads\/sites\/3\/2025\/12\/NL330_Proyecto-de-Ley.webp\" \/>\n\t<meta property=\"og:image:width\" content=\"1280\" \/>\n\t<meta property=\"og:image:height\" content=\"550\" \/>\n\t<meta property=\"og:image:type\" content=\"image\/webp\" \/>\n<meta name=\"author\" content=\"fg_uruguay\" \/>\n<meta name=\"twitter:card\" content=\"summary_large_image\" \/>\n<meta name=\"twitter:label1\" content=\"Written by\" \/>\n\t<meta name=\"twitter:data1\" content=\"fg_uruguay\" \/>\n\t<meta name=\"twitter:label2\" content=\"Est. reading time\" \/>\n\t<meta name=\"twitter:data2\" content=\"2 minutos\" \/>\n<script type=\"application\/ld+json\" class=\"yoast-schema-graph\">{\"@context\":\"https:\\\/\\\/schema.org\",\"@graph\":[{\"@type\":\"Article\",\"@id\":\"https:\\\/\\\/www.ecovis.com\\\/uruguay\\\/es\\\/blog\\\/2025\\\/12\\\/18\\\/proyecto-de-ley-condiciones-laborales-para-el-sector-transporte\\\/#article\",\"isPartOf\":{\"@id\":\"https:\\\/\\\/www.ecovis.com\\\/uruguay\\\/es\\\/blog\\\/2025\\\/12\\\/18\\\/proyecto-de-ley-condiciones-laborales-para-el-sector-transporte\\\/\"},\"author\":{\"name\":\"fg_uruguay\",\"@id\":\"https:\\\/\\\/www.ecovis.com\\\/uruguay\\\/es\\\/#\\\/schema\\\/person\\\/3534ca2ace82a2b5e11d9092650e0703\"},\"headline\":\"Proyecto de Ley &#8211; Condiciones laborales para el sector transporte\",\"datePublished\":\"2025-12-18T20:14:46+00:00\",\"dateModified\":\"2025-12-18T20:16:58+00:00\",\"mainEntityOfPage\":{\"@id\":\"https:\\\/\\\/www.ecovis.com\\\/uruguay\\\/es\\\/blog\\\/2025\\\/12\\\/18\\\/proyecto-de-ley-condiciones-laborales-para-el-sector-transporte\\\/\"},\"wordCount\":221,\"image\":{\"@id\":\"https:\\\/\\\/www.ecovis.com\\\/uruguay\\\/es\\\/blog\\\/2025\\\/12\\\/18\\\/proyecto-de-ley-condiciones-laborales-para-el-sector-transporte\\\/#primaryimage\"},\"thumbnailUrl\":\"https:\\\/\\\/www.ecovis.com\\\/uruguay\\\/es\\\/wp-content\\\/uploads\\\/sites\\\/3\\\/2025\\\/12\\\/NL330_Proyecto-de-Ley.webp\",\"keywords\":[\"Issue 330\"],\"articleSection\":[\"Novedades\"],\"inLanguage\":\"es-UY\"},{\"@type\":\"WebPage\",\"@id\":\"https:\\\/\\\/www.ecovis.com\\\/uruguay\\\/es\\\/blog\\\/2025\\\/12\\\/18\\\/proyecto-de-ley-condiciones-laborales-para-el-sector-transporte\\\/\",\"url\":\"https:\\\/\\\/www.ecovis.com\\\/uruguay\\\/es\\\/blog\\\/2025\\\/12\\\/18\\\/proyecto-de-ley-condiciones-laborales-para-el-sector-transporte\\\/\",\"name\":\"Proyecto de Ley - Condiciones laborales para el sector transporte - Ecovis en Uruguay\",\"isPartOf\":{\"@id\":\"https:\\\/\\\/www.ecovis.com\\\/uruguay\\\/es\\\/#website\"},\"primaryImageOfPage\":{\"@id\":\"https:\\\/\\\/www.ecovis.com\\\/uruguay\\\/es\\\/blog\\\/2025\\\/12\\\/18\\\/proyecto-de-ley-condiciones-laborales-para-el-sector-transporte\\\/#primaryimage\"},\"image\":{\"@id\":\"https:\\\/\\\/www.ecovis.com\\\/uruguay\\\/es\\\/blog\\\/2025\\\/12\\\/18\\\/proyecto-de-ley-condiciones-laborales-para-el-sector-transporte\\\/#primaryimage\"},\"thumbnailUrl\":\"https:\\\/\\\/www.ecovis.com\\\/uruguay\\\/es\\\/wp-content\\\/uploads\\\/sites\\\/3\\\/2025\\\/12\\\/NL330_Proyecto-de-Ley.webp\",\"datePublished\":\"2025-12-18T20:14:46+00:00\",\"dateModified\":\"2025-12-18T20:16:58+00:00\",\"author\":{\"@id\":\"https:\\\/\\\/www.ecovis.com\\\/uruguay\\\/es\\\/#\\\/schema\\\/person\\\/3534ca2ace82a2b5e11d9092650e0703\"},\"breadcrumb\":{\"@id\":\"https:\\\/\\\/www.ecovis.com\\\/uruguay\\\/es\\\/blog\\\/2025\\\/12\\\/18\\\/proyecto-de-ley-condiciones-laborales-para-el-sector-transporte\\\/#breadcrumb\"},\"inLanguage\":\"es-UY\",\"potentialAction\":[{\"@type\":\"ReadAction\",\"target\":[\"https:\\\/\\\/www.ecovis.com\\\/uruguay\\\/es\\\/blog\\\/2025\\\/12\\\/18\\\/proyecto-de-ley-condiciones-laborales-para-el-sector-transporte\\\/\"]}]},{\"@type\":\"ImageObject\",\"inLanguage\":\"es-UY\",\"@id\":\"https:\\\/\\\/www.ecovis.com\\\/uruguay\\\/es\\\/blog\\\/2025\\\/12\\\/18\\\/proyecto-de-ley-condiciones-laborales-para-el-sector-transporte\\\/#primaryimage\",\"url\":\"https:\\\/\\\/www.ecovis.com\\\/uruguay\\\/es\\\/wp-content\\\/uploads\\\/sites\\\/3\\\/2025\\\/12\\\/NL330_Proyecto-de-Ley.webp\",\"contentUrl\":\"https:\\\/\\\/www.ecovis.com\\\/uruguay\\\/es\\\/wp-content\\\/uploads\\\/sites\\\/3\\\/2025\\\/12\\\/NL330_Proyecto-de-Ley.webp\",\"width\":1280,\"height\":550,\"caption\":\"\u00a9 handespics, Pexels\"},{\"@type\":\"BreadcrumbList\",\"@id\":\"https:\\\/\\\/www.ecovis.com\\\/uruguay\\\/es\\\/blog\\\/2025\\\/12\\\/18\\\/proyecto-de-ley-condiciones-laborales-para-el-sector-transporte\\\/#breadcrumb\",\"itemListElement\":[{\"@type\":\"ListItem\",\"position\":1,\"name\":\"Ecovis Global\",\"item\":\"https:\\\/\\\/www.ecovis.com\\\/\"},{\"@type\":\"ListItem\",\"position\":2,\"name\":\"Inicio\",\"item\":\"https:\\\/\\\/www.ecovis.com\\\/uruguay\\\/es\\\/\"},{\"@type\":\"ListItem\",\"position\":3,\"name\":\"Proyecto de Ley &#8211; Condiciones laborales para el sector transporte\"}]},{\"@type\":\"WebSite\",\"@id\":\"https:\\\/\\\/www.ecovis.com\\\/uruguay\\\/es\\\/#website\",\"url\":\"https:\\\/\\\/www.ecovis.com\\\/uruguay\\\/es\\\/\",\"name\":\"Ecovis.com\",\"description\":\"\",\"potentialAction\":[{\"@type\":\"SearchAction\",\"target\":{\"@type\":\"EntryPoint\",\"urlTemplate\":\"https:\\\/\\\/www.ecovis.com\\\/uruguay\\\/es\\\/?s={search_term_string}\"},\"query-input\":{\"@type\":\"PropertyValueSpecification\",\"valueRequired\":true,\"valueName\":\"search_term_string\"}}],\"inLanguage\":\"es-UY\"},{\"@type\":\"Person\",\"@id\":\"https:\\\/\\\/www.ecovis.com\\\/uruguay\\\/es\\\/#\\\/schema\\\/person\\\/3534ca2ace82a2b5e11d9092650e0703\",\"name\":\"fg_uruguay\",\"image\":{\"@type\":\"ImageObject\",\"inLanguage\":\"es-UY\",\"@id\":\"https:\\\/\\\/secure.gravatar.com\\\/avatar\\\/d8f8cdb8dedf4903b4419a5b22f1a43436ad0387b7c6d10390caed756603f27f?s=96&d=mm&r=g\",\"url\":\"https:\\\/\\\/secure.gravatar.com\\\/avatar\\\/d8f8cdb8dedf4903b4419a5b22f1a43436ad0387b7c6d10390caed756603f27f?s=96&d=mm&r=g\",\"contentUrl\":\"https:\\\/\\\/secure.gravatar.com\\\/avatar\\\/d8f8cdb8dedf4903b4419a5b22f1a43436ad0387b7c6d10390caed756603f27f?s=96&d=mm&r=g\",\"caption\":\"fg_uruguay\"},\"url\":\"https:\\\/\\\/www.ecovis.com\\\/uruguay\\\/es\\\/blog\\\/author\\\/fg_uruguay\\\/\"}]}<\/script>\n<!-- \/ Yoast SEO plugin. -->","yoast_head_json":{"title":"Proyecto de Ley - Condiciones laborales para el sector transporte - Ecovis en Uruguay","robots":{"index":"index","follow":"follow","max-snippet":"max-snippet:-1","max-image-preview":"max-image-preview:large","max-video-preview":"max-video-preview:-1"},"canonical":"https:\/\/www.ecovis.com\/uruguay\/es\/blog\/2025\/12\/18\/proyecto-de-ley-condiciones-laborales-para-el-sector-transporte\/","og_locale":"es_ES","og_type":"article","og_title":"Proyecto de Ley - Condiciones laborales para el sector transporte - Ecovis en Uruguay","og_description":"Recientemente se envi\u00f3 al Parlamento un proyecto de Ley que busca regular algunos aspectos relativos al stress laboral de los conductores de taxis, remises, \u00f3mnibus y servicios afines. La regulaci\u00f3n propuesta parte de tres premisas fundamentales: La salud del trabajador tanto f\u00edsica, emocional como mental como un factor clave de seguridad vial. El conductor es [&hellip;]","og_url":"https:\/\/www.ecovis.com\/uruguay\/es\/blog\/2025\/12\/18\/proyecto-de-ley-condiciones-laborales-para-el-sector-transporte\/","og_site_name":"Ecovis en Uruguay","article_published_time":"2025-12-18T20:14:46+00:00","article_modified_time":"2025-12-18T20:16:58+00:00","og_image":[{"width":1280,"height":550,"url":"https:\/\/www.ecovis.com\/uruguay\/es\/wp-content\/uploads\/sites\/3\/2025\/12\/NL330_Proyecto-de-Ley.webp","type":"image\/webp"}],"author":"fg_uruguay","twitter_card":"summary_large_image","twitter_misc":{"Written by":"fg_uruguay","Est. reading time":"2 minutos"},"schema":{"@context":"https:\/\/schema.org","@graph":[{"@type":"Article","@id":"https:\/\/www.ecovis.com\/uruguay\/es\/blog\/2025\/12\/18\/proyecto-de-ley-condiciones-laborales-para-el-sector-transporte\/#article","isPartOf":{"@id":"https:\/\/www.ecovis.com\/uruguay\/es\/blog\/2025\/12\/18\/proyecto-de-ley-condiciones-laborales-para-el-sector-transporte\/"},"author":{"name":"fg_uruguay","@id":"https:\/\/www.ecovis.com\/uruguay\/es\/#\/schema\/person\/3534ca2ace82a2b5e11d9092650e0703"},"headline":"Proyecto de Ley &#8211; Condiciones laborales para el sector transporte","datePublished":"2025-12-18T20:14:46+00:00","dateModified":"2025-12-18T20:16:58+00:00","mainEntityOfPage":{"@id":"https:\/\/www.ecovis.com\/uruguay\/es\/blog\/2025\/12\/18\/proyecto-de-ley-condiciones-laborales-para-el-sector-transporte\/"},"wordCount":221,"image":{"@id":"https:\/\/www.ecovis.com\/uruguay\/es\/blog\/2025\/12\/18\/proyecto-de-ley-condiciones-laborales-para-el-sector-transporte\/#primaryimage"},"thumbnailUrl":"https:\/\/www.ecovis.com\/uruguay\/es\/wp-content\/uploads\/sites\/3\/2025\/12\/NL330_Proyecto-de-Ley.webp","keywords":["Issue 330"],"articleSection":["Novedades"],"inLanguage":"es-UY"},{"@type":"WebPage","@id":"https:\/\/www.ecovis.com\/uruguay\/es\/blog\/2025\/12\/18\/proyecto-de-ley-condiciones-laborales-para-el-sector-transporte\/","url":"https:\/\/www.ecovis.com\/uruguay\/es\/blog\/2025\/12\/18\/proyecto-de-ley-condiciones-laborales-para-el-sector-transporte\/","name":"Proyecto de Ley - Condiciones laborales para el sector transporte - Ecovis en Uruguay","isPartOf":{"@id":"https:\/\/www.ecovis.com\/uruguay\/es\/#website"},"primaryImageOfPage":{"@id":"https:\/\/www.ecovis.com\/uruguay\/es\/blog\/2025\/12\/18\/proyecto-de-ley-condiciones-laborales-para-el-sector-transporte\/#primaryimage"},"image":{"@id":"https:\/\/www.ecovis.com\/uruguay\/es\/blog\/2025\/12\/18\/proyecto-de-ley-condiciones-laborales-para-el-sector-transporte\/#primaryimage"},"thumbnailUrl":"https:\/\/www.ecovis.com\/uruguay\/es\/wp-content\/uploads\/sites\/3\/2025\/12\/NL330_Proyecto-de-Ley.webp","datePublished":"2025-12-18T20:14:46+00:00","dateModified":"2025-12-18T20:16:58+00:00","author":{"@id":"https:\/\/www.ecovis.com\/uruguay\/es\/#\/schema\/person\/3534ca2ace82a2b5e11d9092650e0703"},"breadcrumb":{"@id":"https:\/\/www.ecovis.com\/uruguay\/es\/blog\/2025\/12\/18\/proyecto-de-ley-condiciones-laborales-para-el-sector-transporte\/#breadcrumb"},"inLanguage":"es-UY","potentialAction":[{"@type":"ReadAction","target":["https:\/\/www.ecovis.com\/uruguay\/es\/blog\/2025\/12\/18\/proyecto-de-ley-condiciones-laborales-para-el-sector-transporte\/"]}]},{"@type":"ImageObject","inLanguage":"es-UY","@id":"https:\/\/www.ecovis.com\/uruguay\/es\/blog\/2025\/12\/18\/proyecto-de-ley-condiciones-laborales-para-el-sector-transporte\/#primaryimage","url":"https:\/\/www.ecovis.com\/uruguay\/es\/wp-content\/uploads\/sites\/3\/2025\/12\/NL330_Proyecto-de-Ley.webp","contentUrl":"https:\/\/www.ecovis.com\/uruguay\/es\/wp-content\/uploads\/sites\/3\/2025\/12\/NL330_Proyecto-de-Ley.webp","width":1280,"height":550,"caption":"\u00a9 handespics, Pexels"},{"@type":"BreadcrumbList","@id":"https:\/\/www.ecovis.com\/uruguay\/es\/blog\/2025\/12\/18\/proyecto-de-ley-condiciones-laborales-para-el-sector-transporte\/#breadcrumb","itemListElement":[{"@type":"ListItem","position":1,"name":"Ecovis Global","item":"https:\/\/www.ecovis.com\/"},{"@type":"ListItem","position":2,"name":"Inicio","item":"https:\/\/www.ecovis.com\/uruguay\/es\/"},{"@type":"ListItem","position":3,"name":"Proyecto de Ley &#8211; Condiciones laborales para el sector transporte"}]},{"@type":"WebSite","@id":"https:\/\/www.ecovis.com\/uruguay\/es\/#website","url":"https:\/\/www.ecovis.com\/uruguay\/es\/","name":"Ecovis.com","description":"","potentialAction":[{"@type":"SearchAction","target":{"@type":"EntryPoint","urlTemplate":"https:\/\/www.ecovis.com\/uruguay\/es\/?s={search_term_string}"},"query-input":{"@type":"PropertyValueSpecification","valueRequired":true,"valueName":"search_term_string"}}],"inLanguage":"es-UY"},{"@type":"Person","@id":"https:\/\/www.ecovis.com\/uruguay\/es\/#\/schema\/person\/3534ca2ace82a2b5e11d9092650e0703","name":"fg_uruguay","image":{"@type":"ImageObject","inLanguage":"es-UY","@id":"https:\/\/secure.gravatar.com\/avatar\/d8f8cdb8dedf4903b4419a5b22f1a43436ad0387b7c6d10390caed756603f27f?s=96&d=mm&r=g","url":"https:\/\/secure.gravatar.com\/avatar\/d8f8cdb8dedf4903b4419a5b22f1a43436ad0387b7c6d10390caed756603f27f?s=96&d=mm&r=g","contentUrl":"https:\/\/secure.gravatar.com\/avatar\/d8f8cdb8dedf4903b4419a5b22f1a43436ad0387b7c6d10390caed756603f27f?s=96&d=mm&r=g","caption":"fg_uruguay"},"url":"https:\/\/www.ecovis.com\/uruguay\/es\/blog\/author\/fg_uruguay\/"}]}},"featured_image_url":"https:\/\/www.ecovis.com\/uruguay\/es\/wp-content\/uploads\/sites\/3\/2025\/12\/NL330_Proyecto-de-Ley-300x150.webp","featured_image_url_large":"https:\/\/www.ecovis.com\/uruguay\/es\/wp-content\/uploads\/sites\/3\/2025\/12\/NL330_Proyecto-de-Ley.webp","_links":{"self":[{"href":"https:\/\/www.ecovis.com\/uruguay\/es\/wp-json\/wp\/v2\/posts\/3571","targetHints":{"allow":["GET"]}}],"collection":[{"href":"https:\/\/www.ecovis.com\/uruguay\/es\/wp-json\/wp\/v2\/posts"}],"about":[{"href":"https:\/\/www.ecovis.com\/uruguay\/es\/wp-json\/wp\/v2\/types\/post"}],"author":[{"embeddable":true,"href":"https:\/\/www.ecovis.com\/uruguay\/es\/wp-json\/wp\/v2\/users\/15"}],"replies":[{"embeddable":true,"href":"https:\/\/www.ecovis.com\/uruguay\/es\/wp-json\/wp\/v2\/comments?post=3571"}],"version-history":[{"count":1,"href":"https:\/\/www.ecovis.com\/uruguay\/es\/wp-json\/wp\/v2\/posts\/3571\/revisions"}],"predecessor-version":[{"id":3573,"href":"https:\/\/www.ecovis.com\/uruguay\/es\/wp-json\/wp\/v2\/posts\/3571\/revisions\/3573"}],"wp:featuredmedia":[{"embeddable":true,"href":"https:\/\/www.ecovis.com\/uruguay\/es\/wp-json\/wp\/v2\/media\/3572"}],"wp:attachment":[{"href":"https:\/\/www.ecovis.com\/uruguay\/es\/wp-json\/wp\/v2\/media?parent=3571"}],"wp:term":[{"taxonomy":"category","embeddable":true,"href":"https:\/\/www.ecovis.com\/uruguay\/es\/wp-json\/wp\/v2\/categories?post=3571"},{"taxonomy":"post_tag","embeddable":true,"href":"https:\/\/www.ecovis.com\/uruguay\/es\/wp-json\/wp\/v2\/tags?post=3571"}],"curies":[{"name":"wp","href":"https:\/\/api.w.org\/{rel}","templated":true}]}}