{"id":3560,"date":"2025-11-27T21:45:22","date_gmt":"2025-11-27T20:45:22","guid":{"rendered":"https:\/\/www.ecovis.com\/uruguay\/es\/?p=3560"},"modified":"2025-11-27T21:49:47","modified_gmt":"2025-11-27T20:49:47","slug":"caja-de-jubilaciones-y-pensiones-de-profesionales-universitarios-tasa-aportacion","status":"publish","type":"post","link":"https:\/\/www.ecovis.com\/uruguay\/es\/blog\/2025\/11\/27\/caja-de-jubilaciones-y-pensiones-de-profesionales-universitarios-tasa-aportacion\/","title":{"rendered":"Caja de Jubilaciones y Pensiones de Profesionales Universitarios &#8211; tasa aportaci\u00f3n"},"content":{"rendered":"<p>A trav\u00e9s del Decreto No. 244\/025, haciendo uso de la facultad conferida en la Ley No. 20.410 se aprob\u00f3 el incremento en la tasa de aportaci\u00f3n para los ejercicios 2026, 2027 y 2028 pasando a ser 20,5 %, 21,5% y 22,5% respectivamente.<\/p>\n<p>En dicho decreto se establece que los profesionales habilitados para el ejercicio de su profesi\u00f3n con anterioridad al 1\u00ba de enero de 2026 podr\u00e1n cambiar de escala de sueldos fictos de acuerdo con lo previsto en los art\u00edculos 3\u00ba y 4\u00ba (en dichos art\u00edculos se prev\u00e9n las escalas de sueldos fictos para los diferentes ejercicios). A dichos efectos la Caja deber\u00e1 disponer los canales de comunicaci\u00f3n para formalizar las opciones, los que deber\u00e1n propender a la accesibilidad y simplicidad del tr\u00e1mite, incluyendo la habilitaci\u00f3n de medios digitales y presenciales de comunicaci\u00f3n.<\/p>\n<p>Asimismo, se prev\u00e9 que la Caja de Jubilaciones y Pensiones de Profesionales Universitarios deber\u00e1 establecer canales, ya sea virtuales o presenciales, de asesoramiento para los afiliados que manifiesten inter\u00e9s en realizar las opciones mencionadas en el decreto.<\/p>\n","protected":false},"excerpt":{"rendered":"<p>A trav\u00e9s del Decreto No. 244\/025, haciendo uso de la facultad conferida en la Ley No. 20.410 se aprob\u00f3 el incremento en la tasa de aportaci\u00f3n para los ejercicios 2026, 2027 y 2028 pasando a ser 20,5 %, 21,5% y 22,5% respectivamente. En dicho decreto se establece que los profesionales habilitados para el ejercicio de [&hellip;]<\/p>\n","protected":false},"author":15,"featured_media":3561,"comment_status":"closed","ping_status":"open","sticky":false,"template":"","format":"standard","meta":{"_acf_changed":false,"footnotes":""},"categories":[30],"tags":[111],"class_list":["post-3560","post","type-post","status-publish","format-standard","has-post-thumbnail","hentry","category-novedades","tag-issue-328"],"acf":[],"yoast_head":"<!-- This site is optimized with the Yoast SEO plugin v27.4 - https:\/\/yoast.com\/product\/yoast-seo-wordpress\/ -->\n<title>Caja de Jubilaciones y Pensiones de Profesionales Universitarios - tasa aportaci\u00f3n - Ecovis en Uruguay<\/title>\n<meta name=\"robots\" content=\"index, follow, max-snippet:-1, max-image-preview:large, max-video-preview:-1\" \/>\n<link rel=\"canonical\" href=\"https:\/\/www.ecovis.com\/uruguay\/es\/blog\/2025\/11\/27\/caja-de-jubilaciones-y-pensiones-de-profesionales-universitarios-tasa-aportacion\/\" \/>\n<meta property=\"og:locale\" content=\"es_ES\" \/>\n<meta property=\"og:type\" content=\"article\" \/>\n<meta property=\"og:title\" content=\"Caja de Jubilaciones y Pensiones de Profesionales Universitarios - tasa aportaci\u00f3n - Ecovis en Uruguay\" \/>\n<meta property=\"og:description\" content=\"A trav\u00e9s del Decreto No. 244\/025, haciendo uso de la facultad conferida en la Ley No. 20.410 se aprob\u00f3 el incremento en la tasa de aportaci\u00f3n para los ejercicios 2026, 2027 y 2028 pasando a ser 20,5 %, 21,5% y 22,5% respectivamente. En dicho decreto se establece que los profesionales habilitados para el ejercicio de [&hellip;]\" \/>\n<meta property=\"og:url\" content=\"https:\/\/www.ecovis.com\/uruguay\/es\/blog\/2025\/11\/27\/caja-de-jubilaciones-y-pensiones-de-profesionales-universitarios-tasa-aportacion\/\" \/>\n<meta property=\"og:site_name\" content=\"Ecovis en Uruguay\" \/>\n<meta property=\"article:published_time\" content=\"2025-11-27T20:45:22+00:00\" \/>\n<meta property=\"article:modified_time\" content=\"2025-11-27T20:49:47+00:00\" \/>\n<meta property=\"og:image\" content=\"https:\/\/www.ecovis.com\/uruguay\/es\/wp-content\/uploads\/sites\/3\/2025\/11\/NL328_caja.webp\" \/>\n\t<meta property=\"og:image:width\" content=\"1280\" \/>\n\t<meta property=\"og:image:height\" content=\"550\" \/>\n\t<meta property=\"og:image:type\" content=\"image\/webp\" \/>\n<meta name=\"author\" content=\"fg_uruguay\" \/>\n<meta name=\"twitter:card\" content=\"summary_large_image\" \/>\n<meta name=\"twitter:label1\" content=\"Written by\" \/>\n\t<meta name=\"twitter:data1\" content=\"fg_uruguay\" \/>\n\t<meta name=\"twitter:label2\" content=\"Est. reading time\" \/>\n\t<meta name=\"twitter:data2\" content=\"1 minuto\" \/>\n<script type=\"application\/ld+json\" class=\"yoast-schema-graph\">{\"@context\":\"https:\\\/\\\/schema.org\",\"@graph\":[{\"@type\":\"Article\",\"@id\":\"https:\\\/\\\/www.ecovis.com\\\/uruguay\\\/es\\\/blog\\\/2025\\\/11\\\/27\\\/caja-de-jubilaciones-y-pensiones-de-profesionales-universitarios-tasa-aportacion\\\/#article\",\"isPartOf\":{\"@id\":\"https:\\\/\\\/www.ecovis.com\\\/uruguay\\\/es\\\/blog\\\/2025\\\/11\\\/27\\\/caja-de-jubilaciones-y-pensiones-de-profesionales-universitarios-tasa-aportacion\\\/\"},\"author\":{\"name\":\"fg_uruguay\",\"@id\":\"https:\\\/\\\/www.ecovis.com\\\/uruguay\\\/es\\\/#\\\/schema\\\/person\\\/3534ca2ace82a2b5e11d9092650e0703\"},\"headline\":\"Caja de Jubilaciones y Pensiones de Profesionales Universitarios &#8211; tasa aportaci\u00f3n\",\"datePublished\":\"2025-11-27T20:45:22+00:00\",\"dateModified\":\"2025-11-27T20:49:47+00:00\",\"mainEntityOfPage\":{\"@id\":\"https:\\\/\\\/www.ecovis.com\\\/uruguay\\\/es\\\/blog\\\/2025\\\/11\\\/27\\\/caja-de-jubilaciones-y-pensiones-de-profesionales-universitarios-tasa-aportacion\\\/\"},\"wordCount\":182,\"image\":{\"@id\":\"https:\\\/\\\/www.ecovis.com\\\/uruguay\\\/es\\\/blog\\\/2025\\\/11\\\/27\\\/caja-de-jubilaciones-y-pensiones-de-profesionales-universitarios-tasa-aportacion\\\/#primaryimage\"},\"thumbnailUrl\":\"https:\\\/\\\/www.ecovis.com\\\/uruguay\\\/es\\\/wp-content\\\/uploads\\\/sites\\\/3\\\/2025\\\/11\\\/NL328_caja.webp\",\"keywords\":[\"Issue 328\"],\"articleSection\":[\"Novedades\"],\"inLanguage\":\"es-UY\"},{\"@type\":\"WebPage\",\"@id\":\"https:\\\/\\\/www.ecovis.com\\\/uruguay\\\/es\\\/blog\\\/2025\\\/11\\\/27\\\/caja-de-jubilaciones-y-pensiones-de-profesionales-universitarios-tasa-aportacion\\\/\",\"url\":\"https:\\\/\\\/www.ecovis.com\\\/uruguay\\\/es\\\/blog\\\/2025\\\/11\\\/27\\\/caja-de-jubilaciones-y-pensiones-de-profesionales-universitarios-tasa-aportacion\\\/\",\"name\":\"Caja de Jubilaciones y Pensiones de Profesionales Universitarios - tasa aportaci\u00f3n - Ecovis en Uruguay\",\"isPartOf\":{\"@id\":\"https:\\\/\\\/www.ecovis.com\\\/uruguay\\\/es\\\/#website\"},\"primaryImageOfPage\":{\"@id\":\"https:\\\/\\\/www.ecovis.com\\\/uruguay\\\/es\\\/blog\\\/2025\\\/11\\\/27\\\/caja-de-jubilaciones-y-pensiones-de-profesionales-universitarios-tasa-aportacion\\\/#primaryimage\"},\"image\":{\"@id\":\"https:\\\/\\\/www.ecovis.com\\\/uruguay\\\/es\\\/blog\\\/2025\\\/11\\\/27\\\/caja-de-jubilaciones-y-pensiones-de-profesionales-universitarios-tasa-aportacion\\\/#primaryimage\"},\"thumbnailUrl\":\"https:\\\/\\\/www.ecovis.com\\\/uruguay\\\/es\\\/wp-content\\\/uploads\\\/sites\\\/3\\\/2025\\\/11\\\/NL328_caja.webp\",\"datePublished\":\"2025-11-27T20:45:22+00:00\",\"dateModified\":\"2025-11-27T20:49:47+00:00\",\"author\":{\"@id\":\"https:\\\/\\\/www.ecovis.com\\\/uruguay\\\/es\\\/#\\\/schema\\\/person\\\/3534ca2ace82a2b5e11d9092650e0703\"},\"breadcrumb\":{\"@id\":\"https:\\\/\\\/www.ecovis.com\\\/uruguay\\\/es\\\/blog\\\/2025\\\/11\\\/27\\\/caja-de-jubilaciones-y-pensiones-de-profesionales-universitarios-tasa-aportacion\\\/#breadcrumb\"},\"inLanguage\":\"es-UY\",\"potentialAction\":[{\"@type\":\"ReadAction\",\"target\":[\"https:\\\/\\\/www.ecovis.com\\\/uruguay\\\/es\\\/blog\\\/2025\\\/11\\\/27\\\/caja-de-jubilaciones-y-pensiones-de-profesionales-universitarios-tasa-aportacion\\\/\"]}]},{\"@type\":\"ImageObject\",\"inLanguage\":\"es-UY\",\"@id\":\"https:\\\/\\\/www.ecovis.com\\\/uruguay\\\/es\\\/blog\\\/2025\\\/11\\\/27\\\/caja-de-jubilaciones-y-pensiones-de-profesionales-universitarios-tasa-aportacion\\\/#primaryimage\",\"url\":\"https:\\\/\\\/www.ecovis.com\\\/uruguay\\\/es\\\/wp-content\\\/uploads\\\/sites\\\/3\\\/2025\\\/11\\\/NL328_caja.webp\",\"contentUrl\":\"https:\\\/\\\/www.ecovis.com\\\/uruguay\\\/es\\\/wp-content\\\/uploads\\\/sites\\\/3\\\/2025\\\/11\\\/NL328_caja.webp\",\"width\":1280,\"height\":550,\"caption\":\"\u00a9 karola-g, Pexels\"},{\"@type\":\"BreadcrumbList\",\"@id\":\"https:\\\/\\\/www.ecovis.com\\\/uruguay\\\/es\\\/blog\\\/2025\\\/11\\\/27\\\/caja-de-jubilaciones-y-pensiones-de-profesionales-universitarios-tasa-aportacion\\\/#breadcrumb\",\"itemListElement\":[{\"@type\":\"ListItem\",\"position\":1,\"name\":\"Ecovis Global\",\"item\":\"https:\\\/\\\/www.ecovis.com\\\/\"},{\"@type\":\"ListItem\",\"position\":2,\"name\":\"Inicio\",\"item\":\"https:\\\/\\\/www.ecovis.com\\\/uruguay\\\/es\\\/\"},{\"@type\":\"ListItem\",\"position\":3,\"name\":\"Caja de Jubilaciones y Pensiones de Profesionales Universitarios &#8211; tasa aportaci\u00f3n\"}]},{\"@type\":\"WebSite\",\"@id\":\"https:\\\/\\\/www.ecovis.com\\\/uruguay\\\/es\\\/#website\",\"url\":\"https:\\\/\\\/www.ecovis.com\\\/uruguay\\\/es\\\/\",\"name\":\"Ecovis.com\",\"description\":\"\",\"potentialAction\":[{\"@type\":\"SearchAction\",\"target\":{\"@type\":\"EntryPoint\",\"urlTemplate\":\"https:\\\/\\\/www.ecovis.com\\\/uruguay\\\/es\\\/?s={search_term_string}\"},\"query-input\":{\"@type\":\"PropertyValueSpecification\",\"valueRequired\":true,\"valueName\":\"search_term_string\"}}],\"inLanguage\":\"es-UY\"},{\"@type\":\"Person\",\"@id\":\"https:\\\/\\\/www.ecovis.com\\\/uruguay\\\/es\\\/#\\\/schema\\\/person\\\/3534ca2ace82a2b5e11d9092650e0703\",\"name\":\"fg_uruguay\",\"image\":{\"@type\":\"ImageObject\",\"inLanguage\":\"es-UY\",\"@id\":\"https:\\\/\\\/secure.gravatar.com\\\/avatar\\\/d8f8cdb8dedf4903b4419a5b22f1a43436ad0387b7c6d10390caed756603f27f?s=96&d=mm&r=g\",\"url\":\"https:\\\/\\\/secure.gravatar.com\\\/avatar\\\/d8f8cdb8dedf4903b4419a5b22f1a43436ad0387b7c6d10390caed756603f27f?s=96&d=mm&r=g\",\"contentUrl\":\"https:\\\/\\\/secure.gravatar.com\\\/avatar\\\/d8f8cdb8dedf4903b4419a5b22f1a43436ad0387b7c6d10390caed756603f27f?s=96&d=mm&r=g\",\"caption\":\"fg_uruguay\"},\"url\":\"https:\\\/\\\/www.ecovis.com\\\/uruguay\\\/es\\\/blog\\\/author\\\/fg_uruguay\\\/\"}]}<\/script>\n<!-- \/ Yoast SEO plugin. -->","yoast_head_json":{"title":"Caja de Jubilaciones y Pensiones de Profesionales Universitarios - tasa aportaci\u00f3n - Ecovis en Uruguay","robots":{"index":"index","follow":"follow","max-snippet":"max-snippet:-1","max-image-preview":"max-image-preview:large","max-video-preview":"max-video-preview:-1"},"canonical":"https:\/\/www.ecovis.com\/uruguay\/es\/blog\/2025\/11\/27\/caja-de-jubilaciones-y-pensiones-de-profesionales-universitarios-tasa-aportacion\/","og_locale":"es_ES","og_type":"article","og_title":"Caja de Jubilaciones y Pensiones de Profesionales Universitarios - tasa aportaci\u00f3n - Ecovis en Uruguay","og_description":"A trav\u00e9s del Decreto No. 244\/025, haciendo uso de la facultad conferida en la Ley No. 20.410 se aprob\u00f3 el incremento en la tasa de aportaci\u00f3n para los ejercicios 2026, 2027 y 2028 pasando a ser 20,5 %, 21,5% y 22,5% respectivamente. En dicho decreto se establece que los profesionales habilitados para el ejercicio de [&hellip;]","og_url":"https:\/\/www.ecovis.com\/uruguay\/es\/blog\/2025\/11\/27\/caja-de-jubilaciones-y-pensiones-de-profesionales-universitarios-tasa-aportacion\/","og_site_name":"Ecovis en Uruguay","article_published_time":"2025-11-27T20:45:22+00:00","article_modified_time":"2025-11-27T20:49:47+00:00","og_image":[{"width":1280,"height":550,"url":"https:\/\/www.ecovis.com\/uruguay\/es\/wp-content\/uploads\/sites\/3\/2025\/11\/NL328_caja.webp","type":"image\/webp"}],"author":"fg_uruguay","twitter_card":"summary_large_image","twitter_misc":{"Written by":"fg_uruguay","Est. reading time":"1 minuto"},"schema":{"@context":"https:\/\/schema.org","@graph":[{"@type":"Article","@id":"https:\/\/www.ecovis.com\/uruguay\/es\/blog\/2025\/11\/27\/caja-de-jubilaciones-y-pensiones-de-profesionales-universitarios-tasa-aportacion\/#article","isPartOf":{"@id":"https:\/\/www.ecovis.com\/uruguay\/es\/blog\/2025\/11\/27\/caja-de-jubilaciones-y-pensiones-de-profesionales-universitarios-tasa-aportacion\/"},"author":{"name":"fg_uruguay","@id":"https:\/\/www.ecovis.com\/uruguay\/es\/#\/schema\/person\/3534ca2ace82a2b5e11d9092650e0703"},"headline":"Caja de Jubilaciones y Pensiones de Profesionales Universitarios &#8211; tasa aportaci\u00f3n","datePublished":"2025-11-27T20:45:22+00:00","dateModified":"2025-11-27T20:49:47+00:00","mainEntityOfPage":{"@id":"https:\/\/www.ecovis.com\/uruguay\/es\/blog\/2025\/11\/27\/caja-de-jubilaciones-y-pensiones-de-profesionales-universitarios-tasa-aportacion\/"},"wordCount":182,"image":{"@id":"https:\/\/www.ecovis.com\/uruguay\/es\/blog\/2025\/11\/27\/caja-de-jubilaciones-y-pensiones-de-profesionales-universitarios-tasa-aportacion\/#primaryimage"},"thumbnailUrl":"https:\/\/www.ecovis.com\/uruguay\/es\/wp-content\/uploads\/sites\/3\/2025\/11\/NL328_caja.webp","keywords":["Issue 328"],"articleSection":["Novedades"],"inLanguage":"es-UY"},{"@type":"WebPage","@id":"https:\/\/www.ecovis.com\/uruguay\/es\/blog\/2025\/11\/27\/caja-de-jubilaciones-y-pensiones-de-profesionales-universitarios-tasa-aportacion\/","url":"https:\/\/www.ecovis.com\/uruguay\/es\/blog\/2025\/11\/27\/caja-de-jubilaciones-y-pensiones-de-profesionales-universitarios-tasa-aportacion\/","name":"Caja de Jubilaciones y Pensiones de Profesionales Universitarios - tasa aportaci\u00f3n - Ecovis en Uruguay","isPartOf":{"@id":"https:\/\/www.ecovis.com\/uruguay\/es\/#website"},"primaryImageOfPage":{"@id":"https:\/\/www.ecovis.com\/uruguay\/es\/blog\/2025\/11\/27\/caja-de-jubilaciones-y-pensiones-de-profesionales-universitarios-tasa-aportacion\/#primaryimage"},"image":{"@id":"https:\/\/www.ecovis.com\/uruguay\/es\/blog\/2025\/11\/27\/caja-de-jubilaciones-y-pensiones-de-profesionales-universitarios-tasa-aportacion\/#primaryimage"},"thumbnailUrl":"https:\/\/www.ecovis.com\/uruguay\/es\/wp-content\/uploads\/sites\/3\/2025\/11\/NL328_caja.webp","datePublished":"2025-11-27T20:45:22+00:00","dateModified":"2025-11-27T20:49:47+00:00","author":{"@id":"https:\/\/www.ecovis.com\/uruguay\/es\/#\/schema\/person\/3534ca2ace82a2b5e11d9092650e0703"},"breadcrumb":{"@id":"https:\/\/www.ecovis.com\/uruguay\/es\/blog\/2025\/11\/27\/caja-de-jubilaciones-y-pensiones-de-profesionales-universitarios-tasa-aportacion\/#breadcrumb"},"inLanguage":"es-UY","potentialAction":[{"@type":"ReadAction","target":["https:\/\/www.ecovis.com\/uruguay\/es\/blog\/2025\/11\/27\/caja-de-jubilaciones-y-pensiones-de-profesionales-universitarios-tasa-aportacion\/"]}]},{"@type":"ImageObject","inLanguage":"es-UY","@id":"https:\/\/www.ecovis.com\/uruguay\/es\/blog\/2025\/11\/27\/caja-de-jubilaciones-y-pensiones-de-profesionales-universitarios-tasa-aportacion\/#primaryimage","url":"https:\/\/www.ecovis.com\/uruguay\/es\/wp-content\/uploads\/sites\/3\/2025\/11\/NL328_caja.webp","contentUrl":"https:\/\/www.ecovis.com\/uruguay\/es\/wp-content\/uploads\/sites\/3\/2025\/11\/NL328_caja.webp","width":1280,"height":550,"caption":"\u00a9 karola-g, Pexels"},{"@type":"BreadcrumbList","@id":"https:\/\/www.ecovis.com\/uruguay\/es\/blog\/2025\/11\/27\/caja-de-jubilaciones-y-pensiones-de-profesionales-universitarios-tasa-aportacion\/#breadcrumb","itemListElement":[{"@type":"ListItem","position":1,"name":"Ecovis Global","item":"https:\/\/www.ecovis.com\/"},{"@type":"ListItem","position":2,"name":"Inicio","item":"https:\/\/www.ecovis.com\/uruguay\/es\/"},{"@type":"ListItem","position":3,"name":"Caja de Jubilaciones y Pensiones de Profesionales Universitarios &#8211; tasa aportaci\u00f3n"}]},{"@type":"WebSite","@id":"https:\/\/www.ecovis.com\/uruguay\/es\/#website","url":"https:\/\/www.ecovis.com\/uruguay\/es\/","name":"Ecovis.com","description":"","potentialAction":[{"@type":"SearchAction","target":{"@type":"EntryPoint","urlTemplate":"https:\/\/www.ecovis.com\/uruguay\/es\/?s={search_term_string}"},"query-input":{"@type":"PropertyValueSpecification","valueRequired":true,"valueName":"search_term_string"}}],"inLanguage":"es-UY"},{"@type":"Person","@id":"https:\/\/www.ecovis.com\/uruguay\/es\/#\/schema\/person\/3534ca2ace82a2b5e11d9092650e0703","name":"fg_uruguay","image":{"@type":"ImageObject","inLanguage":"es-UY","@id":"https:\/\/secure.gravatar.com\/avatar\/d8f8cdb8dedf4903b4419a5b22f1a43436ad0387b7c6d10390caed756603f27f?s=96&d=mm&r=g","url":"https:\/\/secure.gravatar.com\/avatar\/d8f8cdb8dedf4903b4419a5b22f1a43436ad0387b7c6d10390caed756603f27f?s=96&d=mm&r=g","contentUrl":"https:\/\/secure.gravatar.com\/avatar\/d8f8cdb8dedf4903b4419a5b22f1a43436ad0387b7c6d10390caed756603f27f?s=96&d=mm&r=g","caption":"fg_uruguay"},"url":"https:\/\/www.ecovis.com\/uruguay\/es\/blog\/author\/fg_uruguay\/"}]}},"featured_image_url":"https:\/\/www.ecovis.com\/uruguay\/es\/wp-content\/uploads\/sites\/3\/2025\/11\/NL328_caja-300x150.webp","featured_image_url_large":"https:\/\/www.ecovis.com\/uruguay\/es\/wp-content\/uploads\/sites\/3\/2025\/11\/NL328_caja.webp","_links":{"self":[{"href":"https:\/\/www.ecovis.com\/uruguay\/es\/wp-json\/wp\/v2\/posts\/3560","targetHints":{"allow":["GET"]}}],"collection":[{"href":"https:\/\/www.ecovis.com\/uruguay\/es\/wp-json\/wp\/v2\/posts"}],"about":[{"href":"https:\/\/www.ecovis.com\/uruguay\/es\/wp-json\/wp\/v2\/types\/post"}],"author":[{"embeddable":true,"href":"https:\/\/www.ecovis.com\/uruguay\/es\/wp-json\/wp\/v2\/users\/15"}],"replies":[{"embeddable":true,"href":"https:\/\/www.ecovis.com\/uruguay\/es\/wp-json\/wp\/v2\/comments?post=3560"}],"version-history":[{"count":1,"href":"https:\/\/www.ecovis.com\/uruguay\/es\/wp-json\/wp\/v2\/posts\/3560\/revisions"}],"predecessor-version":[{"id":3562,"href":"https:\/\/www.ecovis.com\/uruguay\/es\/wp-json\/wp\/v2\/posts\/3560\/revisions\/3562"}],"wp:featuredmedia":[{"embeddable":true,"href":"https:\/\/www.ecovis.com\/uruguay\/es\/wp-json\/wp\/v2\/media\/3561"}],"wp:attachment":[{"href":"https:\/\/www.ecovis.com\/uruguay\/es\/wp-json\/wp\/v2\/media?parent=3560"}],"wp:term":[{"taxonomy":"category","embeddable":true,"href":"https:\/\/www.ecovis.com\/uruguay\/es\/wp-json\/wp\/v2\/categories?post=3560"},{"taxonomy":"post_tag","embeddable":true,"href":"https:\/\/www.ecovis.com\/uruguay\/es\/wp-json\/wp\/v2\/tags?post=3560"}],"curies":[{"name":"wp","href":"https:\/\/api.w.org\/{rel}","templated":true}]}}