{"id":3544,"date":"2025-10-06T17:35:53","date_gmt":"2025-10-06T15:35:53","guid":{"rendered":"https:\/\/www.ecovis.com\/uruguay\/es\/?p=3544"},"modified":"2025-10-06T17:35:53","modified_gmt":"2025-10-06T15:35:53","slug":"proyecto-de-ley-de-presupuesto-nacional","status":"publish","type":"post","link":"https:\/\/www.ecovis.com\/uruguay\/es\/blog\/2025\/10\/06\/proyecto-de-ley-de-presupuesto-nacional\/","title":{"rendered":"Proyecto de ley de presupuesto nacional"},"content":{"rendered":"<p>Continuando con los comentarios sobre el proyecto de ley de presupuesto que iniciamos en la Newsletter anterior, abordaremos en esta entrega otros cambios propuestos.<br \/>\nCabe recordar que se trata de un proyecto y como tal puede sufrir cambios en su redacci\u00f3n.<\/p>\n<ol>\n<li>La ampliaci\u00f3n del criterio de fuente uruguaya en el \u00e1mbito de los impuestos a las rentas, IRAE, IRNR e IRPF.<\/li>\n<li>R\u00e9gimen de Tax Holiday.<\/li>\n<\/ol>\n<p>Ampliaci\u00f3n del criterio de fuente para cierto tipo de rentas:<\/p>\n<p>IRAE, IRNR e IRPF En el proyecto se propone gravar la renta derivada de la transmisi\u00f3n de acciones y otras\u00a0 participaciones patrimoniales de entidades no residentes, as\u00ed como la constituci\u00f3n y cesi\u00f3n del usufructo relativo a las mismas, siempre que se verifique alguna de las siguientes condiciones, consideradas en cualquier momento durante el per\u00edodo de 365 d\u00edas anteriores a dicha trasmisi\u00f3n:<\/p>\n<ul>\n<li>M\u00e1s del 50% de su activo se integre, directamente o indirectamente, por bienes situados en la Rep\u00fablica, valuados de acuerdo a las normas del IRAE \u00f3<\/li>\n<li>El valor de los bienes mencionados en a) supere las 31.500.000 U.I.<\/li>\n<\/ul>\n<p>Si bien en la normativa actual est\u00e1 gravada la trasmisi\u00f3n de este tipo de activos esto sucede cuando las participaciones patrimoniales son de entidades localizadas en una jurisdicci\u00f3n BONT por lo que el cambio propuesto abarca a todas las participaciones de entidades no residentes.<\/p>\n","protected":false},"excerpt":{"rendered":"<p>Continuando con los comentarios sobre el proyecto de ley de presupuesto que iniciamos en la Newsletter anterior, abordaremos en esta entrega otros cambios propuestos. Cabe recordar que se trata de un proyecto y como tal puede sufrir cambios en su redacci\u00f3n. La ampliaci\u00f3n del criterio de fuente uruguaya en el \u00e1mbito de los impuestos a [&hellip;]<\/p>\n","protected":false},"author":15,"featured_media":3545,"comment_status":"closed","ping_status":"open","sticky":false,"template":"","format":"standard","meta":{"_acf_changed":false,"footnotes":""},"categories":[30],"tags":[109],"class_list":["post-3544","post","type-post","status-publish","format-standard","has-post-thumbnail","hentry","category-novedades","tag-issue-324"],"acf":[],"yoast_head":"<!-- This site is optimized with the Yoast SEO plugin v27.4 - https:\/\/yoast.com\/product\/yoast-seo-wordpress\/ -->\n<title>Proyecto de ley de presupuesto nacional - Ecovis en Uruguay<\/title>\n<meta name=\"robots\" content=\"index, follow, max-snippet:-1, max-image-preview:large, max-video-preview:-1\" \/>\n<link rel=\"canonical\" href=\"https:\/\/www.ecovis.com\/uruguay\/es\/blog\/2025\/10\/06\/proyecto-de-ley-de-presupuesto-nacional\/\" \/>\n<meta property=\"og:locale\" content=\"es_ES\" \/>\n<meta property=\"og:type\" content=\"article\" \/>\n<meta property=\"og:title\" content=\"Proyecto de ley de presupuesto nacional - Ecovis en Uruguay\" \/>\n<meta property=\"og:description\" content=\"Continuando con los comentarios sobre el proyecto de ley de presupuesto que iniciamos en la Newsletter anterior, abordaremos en esta entrega otros cambios propuestos. Cabe recordar que se trata de un proyecto y como tal puede sufrir cambios en su redacci\u00f3n. La ampliaci\u00f3n del criterio de fuente uruguaya en el \u00e1mbito de los impuestos a [&hellip;]\" \/>\n<meta property=\"og:url\" content=\"https:\/\/www.ecovis.com\/uruguay\/es\/blog\/2025\/10\/06\/proyecto-de-ley-de-presupuesto-nacional\/\" \/>\n<meta property=\"og:site_name\" content=\"Ecovis en Uruguay\" \/>\n<meta property=\"article:published_time\" content=\"2025-10-06T15:35:53+00:00\" \/>\n<meta property=\"og:image\" content=\"https:\/\/www.ecovis.com\/uruguay\/es\/wp-content\/uploads\/sites\/3\/2025\/10\/NL324_proyecto-de-ley.webp\" \/>\n\t<meta property=\"og:image:width\" content=\"1280\" \/>\n\t<meta property=\"og:image:height\" content=\"550\" \/>\n\t<meta property=\"og:image:type\" content=\"image\/webp\" \/>\n<meta name=\"author\" content=\"fg_uruguay\" \/>\n<meta name=\"twitter:card\" content=\"summary_large_image\" \/>\n<meta name=\"twitter:label1\" content=\"Written by\" \/>\n\t<meta name=\"twitter:data1\" content=\"fg_uruguay\" \/>\n\t<meta name=\"twitter:label2\" content=\"Est. reading time\" \/>\n\t<meta name=\"twitter:data2\" content=\"2 minutos\" \/>\n<script type=\"application\/ld+json\" class=\"yoast-schema-graph\">{\"@context\":\"https:\\\/\\\/schema.org\",\"@graph\":[{\"@type\":\"Article\",\"@id\":\"https:\\\/\\\/www.ecovis.com\\\/uruguay\\\/es\\\/blog\\\/2025\\\/10\\\/06\\\/proyecto-de-ley-de-presupuesto-nacional\\\/#article\",\"isPartOf\":{\"@id\":\"https:\\\/\\\/www.ecovis.com\\\/uruguay\\\/es\\\/blog\\\/2025\\\/10\\\/06\\\/proyecto-de-ley-de-presupuesto-nacional\\\/\"},\"author\":{\"name\":\"fg_uruguay\",\"@id\":\"https:\\\/\\\/www.ecovis.com\\\/uruguay\\\/es\\\/#\\\/schema\\\/person\\\/3534ca2ace82a2b5e11d9092650e0703\"},\"headline\":\"Proyecto de ley de presupuesto nacional\",\"datePublished\":\"2025-10-06T15:35:53+00:00\",\"mainEntityOfPage\":{\"@id\":\"https:\\\/\\\/www.ecovis.com\\\/uruguay\\\/es\\\/blog\\\/2025\\\/10\\\/06\\\/proyecto-de-ley-de-presupuesto-nacional\\\/\"},\"wordCount\":235,\"image\":{\"@id\":\"https:\\\/\\\/www.ecovis.com\\\/uruguay\\\/es\\\/blog\\\/2025\\\/10\\\/06\\\/proyecto-de-ley-de-presupuesto-nacional\\\/#primaryimage\"},\"thumbnailUrl\":\"https:\\\/\\\/www.ecovis.com\\\/uruguay\\\/es\\\/wp-content\\\/uploads\\\/sites\\\/3\\\/2025\\\/10\\\/NL324_proyecto-de-ley.webp\",\"keywords\":[\"Issue 324\"],\"articleSection\":[\"Novedades\"],\"inLanguage\":\"es-UY\"},{\"@type\":\"WebPage\",\"@id\":\"https:\\\/\\\/www.ecovis.com\\\/uruguay\\\/es\\\/blog\\\/2025\\\/10\\\/06\\\/proyecto-de-ley-de-presupuesto-nacional\\\/\",\"url\":\"https:\\\/\\\/www.ecovis.com\\\/uruguay\\\/es\\\/blog\\\/2025\\\/10\\\/06\\\/proyecto-de-ley-de-presupuesto-nacional\\\/\",\"name\":\"Proyecto de ley de presupuesto nacional - Ecovis en Uruguay\",\"isPartOf\":{\"@id\":\"https:\\\/\\\/www.ecovis.com\\\/uruguay\\\/es\\\/#website\"},\"primaryImageOfPage\":{\"@id\":\"https:\\\/\\\/www.ecovis.com\\\/uruguay\\\/es\\\/blog\\\/2025\\\/10\\\/06\\\/proyecto-de-ley-de-presupuesto-nacional\\\/#primaryimage\"},\"image\":{\"@id\":\"https:\\\/\\\/www.ecovis.com\\\/uruguay\\\/es\\\/blog\\\/2025\\\/10\\\/06\\\/proyecto-de-ley-de-presupuesto-nacional\\\/#primaryimage\"},\"thumbnailUrl\":\"https:\\\/\\\/www.ecovis.com\\\/uruguay\\\/es\\\/wp-content\\\/uploads\\\/sites\\\/3\\\/2025\\\/10\\\/NL324_proyecto-de-ley.webp\",\"datePublished\":\"2025-10-06T15:35:53+00:00\",\"author\":{\"@id\":\"https:\\\/\\\/www.ecovis.com\\\/uruguay\\\/es\\\/#\\\/schema\\\/person\\\/3534ca2ace82a2b5e11d9092650e0703\"},\"breadcrumb\":{\"@id\":\"https:\\\/\\\/www.ecovis.com\\\/uruguay\\\/es\\\/blog\\\/2025\\\/10\\\/06\\\/proyecto-de-ley-de-presupuesto-nacional\\\/#breadcrumb\"},\"inLanguage\":\"es-UY\",\"potentialAction\":[{\"@type\":\"ReadAction\",\"target\":[\"https:\\\/\\\/www.ecovis.com\\\/uruguay\\\/es\\\/blog\\\/2025\\\/10\\\/06\\\/proyecto-de-ley-de-presupuesto-nacional\\\/\"]}]},{\"@type\":\"ImageObject\",\"inLanguage\":\"es-UY\",\"@id\":\"https:\\\/\\\/www.ecovis.com\\\/uruguay\\\/es\\\/blog\\\/2025\\\/10\\\/06\\\/proyecto-de-ley-de-presupuesto-nacional\\\/#primaryimage\",\"url\":\"https:\\\/\\\/www.ecovis.com\\\/uruguay\\\/es\\\/wp-content\\\/uploads\\\/sites\\\/3\\\/2025\\\/10\\\/NL324_proyecto-de-ley.webp\",\"contentUrl\":\"https:\\\/\\\/www.ecovis.com\\\/uruguay\\\/es\\\/wp-content\\\/uploads\\\/sites\\\/3\\\/2025\\\/10\\\/NL324_proyecto-de-ley.webp\",\"width\":1280,\"height\":550,\"caption\":\"\u00a9 anna-nekrashevich, Pexels\"},{\"@type\":\"BreadcrumbList\",\"@id\":\"https:\\\/\\\/www.ecovis.com\\\/uruguay\\\/es\\\/blog\\\/2025\\\/10\\\/06\\\/proyecto-de-ley-de-presupuesto-nacional\\\/#breadcrumb\",\"itemListElement\":[{\"@type\":\"ListItem\",\"position\":1,\"name\":\"Ecovis Global\",\"item\":\"https:\\\/\\\/www.ecovis.com\\\/\"},{\"@type\":\"ListItem\",\"position\":2,\"name\":\"Inicio\",\"item\":\"https:\\\/\\\/www.ecovis.com\\\/uruguay\\\/es\\\/\"},{\"@type\":\"ListItem\",\"position\":3,\"name\":\"Proyecto de ley de presupuesto nacional\"}]},{\"@type\":\"WebSite\",\"@id\":\"https:\\\/\\\/www.ecovis.com\\\/uruguay\\\/es\\\/#website\",\"url\":\"https:\\\/\\\/www.ecovis.com\\\/uruguay\\\/es\\\/\",\"name\":\"Ecovis.com\",\"description\":\"\",\"potentialAction\":[{\"@type\":\"SearchAction\",\"target\":{\"@type\":\"EntryPoint\",\"urlTemplate\":\"https:\\\/\\\/www.ecovis.com\\\/uruguay\\\/es\\\/?s={search_term_string}\"},\"query-input\":{\"@type\":\"PropertyValueSpecification\",\"valueRequired\":true,\"valueName\":\"search_term_string\"}}],\"inLanguage\":\"es-UY\"},{\"@type\":\"Person\",\"@id\":\"https:\\\/\\\/www.ecovis.com\\\/uruguay\\\/es\\\/#\\\/schema\\\/person\\\/3534ca2ace82a2b5e11d9092650e0703\",\"name\":\"fg_uruguay\",\"image\":{\"@type\":\"ImageObject\",\"inLanguage\":\"es-UY\",\"@id\":\"https:\\\/\\\/secure.gravatar.com\\\/avatar\\\/d8f8cdb8dedf4903b4419a5b22f1a43436ad0387b7c6d10390caed756603f27f?s=96&d=mm&r=g\",\"url\":\"https:\\\/\\\/secure.gravatar.com\\\/avatar\\\/d8f8cdb8dedf4903b4419a5b22f1a43436ad0387b7c6d10390caed756603f27f?s=96&d=mm&r=g\",\"contentUrl\":\"https:\\\/\\\/secure.gravatar.com\\\/avatar\\\/d8f8cdb8dedf4903b4419a5b22f1a43436ad0387b7c6d10390caed756603f27f?s=96&d=mm&r=g\",\"caption\":\"fg_uruguay\"},\"url\":\"https:\\\/\\\/www.ecovis.com\\\/uruguay\\\/es\\\/blog\\\/author\\\/fg_uruguay\\\/\"}]}<\/script>\n<!-- \/ Yoast SEO plugin. -->","yoast_head_json":{"title":"Proyecto de ley de presupuesto nacional - Ecovis en Uruguay","robots":{"index":"index","follow":"follow","max-snippet":"max-snippet:-1","max-image-preview":"max-image-preview:large","max-video-preview":"max-video-preview:-1"},"canonical":"https:\/\/www.ecovis.com\/uruguay\/es\/blog\/2025\/10\/06\/proyecto-de-ley-de-presupuesto-nacional\/","og_locale":"es_ES","og_type":"article","og_title":"Proyecto de ley de presupuesto nacional - Ecovis en Uruguay","og_description":"Continuando con los comentarios sobre el proyecto de ley de presupuesto que iniciamos en la Newsletter anterior, abordaremos en esta entrega otros cambios propuestos. Cabe recordar que se trata de un proyecto y como tal puede sufrir cambios en su redacci\u00f3n. La ampliaci\u00f3n del criterio de fuente uruguaya en el \u00e1mbito de los impuestos a [&hellip;]","og_url":"https:\/\/www.ecovis.com\/uruguay\/es\/blog\/2025\/10\/06\/proyecto-de-ley-de-presupuesto-nacional\/","og_site_name":"Ecovis en Uruguay","article_published_time":"2025-10-06T15:35:53+00:00","og_image":[{"width":1280,"height":550,"url":"https:\/\/www.ecovis.com\/uruguay\/es\/wp-content\/uploads\/sites\/3\/2025\/10\/NL324_proyecto-de-ley.webp","type":"image\/webp"}],"author":"fg_uruguay","twitter_card":"summary_large_image","twitter_misc":{"Written by":"fg_uruguay","Est. reading time":"2 minutos"},"schema":{"@context":"https:\/\/schema.org","@graph":[{"@type":"Article","@id":"https:\/\/www.ecovis.com\/uruguay\/es\/blog\/2025\/10\/06\/proyecto-de-ley-de-presupuesto-nacional\/#article","isPartOf":{"@id":"https:\/\/www.ecovis.com\/uruguay\/es\/blog\/2025\/10\/06\/proyecto-de-ley-de-presupuesto-nacional\/"},"author":{"name":"fg_uruguay","@id":"https:\/\/www.ecovis.com\/uruguay\/es\/#\/schema\/person\/3534ca2ace82a2b5e11d9092650e0703"},"headline":"Proyecto de ley de presupuesto nacional","datePublished":"2025-10-06T15:35:53+00:00","mainEntityOfPage":{"@id":"https:\/\/www.ecovis.com\/uruguay\/es\/blog\/2025\/10\/06\/proyecto-de-ley-de-presupuesto-nacional\/"},"wordCount":235,"image":{"@id":"https:\/\/www.ecovis.com\/uruguay\/es\/blog\/2025\/10\/06\/proyecto-de-ley-de-presupuesto-nacional\/#primaryimage"},"thumbnailUrl":"https:\/\/www.ecovis.com\/uruguay\/es\/wp-content\/uploads\/sites\/3\/2025\/10\/NL324_proyecto-de-ley.webp","keywords":["Issue 324"],"articleSection":["Novedades"],"inLanguage":"es-UY"},{"@type":"WebPage","@id":"https:\/\/www.ecovis.com\/uruguay\/es\/blog\/2025\/10\/06\/proyecto-de-ley-de-presupuesto-nacional\/","url":"https:\/\/www.ecovis.com\/uruguay\/es\/blog\/2025\/10\/06\/proyecto-de-ley-de-presupuesto-nacional\/","name":"Proyecto de ley de presupuesto nacional - Ecovis en Uruguay","isPartOf":{"@id":"https:\/\/www.ecovis.com\/uruguay\/es\/#website"},"primaryImageOfPage":{"@id":"https:\/\/www.ecovis.com\/uruguay\/es\/blog\/2025\/10\/06\/proyecto-de-ley-de-presupuesto-nacional\/#primaryimage"},"image":{"@id":"https:\/\/www.ecovis.com\/uruguay\/es\/blog\/2025\/10\/06\/proyecto-de-ley-de-presupuesto-nacional\/#primaryimage"},"thumbnailUrl":"https:\/\/www.ecovis.com\/uruguay\/es\/wp-content\/uploads\/sites\/3\/2025\/10\/NL324_proyecto-de-ley.webp","datePublished":"2025-10-06T15:35:53+00:00","author":{"@id":"https:\/\/www.ecovis.com\/uruguay\/es\/#\/schema\/person\/3534ca2ace82a2b5e11d9092650e0703"},"breadcrumb":{"@id":"https:\/\/www.ecovis.com\/uruguay\/es\/blog\/2025\/10\/06\/proyecto-de-ley-de-presupuesto-nacional\/#breadcrumb"},"inLanguage":"es-UY","potentialAction":[{"@type":"ReadAction","target":["https:\/\/www.ecovis.com\/uruguay\/es\/blog\/2025\/10\/06\/proyecto-de-ley-de-presupuesto-nacional\/"]}]},{"@type":"ImageObject","inLanguage":"es-UY","@id":"https:\/\/www.ecovis.com\/uruguay\/es\/blog\/2025\/10\/06\/proyecto-de-ley-de-presupuesto-nacional\/#primaryimage","url":"https:\/\/www.ecovis.com\/uruguay\/es\/wp-content\/uploads\/sites\/3\/2025\/10\/NL324_proyecto-de-ley.webp","contentUrl":"https:\/\/www.ecovis.com\/uruguay\/es\/wp-content\/uploads\/sites\/3\/2025\/10\/NL324_proyecto-de-ley.webp","width":1280,"height":550,"caption":"\u00a9 anna-nekrashevich, Pexels"},{"@type":"BreadcrumbList","@id":"https:\/\/www.ecovis.com\/uruguay\/es\/blog\/2025\/10\/06\/proyecto-de-ley-de-presupuesto-nacional\/#breadcrumb","itemListElement":[{"@type":"ListItem","position":1,"name":"Ecovis Global","item":"https:\/\/www.ecovis.com\/"},{"@type":"ListItem","position":2,"name":"Inicio","item":"https:\/\/www.ecovis.com\/uruguay\/es\/"},{"@type":"ListItem","position":3,"name":"Proyecto de ley de presupuesto nacional"}]},{"@type":"WebSite","@id":"https:\/\/www.ecovis.com\/uruguay\/es\/#website","url":"https:\/\/www.ecovis.com\/uruguay\/es\/","name":"Ecovis.com","description":"","potentialAction":[{"@type":"SearchAction","target":{"@type":"EntryPoint","urlTemplate":"https:\/\/www.ecovis.com\/uruguay\/es\/?s={search_term_string}"},"query-input":{"@type":"PropertyValueSpecification","valueRequired":true,"valueName":"search_term_string"}}],"inLanguage":"es-UY"},{"@type":"Person","@id":"https:\/\/www.ecovis.com\/uruguay\/es\/#\/schema\/person\/3534ca2ace82a2b5e11d9092650e0703","name":"fg_uruguay","image":{"@type":"ImageObject","inLanguage":"es-UY","@id":"https:\/\/secure.gravatar.com\/avatar\/d8f8cdb8dedf4903b4419a5b22f1a43436ad0387b7c6d10390caed756603f27f?s=96&d=mm&r=g","url":"https:\/\/secure.gravatar.com\/avatar\/d8f8cdb8dedf4903b4419a5b22f1a43436ad0387b7c6d10390caed756603f27f?s=96&d=mm&r=g","contentUrl":"https:\/\/secure.gravatar.com\/avatar\/d8f8cdb8dedf4903b4419a5b22f1a43436ad0387b7c6d10390caed756603f27f?s=96&d=mm&r=g","caption":"fg_uruguay"},"url":"https:\/\/www.ecovis.com\/uruguay\/es\/blog\/author\/fg_uruguay\/"}]}},"featured_image_url":"https:\/\/www.ecovis.com\/uruguay\/es\/wp-content\/uploads\/sites\/3\/2025\/10\/NL324_proyecto-de-ley-300x150.webp","featured_image_url_large":"https:\/\/www.ecovis.com\/uruguay\/es\/wp-content\/uploads\/sites\/3\/2025\/10\/NL324_proyecto-de-ley.webp","_links":{"self":[{"href":"https:\/\/www.ecovis.com\/uruguay\/es\/wp-json\/wp\/v2\/posts\/3544","targetHints":{"allow":["GET"]}}],"collection":[{"href":"https:\/\/www.ecovis.com\/uruguay\/es\/wp-json\/wp\/v2\/posts"}],"about":[{"href":"https:\/\/www.ecovis.com\/uruguay\/es\/wp-json\/wp\/v2\/types\/post"}],"author":[{"embeddable":true,"href":"https:\/\/www.ecovis.com\/uruguay\/es\/wp-json\/wp\/v2\/users\/15"}],"replies":[{"embeddable":true,"href":"https:\/\/www.ecovis.com\/uruguay\/es\/wp-json\/wp\/v2\/comments?post=3544"}],"version-history":[{"count":1,"href":"https:\/\/www.ecovis.com\/uruguay\/es\/wp-json\/wp\/v2\/posts\/3544\/revisions"}],"predecessor-version":[{"id":3546,"href":"https:\/\/www.ecovis.com\/uruguay\/es\/wp-json\/wp\/v2\/posts\/3544\/revisions\/3546"}],"wp:featuredmedia":[{"embeddable":true,"href":"https:\/\/www.ecovis.com\/uruguay\/es\/wp-json\/wp\/v2\/media\/3545"}],"wp:attachment":[{"href":"https:\/\/www.ecovis.com\/uruguay\/es\/wp-json\/wp\/v2\/media?parent=3544"}],"wp:term":[{"taxonomy":"category","embeddable":true,"href":"https:\/\/www.ecovis.com\/uruguay\/es\/wp-json\/wp\/v2\/categories?post=3544"},{"taxonomy":"post_tag","embeddable":true,"href":"https:\/\/www.ecovis.com\/uruguay\/es\/wp-json\/wp\/v2\/tags?post=3544"}],"curies":[{"name":"wp","href":"https:\/\/api.w.org\/{rel}","templated":true}]}}