{"id":3534,"date":"2025-09-18T20:35:02","date_gmt":"2025-09-18T18:35:02","guid":{"rendered":"https:\/\/www.ecovis.com\/uruguay\/es\/?p=3534"},"modified":"2025-09-18T20:35:02","modified_gmt":"2025-09-18T18:35:02","slug":"modificaciones-tributarias-en-el-proyecto-de-ley-de-presupuesto-nacional-2025-2029","status":"publish","type":"post","link":"https:\/\/www.ecovis.com\/uruguay\/es\/blog\/2025\/09\/18\/modificaciones-tributarias-en-el-proyecto-de-ley-de-presupuesto-nacional-2025-2029\/","title":{"rendered":"Modificaciones tributarias en el Proyecto de Ley de Presupuesto Nacional 2025 \u2013 2029"},"content":{"rendered":"<p>Como es sabido el pasado 31 de agosto\u00a0 ingres\u00f3 al Parlamento\u00a0 el Proyecto de Ley de Presupuesto Nacional para el quinquenio 2025-2029. En estos meses se producir\u00e1 el an\u00e1lisis y la discusi\u00f3n en el Parlamento lo que puede llevar aproximadamente tres meses. En l\u00edneas generales comenzar\u00e1 a regir a partir del 1 de enero de 2026 excepto que exista alguna disposici\u00f3n que prevea otra fecha de vigencia.<\/p>\n<p>El proyecto cuenta con 707 art\u00edculos entre los cuales se encuentran disposiciones tributarias.<\/p>\n<p>Los cambios propuestos en materia tributaria m\u00e1s significativos versan sobre tres grandes temas como ser la creaci\u00f3n del impuesto m\u00ednimo dom\u00e9stico como respuesta a los cambios internacionales, la extensi\u00f3n de la fuente en los impuestos que gravan las rentas y la aplicaci\u00f3n de IVA a las encomiendas postales.<\/p>\n<p>A continuaci\u00f3n listamos los principales cambios propuestos:<\/p>\n<ol>\n<li>La creaci\u00f3n del Impuesto M\u00ednimo Complementario Dom\u00e9stico.<\/li>\n<li>La ampliaci\u00f3n del criterio de fuente uruguaya en el \u00e1mbito de los impuestos a las rentas, \u00f3sea IRAE, IRNR e IRPF.<\/li>\n<li>R\u00e9gimen de Tax Holiday.<\/li>\n<li>Ajustes en procedimientos, Informaci\u00f3n de saldos bancarios en el marco de solicitudes de fiscos extranjeros y ajustes en materia de responsables tributarios.<\/li>\n<li>R\u00e9gimen de env\u00edos postales \u2013 aplicaci\u00f3n de IVA.<\/li>\n<li>Aplicaci\u00f3n de IRNR sobre dividendos.<\/li>\n<li>La posibilidad de otorgar cr\u00e9ditos fiscales a quienes ejecuten actividades e inversiones que promuevan el desarrollo.<\/li>\n<\/ol>\n","protected":false},"excerpt":{"rendered":"<p>Como es sabido el pasado 31 de agosto\u00a0 ingres\u00f3 al Parlamento\u00a0 el Proyecto de Ley de Presupuesto Nacional para el quinquenio 2025-2029. En estos meses se producir\u00e1 el an\u00e1lisis y la discusi\u00f3n en el Parlamento lo que puede llevar aproximadamente tres meses. En l\u00edneas generales comenzar\u00e1 a regir a partir del 1 de enero de [&hellip;]<\/p>\n","protected":false},"author":15,"featured_media":3535,"comment_status":"closed","ping_status":"open","sticky":false,"template":"","format":"standard","meta":{"_acf_changed":false,"footnotes":""},"categories":[30],"tags":[108],"class_list":["post-3534","post","type-post","status-publish","format-standard","has-post-thumbnail","hentry","category-novedades","tag-issue-323"],"acf":[],"yoast_head":"<!-- This site is optimized with the Yoast SEO plugin v27.4 - https:\/\/yoast.com\/product\/yoast-seo-wordpress\/ -->\n<title>Modificaciones tributarias en el Proyecto de Ley de Presupuesto Nacional 2025 \u2013 2029 - Ecovis en Uruguay<\/title>\n<meta name=\"robots\" content=\"index, follow, max-snippet:-1, max-image-preview:large, max-video-preview:-1\" \/>\n<link rel=\"canonical\" href=\"https:\/\/www.ecovis.com\/uruguay\/es\/blog\/2025\/09\/18\/modificaciones-tributarias-en-el-proyecto-de-ley-de-presupuesto-nacional-2025-2029\/\" \/>\n<meta property=\"og:locale\" content=\"es_ES\" \/>\n<meta property=\"og:type\" content=\"article\" \/>\n<meta property=\"og:title\" content=\"Modificaciones tributarias en el Proyecto de Ley de Presupuesto Nacional 2025 \u2013 2029 - Ecovis en Uruguay\" \/>\n<meta property=\"og:description\" content=\"Como es sabido el pasado 31 de agosto\u00a0 ingres\u00f3 al Parlamento\u00a0 el Proyecto de Ley de Presupuesto Nacional para el quinquenio 2025-2029. En estos meses se producir\u00e1 el an\u00e1lisis y la discusi\u00f3n en el Parlamento lo que puede llevar aproximadamente tres meses. En l\u00edneas generales comenzar\u00e1 a regir a partir del 1 de enero de [&hellip;]\" \/>\n<meta property=\"og:url\" content=\"https:\/\/www.ecovis.com\/uruguay\/es\/blog\/2025\/09\/18\/modificaciones-tributarias-en-el-proyecto-de-ley-de-presupuesto-nacional-2025-2029\/\" \/>\n<meta property=\"og:site_name\" content=\"Ecovis en Uruguay\" \/>\n<meta property=\"article:published_time\" content=\"2025-09-18T18:35:02+00:00\" \/>\n<meta property=\"og:image\" content=\"https:\/\/www.ecovis.com\/uruguay\/es\/wp-content\/uploads\/sites\/3\/2025\/09\/NL323_modificaciones.webp\" \/>\n\t<meta property=\"og:image:width\" content=\"1280\" \/>\n\t<meta property=\"og:image:height\" content=\"550\" \/>\n\t<meta property=\"og:image:type\" content=\"image\/webp\" \/>\n<meta name=\"author\" content=\"fg_uruguay\" \/>\n<meta name=\"twitter:card\" content=\"summary_large_image\" \/>\n<meta name=\"twitter:label1\" content=\"Written by\" \/>\n\t<meta name=\"twitter:data1\" content=\"fg_uruguay\" \/>\n\t<meta name=\"twitter:label2\" content=\"Est. reading time\" \/>\n\t<meta name=\"twitter:data2\" content=\"2 minutos\" \/>\n<script type=\"application\/ld+json\" class=\"yoast-schema-graph\">{\"@context\":\"https:\\\/\\\/schema.org\",\"@graph\":[{\"@type\":\"Article\",\"@id\":\"https:\\\/\\\/www.ecovis.com\\\/uruguay\\\/es\\\/blog\\\/2025\\\/09\\\/18\\\/modificaciones-tributarias-en-el-proyecto-de-ley-de-presupuesto-nacional-2025-2029\\\/#article\",\"isPartOf\":{\"@id\":\"https:\\\/\\\/www.ecovis.com\\\/uruguay\\\/es\\\/blog\\\/2025\\\/09\\\/18\\\/modificaciones-tributarias-en-el-proyecto-de-ley-de-presupuesto-nacional-2025-2029\\\/\"},\"author\":{\"name\":\"fg_uruguay\",\"@id\":\"https:\\\/\\\/www.ecovis.com\\\/uruguay\\\/es\\\/#\\\/schema\\\/person\\\/3534ca2ace82a2b5e11d9092650e0703\"},\"headline\":\"Modificaciones tributarias en el Proyecto de Ley de Presupuesto Nacional 2025 \u2013 2029\",\"datePublished\":\"2025-09-18T18:35:02+00:00\",\"mainEntityOfPage\":{\"@id\":\"https:\\\/\\\/www.ecovis.com\\\/uruguay\\\/es\\\/blog\\\/2025\\\/09\\\/18\\\/modificaciones-tributarias-en-el-proyecto-de-ley-de-presupuesto-nacional-2025-2029\\\/\"},\"wordCount\":246,\"image\":{\"@id\":\"https:\\\/\\\/www.ecovis.com\\\/uruguay\\\/es\\\/blog\\\/2025\\\/09\\\/18\\\/modificaciones-tributarias-en-el-proyecto-de-ley-de-presupuesto-nacional-2025-2029\\\/#primaryimage\"},\"thumbnailUrl\":\"https:\\\/\\\/www.ecovis.com\\\/uruguay\\\/es\\\/wp-content\\\/uploads\\\/sites\\\/3\\\/2025\\\/09\\\/NL323_modificaciones.webp\",\"keywords\":[\"Issue 323\"],\"articleSection\":[\"Novedades\"],\"inLanguage\":\"es-UY\"},{\"@type\":\"WebPage\",\"@id\":\"https:\\\/\\\/www.ecovis.com\\\/uruguay\\\/es\\\/blog\\\/2025\\\/09\\\/18\\\/modificaciones-tributarias-en-el-proyecto-de-ley-de-presupuesto-nacional-2025-2029\\\/\",\"url\":\"https:\\\/\\\/www.ecovis.com\\\/uruguay\\\/es\\\/blog\\\/2025\\\/09\\\/18\\\/modificaciones-tributarias-en-el-proyecto-de-ley-de-presupuesto-nacional-2025-2029\\\/\",\"name\":\"Modificaciones tributarias en el Proyecto de Ley de Presupuesto Nacional 2025 \u2013 2029 - Ecovis en Uruguay\",\"isPartOf\":{\"@id\":\"https:\\\/\\\/www.ecovis.com\\\/uruguay\\\/es\\\/#website\"},\"primaryImageOfPage\":{\"@id\":\"https:\\\/\\\/www.ecovis.com\\\/uruguay\\\/es\\\/blog\\\/2025\\\/09\\\/18\\\/modificaciones-tributarias-en-el-proyecto-de-ley-de-presupuesto-nacional-2025-2029\\\/#primaryimage\"},\"image\":{\"@id\":\"https:\\\/\\\/www.ecovis.com\\\/uruguay\\\/es\\\/blog\\\/2025\\\/09\\\/18\\\/modificaciones-tributarias-en-el-proyecto-de-ley-de-presupuesto-nacional-2025-2029\\\/#primaryimage\"},\"thumbnailUrl\":\"https:\\\/\\\/www.ecovis.com\\\/uruguay\\\/es\\\/wp-content\\\/uploads\\\/sites\\\/3\\\/2025\\\/09\\\/NL323_modificaciones.webp\",\"datePublished\":\"2025-09-18T18:35:02+00:00\",\"author\":{\"@id\":\"https:\\\/\\\/www.ecovis.com\\\/uruguay\\\/es\\\/#\\\/schema\\\/person\\\/3534ca2ace82a2b5e11d9092650e0703\"},\"breadcrumb\":{\"@id\":\"https:\\\/\\\/www.ecovis.com\\\/uruguay\\\/es\\\/blog\\\/2025\\\/09\\\/18\\\/modificaciones-tributarias-en-el-proyecto-de-ley-de-presupuesto-nacional-2025-2029\\\/#breadcrumb\"},\"inLanguage\":\"es-UY\",\"potentialAction\":[{\"@type\":\"ReadAction\",\"target\":[\"https:\\\/\\\/www.ecovis.com\\\/uruguay\\\/es\\\/blog\\\/2025\\\/09\\\/18\\\/modificaciones-tributarias-en-el-proyecto-de-ley-de-presupuesto-nacional-2025-2029\\\/\"]}]},{\"@type\":\"ImageObject\",\"inLanguage\":\"es-UY\",\"@id\":\"https:\\\/\\\/www.ecovis.com\\\/uruguay\\\/es\\\/blog\\\/2025\\\/09\\\/18\\\/modificaciones-tributarias-en-el-proyecto-de-ley-de-presupuesto-nacional-2025-2029\\\/#primaryimage\",\"url\":\"https:\\\/\\\/www.ecovis.com\\\/uruguay\\\/es\\\/wp-content\\\/uploads\\\/sites\\\/3\\\/2025\\\/09\\\/NL323_modificaciones.webp\",\"contentUrl\":\"https:\\\/\\\/www.ecovis.com\\\/uruguay\\\/es\\\/wp-content\\\/uploads\\\/sites\\\/3\\\/2025\\\/09\\\/NL323_modificaciones.webp\",\"width\":1280,\"height\":550,\"caption\":\"\u00a9 polina-tankilevitch, Pexels\"},{\"@type\":\"BreadcrumbList\",\"@id\":\"https:\\\/\\\/www.ecovis.com\\\/uruguay\\\/es\\\/blog\\\/2025\\\/09\\\/18\\\/modificaciones-tributarias-en-el-proyecto-de-ley-de-presupuesto-nacional-2025-2029\\\/#breadcrumb\",\"itemListElement\":[{\"@type\":\"ListItem\",\"position\":1,\"name\":\"Ecovis Global\",\"item\":\"https:\\\/\\\/www.ecovis.com\\\/\"},{\"@type\":\"ListItem\",\"position\":2,\"name\":\"Inicio\",\"item\":\"https:\\\/\\\/www.ecovis.com\\\/uruguay\\\/es\\\/\"},{\"@type\":\"ListItem\",\"position\":3,\"name\":\"Modificaciones tributarias en el Proyecto de Ley de Presupuesto Nacional 2025 \u2013 2029\"}]},{\"@type\":\"WebSite\",\"@id\":\"https:\\\/\\\/www.ecovis.com\\\/uruguay\\\/es\\\/#website\",\"url\":\"https:\\\/\\\/www.ecovis.com\\\/uruguay\\\/es\\\/\",\"name\":\"Ecovis.com\",\"description\":\"\",\"potentialAction\":[{\"@type\":\"SearchAction\",\"target\":{\"@type\":\"EntryPoint\",\"urlTemplate\":\"https:\\\/\\\/www.ecovis.com\\\/uruguay\\\/es\\\/?s={search_term_string}\"},\"query-input\":{\"@type\":\"PropertyValueSpecification\",\"valueRequired\":true,\"valueName\":\"search_term_string\"}}],\"inLanguage\":\"es-UY\"},{\"@type\":\"Person\",\"@id\":\"https:\\\/\\\/www.ecovis.com\\\/uruguay\\\/es\\\/#\\\/schema\\\/person\\\/3534ca2ace82a2b5e11d9092650e0703\",\"name\":\"fg_uruguay\",\"image\":{\"@type\":\"ImageObject\",\"inLanguage\":\"es-UY\",\"@id\":\"https:\\\/\\\/secure.gravatar.com\\\/avatar\\\/d8f8cdb8dedf4903b4419a5b22f1a43436ad0387b7c6d10390caed756603f27f?s=96&d=mm&r=g\",\"url\":\"https:\\\/\\\/secure.gravatar.com\\\/avatar\\\/d8f8cdb8dedf4903b4419a5b22f1a43436ad0387b7c6d10390caed756603f27f?s=96&d=mm&r=g\",\"contentUrl\":\"https:\\\/\\\/secure.gravatar.com\\\/avatar\\\/d8f8cdb8dedf4903b4419a5b22f1a43436ad0387b7c6d10390caed756603f27f?s=96&d=mm&r=g\",\"caption\":\"fg_uruguay\"},\"url\":\"https:\\\/\\\/www.ecovis.com\\\/uruguay\\\/es\\\/blog\\\/author\\\/fg_uruguay\\\/\"}]}<\/script>\n<!-- \/ Yoast SEO plugin. -->","yoast_head_json":{"title":"Modificaciones tributarias en el Proyecto de Ley de Presupuesto Nacional 2025 \u2013 2029 - Ecovis en Uruguay","robots":{"index":"index","follow":"follow","max-snippet":"max-snippet:-1","max-image-preview":"max-image-preview:large","max-video-preview":"max-video-preview:-1"},"canonical":"https:\/\/www.ecovis.com\/uruguay\/es\/blog\/2025\/09\/18\/modificaciones-tributarias-en-el-proyecto-de-ley-de-presupuesto-nacional-2025-2029\/","og_locale":"es_ES","og_type":"article","og_title":"Modificaciones tributarias en el Proyecto de Ley de Presupuesto Nacional 2025 \u2013 2029 - Ecovis en Uruguay","og_description":"Como es sabido el pasado 31 de agosto\u00a0 ingres\u00f3 al Parlamento\u00a0 el Proyecto de Ley de Presupuesto Nacional para el quinquenio 2025-2029. En estos meses se producir\u00e1 el an\u00e1lisis y la discusi\u00f3n en el Parlamento lo que puede llevar aproximadamente tres meses. En l\u00edneas generales comenzar\u00e1 a regir a partir del 1 de enero de [&hellip;]","og_url":"https:\/\/www.ecovis.com\/uruguay\/es\/blog\/2025\/09\/18\/modificaciones-tributarias-en-el-proyecto-de-ley-de-presupuesto-nacional-2025-2029\/","og_site_name":"Ecovis en Uruguay","article_published_time":"2025-09-18T18:35:02+00:00","og_image":[{"width":1280,"height":550,"url":"https:\/\/www.ecovis.com\/uruguay\/es\/wp-content\/uploads\/sites\/3\/2025\/09\/NL323_modificaciones.webp","type":"image\/webp"}],"author":"fg_uruguay","twitter_card":"summary_large_image","twitter_misc":{"Written by":"fg_uruguay","Est. reading time":"2 minutos"},"schema":{"@context":"https:\/\/schema.org","@graph":[{"@type":"Article","@id":"https:\/\/www.ecovis.com\/uruguay\/es\/blog\/2025\/09\/18\/modificaciones-tributarias-en-el-proyecto-de-ley-de-presupuesto-nacional-2025-2029\/#article","isPartOf":{"@id":"https:\/\/www.ecovis.com\/uruguay\/es\/blog\/2025\/09\/18\/modificaciones-tributarias-en-el-proyecto-de-ley-de-presupuesto-nacional-2025-2029\/"},"author":{"name":"fg_uruguay","@id":"https:\/\/www.ecovis.com\/uruguay\/es\/#\/schema\/person\/3534ca2ace82a2b5e11d9092650e0703"},"headline":"Modificaciones tributarias en el Proyecto de Ley de Presupuesto Nacional 2025 \u2013 2029","datePublished":"2025-09-18T18:35:02+00:00","mainEntityOfPage":{"@id":"https:\/\/www.ecovis.com\/uruguay\/es\/blog\/2025\/09\/18\/modificaciones-tributarias-en-el-proyecto-de-ley-de-presupuesto-nacional-2025-2029\/"},"wordCount":246,"image":{"@id":"https:\/\/www.ecovis.com\/uruguay\/es\/blog\/2025\/09\/18\/modificaciones-tributarias-en-el-proyecto-de-ley-de-presupuesto-nacional-2025-2029\/#primaryimage"},"thumbnailUrl":"https:\/\/www.ecovis.com\/uruguay\/es\/wp-content\/uploads\/sites\/3\/2025\/09\/NL323_modificaciones.webp","keywords":["Issue 323"],"articleSection":["Novedades"],"inLanguage":"es-UY"},{"@type":"WebPage","@id":"https:\/\/www.ecovis.com\/uruguay\/es\/blog\/2025\/09\/18\/modificaciones-tributarias-en-el-proyecto-de-ley-de-presupuesto-nacional-2025-2029\/","url":"https:\/\/www.ecovis.com\/uruguay\/es\/blog\/2025\/09\/18\/modificaciones-tributarias-en-el-proyecto-de-ley-de-presupuesto-nacional-2025-2029\/","name":"Modificaciones tributarias en el Proyecto de Ley de Presupuesto Nacional 2025 \u2013 2029 - Ecovis en Uruguay","isPartOf":{"@id":"https:\/\/www.ecovis.com\/uruguay\/es\/#website"},"primaryImageOfPage":{"@id":"https:\/\/www.ecovis.com\/uruguay\/es\/blog\/2025\/09\/18\/modificaciones-tributarias-en-el-proyecto-de-ley-de-presupuesto-nacional-2025-2029\/#primaryimage"},"image":{"@id":"https:\/\/www.ecovis.com\/uruguay\/es\/blog\/2025\/09\/18\/modificaciones-tributarias-en-el-proyecto-de-ley-de-presupuesto-nacional-2025-2029\/#primaryimage"},"thumbnailUrl":"https:\/\/www.ecovis.com\/uruguay\/es\/wp-content\/uploads\/sites\/3\/2025\/09\/NL323_modificaciones.webp","datePublished":"2025-09-18T18:35:02+00:00","author":{"@id":"https:\/\/www.ecovis.com\/uruguay\/es\/#\/schema\/person\/3534ca2ace82a2b5e11d9092650e0703"},"breadcrumb":{"@id":"https:\/\/www.ecovis.com\/uruguay\/es\/blog\/2025\/09\/18\/modificaciones-tributarias-en-el-proyecto-de-ley-de-presupuesto-nacional-2025-2029\/#breadcrumb"},"inLanguage":"es-UY","potentialAction":[{"@type":"ReadAction","target":["https:\/\/www.ecovis.com\/uruguay\/es\/blog\/2025\/09\/18\/modificaciones-tributarias-en-el-proyecto-de-ley-de-presupuesto-nacional-2025-2029\/"]}]},{"@type":"ImageObject","inLanguage":"es-UY","@id":"https:\/\/www.ecovis.com\/uruguay\/es\/blog\/2025\/09\/18\/modificaciones-tributarias-en-el-proyecto-de-ley-de-presupuesto-nacional-2025-2029\/#primaryimage","url":"https:\/\/www.ecovis.com\/uruguay\/es\/wp-content\/uploads\/sites\/3\/2025\/09\/NL323_modificaciones.webp","contentUrl":"https:\/\/www.ecovis.com\/uruguay\/es\/wp-content\/uploads\/sites\/3\/2025\/09\/NL323_modificaciones.webp","width":1280,"height":550,"caption":"\u00a9 polina-tankilevitch, Pexels"},{"@type":"BreadcrumbList","@id":"https:\/\/www.ecovis.com\/uruguay\/es\/blog\/2025\/09\/18\/modificaciones-tributarias-en-el-proyecto-de-ley-de-presupuesto-nacional-2025-2029\/#breadcrumb","itemListElement":[{"@type":"ListItem","position":1,"name":"Ecovis Global","item":"https:\/\/www.ecovis.com\/"},{"@type":"ListItem","position":2,"name":"Inicio","item":"https:\/\/www.ecovis.com\/uruguay\/es\/"},{"@type":"ListItem","position":3,"name":"Modificaciones tributarias en el Proyecto de Ley de Presupuesto Nacional 2025 \u2013 2029"}]},{"@type":"WebSite","@id":"https:\/\/www.ecovis.com\/uruguay\/es\/#website","url":"https:\/\/www.ecovis.com\/uruguay\/es\/","name":"Ecovis.com","description":"","potentialAction":[{"@type":"SearchAction","target":{"@type":"EntryPoint","urlTemplate":"https:\/\/www.ecovis.com\/uruguay\/es\/?s={search_term_string}"},"query-input":{"@type":"PropertyValueSpecification","valueRequired":true,"valueName":"search_term_string"}}],"inLanguage":"es-UY"},{"@type":"Person","@id":"https:\/\/www.ecovis.com\/uruguay\/es\/#\/schema\/person\/3534ca2ace82a2b5e11d9092650e0703","name":"fg_uruguay","image":{"@type":"ImageObject","inLanguage":"es-UY","@id":"https:\/\/secure.gravatar.com\/avatar\/d8f8cdb8dedf4903b4419a5b22f1a43436ad0387b7c6d10390caed756603f27f?s=96&d=mm&r=g","url":"https:\/\/secure.gravatar.com\/avatar\/d8f8cdb8dedf4903b4419a5b22f1a43436ad0387b7c6d10390caed756603f27f?s=96&d=mm&r=g","contentUrl":"https:\/\/secure.gravatar.com\/avatar\/d8f8cdb8dedf4903b4419a5b22f1a43436ad0387b7c6d10390caed756603f27f?s=96&d=mm&r=g","caption":"fg_uruguay"},"url":"https:\/\/www.ecovis.com\/uruguay\/es\/blog\/author\/fg_uruguay\/"}]}},"featured_image_url":"https:\/\/www.ecovis.com\/uruguay\/es\/wp-content\/uploads\/sites\/3\/2025\/09\/NL323_modificaciones-300x150.webp","featured_image_url_large":"https:\/\/www.ecovis.com\/uruguay\/es\/wp-content\/uploads\/sites\/3\/2025\/09\/NL323_modificaciones.webp","_links":{"self":[{"href":"https:\/\/www.ecovis.com\/uruguay\/es\/wp-json\/wp\/v2\/posts\/3534","targetHints":{"allow":["GET"]}}],"collection":[{"href":"https:\/\/www.ecovis.com\/uruguay\/es\/wp-json\/wp\/v2\/posts"}],"about":[{"href":"https:\/\/www.ecovis.com\/uruguay\/es\/wp-json\/wp\/v2\/types\/post"}],"author":[{"embeddable":true,"href":"https:\/\/www.ecovis.com\/uruguay\/es\/wp-json\/wp\/v2\/users\/15"}],"replies":[{"embeddable":true,"href":"https:\/\/www.ecovis.com\/uruguay\/es\/wp-json\/wp\/v2\/comments?post=3534"}],"version-history":[{"count":1,"href":"https:\/\/www.ecovis.com\/uruguay\/es\/wp-json\/wp\/v2\/posts\/3534\/revisions"}],"predecessor-version":[{"id":3536,"href":"https:\/\/www.ecovis.com\/uruguay\/es\/wp-json\/wp\/v2\/posts\/3534\/revisions\/3536"}],"wp:featuredmedia":[{"embeddable":true,"href":"https:\/\/www.ecovis.com\/uruguay\/es\/wp-json\/wp\/v2\/media\/3535"}],"wp:attachment":[{"href":"https:\/\/www.ecovis.com\/uruguay\/es\/wp-json\/wp\/v2\/media?parent=3534"}],"wp:term":[{"taxonomy":"category","embeddable":true,"href":"https:\/\/www.ecovis.com\/uruguay\/es\/wp-json\/wp\/v2\/categories?post=3534"},{"taxonomy":"post_tag","embeddable":true,"href":"https:\/\/www.ecovis.com\/uruguay\/es\/wp-json\/wp\/v2\/tags?post=3534"}],"curies":[{"name":"wp","href":"https:\/\/api.w.org\/{rel}","templated":true}]}}