{"id":3511,"date":"2025-07-18T09:37:50","date_gmt":"2025-07-18T07:37:50","guid":{"rendered":"https:\/\/www.ecovis.com\/uruguay\/es\/?p=3511"},"modified":"2025-07-18T09:37:50","modified_gmt":"2025-07-18T07:37:50","slug":"plataformas-digitales-regulacion-de-condiciones-de-trabajo","status":"publish","type":"post","link":"https:\/\/www.ecovis.com\/uruguay\/es\/blog\/2025\/07\/18\/plataformas-digitales-regulacion-de-condiciones-de-trabajo\/","title":{"rendered":"Plataformas Digitales &#8211; Regulaci\u00f3n de condiciones de trabajo"},"content":{"rendered":"<p>El 8 de julio pasado el Poder Ejecutivo aprob\u00f3 el Decreto No. 145\/025 a trav\u00e9s del cual reglamenta la Ley. No. 20.396 la que establec\u00eda niveles m\u00ednimos de protecci\u00f3n para los trabajadores que desarrollen tareas mediante plataformas digitales,. Lo que busca esta ley es asegurar condiciones de trabajo justas, decentes y seguras.<\/p>\n<p>En el Decreto se establece que se consideran plataformas digitales a los programas y procedimientos inform\u00e1ticos de las empresas que, independientemente del lugar de establecimiento, contactan clientes con trabajadores facilitando los servicios de entrega de bienes o transporte urbano y oneroso de pasajeros ejecutados en el territorio nacional respecto de los cuales pueden participar en la fijaci\u00f3n del precio o de los m\u00e9todos de ejecuci\u00f3n del servicio.<\/p>\n","protected":false},"excerpt":{"rendered":"<p>El 8 de julio pasado el Poder Ejecutivo aprob\u00f3 el Decreto No. 145\/025 a trav\u00e9s del cual reglamenta la Ley. No. 20.396 la que establec\u00eda niveles m\u00ednimos de protecci\u00f3n para los trabajadores que desarrollen tareas mediante plataformas digitales,. Lo que busca esta ley es asegurar condiciones de trabajo justas, decentes y seguras. En el Decreto [&hellip;]<\/p>\n","protected":false},"author":15,"featured_media":3512,"comment_status":"closed","ping_status":"open","sticky":false,"template":"","format":"standard","meta":{"_acf_changed":false,"footnotes":""},"categories":[30],"tags":[105],"class_list":["post-3511","post","type-post","status-publish","format-standard","has-post-thumbnail","hentry","category-novedades","tag-issue-319"],"acf":[],"yoast_head":"<!-- This site is optimized with the Yoast SEO plugin v27.4 - https:\/\/yoast.com\/product\/yoast-seo-wordpress\/ -->\n<title>Plataformas Digitales - Regulaci\u00f3n de condiciones de trabajo - Ecovis en Uruguay<\/title>\n<meta name=\"robots\" content=\"index, follow, max-snippet:-1, max-image-preview:large, max-video-preview:-1\" \/>\n<link rel=\"canonical\" href=\"https:\/\/www.ecovis.com\/uruguay\/es\/blog\/2025\/07\/18\/plataformas-digitales-regulacion-de-condiciones-de-trabajo\/\" \/>\n<meta property=\"og:locale\" content=\"es_ES\" \/>\n<meta property=\"og:type\" content=\"article\" \/>\n<meta property=\"og:title\" content=\"Plataformas Digitales - Regulaci\u00f3n de condiciones de trabajo - Ecovis en Uruguay\" \/>\n<meta property=\"og:description\" content=\"El 8 de julio pasado el Poder Ejecutivo aprob\u00f3 el Decreto No. 145\/025 a trav\u00e9s del cual reglamenta la Ley. No. 20.396 la que establec\u00eda niveles m\u00ednimos de protecci\u00f3n para los trabajadores que desarrollen tareas mediante plataformas digitales,. Lo que busca esta ley es asegurar condiciones de trabajo justas, decentes y seguras. En el Decreto [&hellip;]\" \/>\n<meta property=\"og:url\" content=\"https:\/\/www.ecovis.com\/uruguay\/es\/blog\/2025\/07\/18\/plataformas-digitales-regulacion-de-condiciones-de-trabajo\/\" \/>\n<meta property=\"og:site_name\" content=\"Ecovis en Uruguay\" \/>\n<meta property=\"article:published_time\" content=\"2025-07-18T07:37:50+00:00\" \/>\n<meta property=\"og:image\" content=\"https:\/\/www.ecovis.com\/uruguay\/es\/wp-content\/uploads\/sites\/3\/2025\/07\/NL319_plataformas-digital.webp\" \/>\n\t<meta property=\"og:image:width\" content=\"1280\" \/>\n\t<meta property=\"og:image:height\" content=\"550\" \/>\n\t<meta property=\"og:image:type\" content=\"image\/webp\" \/>\n<meta name=\"author\" content=\"fg_uruguay\" \/>\n<meta name=\"twitter:card\" content=\"summary_large_image\" \/>\n<meta name=\"twitter:label1\" content=\"Written by\" \/>\n\t<meta name=\"twitter:data1\" content=\"fg_uruguay\" \/>\n\t<meta name=\"twitter:label2\" content=\"Est. reading time\" \/>\n\t<meta name=\"twitter:data2\" content=\"1 minuto\" \/>\n<script type=\"application\/ld+json\" class=\"yoast-schema-graph\">{\"@context\":\"https:\\\/\\\/schema.org\",\"@graph\":[{\"@type\":\"Article\",\"@id\":\"https:\\\/\\\/www.ecovis.com\\\/uruguay\\\/es\\\/blog\\\/2025\\\/07\\\/18\\\/plataformas-digitales-regulacion-de-condiciones-de-trabajo\\\/#article\",\"isPartOf\":{\"@id\":\"https:\\\/\\\/www.ecovis.com\\\/uruguay\\\/es\\\/blog\\\/2025\\\/07\\\/18\\\/plataformas-digitales-regulacion-de-condiciones-de-trabajo\\\/\"},\"author\":{\"name\":\"fg_uruguay\",\"@id\":\"https:\\\/\\\/www.ecovis.com\\\/uruguay\\\/es\\\/#\\\/schema\\\/person\\\/3534ca2ace82a2b5e11d9092650e0703\"},\"headline\":\"Plataformas Digitales &#8211; Regulaci\u00f3n de condiciones de trabajo\",\"datePublished\":\"2025-07-18T07:37:50+00:00\",\"mainEntityOfPage\":{\"@id\":\"https:\\\/\\\/www.ecovis.com\\\/uruguay\\\/es\\\/blog\\\/2025\\\/07\\\/18\\\/plataformas-digitales-regulacion-de-condiciones-de-trabajo\\\/\"},\"wordCount\":133,\"image\":{\"@id\":\"https:\\\/\\\/www.ecovis.com\\\/uruguay\\\/es\\\/blog\\\/2025\\\/07\\\/18\\\/plataformas-digitales-regulacion-de-condiciones-de-trabajo\\\/#primaryimage\"},\"thumbnailUrl\":\"https:\\\/\\\/www.ecovis.com\\\/uruguay\\\/es\\\/wp-content\\\/uploads\\\/sites\\\/3\\\/2025\\\/07\\\/NL319_plataformas-digital.webp\",\"keywords\":[\"Issue 319\"],\"articleSection\":[\"Novedades\"],\"inLanguage\":\"es-UY\"},{\"@type\":\"WebPage\",\"@id\":\"https:\\\/\\\/www.ecovis.com\\\/uruguay\\\/es\\\/blog\\\/2025\\\/07\\\/18\\\/plataformas-digitales-regulacion-de-condiciones-de-trabajo\\\/\",\"url\":\"https:\\\/\\\/www.ecovis.com\\\/uruguay\\\/es\\\/blog\\\/2025\\\/07\\\/18\\\/plataformas-digitales-regulacion-de-condiciones-de-trabajo\\\/\",\"name\":\"Plataformas Digitales - Regulaci\u00f3n de condiciones de trabajo - Ecovis en Uruguay\",\"isPartOf\":{\"@id\":\"https:\\\/\\\/www.ecovis.com\\\/uruguay\\\/es\\\/#website\"},\"primaryImageOfPage\":{\"@id\":\"https:\\\/\\\/www.ecovis.com\\\/uruguay\\\/es\\\/blog\\\/2025\\\/07\\\/18\\\/plataformas-digitales-regulacion-de-condiciones-de-trabajo\\\/#primaryimage\"},\"image\":{\"@id\":\"https:\\\/\\\/www.ecovis.com\\\/uruguay\\\/es\\\/blog\\\/2025\\\/07\\\/18\\\/plataformas-digitales-regulacion-de-condiciones-de-trabajo\\\/#primaryimage\"},\"thumbnailUrl\":\"https:\\\/\\\/www.ecovis.com\\\/uruguay\\\/es\\\/wp-content\\\/uploads\\\/sites\\\/3\\\/2025\\\/07\\\/NL319_plataformas-digital.webp\",\"datePublished\":\"2025-07-18T07:37:50+00:00\",\"author\":{\"@id\":\"https:\\\/\\\/www.ecovis.com\\\/uruguay\\\/es\\\/#\\\/schema\\\/person\\\/3534ca2ace82a2b5e11d9092650e0703\"},\"breadcrumb\":{\"@id\":\"https:\\\/\\\/www.ecovis.com\\\/uruguay\\\/es\\\/blog\\\/2025\\\/07\\\/18\\\/plataformas-digitales-regulacion-de-condiciones-de-trabajo\\\/#breadcrumb\"},\"inLanguage\":\"es-UY\",\"potentialAction\":[{\"@type\":\"ReadAction\",\"target\":[\"https:\\\/\\\/www.ecovis.com\\\/uruguay\\\/es\\\/blog\\\/2025\\\/07\\\/18\\\/plataformas-digitales-regulacion-de-condiciones-de-trabajo\\\/\"]}]},{\"@type\":\"ImageObject\",\"inLanguage\":\"es-UY\",\"@id\":\"https:\\\/\\\/www.ecovis.com\\\/uruguay\\\/es\\\/blog\\\/2025\\\/07\\\/18\\\/plataformas-digitales-regulacion-de-condiciones-de-trabajo\\\/#primaryimage\",\"url\":\"https:\\\/\\\/www.ecovis.com\\\/uruguay\\\/es\\\/wp-content\\\/uploads\\\/sites\\\/3\\\/2025\\\/07\\\/NL319_plataformas-digital.webp\",\"contentUrl\":\"https:\\\/\\\/www.ecovis.com\\\/uruguay\\\/es\\\/wp-content\\\/uploads\\\/sites\\\/3\\\/2025\\\/07\\\/NL319_plataformas-digital.webp\",\"width\":1280,\"height\":550,\"caption\":\"\u00a9 mikael-blomkvist, Pexels\"},{\"@type\":\"BreadcrumbList\",\"@id\":\"https:\\\/\\\/www.ecovis.com\\\/uruguay\\\/es\\\/blog\\\/2025\\\/07\\\/18\\\/plataformas-digitales-regulacion-de-condiciones-de-trabajo\\\/#breadcrumb\",\"itemListElement\":[{\"@type\":\"ListItem\",\"position\":1,\"name\":\"Ecovis Global\",\"item\":\"https:\\\/\\\/www.ecovis.com\\\/\"},{\"@type\":\"ListItem\",\"position\":2,\"name\":\"Inicio\",\"item\":\"https:\\\/\\\/www.ecovis.com\\\/uruguay\\\/es\\\/\"},{\"@type\":\"ListItem\",\"position\":3,\"name\":\"Plataformas Digitales &#8211; Regulaci\u00f3n de condiciones de trabajo\"}]},{\"@type\":\"WebSite\",\"@id\":\"https:\\\/\\\/www.ecovis.com\\\/uruguay\\\/es\\\/#website\",\"url\":\"https:\\\/\\\/www.ecovis.com\\\/uruguay\\\/es\\\/\",\"name\":\"Ecovis.com\",\"description\":\"\",\"potentialAction\":[{\"@type\":\"SearchAction\",\"target\":{\"@type\":\"EntryPoint\",\"urlTemplate\":\"https:\\\/\\\/www.ecovis.com\\\/uruguay\\\/es\\\/?s={search_term_string}\"},\"query-input\":{\"@type\":\"PropertyValueSpecification\",\"valueRequired\":true,\"valueName\":\"search_term_string\"}}],\"inLanguage\":\"es-UY\"},{\"@type\":\"Person\",\"@id\":\"https:\\\/\\\/www.ecovis.com\\\/uruguay\\\/es\\\/#\\\/schema\\\/person\\\/3534ca2ace82a2b5e11d9092650e0703\",\"name\":\"fg_uruguay\",\"image\":{\"@type\":\"ImageObject\",\"inLanguage\":\"es-UY\",\"@id\":\"https:\\\/\\\/secure.gravatar.com\\\/avatar\\\/d8f8cdb8dedf4903b4419a5b22f1a43436ad0387b7c6d10390caed756603f27f?s=96&d=mm&r=g\",\"url\":\"https:\\\/\\\/secure.gravatar.com\\\/avatar\\\/d8f8cdb8dedf4903b4419a5b22f1a43436ad0387b7c6d10390caed756603f27f?s=96&d=mm&r=g\",\"contentUrl\":\"https:\\\/\\\/secure.gravatar.com\\\/avatar\\\/d8f8cdb8dedf4903b4419a5b22f1a43436ad0387b7c6d10390caed756603f27f?s=96&d=mm&r=g\",\"caption\":\"fg_uruguay\"},\"url\":\"https:\\\/\\\/www.ecovis.com\\\/uruguay\\\/es\\\/blog\\\/author\\\/fg_uruguay\\\/\"}]}<\/script>\n<!-- \/ Yoast SEO plugin. -->","yoast_head_json":{"title":"Plataformas Digitales - Regulaci\u00f3n de condiciones de trabajo - Ecovis en Uruguay","robots":{"index":"index","follow":"follow","max-snippet":"max-snippet:-1","max-image-preview":"max-image-preview:large","max-video-preview":"max-video-preview:-1"},"canonical":"https:\/\/www.ecovis.com\/uruguay\/es\/blog\/2025\/07\/18\/plataformas-digitales-regulacion-de-condiciones-de-trabajo\/","og_locale":"es_ES","og_type":"article","og_title":"Plataformas Digitales - Regulaci\u00f3n de condiciones de trabajo - Ecovis en Uruguay","og_description":"El 8 de julio pasado el Poder Ejecutivo aprob\u00f3 el Decreto No. 145\/025 a trav\u00e9s del cual reglamenta la Ley. No. 20.396 la que establec\u00eda niveles m\u00ednimos de protecci\u00f3n para los trabajadores que desarrollen tareas mediante plataformas digitales,. Lo que busca esta ley es asegurar condiciones de trabajo justas, decentes y seguras. En el Decreto [&hellip;]","og_url":"https:\/\/www.ecovis.com\/uruguay\/es\/blog\/2025\/07\/18\/plataformas-digitales-regulacion-de-condiciones-de-trabajo\/","og_site_name":"Ecovis en Uruguay","article_published_time":"2025-07-18T07:37:50+00:00","og_image":[{"width":1280,"height":550,"url":"https:\/\/www.ecovis.com\/uruguay\/es\/wp-content\/uploads\/sites\/3\/2025\/07\/NL319_plataformas-digital.webp","type":"image\/webp"}],"author":"fg_uruguay","twitter_card":"summary_large_image","twitter_misc":{"Written by":"fg_uruguay","Est. reading time":"1 minuto"},"schema":{"@context":"https:\/\/schema.org","@graph":[{"@type":"Article","@id":"https:\/\/www.ecovis.com\/uruguay\/es\/blog\/2025\/07\/18\/plataformas-digitales-regulacion-de-condiciones-de-trabajo\/#article","isPartOf":{"@id":"https:\/\/www.ecovis.com\/uruguay\/es\/blog\/2025\/07\/18\/plataformas-digitales-regulacion-de-condiciones-de-trabajo\/"},"author":{"name":"fg_uruguay","@id":"https:\/\/www.ecovis.com\/uruguay\/es\/#\/schema\/person\/3534ca2ace82a2b5e11d9092650e0703"},"headline":"Plataformas Digitales &#8211; Regulaci\u00f3n de condiciones de trabajo","datePublished":"2025-07-18T07:37:50+00:00","mainEntityOfPage":{"@id":"https:\/\/www.ecovis.com\/uruguay\/es\/blog\/2025\/07\/18\/plataformas-digitales-regulacion-de-condiciones-de-trabajo\/"},"wordCount":133,"image":{"@id":"https:\/\/www.ecovis.com\/uruguay\/es\/blog\/2025\/07\/18\/plataformas-digitales-regulacion-de-condiciones-de-trabajo\/#primaryimage"},"thumbnailUrl":"https:\/\/www.ecovis.com\/uruguay\/es\/wp-content\/uploads\/sites\/3\/2025\/07\/NL319_plataformas-digital.webp","keywords":["Issue 319"],"articleSection":["Novedades"],"inLanguage":"es-UY"},{"@type":"WebPage","@id":"https:\/\/www.ecovis.com\/uruguay\/es\/blog\/2025\/07\/18\/plataformas-digitales-regulacion-de-condiciones-de-trabajo\/","url":"https:\/\/www.ecovis.com\/uruguay\/es\/blog\/2025\/07\/18\/plataformas-digitales-regulacion-de-condiciones-de-trabajo\/","name":"Plataformas Digitales - Regulaci\u00f3n de condiciones de trabajo - Ecovis en Uruguay","isPartOf":{"@id":"https:\/\/www.ecovis.com\/uruguay\/es\/#website"},"primaryImageOfPage":{"@id":"https:\/\/www.ecovis.com\/uruguay\/es\/blog\/2025\/07\/18\/plataformas-digitales-regulacion-de-condiciones-de-trabajo\/#primaryimage"},"image":{"@id":"https:\/\/www.ecovis.com\/uruguay\/es\/blog\/2025\/07\/18\/plataformas-digitales-regulacion-de-condiciones-de-trabajo\/#primaryimage"},"thumbnailUrl":"https:\/\/www.ecovis.com\/uruguay\/es\/wp-content\/uploads\/sites\/3\/2025\/07\/NL319_plataformas-digital.webp","datePublished":"2025-07-18T07:37:50+00:00","author":{"@id":"https:\/\/www.ecovis.com\/uruguay\/es\/#\/schema\/person\/3534ca2ace82a2b5e11d9092650e0703"},"breadcrumb":{"@id":"https:\/\/www.ecovis.com\/uruguay\/es\/blog\/2025\/07\/18\/plataformas-digitales-regulacion-de-condiciones-de-trabajo\/#breadcrumb"},"inLanguage":"es-UY","potentialAction":[{"@type":"ReadAction","target":["https:\/\/www.ecovis.com\/uruguay\/es\/blog\/2025\/07\/18\/plataformas-digitales-regulacion-de-condiciones-de-trabajo\/"]}]},{"@type":"ImageObject","inLanguage":"es-UY","@id":"https:\/\/www.ecovis.com\/uruguay\/es\/blog\/2025\/07\/18\/plataformas-digitales-regulacion-de-condiciones-de-trabajo\/#primaryimage","url":"https:\/\/www.ecovis.com\/uruguay\/es\/wp-content\/uploads\/sites\/3\/2025\/07\/NL319_plataformas-digital.webp","contentUrl":"https:\/\/www.ecovis.com\/uruguay\/es\/wp-content\/uploads\/sites\/3\/2025\/07\/NL319_plataformas-digital.webp","width":1280,"height":550,"caption":"\u00a9 mikael-blomkvist, Pexels"},{"@type":"BreadcrumbList","@id":"https:\/\/www.ecovis.com\/uruguay\/es\/blog\/2025\/07\/18\/plataformas-digitales-regulacion-de-condiciones-de-trabajo\/#breadcrumb","itemListElement":[{"@type":"ListItem","position":1,"name":"Ecovis Global","item":"https:\/\/www.ecovis.com\/"},{"@type":"ListItem","position":2,"name":"Inicio","item":"https:\/\/www.ecovis.com\/uruguay\/es\/"},{"@type":"ListItem","position":3,"name":"Plataformas Digitales &#8211; Regulaci\u00f3n de condiciones de trabajo"}]},{"@type":"WebSite","@id":"https:\/\/www.ecovis.com\/uruguay\/es\/#website","url":"https:\/\/www.ecovis.com\/uruguay\/es\/","name":"Ecovis.com","description":"","potentialAction":[{"@type":"SearchAction","target":{"@type":"EntryPoint","urlTemplate":"https:\/\/www.ecovis.com\/uruguay\/es\/?s={search_term_string}"},"query-input":{"@type":"PropertyValueSpecification","valueRequired":true,"valueName":"search_term_string"}}],"inLanguage":"es-UY"},{"@type":"Person","@id":"https:\/\/www.ecovis.com\/uruguay\/es\/#\/schema\/person\/3534ca2ace82a2b5e11d9092650e0703","name":"fg_uruguay","image":{"@type":"ImageObject","inLanguage":"es-UY","@id":"https:\/\/secure.gravatar.com\/avatar\/d8f8cdb8dedf4903b4419a5b22f1a43436ad0387b7c6d10390caed756603f27f?s=96&d=mm&r=g","url":"https:\/\/secure.gravatar.com\/avatar\/d8f8cdb8dedf4903b4419a5b22f1a43436ad0387b7c6d10390caed756603f27f?s=96&d=mm&r=g","contentUrl":"https:\/\/secure.gravatar.com\/avatar\/d8f8cdb8dedf4903b4419a5b22f1a43436ad0387b7c6d10390caed756603f27f?s=96&d=mm&r=g","caption":"fg_uruguay"},"url":"https:\/\/www.ecovis.com\/uruguay\/es\/blog\/author\/fg_uruguay\/"}]}},"featured_image_url":"https:\/\/www.ecovis.com\/uruguay\/es\/wp-content\/uploads\/sites\/3\/2025\/07\/NL319_plataformas-digital-300x150.webp","featured_image_url_large":"https:\/\/www.ecovis.com\/uruguay\/es\/wp-content\/uploads\/sites\/3\/2025\/07\/NL319_plataformas-digital.webp","_links":{"self":[{"href":"https:\/\/www.ecovis.com\/uruguay\/es\/wp-json\/wp\/v2\/posts\/3511","targetHints":{"allow":["GET"]}}],"collection":[{"href":"https:\/\/www.ecovis.com\/uruguay\/es\/wp-json\/wp\/v2\/posts"}],"about":[{"href":"https:\/\/www.ecovis.com\/uruguay\/es\/wp-json\/wp\/v2\/types\/post"}],"author":[{"embeddable":true,"href":"https:\/\/www.ecovis.com\/uruguay\/es\/wp-json\/wp\/v2\/users\/15"}],"replies":[{"embeddable":true,"href":"https:\/\/www.ecovis.com\/uruguay\/es\/wp-json\/wp\/v2\/comments?post=3511"}],"version-history":[{"count":1,"href":"https:\/\/www.ecovis.com\/uruguay\/es\/wp-json\/wp\/v2\/posts\/3511\/revisions"}],"predecessor-version":[{"id":3513,"href":"https:\/\/www.ecovis.com\/uruguay\/es\/wp-json\/wp\/v2\/posts\/3511\/revisions\/3513"}],"wp:featuredmedia":[{"embeddable":true,"href":"https:\/\/www.ecovis.com\/uruguay\/es\/wp-json\/wp\/v2\/media\/3512"}],"wp:attachment":[{"href":"https:\/\/www.ecovis.com\/uruguay\/es\/wp-json\/wp\/v2\/media?parent=3511"}],"wp:term":[{"taxonomy":"category","embeddable":true,"href":"https:\/\/www.ecovis.com\/uruguay\/es\/wp-json\/wp\/v2\/categories?post=3511"},{"taxonomy":"post_tag","embeddable":true,"href":"https:\/\/www.ecovis.com\/uruguay\/es\/wp-json\/wp\/v2\/tags?post=3511"}],"curies":[{"name":"wp","href":"https:\/\/api.w.org\/{rel}","templated":true}]}}