{"id":3496,"date":"2025-07-11T09:30:57","date_gmt":"2025-07-11T07:30:57","guid":{"rendered":"https:\/\/www.ecovis.com\/uruguay\/es\/?p=3496"},"modified":"2025-07-18T09:31:36","modified_gmt":"2025-07-18T07:31:36","slug":"modificaciones-tributarias-propuestas-para-el-comercio-fronterizo","status":"publish","type":"post","link":"https:\/\/www.ecovis.com\/uruguay\/es\/blog\/2025\/07\/11\/modificaciones-tributarias-propuestas-para-el-comercio-fronterizo\/","title":{"rendered":"Modificaciones tributarias propuestas para el comercio fronterizo"},"content":{"rendered":"<p>Recientemente ha ingresado al Parlamento un Proyecto de ley que busca aliviar a los comerciantes que operan en los pasos de frontera.<\/p>\n<p>Como todos sabemos, cuando la diferencia de precio con los comercios del pa\u00eds lindero es significativa, las ventas locales en los comercios de frontera disminuyen dr\u00e1sticamente. El mayor problema es cuando esa disparidad en los precios se sostiene en el tiempo lo que provoca en algunos casos el cierre de los comercios con el impacto social que ello genera en la comunidad (ejemplo: p\u00e9rdida de puestos de trabajo).<\/p>\n<p>B\u00e1sicamente el proyecto propone para los comercios que operen en determinado espacio geogr\u00e1fico, un r\u00e9gimen simplificado para la importaci\u00f3n de determinadas mercader\u00edas exoner\u00e1ndolas del pago de impuestos aplicables en la importaci\u00f3n (IVA, IMESI y otros tributos) una reducci\u00f3n impositiva en materia de IVA y una reducci\u00f3n de aportes patronales para los nuevos puestos de trabajo.<\/p>\n","protected":false},"excerpt":{"rendered":"<p>Recientemente ha ingresado al Parlamento un Proyecto de ley que busca aliviar a los comerciantes que operan en los pasos de frontera. Como todos sabemos, cuando la diferencia de precio con los comercios del pa\u00eds lindero es significativa, las ventas locales en los comercios de frontera disminuyen dr\u00e1sticamente. El mayor problema es cuando esa disparidad [&hellip;]<\/p>\n","protected":false},"author":15,"featured_media":3497,"comment_status":"closed","ping_status":"open","sticky":false,"template":"","format":"standard","meta":{"_acf_changed":false,"footnotes":""},"categories":[30],"tags":[104],"class_list":["post-3496","post","type-post","status-publish","format-standard","has-post-thumbnail","hentry","category-novedades","tag-issue-318"],"acf":[],"yoast_head":"<!-- This site is optimized with the Yoast SEO plugin v27.4 - https:\/\/yoast.com\/product\/yoast-seo-wordpress\/ -->\n<title>Modificaciones tributarias propuestas para el comercio fronterizo - Ecovis en Uruguay<\/title>\n<meta name=\"robots\" content=\"index, follow, max-snippet:-1, max-image-preview:large, max-video-preview:-1\" \/>\n<link rel=\"canonical\" href=\"https:\/\/www.ecovis.com\/uruguay\/es\/blog\/2025\/07\/11\/modificaciones-tributarias-propuestas-para-el-comercio-fronterizo\/\" \/>\n<meta property=\"og:locale\" content=\"es_ES\" \/>\n<meta property=\"og:type\" content=\"article\" \/>\n<meta property=\"og:title\" content=\"Modificaciones tributarias propuestas para el comercio fronterizo - Ecovis en Uruguay\" \/>\n<meta property=\"og:description\" content=\"Recientemente ha ingresado al Parlamento un Proyecto de ley que busca aliviar a los comerciantes que operan en los pasos de frontera. Como todos sabemos, cuando la diferencia de precio con los comercios del pa\u00eds lindero es significativa, las ventas locales en los comercios de frontera disminuyen dr\u00e1sticamente. El mayor problema es cuando esa disparidad [&hellip;]\" \/>\n<meta property=\"og:url\" content=\"https:\/\/www.ecovis.com\/uruguay\/es\/blog\/2025\/07\/11\/modificaciones-tributarias-propuestas-para-el-comercio-fronterizo\/\" \/>\n<meta property=\"og:site_name\" content=\"Ecovis en Uruguay\" \/>\n<meta property=\"article:published_time\" content=\"2025-07-11T07:30:57+00:00\" \/>\n<meta property=\"article:modified_time\" content=\"2025-07-18T07:31:36+00:00\" \/>\n<meta property=\"og:image\" content=\"https:\/\/www.ecovis.com\/uruguay\/es\/wp-content\/uploads\/sites\/3\/2025\/07\/NL318_modificaciones.webp\" \/>\n\t<meta property=\"og:image:width\" content=\"1280\" \/>\n\t<meta property=\"og:image:height\" content=\"550\" \/>\n\t<meta property=\"og:image:type\" content=\"image\/webp\" \/>\n<meta name=\"author\" content=\"fg_uruguay\" \/>\n<meta name=\"twitter:card\" content=\"summary_large_image\" \/>\n<meta name=\"twitter:label1\" content=\"Written by\" \/>\n\t<meta name=\"twitter:data1\" content=\"fg_uruguay\" \/>\n\t<meta name=\"twitter:label2\" content=\"Est. reading time\" \/>\n\t<meta name=\"twitter:data2\" content=\"1 minuto\" \/>\n<script type=\"application\/ld+json\" class=\"yoast-schema-graph\">{\"@context\":\"https:\\\/\\\/schema.org\",\"@graph\":[{\"@type\":\"Article\",\"@id\":\"https:\\\/\\\/www.ecovis.com\\\/uruguay\\\/es\\\/blog\\\/2025\\\/07\\\/11\\\/modificaciones-tributarias-propuestas-para-el-comercio-fronterizo\\\/#article\",\"isPartOf\":{\"@id\":\"https:\\\/\\\/www.ecovis.com\\\/uruguay\\\/es\\\/blog\\\/2025\\\/07\\\/11\\\/modificaciones-tributarias-propuestas-para-el-comercio-fronterizo\\\/\"},\"author\":{\"name\":\"fg_uruguay\",\"@id\":\"https:\\\/\\\/www.ecovis.com\\\/uruguay\\\/es\\\/#\\\/schema\\\/person\\\/3534ca2ace82a2b5e11d9092650e0703\"},\"headline\":\"Modificaciones tributarias propuestas para el comercio fronterizo\",\"datePublished\":\"2025-07-11T07:30:57+00:00\",\"dateModified\":\"2025-07-18T07:31:36+00:00\",\"mainEntityOfPage\":{\"@id\":\"https:\\\/\\\/www.ecovis.com\\\/uruguay\\\/es\\\/blog\\\/2025\\\/07\\\/11\\\/modificaciones-tributarias-propuestas-para-el-comercio-fronterizo\\\/\"},\"wordCount\":164,\"image\":{\"@id\":\"https:\\\/\\\/www.ecovis.com\\\/uruguay\\\/es\\\/blog\\\/2025\\\/07\\\/11\\\/modificaciones-tributarias-propuestas-para-el-comercio-fronterizo\\\/#primaryimage\"},\"thumbnailUrl\":\"https:\\\/\\\/www.ecovis.com\\\/uruguay\\\/es\\\/wp-content\\\/uploads\\\/sites\\\/3\\\/2025\\\/07\\\/NL318_modificaciones.webp\",\"keywords\":[\"Issue 318\"],\"articleSection\":[\"Novedades\"],\"inLanguage\":\"es-UY\"},{\"@type\":\"WebPage\",\"@id\":\"https:\\\/\\\/www.ecovis.com\\\/uruguay\\\/es\\\/blog\\\/2025\\\/07\\\/11\\\/modificaciones-tributarias-propuestas-para-el-comercio-fronterizo\\\/\",\"url\":\"https:\\\/\\\/www.ecovis.com\\\/uruguay\\\/es\\\/blog\\\/2025\\\/07\\\/11\\\/modificaciones-tributarias-propuestas-para-el-comercio-fronterizo\\\/\",\"name\":\"Modificaciones tributarias propuestas para el comercio fronterizo - Ecovis en Uruguay\",\"isPartOf\":{\"@id\":\"https:\\\/\\\/www.ecovis.com\\\/uruguay\\\/es\\\/#website\"},\"primaryImageOfPage\":{\"@id\":\"https:\\\/\\\/www.ecovis.com\\\/uruguay\\\/es\\\/blog\\\/2025\\\/07\\\/11\\\/modificaciones-tributarias-propuestas-para-el-comercio-fronterizo\\\/#primaryimage\"},\"image\":{\"@id\":\"https:\\\/\\\/www.ecovis.com\\\/uruguay\\\/es\\\/blog\\\/2025\\\/07\\\/11\\\/modificaciones-tributarias-propuestas-para-el-comercio-fronterizo\\\/#primaryimage\"},\"thumbnailUrl\":\"https:\\\/\\\/www.ecovis.com\\\/uruguay\\\/es\\\/wp-content\\\/uploads\\\/sites\\\/3\\\/2025\\\/07\\\/NL318_modificaciones.webp\",\"datePublished\":\"2025-07-11T07:30:57+00:00\",\"dateModified\":\"2025-07-18T07:31:36+00:00\",\"author\":{\"@id\":\"https:\\\/\\\/www.ecovis.com\\\/uruguay\\\/es\\\/#\\\/schema\\\/person\\\/3534ca2ace82a2b5e11d9092650e0703\"},\"breadcrumb\":{\"@id\":\"https:\\\/\\\/www.ecovis.com\\\/uruguay\\\/es\\\/blog\\\/2025\\\/07\\\/11\\\/modificaciones-tributarias-propuestas-para-el-comercio-fronterizo\\\/#breadcrumb\"},\"inLanguage\":\"es-UY\",\"potentialAction\":[{\"@type\":\"ReadAction\",\"target\":[\"https:\\\/\\\/www.ecovis.com\\\/uruguay\\\/es\\\/blog\\\/2025\\\/07\\\/11\\\/modificaciones-tributarias-propuestas-para-el-comercio-fronterizo\\\/\"]}]},{\"@type\":\"ImageObject\",\"inLanguage\":\"es-UY\",\"@id\":\"https:\\\/\\\/www.ecovis.com\\\/uruguay\\\/es\\\/blog\\\/2025\\\/07\\\/11\\\/modificaciones-tributarias-propuestas-para-el-comercio-fronterizo\\\/#primaryimage\",\"url\":\"https:\\\/\\\/www.ecovis.com\\\/uruguay\\\/es\\\/wp-content\\\/uploads\\\/sites\\\/3\\\/2025\\\/07\\\/NL318_modificaciones.webp\",\"contentUrl\":\"https:\\\/\\\/www.ecovis.com\\\/uruguay\\\/es\\\/wp-content\\\/uploads\\\/sites\\\/3\\\/2025\\\/07\\\/NL318_modificaciones.webp\",\"width\":1280,\"height\":550,\"caption\":\"\u00a9 dibert, Pexels\"},{\"@type\":\"BreadcrumbList\",\"@id\":\"https:\\\/\\\/www.ecovis.com\\\/uruguay\\\/es\\\/blog\\\/2025\\\/07\\\/11\\\/modificaciones-tributarias-propuestas-para-el-comercio-fronterizo\\\/#breadcrumb\",\"itemListElement\":[{\"@type\":\"ListItem\",\"position\":1,\"name\":\"Ecovis Global\",\"item\":\"https:\\\/\\\/www.ecovis.com\\\/\"},{\"@type\":\"ListItem\",\"position\":2,\"name\":\"Inicio\",\"item\":\"https:\\\/\\\/www.ecovis.com\\\/uruguay\\\/es\\\/\"},{\"@type\":\"ListItem\",\"position\":3,\"name\":\"Modificaciones tributarias propuestas para el comercio fronterizo\"}]},{\"@type\":\"WebSite\",\"@id\":\"https:\\\/\\\/www.ecovis.com\\\/uruguay\\\/es\\\/#website\",\"url\":\"https:\\\/\\\/www.ecovis.com\\\/uruguay\\\/es\\\/\",\"name\":\"Ecovis.com\",\"description\":\"\",\"potentialAction\":[{\"@type\":\"SearchAction\",\"target\":{\"@type\":\"EntryPoint\",\"urlTemplate\":\"https:\\\/\\\/www.ecovis.com\\\/uruguay\\\/es\\\/?s={search_term_string}\"},\"query-input\":{\"@type\":\"PropertyValueSpecification\",\"valueRequired\":true,\"valueName\":\"search_term_string\"}}],\"inLanguage\":\"es-UY\"},{\"@type\":\"Person\",\"@id\":\"https:\\\/\\\/www.ecovis.com\\\/uruguay\\\/es\\\/#\\\/schema\\\/person\\\/3534ca2ace82a2b5e11d9092650e0703\",\"name\":\"fg_uruguay\",\"image\":{\"@type\":\"ImageObject\",\"inLanguage\":\"es-UY\",\"@id\":\"https:\\\/\\\/secure.gravatar.com\\\/avatar\\\/d8f8cdb8dedf4903b4419a5b22f1a43436ad0387b7c6d10390caed756603f27f?s=96&d=mm&r=g\",\"url\":\"https:\\\/\\\/secure.gravatar.com\\\/avatar\\\/d8f8cdb8dedf4903b4419a5b22f1a43436ad0387b7c6d10390caed756603f27f?s=96&d=mm&r=g\",\"contentUrl\":\"https:\\\/\\\/secure.gravatar.com\\\/avatar\\\/d8f8cdb8dedf4903b4419a5b22f1a43436ad0387b7c6d10390caed756603f27f?s=96&d=mm&r=g\",\"caption\":\"fg_uruguay\"},\"url\":\"https:\\\/\\\/www.ecovis.com\\\/uruguay\\\/es\\\/blog\\\/author\\\/fg_uruguay\\\/\"}]}<\/script>\n<!-- \/ Yoast SEO plugin. -->","yoast_head_json":{"title":"Modificaciones tributarias propuestas para el comercio fronterizo - Ecovis en Uruguay","robots":{"index":"index","follow":"follow","max-snippet":"max-snippet:-1","max-image-preview":"max-image-preview:large","max-video-preview":"max-video-preview:-1"},"canonical":"https:\/\/www.ecovis.com\/uruguay\/es\/blog\/2025\/07\/11\/modificaciones-tributarias-propuestas-para-el-comercio-fronterizo\/","og_locale":"es_ES","og_type":"article","og_title":"Modificaciones tributarias propuestas para el comercio fronterizo - Ecovis en Uruguay","og_description":"Recientemente ha ingresado al Parlamento un Proyecto de ley que busca aliviar a los comerciantes que operan en los pasos de frontera. Como todos sabemos, cuando la diferencia de precio con los comercios del pa\u00eds lindero es significativa, las ventas locales en los comercios de frontera disminuyen dr\u00e1sticamente. El mayor problema es cuando esa disparidad [&hellip;]","og_url":"https:\/\/www.ecovis.com\/uruguay\/es\/blog\/2025\/07\/11\/modificaciones-tributarias-propuestas-para-el-comercio-fronterizo\/","og_site_name":"Ecovis en Uruguay","article_published_time":"2025-07-11T07:30:57+00:00","article_modified_time":"2025-07-18T07:31:36+00:00","og_image":[{"width":1280,"height":550,"url":"https:\/\/www.ecovis.com\/uruguay\/es\/wp-content\/uploads\/sites\/3\/2025\/07\/NL318_modificaciones.webp","type":"image\/webp"}],"author":"fg_uruguay","twitter_card":"summary_large_image","twitter_misc":{"Written by":"fg_uruguay","Est. reading time":"1 minuto"},"schema":{"@context":"https:\/\/schema.org","@graph":[{"@type":"Article","@id":"https:\/\/www.ecovis.com\/uruguay\/es\/blog\/2025\/07\/11\/modificaciones-tributarias-propuestas-para-el-comercio-fronterizo\/#article","isPartOf":{"@id":"https:\/\/www.ecovis.com\/uruguay\/es\/blog\/2025\/07\/11\/modificaciones-tributarias-propuestas-para-el-comercio-fronterizo\/"},"author":{"name":"fg_uruguay","@id":"https:\/\/www.ecovis.com\/uruguay\/es\/#\/schema\/person\/3534ca2ace82a2b5e11d9092650e0703"},"headline":"Modificaciones tributarias propuestas para el comercio fronterizo","datePublished":"2025-07-11T07:30:57+00:00","dateModified":"2025-07-18T07:31:36+00:00","mainEntityOfPage":{"@id":"https:\/\/www.ecovis.com\/uruguay\/es\/blog\/2025\/07\/11\/modificaciones-tributarias-propuestas-para-el-comercio-fronterizo\/"},"wordCount":164,"image":{"@id":"https:\/\/www.ecovis.com\/uruguay\/es\/blog\/2025\/07\/11\/modificaciones-tributarias-propuestas-para-el-comercio-fronterizo\/#primaryimage"},"thumbnailUrl":"https:\/\/www.ecovis.com\/uruguay\/es\/wp-content\/uploads\/sites\/3\/2025\/07\/NL318_modificaciones.webp","keywords":["Issue 318"],"articleSection":["Novedades"],"inLanguage":"es-UY"},{"@type":"WebPage","@id":"https:\/\/www.ecovis.com\/uruguay\/es\/blog\/2025\/07\/11\/modificaciones-tributarias-propuestas-para-el-comercio-fronterizo\/","url":"https:\/\/www.ecovis.com\/uruguay\/es\/blog\/2025\/07\/11\/modificaciones-tributarias-propuestas-para-el-comercio-fronterizo\/","name":"Modificaciones tributarias propuestas para el comercio fronterizo - Ecovis en Uruguay","isPartOf":{"@id":"https:\/\/www.ecovis.com\/uruguay\/es\/#website"},"primaryImageOfPage":{"@id":"https:\/\/www.ecovis.com\/uruguay\/es\/blog\/2025\/07\/11\/modificaciones-tributarias-propuestas-para-el-comercio-fronterizo\/#primaryimage"},"image":{"@id":"https:\/\/www.ecovis.com\/uruguay\/es\/blog\/2025\/07\/11\/modificaciones-tributarias-propuestas-para-el-comercio-fronterizo\/#primaryimage"},"thumbnailUrl":"https:\/\/www.ecovis.com\/uruguay\/es\/wp-content\/uploads\/sites\/3\/2025\/07\/NL318_modificaciones.webp","datePublished":"2025-07-11T07:30:57+00:00","dateModified":"2025-07-18T07:31:36+00:00","author":{"@id":"https:\/\/www.ecovis.com\/uruguay\/es\/#\/schema\/person\/3534ca2ace82a2b5e11d9092650e0703"},"breadcrumb":{"@id":"https:\/\/www.ecovis.com\/uruguay\/es\/blog\/2025\/07\/11\/modificaciones-tributarias-propuestas-para-el-comercio-fronterizo\/#breadcrumb"},"inLanguage":"es-UY","potentialAction":[{"@type":"ReadAction","target":["https:\/\/www.ecovis.com\/uruguay\/es\/blog\/2025\/07\/11\/modificaciones-tributarias-propuestas-para-el-comercio-fronterizo\/"]}]},{"@type":"ImageObject","inLanguage":"es-UY","@id":"https:\/\/www.ecovis.com\/uruguay\/es\/blog\/2025\/07\/11\/modificaciones-tributarias-propuestas-para-el-comercio-fronterizo\/#primaryimage","url":"https:\/\/www.ecovis.com\/uruguay\/es\/wp-content\/uploads\/sites\/3\/2025\/07\/NL318_modificaciones.webp","contentUrl":"https:\/\/www.ecovis.com\/uruguay\/es\/wp-content\/uploads\/sites\/3\/2025\/07\/NL318_modificaciones.webp","width":1280,"height":550,"caption":"\u00a9 dibert, Pexels"},{"@type":"BreadcrumbList","@id":"https:\/\/www.ecovis.com\/uruguay\/es\/blog\/2025\/07\/11\/modificaciones-tributarias-propuestas-para-el-comercio-fronterizo\/#breadcrumb","itemListElement":[{"@type":"ListItem","position":1,"name":"Ecovis Global","item":"https:\/\/www.ecovis.com\/"},{"@type":"ListItem","position":2,"name":"Inicio","item":"https:\/\/www.ecovis.com\/uruguay\/es\/"},{"@type":"ListItem","position":3,"name":"Modificaciones tributarias propuestas para el comercio fronterizo"}]},{"@type":"WebSite","@id":"https:\/\/www.ecovis.com\/uruguay\/es\/#website","url":"https:\/\/www.ecovis.com\/uruguay\/es\/","name":"Ecovis.com","description":"","potentialAction":[{"@type":"SearchAction","target":{"@type":"EntryPoint","urlTemplate":"https:\/\/www.ecovis.com\/uruguay\/es\/?s={search_term_string}"},"query-input":{"@type":"PropertyValueSpecification","valueRequired":true,"valueName":"search_term_string"}}],"inLanguage":"es-UY"},{"@type":"Person","@id":"https:\/\/www.ecovis.com\/uruguay\/es\/#\/schema\/person\/3534ca2ace82a2b5e11d9092650e0703","name":"fg_uruguay","image":{"@type":"ImageObject","inLanguage":"es-UY","@id":"https:\/\/secure.gravatar.com\/avatar\/d8f8cdb8dedf4903b4419a5b22f1a43436ad0387b7c6d10390caed756603f27f?s=96&d=mm&r=g","url":"https:\/\/secure.gravatar.com\/avatar\/d8f8cdb8dedf4903b4419a5b22f1a43436ad0387b7c6d10390caed756603f27f?s=96&d=mm&r=g","contentUrl":"https:\/\/secure.gravatar.com\/avatar\/d8f8cdb8dedf4903b4419a5b22f1a43436ad0387b7c6d10390caed756603f27f?s=96&d=mm&r=g","caption":"fg_uruguay"},"url":"https:\/\/www.ecovis.com\/uruguay\/es\/blog\/author\/fg_uruguay\/"}]}},"featured_image_url":"https:\/\/www.ecovis.com\/uruguay\/es\/wp-content\/uploads\/sites\/3\/2025\/07\/NL318_modificaciones-300x150.webp","featured_image_url_large":"https:\/\/www.ecovis.com\/uruguay\/es\/wp-content\/uploads\/sites\/3\/2025\/07\/NL318_modificaciones.webp","_links":{"self":[{"href":"https:\/\/www.ecovis.com\/uruguay\/es\/wp-json\/wp\/v2\/posts\/3496","targetHints":{"allow":["GET"]}}],"collection":[{"href":"https:\/\/www.ecovis.com\/uruguay\/es\/wp-json\/wp\/v2\/posts"}],"about":[{"href":"https:\/\/www.ecovis.com\/uruguay\/es\/wp-json\/wp\/v2\/types\/post"}],"author":[{"embeddable":true,"href":"https:\/\/www.ecovis.com\/uruguay\/es\/wp-json\/wp\/v2\/users\/15"}],"replies":[{"embeddable":true,"href":"https:\/\/www.ecovis.com\/uruguay\/es\/wp-json\/wp\/v2\/comments?post=3496"}],"version-history":[{"count":1,"href":"https:\/\/www.ecovis.com\/uruguay\/es\/wp-json\/wp\/v2\/posts\/3496\/revisions"}],"predecessor-version":[{"id":3498,"href":"https:\/\/www.ecovis.com\/uruguay\/es\/wp-json\/wp\/v2\/posts\/3496\/revisions\/3498"}],"wp:featuredmedia":[{"embeddable":true,"href":"https:\/\/www.ecovis.com\/uruguay\/es\/wp-json\/wp\/v2\/media\/3497"}],"wp:attachment":[{"href":"https:\/\/www.ecovis.com\/uruguay\/es\/wp-json\/wp\/v2\/media?parent=3496"}],"wp:term":[{"taxonomy":"category","embeddable":true,"href":"https:\/\/www.ecovis.com\/uruguay\/es\/wp-json\/wp\/v2\/categories?post=3496"},{"taxonomy":"post_tag","embeddable":true,"href":"https:\/\/www.ecovis.com\/uruguay\/es\/wp-json\/wp\/v2\/tags?post=3496"}],"curies":[{"name":"wp","href":"https:\/\/api.w.org\/{rel}","templated":true}]}}