{"id":3485,"date":"2025-07-04T16:58:05","date_gmt":"2025-07-04T14:58:05","guid":{"rendered":"https:\/\/www.ecovis.com\/uruguay\/es\/?p=3485"},"modified":"2025-07-04T16:58:05","modified_gmt":"2025-07-04T14:58:05","slug":"deducibilidad-del-iva-en-las-adquisiciones-de-alimentos-para-el-personal","status":"publish","type":"post","link":"https:\/\/www.ecovis.com\/uruguay\/es\/blog\/2025\/07\/04\/deducibilidad-del-iva-en-las-adquisiciones-de-alimentos-para-el-personal\/","title":{"rendered":"Deducibilidad del IVA en las adquisiciones de alimentos para el personal"},"content":{"rendered":"<p>A prop\u00f3sito de la consulta recientemente publicada por la DGI No. 6710 recordamos la postura que mantiene el fisco respecto a este tema, el que dependiendo como se brinde el beneficio al personal la empresa podr\u00e1 o no deducir el IVA incluido en las adquisiciones relativas al mismo en su liquidaci\u00f3n del IVA.<\/p>\n<p>Es as\u00ed que en la consulta mencionada, la empresa consultante otorga a sus empleados un beneficio que consiste en proporcionarles el almuerzo y\/o desayuno, a trav\u00e9s de un comedor ubicado en sus instalaciones. A dichos efectos, contrata proveedores locales que elaboran viandas y las entregan en la empresa, respaldadas por facturas emitidas a nombre de la consultante, con IVA incluido, cumpliendo con las condiciones generales de deducci\u00f3n del citado impuesto previstas en la normativa fiscal vigente.<\/p>\n<p>La empresa consulta sobre el tratamiento respecto del IVA incluido en dichas adquisiciones, si el mismo puede ser deducido de su liquidaci\u00f3n de IVA.<\/p>\n","protected":false},"excerpt":{"rendered":"<p>A prop\u00f3sito de la consulta recientemente publicada por la DGI No. 6710 recordamos la postura que mantiene el fisco respecto a este tema, el que dependiendo como se brinde el beneficio al personal la empresa podr\u00e1 o no deducir el IVA incluido en las adquisiciones relativas al mismo en su liquidaci\u00f3n del IVA. Es as\u00ed [&hellip;]<\/p>\n","protected":false},"author":15,"featured_media":3486,"comment_status":"closed","ping_status":"open","sticky":false,"template":"","format":"standard","meta":{"_acf_changed":false,"footnotes":""},"categories":[30],"tags":[103],"class_list":["post-3485","post","type-post","status-publish","format-standard","has-post-thumbnail","hentry","category-novedades","tag-issue-317"],"acf":[],"yoast_head":"<!-- This site is optimized with the Yoast SEO plugin v27.4 - https:\/\/yoast.com\/product\/yoast-seo-wordpress\/ -->\n<title>Deducibilidad del IVA en las adquisiciones de alimentos para el personal - Ecovis en Uruguay<\/title>\n<meta name=\"robots\" content=\"index, follow, max-snippet:-1, max-image-preview:large, max-video-preview:-1\" \/>\n<link rel=\"canonical\" href=\"https:\/\/www.ecovis.com\/uruguay\/es\/blog\/2025\/07\/04\/deducibilidad-del-iva-en-las-adquisiciones-de-alimentos-para-el-personal\/\" \/>\n<meta property=\"og:locale\" content=\"es_ES\" \/>\n<meta property=\"og:type\" content=\"article\" \/>\n<meta property=\"og:title\" content=\"Deducibilidad del IVA en las adquisiciones de alimentos para el personal - Ecovis en Uruguay\" \/>\n<meta property=\"og:description\" content=\"A prop\u00f3sito de la consulta recientemente publicada por la DGI No. 6710 recordamos la postura que mantiene el fisco respecto a este tema, el que dependiendo como se brinde el beneficio al personal la empresa podr\u00e1 o no deducir el IVA incluido en las adquisiciones relativas al mismo en su liquidaci\u00f3n del IVA. Es as\u00ed [&hellip;]\" \/>\n<meta property=\"og:url\" content=\"https:\/\/www.ecovis.com\/uruguay\/es\/blog\/2025\/07\/04\/deducibilidad-del-iva-en-las-adquisiciones-de-alimentos-para-el-personal\/\" \/>\n<meta property=\"og:site_name\" content=\"Ecovis en Uruguay\" \/>\n<meta property=\"article:published_time\" content=\"2025-07-04T14:58:05+00:00\" \/>\n<meta property=\"og:image\" content=\"https:\/\/www.ecovis.com\/uruguay\/es\/wp-content\/uploads\/sites\/3\/2025\/07\/NL317_deducibilidad.webp\" \/>\n\t<meta property=\"og:image:width\" content=\"1280\" \/>\n\t<meta property=\"og:image:height\" content=\"550\" \/>\n\t<meta property=\"og:image:type\" content=\"image\/webp\" \/>\n<meta name=\"author\" content=\"fg_uruguay\" \/>\n<meta name=\"twitter:card\" content=\"summary_large_image\" \/>\n<meta name=\"twitter:label1\" content=\"Written by\" \/>\n\t<meta name=\"twitter:data1\" content=\"fg_uruguay\" \/>\n\t<meta name=\"twitter:label2\" content=\"Est. reading time\" \/>\n\t<meta name=\"twitter:data2\" content=\"1 minuto\" \/>\n<script type=\"application\/ld+json\" class=\"yoast-schema-graph\">{\"@context\":\"https:\\\/\\\/schema.org\",\"@graph\":[{\"@type\":\"Article\",\"@id\":\"https:\\\/\\\/www.ecovis.com\\\/uruguay\\\/es\\\/blog\\\/2025\\\/07\\\/04\\\/deducibilidad-del-iva-en-las-adquisiciones-de-alimentos-para-el-personal\\\/#article\",\"isPartOf\":{\"@id\":\"https:\\\/\\\/www.ecovis.com\\\/uruguay\\\/es\\\/blog\\\/2025\\\/07\\\/04\\\/deducibilidad-del-iva-en-las-adquisiciones-de-alimentos-para-el-personal\\\/\"},\"author\":{\"name\":\"fg_uruguay\",\"@id\":\"https:\\\/\\\/www.ecovis.com\\\/uruguay\\\/es\\\/#\\\/schema\\\/person\\\/3534ca2ace82a2b5e11d9092650e0703\"},\"headline\":\"Deducibilidad del IVA en las adquisiciones de alimentos para el personal\",\"datePublished\":\"2025-07-04T14:58:05+00:00\",\"mainEntityOfPage\":{\"@id\":\"https:\\\/\\\/www.ecovis.com\\\/uruguay\\\/es\\\/blog\\\/2025\\\/07\\\/04\\\/deducibilidad-del-iva-en-las-adquisiciones-de-alimentos-para-el-personal\\\/\"},\"wordCount\":169,\"image\":{\"@id\":\"https:\\\/\\\/www.ecovis.com\\\/uruguay\\\/es\\\/blog\\\/2025\\\/07\\\/04\\\/deducibilidad-del-iva-en-las-adquisiciones-de-alimentos-para-el-personal\\\/#primaryimage\"},\"thumbnailUrl\":\"https:\\\/\\\/www.ecovis.com\\\/uruguay\\\/es\\\/wp-content\\\/uploads\\\/sites\\\/3\\\/2025\\\/07\\\/NL317_deducibilidad.webp\",\"keywords\":[\"Issue 317\"],\"articleSection\":[\"Novedades\"],\"inLanguage\":\"es-UY\"},{\"@type\":\"WebPage\",\"@id\":\"https:\\\/\\\/www.ecovis.com\\\/uruguay\\\/es\\\/blog\\\/2025\\\/07\\\/04\\\/deducibilidad-del-iva-en-las-adquisiciones-de-alimentos-para-el-personal\\\/\",\"url\":\"https:\\\/\\\/www.ecovis.com\\\/uruguay\\\/es\\\/blog\\\/2025\\\/07\\\/04\\\/deducibilidad-del-iva-en-las-adquisiciones-de-alimentos-para-el-personal\\\/\",\"name\":\"Deducibilidad del IVA en las adquisiciones de alimentos para el personal - Ecovis en Uruguay\",\"isPartOf\":{\"@id\":\"https:\\\/\\\/www.ecovis.com\\\/uruguay\\\/es\\\/#website\"},\"primaryImageOfPage\":{\"@id\":\"https:\\\/\\\/www.ecovis.com\\\/uruguay\\\/es\\\/blog\\\/2025\\\/07\\\/04\\\/deducibilidad-del-iva-en-las-adquisiciones-de-alimentos-para-el-personal\\\/#primaryimage\"},\"image\":{\"@id\":\"https:\\\/\\\/www.ecovis.com\\\/uruguay\\\/es\\\/blog\\\/2025\\\/07\\\/04\\\/deducibilidad-del-iva-en-las-adquisiciones-de-alimentos-para-el-personal\\\/#primaryimage\"},\"thumbnailUrl\":\"https:\\\/\\\/www.ecovis.com\\\/uruguay\\\/es\\\/wp-content\\\/uploads\\\/sites\\\/3\\\/2025\\\/07\\\/NL317_deducibilidad.webp\",\"datePublished\":\"2025-07-04T14:58:05+00:00\",\"author\":{\"@id\":\"https:\\\/\\\/www.ecovis.com\\\/uruguay\\\/es\\\/#\\\/schema\\\/person\\\/3534ca2ace82a2b5e11d9092650e0703\"},\"breadcrumb\":{\"@id\":\"https:\\\/\\\/www.ecovis.com\\\/uruguay\\\/es\\\/blog\\\/2025\\\/07\\\/04\\\/deducibilidad-del-iva-en-las-adquisiciones-de-alimentos-para-el-personal\\\/#breadcrumb\"},\"inLanguage\":\"es-UY\",\"potentialAction\":[{\"@type\":\"ReadAction\",\"target\":[\"https:\\\/\\\/www.ecovis.com\\\/uruguay\\\/es\\\/blog\\\/2025\\\/07\\\/04\\\/deducibilidad-del-iva-en-las-adquisiciones-de-alimentos-para-el-personal\\\/\"]}]},{\"@type\":\"ImageObject\",\"inLanguage\":\"es-UY\",\"@id\":\"https:\\\/\\\/www.ecovis.com\\\/uruguay\\\/es\\\/blog\\\/2025\\\/07\\\/04\\\/deducibilidad-del-iva-en-las-adquisiciones-de-alimentos-para-el-personal\\\/#primaryimage\",\"url\":\"https:\\\/\\\/www.ecovis.com\\\/uruguay\\\/es\\\/wp-content\\\/uploads\\\/sites\\\/3\\\/2025\\\/07\\\/NL317_deducibilidad.webp\",\"contentUrl\":\"https:\\\/\\\/www.ecovis.com\\\/uruguay\\\/es\\\/wp-content\\\/uploads\\\/sites\\\/3\\\/2025\\\/07\\\/NL317_deducibilidad.webp\",\"width\":1280,\"height\":550,\"caption\":\"\u00a9 fauxels, Pexels\"},{\"@type\":\"BreadcrumbList\",\"@id\":\"https:\\\/\\\/www.ecovis.com\\\/uruguay\\\/es\\\/blog\\\/2025\\\/07\\\/04\\\/deducibilidad-del-iva-en-las-adquisiciones-de-alimentos-para-el-personal\\\/#breadcrumb\",\"itemListElement\":[{\"@type\":\"ListItem\",\"position\":1,\"name\":\"Ecovis Global\",\"item\":\"https:\\\/\\\/www.ecovis.com\\\/\"},{\"@type\":\"ListItem\",\"position\":2,\"name\":\"Inicio\",\"item\":\"https:\\\/\\\/www.ecovis.com\\\/uruguay\\\/es\\\/\"},{\"@type\":\"ListItem\",\"position\":3,\"name\":\"Deducibilidad del IVA en las adquisiciones de alimentos para el personal\"}]},{\"@type\":\"WebSite\",\"@id\":\"https:\\\/\\\/www.ecovis.com\\\/uruguay\\\/es\\\/#website\",\"url\":\"https:\\\/\\\/www.ecovis.com\\\/uruguay\\\/es\\\/\",\"name\":\"Ecovis.com\",\"description\":\"\",\"potentialAction\":[{\"@type\":\"SearchAction\",\"target\":{\"@type\":\"EntryPoint\",\"urlTemplate\":\"https:\\\/\\\/www.ecovis.com\\\/uruguay\\\/es\\\/?s={search_term_string}\"},\"query-input\":{\"@type\":\"PropertyValueSpecification\",\"valueRequired\":true,\"valueName\":\"search_term_string\"}}],\"inLanguage\":\"es-UY\"},{\"@type\":\"Person\",\"@id\":\"https:\\\/\\\/www.ecovis.com\\\/uruguay\\\/es\\\/#\\\/schema\\\/person\\\/3534ca2ace82a2b5e11d9092650e0703\",\"name\":\"fg_uruguay\",\"image\":{\"@type\":\"ImageObject\",\"inLanguage\":\"es-UY\",\"@id\":\"https:\\\/\\\/secure.gravatar.com\\\/avatar\\\/d8f8cdb8dedf4903b4419a5b22f1a43436ad0387b7c6d10390caed756603f27f?s=96&d=mm&r=g\",\"url\":\"https:\\\/\\\/secure.gravatar.com\\\/avatar\\\/d8f8cdb8dedf4903b4419a5b22f1a43436ad0387b7c6d10390caed756603f27f?s=96&d=mm&r=g\",\"contentUrl\":\"https:\\\/\\\/secure.gravatar.com\\\/avatar\\\/d8f8cdb8dedf4903b4419a5b22f1a43436ad0387b7c6d10390caed756603f27f?s=96&d=mm&r=g\",\"caption\":\"fg_uruguay\"},\"url\":\"https:\\\/\\\/www.ecovis.com\\\/uruguay\\\/es\\\/blog\\\/author\\\/fg_uruguay\\\/\"}]}<\/script>\n<!-- \/ Yoast SEO plugin. -->","yoast_head_json":{"title":"Deducibilidad del IVA en las adquisiciones de alimentos para el personal - Ecovis en Uruguay","robots":{"index":"index","follow":"follow","max-snippet":"max-snippet:-1","max-image-preview":"max-image-preview:large","max-video-preview":"max-video-preview:-1"},"canonical":"https:\/\/www.ecovis.com\/uruguay\/es\/blog\/2025\/07\/04\/deducibilidad-del-iva-en-las-adquisiciones-de-alimentos-para-el-personal\/","og_locale":"es_ES","og_type":"article","og_title":"Deducibilidad del IVA en las adquisiciones de alimentos para el personal - Ecovis en Uruguay","og_description":"A prop\u00f3sito de la consulta recientemente publicada por la DGI No. 6710 recordamos la postura que mantiene el fisco respecto a este tema, el que dependiendo como se brinde el beneficio al personal la empresa podr\u00e1 o no deducir el IVA incluido en las adquisiciones relativas al mismo en su liquidaci\u00f3n del IVA. Es as\u00ed [&hellip;]","og_url":"https:\/\/www.ecovis.com\/uruguay\/es\/blog\/2025\/07\/04\/deducibilidad-del-iva-en-las-adquisiciones-de-alimentos-para-el-personal\/","og_site_name":"Ecovis en Uruguay","article_published_time":"2025-07-04T14:58:05+00:00","og_image":[{"width":1280,"height":550,"url":"https:\/\/www.ecovis.com\/uruguay\/es\/wp-content\/uploads\/sites\/3\/2025\/07\/NL317_deducibilidad.webp","type":"image\/webp"}],"author":"fg_uruguay","twitter_card":"summary_large_image","twitter_misc":{"Written by":"fg_uruguay","Est. reading time":"1 minuto"},"schema":{"@context":"https:\/\/schema.org","@graph":[{"@type":"Article","@id":"https:\/\/www.ecovis.com\/uruguay\/es\/blog\/2025\/07\/04\/deducibilidad-del-iva-en-las-adquisiciones-de-alimentos-para-el-personal\/#article","isPartOf":{"@id":"https:\/\/www.ecovis.com\/uruguay\/es\/blog\/2025\/07\/04\/deducibilidad-del-iva-en-las-adquisiciones-de-alimentos-para-el-personal\/"},"author":{"name":"fg_uruguay","@id":"https:\/\/www.ecovis.com\/uruguay\/es\/#\/schema\/person\/3534ca2ace82a2b5e11d9092650e0703"},"headline":"Deducibilidad del IVA en las adquisiciones de alimentos para el personal","datePublished":"2025-07-04T14:58:05+00:00","mainEntityOfPage":{"@id":"https:\/\/www.ecovis.com\/uruguay\/es\/blog\/2025\/07\/04\/deducibilidad-del-iva-en-las-adquisiciones-de-alimentos-para-el-personal\/"},"wordCount":169,"image":{"@id":"https:\/\/www.ecovis.com\/uruguay\/es\/blog\/2025\/07\/04\/deducibilidad-del-iva-en-las-adquisiciones-de-alimentos-para-el-personal\/#primaryimage"},"thumbnailUrl":"https:\/\/www.ecovis.com\/uruguay\/es\/wp-content\/uploads\/sites\/3\/2025\/07\/NL317_deducibilidad.webp","keywords":["Issue 317"],"articleSection":["Novedades"],"inLanguage":"es-UY"},{"@type":"WebPage","@id":"https:\/\/www.ecovis.com\/uruguay\/es\/blog\/2025\/07\/04\/deducibilidad-del-iva-en-las-adquisiciones-de-alimentos-para-el-personal\/","url":"https:\/\/www.ecovis.com\/uruguay\/es\/blog\/2025\/07\/04\/deducibilidad-del-iva-en-las-adquisiciones-de-alimentos-para-el-personal\/","name":"Deducibilidad del IVA en las adquisiciones de alimentos para el personal - Ecovis en Uruguay","isPartOf":{"@id":"https:\/\/www.ecovis.com\/uruguay\/es\/#website"},"primaryImageOfPage":{"@id":"https:\/\/www.ecovis.com\/uruguay\/es\/blog\/2025\/07\/04\/deducibilidad-del-iva-en-las-adquisiciones-de-alimentos-para-el-personal\/#primaryimage"},"image":{"@id":"https:\/\/www.ecovis.com\/uruguay\/es\/blog\/2025\/07\/04\/deducibilidad-del-iva-en-las-adquisiciones-de-alimentos-para-el-personal\/#primaryimage"},"thumbnailUrl":"https:\/\/www.ecovis.com\/uruguay\/es\/wp-content\/uploads\/sites\/3\/2025\/07\/NL317_deducibilidad.webp","datePublished":"2025-07-04T14:58:05+00:00","author":{"@id":"https:\/\/www.ecovis.com\/uruguay\/es\/#\/schema\/person\/3534ca2ace82a2b5e11d9092650e0703"},"breadcrumb":{"@id":"https:\/\/www.ecovis.com\/uruguay\/es\/blog\/2025\/07\/04\/deducibilidad-del-iva-en-las-adquisiciones-de-alimentos-para-el-personal\/#breadcrumb"},"inLanguage":"es-UY","potentialAction":[{"@type":"ReadAction","target":["https:\/\/www.ecovis.com\/uruguay\/es\/blog\/2025\/07\/04\/deducibilidad-del-iva-en-las-adquisiciones-de-alimentos-para-el-personal\/"]}]},{"@type":"ImageObject","inLanguage":"es-UY","@id":"https:\/\/www.ecovis.com\/uruguay\/es\/blog\/2025\/07\/04\/deducibilidad-del-iva-en-las-adquisiciones-de-alimentos-para-el-personal\/#primaryimage","url":"https:\/\/www.ecovis.com\/uruguay\/es\/wp-content\/uploads\/sites\/3\/2025\/07\/NL317_deducibilidad.webp","contentUrl":"https:\/\/www.ecovis.com\/uruguay\/es\/wp-content\/uploads\/sites\/3\/2025\/07\/NL317_deducibilidad.webp","width":1280,"height":550,"caption":"\u00a9 fauxels, Pexels"},{"@type":"BreadcrumbList","@id":"https:\/\/www.ecovis.com\/uruguay\/es\/blog\/2025\/07\/04\/deducibilidad-del-iva-en-las-adquisiciones-de-alimentos-para-el-personal\/#breadcrumb","itemListElement":[{"@type":"ListItem","position":1,"name":"Ecovis Global","item":"https:\/\/www.ecovis.com\/"},{"@type":"ListItem","position":2,"name":"Inicio","item":"https:\/\/www.ecovis.com\/uruguay\/es\/"},{"@type":"ListItem","position":3,"name":"Deducibilidad del IVA en las adquisiciones de alimentos para el personal"}]},{"@type":"WebSite","@id":"https:\/\/www.ecovis.com\/uruguay\/es\/#website","url":"https:\/\/www.ecovis.com\/uruguay\/es\/","name":"Ecovis.com","description":"","potentialAction":[{"@type":"SearchAction","target":{"@type":"EntryPoint","urlTemplate":"https:\/\/www.ecovis.com\/uruguay\/es\/?s={search_term_string}"},"query-input":{"@type":"PropertyValueSpecification","valueRequired":true,"valueName":"search_term_string"}}],"inLanguage":"es-UY"},{"@type":"Person","@id":"https:\/\/www.ecovis.com\/uruguay\/es\/#\/schema\/person\/3534ca2ace82a2b5e11d9092650e0703","name":"fg_uruguay","image":{"@type":"ImageObject","inLanguage":"es-UY","@id":"https:\/\/secure.gravatar.com\/avatar\/d8f8cdb8dedf4903b4419a5b22f1a43436ad0387b7c6d10390caed756603f27f?s=96&d=mm&r=g","url":"https:\/\/secure.gravatar.com\/avatar\/d8f8cdb8dedf4903b4419a5b22f1a43436ad0387b7c6d10390caed756603f27f?s=96&d=mm&r=g","contentUrl":"https:\/\/secure.gravatar.com\/avatar\/d8f8cdb8dedf4903b4419a5b22f1a43436ad0387b7c6d10390caed756603f27f?s=96&d=mm&r=g","caption":"fg_uruguay"},"url":"https:\/\/www.ecovis.com\/uruguay\/es\/blog\/author\/fg_uruguay\/"}]}},"featured_image_url":"https:\/\/www.ecovis.com\/uruguay\/es\/wp-content\/uploads\/sites\/3\/2025\/07\/NL317_deducibilidad-300x150.webp","featured_image_url_large":"https:\/\/www.ecovis.com\/uruguay\/es\/wp-content\/uploads\/sites\/3\/2025\/07\/NL317_deducibilidad.webp","_links":{"self":[{"href":"https:\/\/www.ecovis.com\/uruguay\/es\/wp-json\/wp\/v2\/posts\/3485","targetHints":{"allow":["GET"]}}],"collection":[{"href":"https:\/\/www.ecovis.com\/uruguay\/es\/wp-json\/wp\/v2\/posts"}],"about":[{"href":"https:\/\/www.ecovis.com\/uruguay\/es\/wp-json\/wp\/v2\/types\/post"}],"author":[{"embeddable":true,"href":"https:\/\/www.ecovis.com\/uruguay\/es\/wp-json\/wp\/v2\/users\/15"}],"replies":[{"embeddable":true,"href":"https:\/\/www.ecovis.com\/uruguay\/es\/wp-json\/wp\/v2\/comments?post=3485"}],"version-history":[{"count":2,"href":"https:\/\/www.ecovis.com\/uruguay\/es\/wp-json\/wp\/v2\/posts\/3485\/revisions"}],"predecessor-version":[{"id":3488,"href":"https:\/\/www.ecovis.com\/uruguay\/es\/wp-json\/wp\/v2\/posts\/3485\/revisions\/3488"}],"wp:featuredmedia":[{"embeddable":true,"href":"https:\/\/www.ecovis.com\/uruguay\/es\/wp-json\/wp\/v2\/media\/3486"}],"wp:attachment":[{"href":"https:\/\/www.ecovis.com\/uruguay\/es\/wp-json\/wp\/v2\/media?parent=3485"}],"wp:term":[{"taxonomy":"category","embeddable":true,"href":"https:\/\/www.ecovis.com\/uruguay\/es\/wp-json\/wp\/v2\/categories?post=3485"},{"taxonomy":"post_tag","embeddable":true,"href":"https:\/\/www.ecovis.com\/uruguay\/es\/wp-json\/wp\/v2\/tags?post=3485"}],"curies":[{"name":"wp","href":"https:\/\/api.w.org\/{rel}","templated":true}]}}