{"id":3458,"date":"2025-05-14T11:28:07","date_gmt":"2025-05-14T09:28:07","guid":{"rendered":"https:\/\/www.ecovis.com\/uruguay\/es\/?p=3458"},"modified":"2025-05-14T11:32:20","modified_gmt":"2025-05-14T09:32:20","slug":"indice-medio-del-incremento-de-los-precios-de-venta-de-los-inmuebles-rurales-imipvir-2","status":"publish","type":"post","link":"https:\/\/www.ecovis.com\/uruguay\/es\/blog\/2025\/05\/14\/indice-medio-del-incremento-de-los-precios-de-venta-de-los-inmuebles-rurales-imipvir-2\/","title":{"rendered":"\u00cdndice Medio del Incremento de los Precios de Venta de los Inmuebles Rurales (IMIPVIR)"},"content":{"rendered":"<p>A trav\u00e9s del Decreto No. 100\/025 del 29 de abril pasado se determina para marzo 2025 en 6.45 el\u00a0 valor del \u00cdndice Medio de Incremento de los Precios de Venta de los Inmuebles Rurales a los efectos de poder aplicar la forma opcional de liquidaci\u00f3n del IRAE, del IRPF e IRNR establecida para las enajenaciones de inmuebles afectados a actividades agropecuarias.<\/p>\n<p>La liquidaci\u00f3n de los Impuestos a las Rentas de las Actividades Econ\u00f3micas (IRAE), de las Personas\u00a0 F\u00edsicas (IRPF) y de los No Residentes (IRNR) correspondientes a enajenaciones acaecidas entre el 1\u00ba de abril de 2025 y la fecha de publicaci\u00f3n de este decreto (hecho que a\u00fan no aconteci\u00f3), podr\u00e1 efectuarse aplicando el valor del \u00cdndice Medio del Incremento de los Precios de Venta de los Inmuebles Rurales (IMIPVIR) del 30 de setiembre de 2024 o el establecido en el p\u00e1rrafo anterior.<\/p>\n","protected":false},"excerpt":{"rendered":"<p>A trav\u00e9s del Decreto No. 100\/025 del 29 de abril pasado se determina para marzo 2025 en 6.45 el\u00a0 valor del \u00cdndice Medio de Incremento de los Precios de Venta de los Inmuebles Rurales a los efectos de poder aplicar la forma opcional de liquidaci\u00f3n del IRAE, del IRPF e IRNR establecida para las enajenaciones [&hellip;]<\/p>\n","protected":false},"author":15,"featured_media":3459,"comment_status":"closed","ping_status":"open","sticky":false,"template":"","format":"standard","meta":{"_acf_changed":false,"footnotes":""},"categories":[30],"tags":[100],"class_list":["post-3458","post","type-post","status-publish","format-standard","has-post-thumbnail","hentry","category-novedades","tag-issue-314"],"acf":[],"yoast_head":"<!-- This site is optimized with the Yoast SEO plugin v27.4 - https:\/\/yoast.com\/product\/yoast-seo-wordpress\/ -->\n<title>\u00cdndice Medio del Incremento de los Precios de Venta de los Inmuebles Rurales (IMIPVIR) - Ecovis en Uruguay<\/title>\n<meta name=\"robots\" content=\"index, follow, max-snippet:-1, max-image-preview:large, max-video-preview:-1\" \/>\n<link rel=\"canonical\" href=\"https:\/\/www.ecovis.com\/uruguay\/es\/blog\/2025\/05\/14\/indice-medio-del-incremento-de-los-precios-de-venta-de-los-inmuebles-rurales-imipvir-2\/\" \/>\n<meta property=\"og:locale\" content=\"es_ES\" \/>\n<meta property=\"og:type\" content=\"article\" \/>\n<meta property=\"og:title\" content=\"\u00cdndice Medio del Incremento de los Precios de Venta de los Inmuebles Rurales (IMIPVIR) - Ecovis en Uruguay\" \/>\n<meta property=\"og:description\" content=\"A trav\u00e9s del Decreto No. 100\/025 del 29 de abril pasado se determina para marzo 2025 en 6.45 el\u00a0 valor del \u00cdndice Medio de Incremento de los Precios de Venta de los Inmuebles Rurales a los efectos de poder aplicar la forma opcional de liquidaci\u00f3n del IRAE, del IRPF e IRNR establecida para las enajenaciones [&hellip;]\" \/>\n<meta property=\"og:url\" content=\"https:\/\/www.ecovis.com\/uruguay\/es\/blog\/2025\/05\/14\/indice-medio-del-incremento-de-los-precios-de-venta-de-los-inmuebles-rurales-imipvir-2\/\" \/>\n<meta property=\"og:site_name\" content=\"Ecovis en Uruguay\" \/>\n<meta property=\"article:published_time\" content=\"2025-05-14T09:28:07+00:00\" \/>\n<meta property=\"article:modified_time\" content=\"2025-05-14T09:32:20+00:00\" \/>\n<meta property=\"og:image\" content=\"https:\/\/www.ecovis.com\/uruguay\/es\/wp-content\/uploads\/sites\/3\/2025\/05\/NL314_indice-medio.jpg\" \/>\n\t<meta property=\"og:image:width\" content=\"1280\" \/>\n\t<meta property=\"og:image:height\" content=\"550\" \/>\n\t<meta property=\"og:image:type\" content=\"image\/jpeg\" \/>\n<meta name=\"author\" content=\"fg_uruguay\" \/>\n<meta name=\"twitter:card\" content=\"summary_large_image\" \/>\n<meta name=\"twitter:label1\" content=\"Written by\" \/>\n\t<meta name=\"twitter:data1\" content=\"fg_uruguay\" \/>\n\t<meta name=\"twitter:label2\" content=\"Est. reading time\" \/>\n\t<meta name=\"twitter:data2\" content=\"1 minuto\" \/>\n<script type=\"application\/ld+json\" class=\"yoast-schema-graph\">{\"@context\":\"https:\\\/\\\/schema.org\",\"@graph\":[{\"@type\":\"Article\",\"@id\":\"https:\\\/\\\/www.ecovis.com\\\/uruguay\\\/es\\\/blog\\\/2025\\\/05\\\/14\\\/indice-medio-del-incremento-de-los-precios-de-venta-de-los-inmuebles-rurales-imipvir-2\\\/#article\",\"isPartOf\":{\"@id\":\"https:\\\/\\\/www.ecovis.com\\\/uruguay\\\/es\\\/blog\\\/2025\\\/05\\\/14\\\/indice-medio-del-incremento-de-los-precios-de-venta-de-los-inmuebles-rurales-imipvir-2\\\/\"},\"author\":{\"name\":\"fg_uruguay\",\"@id\":\"https:\\\/\\\/www.ecovis.com\\\/uruguay\\\/es\\\/#\\\/schema\\\/person\\\/3534ca2ace82a2b5e11d9092650e0703\"},\"headline\":\"\u00cdndice Medio del Incremento de los Precios de Venta de los Inmuebles Rurales (IMIPVIR)\",\"datePublished\":\"2025-05-14T09:28:07+00:00\",\"dateModified\":\"2025-05-14T09:32:20+00:00\",\"mainEntityOfPage\":{\"@id\":\"https:\\\/\\\/www.ecovis.com\\\/uruguay\\\/es\\\/blog\\\/2025\\\/05\\\/14\\\/indice-medio-del-incremento-de-los-precios-de-venta-de-los-inmuebles-rurales-imipvir-2\\\/\"},\"wordCount\":156,\"image\":{\"@id\":\"https:\\\/\\\/www.ecovis.com\\\/uruguay\\\/es\\\/blog\\\/2025\\\/05\\\/14\\\/indice-medio-del-incremento-de-los-precios-de-venta-de-los-inmuebles-rurales-imipvir-2\\\/#primaryimage\"},\"thumbnailUrl\":\"https:\\\/\\\/www.ecovis.com\\\/uruguay\\\/es\\\/wp-content\\\/uploads\\\/sites\\\/3\\\/2025\\\/05\\\/NL314_indice-medio.jpg\",\"keywords\":[\"Issue 314\"],\"articleSection\":[\"Novedades\"],\"inLanguage\":\"es-UY\"},{\"@type\":\"WebPage\",\"@id\":\"https:\\\/\\\/www.ecovis.com\\\/uruguay\\\/es\\\/blog\\\/2025\\\/05\\\/14\\\/indice-medio-del-incremento-de-los-precios-de-venta-de-los-inmuebles-rurales-imipvir-2\\\/\",\"url\":\"https:\\\/\\\/www.ecovis.com\\\/uruguay\\\/es\\\/blog\\\/2025\\\/05\\\/14\\\/indice-medio-del-incremento-de-los-precios-de-venta-de-los-inmuebles-rurales-imipvir-2\\\/\",\"name\":\"\u00cdndice Medio del Incremento de los Precios de Venta de los Inmuebles Rurales (IMIPVIR) - Ecovis en Uruguay\",\"isPartOf\":{\"@id\":\"https:\\\/\\\/www.ecovis.com\\\/uruguay\\\/es\\\/#website\"},\"primaryImageOfPage\":{\"@id\":\"https:\\\/\\\/www.ecovis.com\\\/uruguay\\\/es\\\/blog\\\/2025\\\/05\\\/14\\\/indice-medio-del-incremento-de-los-precios-de-venta-de-los-inmuebles-rurales-imipvir-2\\\/#primaryimage\"},\"image\":{\"@id\":\"https:\\\/\\\/www.ecovis.com\\\/uruguay\\\/es\\\/blog\\\/2025\\\/05\\\/14\\\/indice-medio-del-incremento-de-los-precios-de-venta-de-los-inmuebles-rurales-imipvir-2\\\/#primaryimage\"},\"thumbnailUrl\":\"https:\\\/\\\/www.ecovis.com\\\/uruguay\\\/es\\\/wp-content\\\/uploads\\\/sites\\\/3\\\/2025\\\/05\\\/NL314_indice-medio.jpg\",\"datePublished\":\"2025-05-14T09:28:07+00:00\",\"dateModified\":\"2025-05-14T09:32:20+00:00\",\"author\":{\"@id\":\"https:\\\/\\\/www.ecovis.com\\\/uruguay\\\/es\\\/#\\\/schema\\\/person\\\/3534ca2ace82a2b5e11d9092650e0703\"},\"breadcrumb\":{\"@id\":\"https:\\\/\\\/www.ecovis.com\\\/uruguay\\\/es\\\/blog\\\/2025\\\/05\\\/14\\\/indice-medio-del-incremento-de-los-precios-de-venta-de-los-inmuebles-rurales-imipvir-2\\\/#breadcrumb\"},\"inLanguage\":\"es-UY\",\"potentialAction\":[{\"@type\":\"ReadAction\",\"target\":[\"https:\\\/\\\/www.ecovis.com\\\/uruguay\\\/es\\\/blog\\\/2025\\\/05\\\/14\\\/indice-medio-del-incremento-de-los-precios-de-venta-de-los-inmuebles-rurales-imipvir-2\\\/\"]}]},{\"@type\":\"ImageObject\",\"inLanguage\":\"es-UY\",\"@id\":\"https:\\\/\\\/www.ecovis.com\\\/uruguay\\\/es\\\/blog\\\/2025\\\/05\\\/14\\\/indice-medio-del-incremento-de-los-precios-de-venta-de-los-inmuebles-rurales-imipvir-2\\\/#primaryimage\",\"url\":\"https:\\\/\\\/www.ecovis.com\\\/uruguay\\\/es\\\/wp-content\\\/uploads\\\/sites\\\/3\\\/2025\\\/05\\\/NL314_indice-medio.jpg\",\"contentUrl\":\"https:\\\/\\\/www.ecovis.com\\\/uruguay\\\/es\\\/wp-content\\\/uploads\\\/sites\\\/3\\\/2025\\\/05\\\/NL314_indice-medio.jpg\",\"width\":1280,\"height\":550,\"caption\":\"\u00a9 cottonbro, Pexels\"},{\"@type\":\"BreadcrumbList\",\"@id\":\"https:\\\/\\\/www.ecovis.com\\\/uruguay\\\/es\\\/blog\\\/2025\\\/05\\\/14\\\/indice-medio-del-incremento-de-los-precios-de-venta-de-los-inmuebles-rurales-imipvir-2\\\/#breadcrumb\",\"itemListElement\":[{\"@type\":\"ListItem\",\"position\":1,\"name\":\"Ecovis Global\",\"item\":\"https:\\\/\\\/www.ecovis.com\\\/\"},{\"@type\":\"ListItem\",\"position\":2,\"name\":\"Inicio\",\"item\":\"https:\\\/\\\/www.ecovis.com\\\/uruguay\\\/es\\\/\"},{\"@type\":\"ListItem\",\"position\":3,\"name\":\"\u00cdndice Medio del Incremento de los Precios de Venta de los Inmuebles Rurales (IMIPVIR)\"}]},{\"@type\":\"WebSite\",\"@id\":\"https:\\\/\\\/www.ecovis.com\\\/uruguay\\\/es\\\/#website\",\"url\":\"https:\\\/\\\/www.ecovis.com\\\/uruguay\\\/es\\\/\",\"name\":\"Ecovis.com\",\"description\":\"\",\"potentialAction\":[{\"@type\":\"SearchAction\",\"target\":{\"@type\":\"EntryPoint\",\"urlTemplate\":\"https:\\\/\\\/www.ecovis.com\\\/uruguay\\\/es\\\/?s={search_term_string}\"},\"query-input\":{\"@type\":\"PropertyValueSpecification\",\"valueRequired\":true,\"valueName\":\"search_term_string\"}}],\"inLanguage\":\"es-UY\"},{\"@type\":\"Person\",\"@id\":\"https:\\\/\\\/www.ecovis.com\\\/uruguay\\\/es\\\/#\\\/schema\\\/person\\\/3534ca2ace82a2b5e11d9092650e0703\",\"name\":\"fg_uruguay\",\"image\":{\"@type\":\"ImageObject\",\"inLanguage\":\"es-UY\",\"@id\":\"https:\\\/\\\/secure.gravatar.com\\\/avatar\\\/d8f8cdb8dedf4903b4419a5b22f1a43436ad0387b7c6d10390caed756603f27f?s=96&d=mm&r=g\",\"url\":\"https:\\\/\\\/secure.gravatar.com\\\/avatar\\\/d8f8cdb8dedf4903b4419a5b22f1a43436ad0387b7c6d10390caed756603f27f?s=96&d=mm&r=g\",\"contentUrl\":\"https:\\\/\\\/secure.gravatar.com\\\/avatar\\\/d8f8cdb8dedf4903b4419a5b22f1a43436ad0387b7c6d10390caed756603f27f?s=96&d=mm&r=g\",\"caption\":\"fg_uruguay\"},\"url\":\"https:\\\/\\\/www.ecovis.com\\\/uruguay\\\/es\\\/blog\\\/author\\\/fg_uruguay\\\/\"}]}<\/script>\n<!-- \/ Yoast SEO plugin. -->","yoast_head_json":{"title":"\u00cdndice Medio del Incremento de los Precios de Venta de los Inmuebles Rurales (IMIPVIR) - Ecovis en Uruguay","robots":{"index":"index","follow":"follow","max-snippet":"max-snippet:-1","max-image-preview":"max-image-preview:large","max-video-preview":"max-video-preview:-1"},"canonical":"https:\/\/www.ecovis.com\/uruguay\/es\/blog\/2025\/05\/14\/indice-medio-del-incremento-de-los-precios-de-venta-de-los-inmuebles-rurales-imipvir-2\/","og_locale":"es_ES","og_type":"article","og_title":"\u00cdndice Medio del Incremento de los Precios de Venta de los Inmuebles Rurales (IMIPVIR) - Ecovis en Uruguay","og_description":"A trav\u00e9s del Decreto No. 100\/025 del 29 de abril pasado se determina para marzo 2025 en 6.45 el\u00a0 valor del \u00cdndice Medio de Incremento de los Precios de Venta de los Inmuebles Rurales a los efectos de poder aplicar la forma opcional de liquidaci\u00f3n del IRAE, del IRPF e IRNR establecida para las enajenaciones [&hellip;]","og_url":"https:\/\/www.ecovis.com\/uruguay\/es\/blog\/2025\/05\/14\/indice-medio-del-incremento-de-los-precios-de-venta-de-los-inmuebles-rurales-imipvir-2\/","og_site_name":"Ecovis en Uruguay","article_published_time":"2025-05-14T09:28:07+00:00","article_modified_time":"2025-05-14T09:32:20+00:00","og_image":[{"width":1280,"height":550,"url":"https:\/\/www.ecovis.com\/uruguay\/es\/wp-content\/uploads\/sites\/3\/2025\/05\/NL314_indice-medio.jpg","type":"image\/jpeg"}],"author":"fg_uruguay","twitter_card":"summary_large_image","twitter_misc":{"Written by":"fg_uruguay","Est. reading time":"1 minuto"},"schema":{"@context":"https:\/\/schema.org","@graph":[{"@type":"Article","@id":"https:\/\/www.ecovis.com\/uruguay\/es\/blog\/2025\/05\/14\/indice-medio-del-incremento-de-los-precios-de-venta-de-los-inmuebles-rurales-imipvir-2\/#article","isPartOf":{"@id":"https:\/\/www.ecovis.com\/uruguay\/es\/blog\/2025\/05\/14\/indice-medio-del-incremento-de-los-precios-de-venta-de-los-inmuebles-rurales-imipvir-2\/"},"author":{"name":"fg_uruguay","@id":"https:\/\/www.ecovis.com\/uruguay\/es\/#\/schema\/person\/3534ca2ace82a2b5e11d9092650e0703"},"headline":"\u00cdndice Medio del Incremento de los Precios de Venta de los Inmuebles Rurales (IMIPVIR)","datePublished":"2025-05-14T09:28:07+00:00","dateModified":"2025-05-14T09:32:20+00:00","mainEntityOfPage":{"@id":"https:\/\/www.ecovis.com\/uruguay\/es\/blog\/2025\/05\/14\/indice-medio-del-incremento-de-los-precios-de-venta-de-los-inmuebles-rurales-imipvir-2\/"},"wordCount":156,"image":{"@id":"https:\/\/www.ecovis.com\/uruguay\/es\/blog\/2025\/05\/14\/indice-medio-del-incremento-de-los-precios-de-venta-de-los-inmuebles-rurales-imipvir-2\/#primaryimage"},"thumbnailUrl":"https:\/\/www.ecovis.com\/uruguay\/es\/wp-content\/uploads\/sites\/3\/2025\/05\/NL314_indice-medio.jpg","keywords":["Issue 314"],"articleSection":["Novedades"],"inLanguage":"es-UY"},{"@type":"WebPage","@id":"https:\/\/www.ecovis.com\/uruguay\/es\/blog\/2025\/05\/14\/indice-medio-del-incremento-de-los-precios-de-venta-de-los-inmuebles-rurales-imipvir-2\/","url":"https:\/\/www.ecovis.com\/uruguay\/es\/blog\/2025\/05\/14\/indice-medio-del-incremento-de-los-precios-de-venta-de-los-inmuebles-rurales-imipvir-2\/","name":"\u00cdndice Medio del Incremento de los Precios de Venta de los Inmuebles Rurales (IMIPVIR) - Ecovis en Uruguay","isPartOf":{"@id":"https:\/\/www.ecovis.com\/uruguay\/es\/#website"},"primaryImageOfPage":{"@id":"https:\/\/www.ecovis.com\/uruguay\/es\/blog\/2025\/05\/14\/indice-medio-del-incremento-de-los-precios-de-venta-de-los-inmuebles-rurales-imipvir-2\/#primaryimage"},"image":{"@id":"https:\/\/www.ecovis.com\/uruguay\/es\/blog\/2025\/05\/14\/indice-medio-del-incremento-de-los-precios-de-venta-de-los-inmuebles-rurales-imipvir-2\/#primaryimage"},"thumbnailUrl":"https:\/\/www.ecovis.com\/uruguay\/es\/wp-content\/uploads\/sites\/3\/2025\/05\/NL314_indice-medio.jpg","datePublished":"2025-05-14T09:28:07+00:00","dateModified":"2025-05-14T09:32:20+00:00","author":{"@id":"https:\/\/www.ecovis.com\/uruguay\/es\/#\/schema\/person\/3534ca2ace82a2b5e11d9092650e0703"},"breadcrumb":{"@id":"https:\/\/www.ecovis.com\/uruguay\/es\/blog\/2025\/05\/14\/indice-medio-del-incremento-de-los-precios-de-venta-de-los-inmuebles-rurales-imipvir-2\/#breadcrumb"},"inLanguage":"es-UY","potentialAction":[{"@type":"ReadAction","target":["https:\/\/www.ecovis.com\/uruguay\/es\/blog\/2025\/05\/14\/indice-medio-del-incremento-de-los-precios-de-venta-de-los-inmuebles-rurales-imipvir-2\/"]}]},{"@type":"ImageObject","inLanguage":"es-UY","@id":"https:\/\/www.ecovis.com\/uruguay\/es\/blog\/2025\/05\/14\/indice-medio-del-incremento-de-los-precios-de-venta-de-los-inmuebles-rurales-imipvir-2\/#primaryimage","url":"https:\/\/www.ecovis.com\/uruguay\/es\/wp-content\/uploads\/sites\/3\/2025\/05\/NL314_indice-medio.jpg","contentUrl":"https:\/\/www.ecovis.com\/uruguay\/es\/wp-content\/uploads\/sites\/3\/2025\/05\/NL314_indice-medio.jpg","width":1280,"height":550,"caption":"\u00a9 cottonbro, Pexels"},{"@type":"BreadcrumbList","@id":"https:\/\/www.ecovis.com\/uruguay\/es\/blog\/2025\/05\/14\/indice-medio-del-incremento-de-los-precios-de-venta-de-los-inmuebles-rurales-imipvir-2\/#breadcrumb","itemListElement":[{"@type":"ListItem","position":1,"name":"Ecovis Global","item":"https:\/\/www.ecovis.com\/"},{"@type":"ListItem","position":2,"name":"Inicio","item":"https:\/\/www.ecovis.com\/uruguay\/es\/"},{"@type":"ListItem","position":3,"name":"\u00cdndice Medio del Incremento de los Precios de Venta de los Inmuebles Rurales (IMIPVIR)"}]},{"@type":"WebSite","@id":"https:\/\/www.ecovis.com\/uruguay\/es\/#website","url":"https:\/\/www.ecovis.com\/uruguay\/es\/","name":"Ecovis.com","description":"","potentialAction":[{"@type":"SearchAction","target":{"@type":"EntryPoint","urlTemplate":"https:\/\/www.ecovis.com\/uruguay\/es\/?s={search_term_string}"},"query-input":{"@type":"PropertyValueSpecification","valueRequired":true,"valueName":"search_term_string"}}],"inLanguage":"es-UY"},{"@type":"Person","@id":"https:\/\/www.ecovis.com\/uruguay\/es\/#\/schema\/person\/3534ca2ace82a2b5e11d9092650e0703","name":"fg_uruguay","image":{"@type":"ImageObject","inLanguage":"es-UY","@id":"https:\/\/secure.gravatar.com\/avatar\/d8f8cdb8dedf4903b4419a5b22f1a43436ad0387b7c6d10390caed756603f27f?s=96&d=mm&r=g","url":"https:\/\/secure.gravatar.com\/avatar\/d8f8cdb8dedf4903b4419a5b22f1a43436ad0387b7c6d10390caed756603f27f?s=96&d=mm&r=g","contentUrl":"https:\/\/secure.gravatar.com\/avatar\/d8f8cdb8dedf4903b4419a5b22f1a43436ad0387b7c6d10390caed756603f27f?s=96&d=mm&r=g","caption":"fg_uruguay"},"url":"https:\/\/www.ecovis.com\/uruguay\/es\/blog\/author\/fg_uruguay\/"}]}},"featured_image_url":"https:\/\/www.ecovis.com\/uruguay\/es\/wp-content\/uploads\/sites\/3\/2025\/05\/NL314_indice-medio-300x150.jpg","featured_image_url_large":"https:\/\/www.ecovis.com\/uruguay\/es\/wp-content\/uploads\/sites\/3\/2025\/05\/NL314_indice-medio.jpg","_links":{"self":[{"href":"https:\/\/www.ecovis.com\/uruguay\/es\/wp-json\/wp\/v2\/posts\/3458","targetHints":{"allow":["GET"]}}],"collection":[{"href":"https:\/\/www.ecovis.com\/uruguay\/es\/wp-json\/wp\/v2\/posts"}],"about":[{"href":"https:\/\/www.ecovis.com\/uruguay\/es\/wp-json\/wp\/v2\/types\/post"}],"author":[{"embeddable":true,"href":"https:\/\/www.ecovis.com\/uruguay\/es\/wp-json\/wp\/v2\/users\/15"}],"replies":[{"embeddable":true,"href":"https:\/\/www.ecovis.com\/uruguay\/es\/wp-json\/wp\/v2\/comments?post=3458"}],"version-history":[{"count":1,"href":"https:\/\/www.ecovis.com\/uruguay\/es\/wp-json\/wp\/v2\/posts\/3458\/revisions"}],"predecessor-version":[{"id":3460,"href":"https:\/\/www.ecovis.com\/uruguay\/es\/wp-json\/wp\/v2\/posts\/3458\/revisions\/3460"}],"wp:featuredmedia":[{"embeddable":true,"href":"https:\/\/www.ecovis.com\/uruguay\/es\/wp-json\/wp\/v2\/media\/3459"}],"wp:attachment":[{"href":"https:\/\/www.ecovis.com\/uruguay\/es\/wp-json\/wp\/v2\/media?parent=3458"}],"wp:term":[{"taxonomy":"category","embeddable":true,"href":"https:\/\/www.ecovis.com\/uruguay\/es\/wp-json\/wp\/v2\/categories?post=3458"},{"taxonomy":"post_tag","embeddable":true,"href":"https:\/\/www.ecovis.com\/uruguay\/es\/wp-json\/wp\/v2\/tags?post=3458"}],"curies":[{"name":"wp","href":"https:\/\/api.w.org\/{rel}","templated":true}]}}