{"id":3443,"date":"2025-04-15T12:40:13","date_gmt":"2025-04-15T10:40:13","guid":{"rendered":"https:\/\/www.ecovis.com\/uruguay\/es\/?p=3443"},"modified":"2025-04-15T12:42:24","modified_gmt":"2025-04-15T10:42:24","slug":"construccion-para-la-venta-o-arrendamiento-de-inmuebles-extension-plazo","status":"publish","type":"post","link":"https:\/\/www.ecovis.com\/uruguay\/es\/blog\/2025\/04\/15\/construccion-para-la-venta-o-arrendamiento-de-inmuebles-extension-plazo\/","title":{"rendered":"Construcci\u00f3n para la venta o arrendamiento de inmuebles &#8211;  Extensi\u00f3n plazo"},"content":{"rendered":"<p>El 2 de abril se public\u00f3 el Decreto No. 85\/025 que extiende el plazo establecido en el Decreto No. 138\/020, decreto que promueve las actividades de construcci\u00f3n para la venta o arrendamiento de inmuebles con destino a oficinas o vivienda, y las urbanizaciones de iniciativa privada, correspondientes a proyectos de gran dimensi\u00f3n econ\u00f3mica. En el decreto original los proyectos promovidos eran aquellos que se presentaran antes del 1 de enero 2025 y las inversiones se ejecutaran hasta el 30 de setiembre de 2027.<\/p>\n<p>Con este nuevo decreto se extiende un a\u00f1o ambos plazos, o sea los proyectos deben presentarse antes del 31 de diciembre de este a\u00f1o y las inversiones deber\u00e1n ejecutarse hasta el 30 de setiembre de 2028.<\/p>\n","protected":false},"excerpt":{"rendered":"<p>El 2 de abril se public\u00f3 el Decreto No. 85\/025 que extiende el plazo establecido en el Decreto No. 138\/020, decreto que promueve las actividades de construcci\u00f3n para la venta o arrendamiento de inmuebles con destino a oficinas o vivienda, y las urbanizaciones de iniciativa privada, correspondientes a proyectos de gran dimensi\u00f3n econ\u00f3mica. En el [&hellip;]<\/p>\n","protected":false},"author":15,"featured_media":3444,"comment_status":"closed","ping_status":"open","sticky":false,"template":"","format":"standard","meta":{"_acf_changed":false,"footnotes":""},"categories":[30],"tags":[98],"class_list":["post-3443","post","type-post","status-publish","format-standard","has-post-thumbnail","hentry","category-novedades","tag-issue-312"],"acf":[],"yoast_head":"<!-- This site is optimized with the Yoast SEO plugin v27.4 - https:\/\/yoast.com\/product\/yoast-seo-wordpress\/ -->\n<title>Construcci\u00f3n para la venta o arrendamiento de inmuebles - Extensi\u00f3n plazo - Ecovis en Uruguay<\/title>\n<meta name=\"robots\" content=\"index, follow, max-snippet:-1, max-image-preview:large, max-video-preview:-1\" \/>\n<link rel=\"canonical\" href=\"https:\/\/www.ecovis.com\/uruguay\/es\/blog\/2025\/04\/15\/construccion-para-la-venta-o-arrendamiento-de-inmuebles-extension-plazo\/\" \/>\n<meta property=\"og:locale\" content=\"es_ES\" \/>\n<meta property=\"og:type\" content=\"article\" \/>\n<meta property=\"og:title\" content=\"Construcci\u00f3n para la venta o arrendamiento de inmuebles - Extensi\u00f3n plazo - Ecovis en Uruguay\" \/>\n<meta property=\"og:description\" content=\"El 2 de abril se public\u00f3 el Decreto No. 85\/025 que extiende el plazo establecido en el Decreto No. 138\/020, decreto que promueve las actividades de construcci\u00f3n para la venta o arrendamiento de inmuebles con destino a oficinas o vivienda, y las urbanizaciones de iniciativa privada, correspondientes a proyectos de gran dimensi\u00f3n econ\u00f3mica. En el [&hellip;]\" \/>\n<meta property=\"og:url\" content=\"https:\/\/www.ecovis.com\/uruguay\/es\/blog\/2025\/04\/15\/construccion-para-la-venta-o-arrendamiento-de-inmuebles-extension-plazo\/\" \/>\n<meta property=\"og:site_name\" content=\"Ecovis en Uruguay\" \/>\n<meta property=\"article:published_time\" content=\"2025-04-15T10:40:13+00:00\" \/>\n<meta property=\"article:modified_time\" content=\"2025-04-15T10:42:24+00:00\" \/>\n<meta property=\"og:image\" content=\"https:\/\/www.ecovis.com\/uruguay\/es\/wp-content\/uploads\/sites\/3\/2025\/04\/NL312_construccion.jpg\" \/>\n\t<meta property=\"og:image:width\" content=\"1280\" \/>\n\t<meta property=\"og:image:height\" content=\"550\" \/>\n\t<meta property=\"og:image:type\" content=\"image\/jpeg\" \/>\n<meta name=\"author\" content=\"fg_uruguay\" \/>\n<meta name=\"twitter:card\" content=\"summary_large_image\" \/>\n<meta name=\"twitter:label1\" content=\"Written by\" \/>\n\t<meta name=\"twitter:data1\" content=\"fg_uruguay\" \/>\n\t<meta name=\"twitter:label2\" content=\"Est. reading time\" \/>\n\t<meta name=\"twitter:data2\" content=\"1 minuto\" \/>\n<script type=\"application\/ld+json\" class=\"yoast-schema-graph\">{\"@context\":\"https:\\\/\\\/schema.org\",\"@graph\":[{\"@type\":\"Article\",\"@id\":\"https:\\\/\\\/www.ecovis.com\\\/uruguay\\\/es\\\/blog\\\/2025\\\/04\\\/15\\\/construccion-para-la-venta-o-arrendamiento-de-inmuebles-extension-plazo\\\/#article\",\"isPartOf\":{\"@id\":\"https:\\\/\\\/www.ecovis.com\\\/uruguay\\\/es\\\/blog\\\/2025\\\/04\\\/15\\\/construccion-para-la-venta-o-arrendamiento-de-inmuebles-extension-plazo\\\/\"},\"author\":{\"name\":\"fg_uruguay\",\"@id\":\"https:\\\/\\\/www.ecovis.com\\\/uruguay\\\/es\\\/#\\\/schema\\\/person\\\/3534ca2ace82a2b5e11d9092650e0703\"},\"headline\":\"Construcci\u00f3n para la venta o arrendamiento de inmuebles &#8211; Extensi\u00f3n plazo\",\"datePublished\":\"2025-04-15T10:40:13+00:00\",\"dateModified\":\"2025-04-15T10:42:24+00:00\",\"mainEntityOfPage\":{\"@id\":\"https:\\\/\\\/www.ecovis.com\\\/uruguay\\\/es\\\/blog\\\/2025\\\/04\\\/15\\\/construccion-para-la-venta-o-arrendamiento-de-inmuebles-extension-plazo\\\/\"},\"wordCount\":128,\"image\":{\"@id\":\"https:\\\/\\\/www.ecovis.com\\\/uruguay\\\/es\\\/blog\\\/2025\\\/04\\\/15\\\/construccion-para-la-venta-o-arrendamiento-de-inmuebles-extension-plazo\\\/#primaryimage\"},\"thumbnailUrl\":\"https:\\\/\\\/www.ecovis.com\\\/uruguay\\\/es\\\/wp-content\\\/uploads\\\/sites\\\/3\\\/2025\\\/04\\\/NL312_construccion.jpg\",\"keywords\":[\"Issue 312\"],\"articleSection\":[\"Novedades\"],\"inLanguage\":\"es-UY\"},{\"@type\":\"WebPage\",\"@id\":\"https:\\\/\\\/www.ecovis.com\\\/uruguay\\\/es\\\/blog\\\/2025\\\/04\\\/15\\\/construccion-para-la-venta-o-arrendamiento-de-inmuebles-extension-plazo\\\/\",\"url\":\"https:\\\/\\\/www.ecovis.com\\\/uruguay\\\/es\\\/blog\\\/2025\\\/04\\\/15\\\/construccion-para-la-venta-o-arrendamiento-de-inmuebles-extension-plazo\\\/\",\"name\":\"Construcci\u00f3n para la venta o arrendamiento de inmuebles - Extensi\u00f3n plazo - Ecovis en Uruguay\",\"isPartOf\":{\"@id\":\"https:\\\/\\\/www.ecovis.com\\\/uruguay\\\/es\\\/#website\"},\"primaryImageOfPage\":{\"@id\":\"https:\\\/\\\/www.ecovis.com\\\/uruguay\\\/es\\\/blog\\\/2025\\\/04\\\/15\\\/construccion-para-la-venta-o-arrendamiento-de-inmuebles-extension-plazo\\\/#primaryimage\"},\"image\":{\"@id\":\"https:\\\/\\\/www.ecovis.com\\\/uruguay\\\/es\\\/blog\\\/2025\\\/04\\\/15\\\/construccion-para-la-venta-o-arrendamiento-de-inmuebles-extension-plazo\\\/#primaryimage\"},\"thumbnailUrl\":\"https:\\\/\\\/www.ecovis.com\\\/uruguay\\\/es\\\/wp-content\\\/uploads\\\/sites\\\/3\\\/2025\\\/04\\\/NL312_construccion.jpg\",\"datePublished\":\"2025-04-15T10:40:13+00:00\",\"dateModified\":\"2025-04-15T10:42:24+00:00\",\"author\":{\"@id\":\"https:\\\/\\\/www.ecovis.com\\\/uruguay\\\/es\\\/#\\\/schema\\\/person\\\/3534ca2ace82a2b5e11d9092650e0703\"},\"breadcrumb\":{\"@id\":\"https:\\\/\\\/www.ecovis.com\\\/uruguay\\\/es\\\/blog\\\/2025\\\/04\\\/15\\\/construccion-para-la-venta-o-arrendamiento-de-inmuebles-extension-plazo\\\/#breadcrumb\"},\"inLanguage\":\"es-UY\",\"potentialAction\":[{\"@type\":\"ReadAction\",\"target\":[\"https:\\\/\\\/www.ecovis.com\\\/uruguay\\\/es\\\/blog\\\/2025\\\/04\\\/15\\\/construccion-para-la-venta-o-arrendamiento-de-inmuebles-extension-plazo\\\/\"]}]},{\"@type\":\"ImageObject\",\"inLanguage\":\"es-UY\",\"@id\":\"https:\\\/\\\/www.ecovis.com\\\/uruguay\\\/es\\\/blog\\\/2025\\\/04\\\/15\\\/construccion-para-la-venta-o-arrendamiento-de-inmuebles-extension-plazo\\\/#primaryimage\",\"url\":\"https:\\\/\\\/www.ecovis.com\\\/uruguay\\\/es\\\/wp-content\\\/uploads\\\/sites\\\/3\\\/2025\\\/04\\\/NL312_construccion.jpg\",\"contentUrl\":\"https:\\\/\\\/www.ecovis.com\\\/uruguay\\\/es\\\/wp-content\\\/uploads\\\/sites\\\/3\\\/2025\\\/04\\\/NL312_construccion.jpg\",\"width\":1280,\"height\":550,\"caption\":\"\u00a9 jakubzerdzicki, Pexels\"},{\"@type\":\"BreadcrumbList\",\"@id\":\"https:\\\/\\\/www.ecovis.com\\\/uruguay\\\/es\\\/blog\\\/2025\\\/04\\\/15\\\/construccion-para-la-venta-o-arrendamiento-de-inmuebles-extension-plazo\\\/#breadcrumb\",\"itemListElement\":[{\"@type\":\"ListItem\",\"position\":1,\"name\":\"Ecovis Global\",\"item\":\"https:\\\/\\\/www.ecovis.com\\\/\"},{\"@type\":\"ListItem\",\"position\":2,\"name\":\"Inicio\",\"item\":\"https:\\\/\\\/www.ecovis.com\\\/uruguay\\\/es\\\/\"},{\"@type\":\"ListItem\",\"position\":3,\"name\":\"Construcci\u00f3n para la venta o arrendamiento de inmuebles &#8211; Extensi\u00f3n plazo\"}]},{\"@type\":\"WebSite\",\"@id\":\"https:\\\/\\\/www.ecovis.com\\\/uruguay\\\/es\\\/#website\",\"url\":\"https:\\\/\\\/www.ecovis.com\\\/uruguay\\\/es\\\/\",\"name\":\"Ecovis.com\",\"description\":\"\",\"potentialAction\":[{\"@type\":\"SearchAction\",\"target\":{\"@type\":\"EntryPoint\",\"urlTemplate\":\"https:\\\/\\\/www.ecovis.com\\\/uruguay\\\/es\\\/?s={search_term_string}\"},\"query-input\":{\"@type\":\"PropertyValueSpecification\",\"valueRequired\":true,\"valueName\":\"search_term_string\"}}],\"inLanguage\":\"es-UY\"},{\"@type\":\"Person\",\"@id\":\"https:\\\/\\\/www.ecovis.com\\\/uruguay\\\/es\\\/#\\\/schema\\\/person\\\/3534ca2ace82a2b5e11d9092650e0703\",\"name\":\"fg_uruguay\",\"image\":{\"@type\":\"ImageObject\",\"inLanguage\":\"es-UY\",\"@id\":\"https:\\\/\\\/secure.gravatar.com\\\/avatar\\\/d8f8cdb8dedf4903b4419a5b22f1a43436ad0387b7c6d10390caed756603f27f?s=96&d=mm&r=g\",\"url\":\"https:\\\/\\\/secure.gravatar.com\\\/avatar\\\/d8f8cdb8dedf4903b4419a5b22f1a43436ad0387b7c6d10390caed756603f27f?s=96&d=mm&r=g\",\"contentUrl\":\"https:\\\/\\\/secure.gravatar.com\\\/avatar\\\/d8f8cdb8dedf4903b4419a5b22f1a43436ad0387b7c6d10390caed756603f27f?s=96&d=mm&r=g\",\"caption\":\"fg_uruguay\"},\"url\":\"https:\\\/\\\/www.ecovis.com\\\/uruguay\\\/es\\\/blog\\\/author\\\/fg_uruguay\\\/\"}]}<\/script>\n<!-- \/ Yoast SEO plugin. -->","yoast_head_json":{"title":"Construcci\u00f3n para la venta o arrendamiento de inmuebles - Extensi\u00f3n plazo - Ecovis en Uruguay","robots":{"index":"index","follow":"follow","max-snippet":"max-snippet:-1","max-image-preview":"max-image-preview:large","max-video-preview":"max-video-preview:-1"},"canonical":"https:\/\/www.ecovis.com\/uruguay\/es\/blog\/2025\/04\/15\/construccion-para-la-venta-o-arrendamiento-de-inmuebles-extension-plazo\/","og_locale":"es_ES","og_type":"article","og_title":"Construcci\u00f3n para la venta o arrendamiento de inmuebles - Extensi\u00f3n plazo - Ecovis en Uruguay","og_description":"El 2 de abril se public\u00f3 el Decreto No. 85\/025 que extiende el plazo establecido en el Decreto No. 138\/020, decreto que promueve las actividades de construcci\u00f3n para la venta o arrendamiento de inmuebles con destino a oficinas o vivienda, y las urbanizaciones de iniciativa privada, correspondientes a proyectos de gran dimensi\u00f3n econ\u00f3mica. En el [&hellip;]","og_url":"https:\/\/www.ecovis.com\/uruguay\/es\/blog\/2025\/04\/15\/construccion-para-la-venta-o-arrendamiento-de-inmuebles-extension-plazo\/","og_site_name":"Ecovis en Uruguay","article_published_time":"2025-04-15T10:40:13+00:00","article_modified_time":"2025-04-15T10:42:24+00:00","og_image":[{"width":1280,"height":550,"url":"https:\/\/www.ecovis.com\/uruguay\/es\/wp-content\/uploads\/sites\/3\/2025\/04\/NL312_construccion.jpg","type":"image\/jpeg"}],"author":"fg_uruguay","twitter_card":"summary_large_image","twitter_misc":{"Written by":"fg_uruguay","Est. reading time":"1 minuto"},"schema":{"@context":"https:\/\/schema.org","@graph":[{"@type":"Article","@id":"https:\/\/www.ecovis.com\/uruguay\/es\/blog\/2025\/04\/15\/construccion-para-la-venta-o-arrendamiento-de-inmuebles-extension-plazo\/#article","isPartOf":{"@id":"https:\/\/www.ecovis.com\/uruguay\/es\/blog\/2025\/04\/15\/construccion-para-la-venta-o-arrendamiento-de-inmuebles-extension-plazo\/"},"author":{"name":"fg_uruguay","@id":"https:\/\/www.ecovis.com\/uruguay\/es\/#\/schema\/person\/3534ca2ace82a2b5e11d9092650e0703"},"headline":"Construcci\u00f3n para la venta o arrendamiento de inmuebles &#8211; Extensi\u00f3n plazo","datePublished":"2025-04-15T10:40:13+00:00","dateModified":"2025-04-15T10:42:24+00:00","mainEntityOfPage":{"@id":"https:\/\/www.ecovis.com\/uruguay\/es\/blog\/2025\/04\/15\/construccion-para-la-venta-o-arrendamiento-de-inmuebles-extension-plazo\/"},"wordCount":128,"image":{"@id":"https:\/\/www.ecovis.com\/uruguay\/es\/blog\/2025\/04\/15\/construccion-para-la-venta-o-arrendamiento-de-inmuebles-extension-plazo\/#primaryimage"},"thumbnailUrl":"https:\/\/www.ecovis.com\/uruguay\/es\/wp-content\/uploads\/sites\/3\/2025\/04\/NL312_construccion.jpg","keywords":["Issue 312"],"articleSection":["Novedades"],"inLanguage":"es-UY"},{"@type":"WebPage","@id":"https:\/\/www.ecovis.com\/uruguay\/es\/blog\/2025\/04\/15\/construccion-para-la-venta-o-arrendamiento-de-inmuebles-extension-plazo\/","url":"https:\/\/www.ecovis.com\/uruguay\/es\/blog\/2025\/04\/15\/construccion-para-la-venta-o-arrendamiento-de-inmuebles-extension-plazo\/","name":"Construcci\u00f3n para la venta o arrendamiento de inmuebles - Extensi\u00f3n plazo - Ecovis en Uruguay","isPartOf":{"@id":"https:\/\/www.ecovis.com\/uruguay\/es\/#website"},"primaryImageOfPage":{"@id":"https:\/\/www.ecovis.com\/uruguay\/es\/blog\/2025\/04\/15\/construccion-para-la-venta-o-arrendamiento-de-inmuebles-extension-plazo\/#primaryimage"},"image":{"@id":"https:\/\/www.ecovis.com\/uruguay\/es\/blog\/2025\/04\/15\/construccion-para-la-venta-o-arrendamiento-de-inmuebles-extension-plazo\/#primaryimage"},"thumbnailUrl":"https:\/\/www.ecovis.com\/uruguay\/es\/wp-content\/uploads\/sites\/3\/2025\/04\/NL312_construccion.jpg","datePublished":"2025-04-15T10:40:13+00:00","dateModified":"2025-04-15T10:42:24+00:00","author":{"@id":"https:\/\/www.ecovis.com\/uruguay\/es\/#\/schema\/person\/3534ca2ace82a2b5e11d9092650e0703"},"breadcrumb":{"@id":"https:\/\/www.ecovis.com\/uruguay\/es\/blog\/2025\/04\/15\/construccion-para-la-venta-o-arrendamiento-de-inmuebles-extension-plazo\/#breadcrumb"},"inLanguage":"es-UY","potentialAction":[{"@type":"ReadAction","target":["https:\/\/www.ecovis.com\/uruguay\/es\/blog\/2025\/04\/15\/construccion-para-la-venta-o-arrendamiento-de-inmuebles-extension-plazo\/"]}]},{"@type":"ImageObject","inLanguage":"es-UY","@id":"https:\/\/www.ecovis.com\/uruguay\/es\/blog\/2025\/04\/15\/construccion-para-la-venta-o-arrendamiento-de-inmuebles-extension-plazo\/#primaryimage","url":"https:\/\/www.ecovis.com\/uruguay\/es\/wp-content\/uploads\/sites\/3\/2025\/04\/NL312_construccion.jpg","contentUrl":"https:\/\/www.ecovis.com\/uruguay\/es\/wp-content\/uploads\/sites\/3\/2025\/04\/NL312_construccion.jpg","width":1280,"height":550,"caption":"\u00a9 jakubzerdzicki, Pexels"},{"@type":"BreadcrumbList","@id":"https:\/\/www.ecovis.com\/uruguay\/es\/blog\/2025\/04\/15\/construccion-para-la-venta-o-arrendamiento-de-inmuebles-extension-plazo\/#breadcrumb","itemListElement":[{"@type":"ListItem","position":1,"name":"Ecovis Global","item":"https:\/\/www.ecovis.com\/"},{"@type":"ListItem","position":2,"name":"Inicio","item":"https:\/\/www.ecovis.com\/uruguay\/es\/"},{"@type":"ListItem","position":3,"name":"Construcci\u00f3n para la venta o arrendamiento de inmuebles &#8211; Extensi\u00f3n plazo"}]},{"@type":"WebSite","@id":"https:\/\/www.ecovis.com\/uruguay\/es\/#website","url":"https:\/\/www.ecovis.com\/uruguay\/es\/","name":"Ecovis.com","description":"","potentialAction":[{"@type":"SearchAction","target":{"@type":"EntryPoint","urlTemplate":"https:\/\/www.ecovis.com\/uruguay\/es\/?s={search_term_string}"},"query-input":{"@type":"PropertyValueSpecification","valueRequired":true,"valueName":"search_term_string"}}],"inLanguage":"es-UY"},{"@type":"Person","@id":"https:\/\/www.ecovis.com\/uruguay\/es\/#\/schema\/person\/3534ca2ace82a2b5e11d9092650e0703","name":"fg_uruguay","image":{"@type":"ImageObject","inLanguage":"es-UY","@id":"https:\/\/secure.gravatar.com\/avatar\/d8f8cdb8dedf4903b4419a5b22f1a43436ad0387b7c6d10390caed756603f27f?s=96&d=mm&r=g","url":"https:\/\/secure.gravatar.com\/avatar\/d8f8cdb8dedf4903b4419a5b22f1a43436ad0387b7c6d10390caed756603f27f?s=96&d=mm&r=g","contentUrl":"https:\/\/secure.gravatar.com\/avatar\/d8f8cdb8dedf4903b4419a5b22f1a43436ad0387b7c6d10390caed756603f27f?s=96&d=mm&r=g","caption":"fg_uruguay"},"url":"https:\/\/www.ecovis.com\/uruguay\/es\/blog\/author\/fg_uruguay\/"}]}},"featured_image_url":"https:\/\/www.ecovis.com\/uruguay\/es\/wp-content\/uploads\/sites\/3\/2025\/04\/NL312_construccion-300x150.jpg","featured_image_url_large":"https:\/\/www.ecovis.com\/uruguay\/es\/wp-content\/uploads\/sites\/3\/2025\/04\/NL312_construccion.jpg","_links":{"self":[{"href":"https:\/\/www.ecovis.com\/uruguay\/es\/wp-json\/wp\/v2\/posts\/3443","targetHints":{"allow":["GET"]}}],"collection":[{"href":"https:\/\/www.ecovis.com\/uruguay\/es\/wp-json\/wp\/v2\/posts"}],"about":[{"href":"https:\/\/www.ecovis.com\/uruguay\/es\/wp-json\/wp\/v2\/types\/post"}],"author":[{"embeddable":true,"href":"https:\/\/www.ecovis.com\/uruguay\/es\/wp-json\/wp\/v2\/users\/15"}],"replies":[{"embeddable":true,"href":"https:\/\/www.ecovis.com\/uruguay\/es\/wp-json\/wp\/v2\/comments?post=3443"}],"version-history":[{"count":1,"href":"https:\/\/www.ecovis.com\/uruguay\/es\/wp-json\/wp\/v2\/posts\/3443\/revisions"}],"predecessor-version":[{"id":3445,"href":"https:\/\/www.ecovis.com\/uruguay\/es\/wp-json\/wp\/v2\/posts\/3443\/revisions\/3445"}],"wp:featuredmedia":[{"embeddable":true,"href":"https:\/\/www.ecovis.com\/uruguay\/es\/wp-json\/wp\/v2\/media\/3444"}],"wp:attachment":[{"href":"https:\/\/www.ecovis.com\/uruguay\/es\/wp-json\/wp\/v2\/media?parent=3443"}],"wp:term":[{"taxonomy":"category","embeddable":true,"href":"https:\/\/www.ecovis.com\/uruguay\/es\/wp-json\/wp\/v2\/categories?post=3443"},{"taxonomy":"post_tag","embeddable":true,"href":"https:\/\/www.ecovis.com\/uruguay\/es\/wp-json\/wp\/v2\/tags?post=3443"}],"curies":[{"name":"wp","href":"https:\/\/api.w.org\/{rel}","templated":true}]}}