{"id":3403,"date":"2025-02-17T14:06:01","date_gmt":"2025-02-17T13:06:01","guid":{"rendered":"https:\/\/www.ecovis.com\/uruguay\/es\/?p=3403"},"modified":"2025-02-17T14:06:01","modified_gmt":"2025-02-17T13:06:01","slug":"impuesto-minimo-global-puesta-al-dia","status":"publish","type":"post","link":"https:\/\/www.ecovis.com\/uruguay\/es\/blog\/2025\/02\/17\/impuesto-minimo-global-puesta-al-dia\/","title":{"rendered":"Impuesto M\u00ednimo Global \u2013 puesta al d\u00eda"},"content":{"rendered":"<p>La digitalizaci\u00f3n de la econom\u00eda mundial ha generado un desaf\u00edo a la fiscalidad internacional lo que provoc\u00f3 que los pa\u00edses miembros del Marco Inclusivo de la OCDE plantearan en el 2021 una declaraci\u00f3n en base a dos pilares. El pilar 1 es un conjunto de reglas para atribuir la base imponible en una econom\u00eda digitalizada y global.<\/p>\n<p>El pilar 2 al cual nos referiremos en esta nota establece lo que se llaman las reglas Globe y lo que se busca es evitar la pr\u00e1ctica nociva desarrollada por empresas multinacionales que buscan trasladar sus beneficios hacia jurisdicciones de baja o nula tributaci\u00f3n y\u00a0 as\u00ed asegurar un m\u00ednimo de tributaci\u00f3n de las empresas en cada jurisdicci\u00f3n donde act\u00faan.<\/p>\n<p>Este m\u00ednimo asciende al 15% de imposici\u00f3n efectiva.<\/p>\n<p>El IMG aplica a los grupos multinacionales con ingresos consolidados anuales que superen 750 millones de euros, en al menos dos de los \u00faltimos cuatro ejercicios fiscales.\u00a0 A efectos se entiende que dos o m\u00e1s entidades forman parte de un mismo Grupo cuando est\u00e9n sujetas al mismo control com\u00fan de una Entidad Controlante Final que requiere incluir a estas entidades en sus Estados Financieros Consolidados y el Grupo se considera Multinacional cuando tiene entidades operando en m\u00e1s de una jurisdicci\u00f3n.<\/p>\n","protected":false},"excerpt":{"rendered":"<p>La digitalizaci\u00f3n de la econom\u00eda mundial ha generado un desaf\u00edo a la fiscalidad internacional lo que provoc\u00f3 que los pa\u00edses miembros del Marco Inclusivo de la OCDE plantearan en el 2021 una declaraci\u00f3n en base a dos pilares. El pilar 1 es un conjunto de reglas para atribuir la base imponible en una econom\u00eda digitalizada [&hellip;]<\/p>\n","protected":false},"author":15,"featured_media":3404,"comment_status":"closed","ping_status":"open","sticky":false,"template":"","format":"standard","meta":{"_acf_changed":false,"footnotes":""},"categories":[30],"tags":[94],"class_list":["post-3403","post","type-post","status-publish","format-standard","has-post-thumbnail","hentry","category-novedades","tag-issue-308"],"acf":[],"yoast_head":"<!-- This site is optimized with the Yoast SEO plugin v27.4 - https:\/\/yoast.com\/product\/yoast-seo-wordpress\/ -->\n<title>Impuesto M\u00ednimo Global \u2013 puesta al d\u00eda - Ecovis en Uruguay<\/title>\n<meta name=\"robots\" content=\"index, follow, max-snippet:-1, max-image-preview:large, max-video-preview:-1\" \/>\n<link rel=\"canonical\" href=\"https:\/\/www.ecovis.com\/uruguay\/es\/blog\/2025\/02\/17\/impuesto-minimo-global-puesta-al-dia\/\" \/>\n<meta property=\"og:locale\" content=\"es_ES\" \/>\n<meta property=\"og:type\" content=\"article\" \/>\n<meta property=\"og:title\" content=\"Impuesto M\u00ednimo Global \u2013 puesta al d\u00eda - Ecovis en Uruguay\" \/>\n<meta property=\"og:description\" content=\"La digitalizaci\u00f3n de la econom\u00eda mundial ha generado un desaf\u00edo a la fiscalidad internacional lo que provoc\u00f3 que los pa\u00edses miembros del Marco Inclusivo de la OCDE plantearan en el 2021 una declaraci\u00f3n en base a dos pilares. El pilar 1 es un conjunto de reglas para atribuir la base imponible en una econom\u00eda digitalizada [&hellip;]\" \/>\n<meta property=\"og:url\" content=\"https:\/\/www.ecovis.com\/uruguay\/es\/blog\/2025\/02\/17\/impuesto-minimo-global-puesta-al-dia\/\" \/>\n<meta property=\"og:site_name\" content=\"Ecovis en Uruguay\" \/>\n<meta property=\"article:published_time\" content=\"2025-02-17T13:06:01+00:00\" \/>\n<meta property=\"og:image\" content=\"https:\/\/www.ecovis.com\/uruguay\/es\/wp-content\/uploads\/sites\/3\/2025\/02\/NL308_impuesto-minimo-global.jpg\" \/>\n\t<meta property=\"og:image:width\" content=\"1280\" \/>\n\t<meta property=\"og:image:height\" content=\"550\" \/>\n\t<meta property=\"og:image:type\" content=\"image\/jpeg\" \/>\n<meta name=\"author\" content=\"fg_uruguay\" \/>\n<meta name=\"twitter:card\" content=\"summary_large_image\" \/>\n<meta name=\"twitter:label1\" content=\"Written by\" \/>\n\t<meta name=\"twitter:data1\" content=\"fg_uruguay\" \/>\n\t<meta name=\"twitter:label2\" content=\"Est. reading time\" \/>\n\t<meta name=\"twitter:data2\" content=\"2 minutos\" \/>\n<script type=\"application\/ld+json\" class=\"yoast-schema-graph\">{\"@context\":\"https:\\\/\\\/schema.org\",\"@graph\":[{\"@type\":\"Article\",\"@id\":\"https:\\\/\\\/www.ecovis.com\\\/uruguay\\\/es\\\/blog\\\/2025\\\/02\\\/17\\\/impuesto-minimo-global-puesta-al-dia\\\/#article\",\"isPartOf\":{\"@id\":\"https:\\\/\\\/www.ecovis.com\\\/uruguay\\\/es\\\/blog\\\/2025\\\/02\\\/17\\\/impuesto-minimo-global-puesta-al-dia\\\/\"},\"author\":{\"name\":\"fg_uruguay\",\"@id\":\"https:\\\/\\\/www.ecovis.com\\\/uruguay\\\/es\\\/#\\\/schema\\\/person\\\/3534ca2ace82a2b5e11d9092650e0703\"},\"headline\":\"Impuesto M\u00ednimo Global \u2013 puesta al d\u00eda\",\"datePublished\":\"2025-02-17T13:06:01+00:00\",\"mainEntityOfPage\":{\"@id\":\"https:\\\/\\\/www.ecovis.com\\\/uruguay\\\/es\\\/blog\\\/2025\\\/02\\\/17\\\/impuesto-minimo-global-puesta-al-dia\\\/\"},\"wordCount\":226,\"image\":{\"@id\":\"https:\\\/\\\/www.ecovis.com\\\/uruguay\\\/es\\\/blog\\\/2025\\\/02\\\/17\\\/impuesto-minimo-global-puesta-al-dia\\\/#primaryimage\"},\"thumbnailUrl\":\"https:\\\/\\\/www.ecovis.com\\\/uruguay\\\/es\\\/wp-content\\\/uploads\\\/sites\\\/3\\\/2025\\\/02\\\/NL308_impuesto-minimo-global.jpg\",\"keywords\":[\"Issue 308\"],\"articleSection\":[\"Novedades\"],\"inLanguage\":\"es-UY\"},{\"@type\":\"WebPage\",\"@id\":\"https:\\\/\\\/www.ecovis.com\\\/uruguay\\\/es\\\/blog\\\/2025\\\/02\\\/17\\\/impuesto-minimo-global-puesta-al-dia\\\/\",\"url\":\"https:\\\/\\\/www.ecovis.com\\\/uruguay\\\/es\\\/blog\\\/2025\\\/02\\\/17\\\/impuesto-minimo-global-puesta-al-dia\\\/\",\"name\":\"Impuesto M\u00ednimo Global \u2013 puesta al d\u00eda - Ecovis en Uruguay\",\"isPartOf\":{\"@id\":\"https:\\\/\\\/www.ecovis.com\\\/uruguay\\\/es\\\/#website\"},\"primaryImageOfPage\":{\"@id\":\"https:\\\/\\\/www.ecovis.com\\\/uruguay\\\/es\\\/blog\\\/2025\\\/02\\\/17\\\/impuesto-minimo-global-puesta-al-dia\\\/#primaryimage\"},\"image\":{\"@id\":\"https:\\\/\\\/www.ecovis.com\\\/uruguay\\\/es\\\/blog\\\/2025\\\/02\\\/17\\\/impuesto-minimo-global-puesta-al-dia\\\/#primaryimage\"},\"thumbnailUrl\":\"https:\\\/\\\/www.ecovis.com\\\/uruguay\\\/es\\\/wp-content\\\/uploads\\\/sites\\\/3\\\/2025\\\/02\\\/NL308_impuesto-minimo-global.jpg\",\"datePublished\":\"2025-02-17T13:06:01+00:00\",\"author\":{\"@id\":\"https:\\\/\\\/www.ecovis.com\\\/uruguay\\\/es\\\/#\\\/schema\\\/person\\\/3534ca2ace82a2b5e11d9092650e0703\"},\"breadcrumb\":{\"@id\":\"https:\\\/\\\/www.ecovis.com\\\/uruguay\\\/es\\\/blog\\\/2025\\\/02\\\/17\\\/impuesto-minimo-global-puesta-al-dia\\\/#breadcrumb\"},\"inLanguage\":\"es-UY\",\"potentialAction\":[{\"@type\":\"ReadAction\",\"target\":[\"https:\\\/\\\/www.ecovis.com\\\/uruguay\\\/es\\\/blog\\\/2025\\\/02\\\/17\\\/impuesto-minimo-global-puesta-al-dia\\\/\"]}]},{\"@type\":\"ImageObject\",\"inLanguage\":\"es-UY\",\"@id\":\"https:\\\/\\\/www.ecovis.com\\\/uruguay\\\/es\\\/blog\\\/2025\\\/02\\\/17\\\/impuesto-minimo-global-puesta-al-dia\\\/#primaryimage\",\"url\":\"https:\\\/\\\/www.ecovis.com\\\/uruguay\\\/es\\\/wp-content\\\/uploads\\\/sites\\\/3\\\/2025\\\/02\\\/NL308_impuesto-minimo-global.jpg\",\"contentUrl\":\"https:\\\/\\\/www.ecovis.com\\\/uruguay\\\/es\\\/wp-content\\\/uploads\\\/sites\\\/3\\\/2025\\\/02\\\/NL308_impuesto-minimo-global.jpg\",\"width\":1280,\"height\":550,\"caption\":\"\u00a9 sevenstormphotography, Pexels\"},{\"@type\":\"BreadcrumbList\",\"@id\":\"https:\\\/\\\/www.ecovis.com\\\/uruguay\\\/es\\\/blog\\\/2025\\\/02\\\/17\\\/impuesto-minimo-global-puesta-al-dia\\\/#breadcrumb\",\"itemListElement\":[{\"@type\":\"ListItem\",\"position\":1,\"name\":\"Ecovis Global\",\"item\":\"https:\\\/\\\/www.ecovis.com\\\/\"},{\"@type\":\"ListItem\",\"position\":2,\"name\":\"Inicio\",\"item\":\"https:\\\/\\\/www.ecovis.com\\\/uruguay\\\/es\\\/\"},{\"@type\":\"ListItem\",\"position\":3,\"name\":\"Impuesto M\u00ednimo Global \u2013 puesta al d\u00eda\"}]},{\"@type\":\"WebSite\",\"@id\":\"https:\\\/\\\/www.ecovis.com\\\/uruguay\\\/es\\\/#website\",\"url\":\"https:\\\/\\\/www.ecovis.com\\\/uruguay\\\/es\\\/\",\"name\":\"Ecovis.com\",\"description\":\"\",\"potentialAction\":[{\"@type\":\"SearchAction\",\"target\":{\"@type\":\"EntryPoint\",\"urlTemplate\":\"https:\\\/\\\/www.ecovis.com\\\/uruguay\\\/es\\\/?s={search_term_string}\"},\"query-input\":{\"@type\":\"PropertyValueSpecification\",\"valueRequired\":true,\"valueName\":\"search_term_string\"}}],\"inLanguage\":\"es-UY\"},{\"@type\":\"Person\",\"@id\":\"https:\\\/\\\/www.ecovis.com\\\/uruguay\\\/es\\\/#\\\/schema\\\/person\\\/3534ca2ace82a2b5e11d9092650e0703\",\"name\":\"fg_uruguay\",\"image\":{\"@type\":\"ImageObject\",\"inLanguage\":\"es-UY\",\"@id\":\"https:\\\/\\\/secure.gravatar.com\\\/avatar\\\/d8f8cdb8dedf4903b4419a5b22f1a43436ad0387b7c6d10390caed756603f27f?s=96&d=mm&r=g\",\"url\":\"https:\\\/\\\/secure.gravatar.com\\\/avatar\\\/d8f8cdb8dedf4903b4419a5b22f1a43436ad0387b7c6d10390caed756603f27f?s=96&d=mm&r=g\",\"contentUrl\":\"https:\\\/\\\/secure.gravatar.com\\\/avatar\\\/d8f8cdb8dedf4903b4419a5b22f1a43436ad0387b7c6d10390caed756603f27f?s=96&d=mm&r=g\",\"caption\":\"fg_uruguay\"},\"url\":\"https:\\\/\\\/www.ecovis.com\\\/uruguay\\\/es\\\/blog\\\/author\\\/fg_uruguay\\\/\"}]}<\/script>\n<!-- \/ Yoast SEO plugin. -->","yoast_head_json":{"title":"Impuesto M\u00ednimo Global \u2013 puesta al d\u00eda - Ecovis en Uruguay","robots":{"index":"index","follow":"follow","max-snippet":"max-snippet:-1","max-image-preview":"max-image-preview:large","max-video-preview":"max-video-preview:-1"},"canonical":"https:\/\/www.ecovis.com\/uruguay\/es\/blog\/2025\/02\/17\/impuesto-minimo-global-puesta-al-dia\/","og_locale":"es_ES","og_type":"article","og_title":"Impuesto M\u00ednimo Global \u2013 puesta al d\u00eda - Ecovis en Uruguay","og_description":"La digitalizaci\u00f3n de la econom\u00eda mundial ha generado un desaf\u00edo a la fiscalidad internacional lo que provoc\u00f3 que los pa\u00edses miembros del Marco Inclusivo de la OCDE plantearan en el 2021 una declaraci\u00f3n en base a dos pilares. El pilar 1 es un conjunto de reglas para atribuir la base imponible en una econom\u00eda digitalizada [&hellip;]","og_url":"https:\/\/www.ecovis.com\/uruguay\/es\/blog\/2025\/02\/17\/impuesto-minimo-global-puesta-al-dia\/","og_site_name":"Ecovis en Uruguay","article_published_time":"2025-02-17T13:06:01+00:00","og_image":[{"width":1280,"height":550,"url":"https:\/\/www.ecovis.com\/uruguay\/es\/wp-content\/uploads\/sites\/3\/2025\/02\/NL308_impuesto-minimo-global.jpg","type":"image\/jpeg"}],"author":"fg_uruguay","twitter_card":"summary_large_image","twitter_misc":{"Written by":"fg_uruguay","Est. reading time":"2 minutos"},"schema":{"@context":"https:\/\/schema.org","@graph":[{"@type":"Article","@id":"https:\/\/www.ecovis.com\/uruguay\/es\/blog\/2025\/02\/17\/impuesto-minimo-global-puesta-al-dia\/#article","isPartOf":{"@id":"https:\/\/www.ecovis.com\/uruguay\/es\/blog\/2025\/02\/17\/impuesto-minimo-global-puesta-al-dia\/"},"author":{"name":"fg_uruguay","@id":"https:\/\/www.ecovis.com\/uruguay\/es\/#\/schema\/person\/3534ca2ace82a2b5e11d9092650e0703"},"headline":"Impuesto M\u00ednimo Global \u2013 puesta al d\u00eda","datePublished":"2025-02-17T13:06:01+00:00","mainEntityOfPage":{"@id":"https:\/\/www.ecovis.com\/uruguay\/es\/blog\/2025\/02\/17\/impuesto-minimo-global-puesta-al-dia\/"},"wordCount":226,"image":{"@id":"https:\/\/www.ecovis.com\/uruguay\/es\/blog\/2025\/02\/17\/impuesto-minimo-global-puesta-al-dia\/#primaryimage"},"thumbnailUrl":"https:\/\/www.ecovis.com\/uruguay\/es\/wp-content\/uploads\/sites\/3\/2025\/02\/NL308_impuesto-minimo-global.jpg","keywords":["Issue 308"],"articleSection":["Novedades"],"inLanguage":"es-UY"},{"@type":"WebPage","@id":"https:\/\/www.ecovis.com\/uruguay\/es\/blog\/2025\/02\/17\/impuesto-minimo-global-puesta-al-dia\/","url":"https:\/\/www.ecovis.com\/uruguay\/es\/blog\/2025\/02\/17\/impuesto-minimo-global-puesta-al-dia\/","name":"Impuesto M\u00ednimo Global \u2013 puesta al d\u00eda - Ecovis en Uruguay","isPartOf":{"@id":"https:\/\/www.ecovis.com\/uruguay\/es\/#website"},"primaryImageOfPage":{"@id":"https:\/\/www.ecovis.com\/uruguay\/es\/blog\/2025\/02\/17\/impuesto-minimo-global-puesta-al-dia\/#primaryimage"},"image":{"@id":"https:\/\/www.ecovis.com\/uruguay\/es\/blog\/2025\/02\/17\/impuesto-minimo-global-puesta-al-dia\/#primaryimage"},"thumbnailUrl":"https:\/\/www.ecovis.com\/uruguay\/es\/wp-content\/uploads\/sites\/3\/2025\/02\/NL308_impuesto-minimo-global.jpg","datePublished":"2025-02-17T13:06:01+00:00","author":{"@id":"https:\/\/www.ecovis.com\/uruguay\/es\/#\/schema\/person\/3534ca2ace82a2b5e11d9092650e0703"},"breadcrumb":{"@id":"https:\/\/www.ecovis.com\/uruguay\/es\/blog\/2025\/02\/17\/impuesto-minimo-global-puesta-al-dia\/#breadcrumb"},"inLanguage":"es-UY","potentialAction":[{"@type":"ReadAction","target":["https:\/\/www.ecovis.com\/uruguay\/es\/blog\/2025\/02\/17\/impuesto-minimo-global-puesta-al-dia\/"]}]},{"@type":"ImageObject","inLanguage":"es-UY","@id":"https:\/\/www.ecovis.com\/uruguay\/es\/blog\/2025\/02\/17\/impuesto-minimo-global-puesta-al-dia\/#primaryimage","url":"https:\/\/www.ecovis.com\/uruguay\/es\/wp-content\/uploads\/sites\/3\/2025\/02\/NL308_impuesto-minimo-global.jpg","contentUrl":"https:\/\/www.ecovis.com\/uruguay\/es\/wp-content\/uploads\/sites\/3\/2025\/02\/NL308_impuesto-minimo-global.jpg","width":1280,"height":550,"caption":"\u00a9 sevenstormphotography, Pexels"},{"@type":"BreadcrumbList","@id":"https:\/\/www.ecovis.com\/uruguay\/es\/blog\/2025\/02\/17\/impuesto-minimo-global-puesta-al-dia\/#breadcrumb","itemListElement":[{"@type":"ListItem","position":1,"name":"Ecovis Global","item":"https:\/\/www.ecovis.com\/"},{"@type":"ListItem","position":2,"name":"Inicio","item":"https:\/\/www.ecovis.com\/uruguay\/es\/"},{"@type":"ListItem","position":3,"name":"Impuesto M\u00ednimo Global \u2013 puesta al d\u00eda"}]},{"@type":"WebSite","@id":"https:\/\/www.ecovis.com\/uruguay\/es\/#website","url":"https:\/\/www.ecovis.com\/uruguay\/es\/","name":"Ecovis.com","description":"","potentialAction":[{"@type":"SearchAction","target":{"@type":"EntryPoint","urlTemplate":"https:\/\/www.ecovis.com\/uruguay\/es\/?s={search_term_string}"},"query-input":{"@type":"PropertyValueSpecification","valueRequired":true,"valueName":"search_term_string"}}],"inLanguage":"es-UY"},{"@type":"Person","@id":"https:\/\/www.ecovis.com\/uruguay\/es\/#\/schema\/person\/3534ca2ace82a2b5e11d9092650e0703","name":"fg_uruguay","image":{"@type":"ImageObject","inLanguage":"es-UY","@id":"https:\/\/secure.gravatar.com\/avatar\/d8f8cdb8dedf4903b4419a5b22f1a43436ad0387b7c6d10390caed756603f27f?s=96&d=mm&r=g","url":"https:\/\/secure.gravatar.com\/avatar\/d8f8cdb8dedf4903b4419a5b22f1a43436ad0387b7c6d10390caed756603f27f?s=96&d=mm&r=g","contentUrl":"https:\/\/secure.gravatar.com\/avatar\/d8f8cdb8dedf4903b4419a5b22f1a43436ad0387b7c6d10390caed756603f27f?s=96&d=mm&r=g","caption":"fg_uruguay"},"url":"https:\/\/www.ecovis.com\/uruguay\/es\/blog\/author\/fg_uruguay\/"}]}},"featured_image_url":"https:\/\/www.ecovis.com\/uruguay\/es\/wp-content\/uploads\/sites\/3\/2025\/02\/NL308_impuesto-minimo-global-300x150.jpg","featured_image_url_large":"https:\/\/www.ecovis.com\/uruguay\/es\/wp-content\/uploads\/sites\/3\/2025\/02\/NL308_impuesto-minimo-global.jpg","_links":{"self":[{"href":"https:\/\/www.ecovis.com\/uruguay\/es\/wp-json\/wp\/v2\/posts\/3403","targetHints":{"allow":["GET"]}}],"collection":[{"href":"https:\/\/www.ecovis.com\/uruguay\/es\/wp-json\/wp\/v2\/posts"}],"about":[{"href":"https:\/\/www.ecovis.com\/uruguay\/es\/wp-json\/wp\/v2\/types\/post"}],"author":[{"embeddable":true,"href":"https:\/\/www.ecovis.com\/uruguay\/es\/wp-json\/wp\/v2\/users\/15"}],"replies":[{"embeddable":true,"href":"https:\/\/www.ecovis.com\/uruguay\/es\/wp-json\/wp\/v2\/comments?post=3403"}],"version-history":[{"count":1,"href":"https:\/\/www.ecovis.com\/uruguay\/es\/wp-json\/wp\/v2\/posts\/3403\/revisions"}],"predecessor-version":[{"id":3405,"href":"https:\/\/www.ecovis.com\/uruguay\/es\/wp-json\/wp\/v2\/posts\/3403\/revisions\/3405"}],"wp:featuredmedia":[{"embeddable":true,"href":"https:\/\/www.ecovis.com\/uruguay\/es\/wp-json\/wp\/v2\/media\/3404"}],"wp:attachment":[{"href":"https:\/\/www.ecovis.com\/uruguay\/es\/wp-json\/wp\/v2\/media?parent=3403"}],"wp:term":[{"taxonomy":"category","embeddable":true,"href":"https:\/\/www.ecovis.com\/uruguay\/es\/wp-json\/wp\/v2\/categories?post=3403"},{"taxonomy":"post_tag","embeddable":true,"href":"https:\/\/www.ecovis.com\/uruguay\/es\/wp-json\/wp\/v2\/tags?post=3403"}],"curies":[{"name":"wp","href":"https:\/\/api.w.org\/{rel}","templated":true}]}}