{"id":3387,"date":"2025-02-10T09:18:59","date_gmt":"2025-02-10T08:18:59","guid":{"rendered":"https:\/\/www.ecovis.com\/uruguay\/es\/?p=3387"},"modified":"2025-02-10T09:23:13","modified_gmt":"2025-02-10T08:23:13","slug":"iva-exoneracion","status":"publish","type":"post","link":"https:\/\/www.ecovis.com\/uruguay\/es\/blog\/2025\/02\/10\/iva-exoneracion\/","title":{"rendered":"IVA \u2013 exoneraci\u00f3n"},"content":{"rendered":"<p>Mediante la Resoluci\u00f3n 171\/025 la DGI incluy\u00f3 dentro de la n\u00f3mina de bienes exonerados delIVA a los Carros de plataforma o chatas de transporte agr\u00edcola.<\/p>\n","protected":false},"excerpt":{"rendered":"<p>Mediante la Resoluci\u00f3n 171\/025 la DGI incluy\u00f3 dentro de la n\u00f3mina de bienes exonerados delIVA a los Carros de plataforma o chatas de transporte agr\u00edcola.<\/p>\n","protected":false},"author":15,"featured_media":3388,"comment_status":"closed","ping_status":"open","sticky":false,"template":"","format":"standard","meta":{"_acf_changed":false,"footnotes":""},"categories":[30],"tags":[93],"class_list":["post-3387","post","type-post","status-publish","format-standard","has-post-thumbnail","hentry","category-novedades","tag-issue-307"],"acf":[],"yoast_head":"<!-- This site is optimized with the Yoast SEO plugin v27.4 - https:\/\/yoast.com\/product\/yoast-seo-wordpress\/ -->\n<title>IVA \u2013 exoneraci\u00f3n - Ecovis en Uruguay<\/title>\n<meta name=\"robots\" content=\"index, follow, max-snippet:-1, max-image-preview:large, max-video-preview:-1\" \/>\n<link rel=\"canonical\" href=\"https:\/\/www.ecovis.com\/uruguay\/es\/blog\/2025\/02\/10\/iva-exoneracion\/\" \/>\n<meta property=\"og:locale\" content=\"es_ES\" \/>\n<meta property=\"og:type\" content=\"article\" \/>\n<meta property=\"og:title\" content=\"IVA \u2013 exoneraci\u00f3n - Ecovis en Uruguay\" \/>\n<meta property=\"og:description\" content=\"Mediante la Resoluci\u00f3n 171\/025 la DGI incluy\u00f3 dentro de la n\u00f3mina de bienes exonerados delIVA a los Carros de plataforma o chatas de transporte agr\u00edcola.\" \/>\n<meta property=\"og:url\" content=\"https:\/\/www.ecovis.com\/uruguay\/es\/blog\/2025\/02\/10\/iva-exoneracion\/\" \/>\n<meta property=\"og:site_name\" content=\"Ecovis en Uruguay\" \/>\n<meta property=\"article:published_time\" content=\"2025-02-10T08:18:59+00:00\" \/>\n<meta property=\"article:modified_time\" content=\"2025-02-10T08:23:13+00:00\" \/>\n<meta property=\"og:image\" content=\"https:\/\/www.ecovis.com\/uruguay\/es\/wp-content\/uploads\/sites\/3\/2025\/02\/NL307_exoneracion.jpg\" \/>\n\t<meta property=\"og:image:width\" content=\"1280\" \/>\n\t<meta property=\"og:image:height\" content=\"550\" \/>\n\t<meta property=\"og:image:type\" content=\"image\/jpeg\" \/>\n<meta name=\"author\" content=\"fg_uruguay\" \/>\n<meta name=\"twitter:card\" content=\"summary_large_image\" \/>\n<meta name=\"twitter:label1\" content=\"Written by\" \/>\n\t<meta name=\"twitter:data1\" content=\"fg_uruguay\" \/>\n\t<meta name=\"twitter:label2\" content=\"Est. reading time\" \/>\n\t<meta name=\"twitter:data2\" content=\"1 minuto\" \/>\n<script type=\"application\/ld+json\" class=\"yoast-schema-graph\">{\"@context\":\"https:\\\/\\\/schema.org\",\"@graph\":[{\"@type\":\"Article\",\"@id\":\"https:\\\/\\\/www.ecovis.com\\\/uruguay\\\/es\\\/blog\\\/2025\\\/02\\\/10\\\/iva-exoneracion\\\/#article\",\"isPartOf\":{\"@id\":\"https:\\\/\\\/www.ecovis.com\\\/uruguay\\\/es\\\/blog\\\/2025\\\/02\\\/10\\\/iva-exoneracion\\\/\"},\"author\":{\"name\":\"fg_uruguay\",\"@id\":\"https:\\\/\\\/www.ecovis.com\\\/uruguay\\\/es\\\/#\\\/schema\\\/person\\\/3534ca2ace82a2b5e11d9092650e0703\"},\"headline\":\"IVA \u2013 exoneraci\u00f3n\",\"datePublished\":\"2025-02-10T08:18:59+00:00\",\"dateModified\":\"2025-02-10T08:23:13+00:00\",\"mainEntityOfPage\":{\"@id\":\"https:\\\/\\\/www.ecovis.com\\\/uruguay\\\/es\\\/blog\\\/2025\\\/02\\\/10\\\/iva-exoneracion\\\/\"},\"wordCount\":30,\"image\":{\"@id\":\"https:\\\/\\\/www.ecovis.com\\\/uruguay\\\/es\\\/blog\\\/2025\\\/02\\\/10\\\/iva-exoneracion\\\/#primaryimage\"},\"thumbnailUrl\":\"https:\\\/\\\/www.ecovis.com\\\/uruguay\\\/es\\\/wp-content\\\/uploads\\\/sites\\\/3\\\/2025\\\/02\\\/NL307_exoneracion.jpg\",\"keywords\":[\"Issue 307\"],\"articleSection\":[\"Novedades\"],\"inLanguage\":\"es-UY\"},{\"@type\":\"WebPage\",\"@id\":\"https:\\\/\\\/www.ecovis.com\\\/uruguay\\\/es\\\/blog\\\/2025\\\/02\\\/10\\\/iva-exoneracion\\\/\",\"url\":\"https:\\\/\\\/www.ecovis.com\\\/uruguay\\\/es\\\/blog\\\/2025\\\/02\\\/10\\\/iva-exoneracion\\\/\",\"name\":\"IVA \u2013 exoneraci\u00f3n - Ecovis en Uruguay\",\"isPartOf\":{\"@id\":\"https:\\\/\\\/www.ecovis.com\\\/uruguay\\\/es\\\/#website\"},\"primaryImageOfPage\":{\"@id\":\"https:\\\/\\\/www.ecovis.com\\\/uruguay\\\/es\\\/blog\\\/2025\\\/02\\\/10\\\/iva-exoneracion\\\/#primaryimage\"},\"image\":{\"@id\":\"https:\\\/\\\/www.ecovis.com\\\/uruguay\\\/es\\\/blog\\\/2025\\\/02\\\/10\\\/iva-exoneracion\\\/#primaryimage\"},\"thumbnailUrl\":\"https:\\\/\\\/www.ecovis.com\\\/uruguay\\\/es\\\/wp-content\\\/uploads\\\/sites\\\/3\\\/2025\\\/02\\\/NL307_exoneracion.jpg\",\"datePublished\":\"2025-02-10T08:18:59+00:00\",\"dateModified\":\"2025-02-10T08:23:13+00:00\",\"author\":{\"@id\":\"https:\\\/\\\/www.ecovis.com\\\/uruguay\\\/es\\\/#\\\/schema\\\/person\\\/3534ca2ace82a2b5e11d9092650e0703\"},\"breadcrumb\":{\"@id\":\"https:\\\/\\\/www.ecovis.com\\\/uruguay\\\/es\\\/blog\\\/2025\\\/02\\\/10\\\/iva-exoneracion\\\/#breadcrumb\"},\"inLanguage\":\"es-UY\",\"potentialAction\":[{\"@type\":\"ReadAction\",\"target\":[\"https:\\\/\\\/www.ecovis.com\\\/uruguay\\\/es\\\/blog\\\/2025\\\/02\\\/10\\\/iva-exoneracion\\\/\"]}]},{\"@type\":\"ImageObject\",\"inLanguage\":\"es-UY\",\"@id\":\"https:\\\/\\\/www.ecovis.com\\\/uruguay\\\/es\\\/blog\\\/2025\\\/02\\\/10\\\/iva-exoneracion\\\/#primaryimage\",\"url\":\"https:\\\/\\\/www.ecovis.com\\\/uruguay\\\/es\\\/wp-content\\\/uploads\\\/sites\\\/3\\\/2025\\\/02\\\/NL307_exoneracion.jpg\",\"contentUrl\":\"https:\\\/\\\/www.ecovis.com\\\/uruguay\\\/es\\\/wp-content\\\/uploads\\\/sites\\\/3\\\/2025\\\/02\\\/NL307_exoneracion.jpg\",\"width\":1280,\"height\":550,\"caption\":\"\u00a9 diego-f-parra, Pexels\"},{\"@type\":\"BreadcrumbList\",\"@id\":\"https:\\\/\\\/www.ecovis.com\\\/uruguay\\\/es\\\/blog\\\/2025\\\/02\\\/10\\\/iva-exoneracion\\\/#breadcrumb\",\"itemListElement\":[{\"@type\":\"ListItem\",\"position\":1,\"name\":\"Ecovis Global\",\"item\":\"https:\\\/\\\/www.ecovis.com\\\/\"},{\"@type\":\"ListItem\",\"position\":2,\"name\":\"Inicio\",\"item\":\"https:\\\/\\\/www.ecovis.com\\\/uruguay\\\/es\\\/\"},{\"@type\":\"ListItem\",\"position\":3,\"name\":\"IVA \u2013 exoneraci\u00f3n\"}]},{\"@type\":\"WebSite\",\"@id\":\"https:\\\/\\\/www.ecovis.com\\\/uruguay\\\/es\\\/#website\",\"url\":\"https:\\\/\\\/www.ecovis.com\\\/uruguay\\\/es\\\/\",\"name\":\"Ecovis.com\",\"description\":\"\",\"potentialAction\":[{\"@type\":\"SearchAction\",\"target\":{\"@type\":\"EntryPoint\",\"urlTemplate\":\"https:\\\/\\\/www.ecovis.com\\\/uruguay\\\/es\\\/?s={search_term_string}\"},\"query-input\":{\"@type\":\"PropertyValueSpecification\",\"valueRequired\":true,\"valueName\":\"search_term_string\"}}],\"inLanguage\":\"es-UY\"},{\"@type\":\"Person\",\"@id\":\"https:\\\/\\\/www.ecovis.com\\\/uruguay\\\/es\\\/#\\\/schema\\\/person\\\/3534ca2ace82a2b5e11d9092650e0703\",\"name\":\"fg_uruguay\",\"image\":{\"@type\":\"ImageObject\",\"inLanguage\":\"es-UY\",\"@id\":\"https:\\\/\\\/secure.gravatar.com\\\/avatar\\\/d8f8cdb8dedf4903b4419a5b22f1a43436ad0387b7c6d10390caed756603f27f?s=96&d=mm&r=g\",\"url\":\"https:\\\/\\\/secure.gravatar.com\\\/avatar\\\/d8f8cdb8dedf4903b4419a5b22f1a43436ad0387b7c6d10390caed756603f27f?s=96&d=mm&r=g\",\"contentUrl\":\"https:\\\/\\\/secure.gravatar.com\\\/avatar\\\/d8f8cdb8dedf4903b4419a5b22f1a43436ad0387b7c6d10390caed756603f27f?s=96&d=mm&r=g\",\"caption\":\"fg_uruguay\"},\"url\":\"https:\\\/\\\/www.ecovis.com\\\/uruguay\\\/es\\\/blog\\\/author\\\/fg_uruguay\\\/\"}]}<\/script>\n<!-- \/ Yoast SEO plugin. -->","yoast_head_json":{"title":"IVA \u2013 exoneraci\u00f3n - Ecovis en Uruguay","robots":{"index":"index","follow":"follow","max-snippet":"max-snippet:-1","max-image-preview":"max-image-preview:large","max-video-preview":"max-video-preview:-1"},"canonical":"https:\/\/www.ecovis.com\/uruguay\/es\/blog\/2025\/02\/10\/iva-exoneracion\/","og_locale":"es_ES","og_type":"article","og_title":"IVA \u2013 exoneraci\u00f3n - Ecovis en Uruguay","og_description":"Mediante la Resoluci\u00f3n 171\/025 la DGI incluy\u00f3 dentro de la n\u00f3mina de bienes exonerados delIVA a los Carros de plataforma o chatas de transporte agr\u00edcola.","og_url":"https:\/\/www.ecovis.com\/uruguay\/es\/blog\/2025\/02\/10\/iva-exoneracion\/","og_site_name":"Ecovis en Uruguay","article_published_time":"2025-02-10T08:18:59+00:00","article_modified_time":"2025-02-10T08:23:13+00:00","og_image":[{"width":1280,"height":550,"url":"https:\/\/www.ecovis.com\/uruguay\/es\/wp-content\/uploads\/sites\/3\/2025\/02\/NL307_exoneracion.jpg","type":"image\/jpeg"}],"author":"fg_uruguay","twitter_card":"summary_large_image","twitter_misc":{"Written by":"fg_uruguay","Est. reading time":"1 minuto"},"schema":{"@context":"https:\/\/schema.org","@graph":[{"@type":"Article","@id":"https:\/\/www.ecovis.com\/uruguay\/es\/blog\/2025\/02\/10\/iva-exoneracion\/#article","isPartOf":{"@id":"https:\/\/www.ecovis.com\/uruguay\/es\/blog\/2025\/02\/10\/iva-exoneracion\/"},"author":{"name":"fg_uruguay","@id":"https:\/\/www.ecovis.com\/uruguay\/es\/#\/schema\/person\/3534ca2ace82a2b5e11d9092650e0703"},"headline":"IVA \u2013 exoneraci\u00f3n","datePublished":"2025-02-10T08:18:59+00:00","dateModified":"2025-02-10T08:23:13+00:00","mainEntityOfPage":{"@id":"https:\/\/www.ecovis.com\/uruguay\/es\/blog\/2025\/02\/10\/iva-exoneracion\/"},"wordCount":30,"image":{"@id":"https:\/\/www.ecovis.com\/uruguay\/es\/blog\/2025\/02\/10\/iva-exoneracion\/#primaryimage"},"thumbnailUrl":"https:\/\/www.ecovis.com\/uruguay\/es\/wp-content\/uploads\/sites\/3\/2025\/02\/NL307_exoneracion.jpg","keywords":["Issue 307"],"articleSection":["Novedades"],"inLanguage":"es-UY"},{"@type":"WebPage","@id":"https:\/\/www.ecovis.com\/uruguay\/es\/blog\/2025\/02\/10\/iva-exoneracion\/","url":"https:\/\/www.ecovis.com\/uruguay\/es\/blog\/2025\/02\/10\/iva-exoneracion\/","name":"IVA \u2013 exoneraci\u00f3n - Ecovis en Uruguay","isPartOf":{"@id":"https:\/\/www.ecovis.com\/uruguay\/es\/#website"},"primaryImageOfPage":{"@id":"https:\/\/www.ecovis.com\/uruguay\/es\/blog\/2025\/02\/10\/iva-exoneracion\/#primaryimage"},"image":{"@id":"https:\/\/www.ecovis.com\/uruguay\/es\/blog\/2025\/02\/10\/iva-exoneracion\/#primaryimage"},"thumbnailUrl":"https:\/\/www.ecovis.com\/uruguay\/es\/wp-content\/uploads\/sites\/3\/2025\/02\/NL307_exoneracion.jpg","datePublished":"2025-02-10T08:18:59+00:00","dateModified":"2025-02-10T08:23:13+00:00","author":{"@id":"https:\/\/www.ecovis.com\/uruguay\/es\/#\/schema\/person\/3534ca2ace82a2b5e11d9092650e0703"},"breadcrumb":{"@id":"https:\/\/www.ecovis.com\/uruguay\/es\/blog\/2025\/02\/10\/iva-exoneracion\/#breadcrumb"},"inLanguage":"es-UY","potentialAction":[{"@type":"ReadAction","target":["https:\/\/www.ecovis.com\/uruguay\/es\/blog\/2025\/02\/10\/iva-exoneracion\/"]}]},{"@type":"ImageObject","inLanguage":"es-UY","@id":"https:\/\/www.ecovis.com\/uruguay\/es\/blog\/2025\/02\/10\/iva-exoneracion\/#primaryimage","url":"https:\/\/www.ecovis.com\/uruguay\/es\/wp-content\/uploads\/sites\/3\/2025\/02\/NL307_exoneracion.jpg","contentUrl":"https:\/\/www.ecovis.com\/uruguay\/es\/wp-content\/uploads\/sites\/3\/2025\/02\/NL307_exoneracion.jpg","width":1280,"height":550,"caption":"\u00a9 diego-f-parra, Pexels"},{"@type":"BreadcrumbList","@id":"https:\/\/www.ecovis.com\/uruguay\/es\/blog\/2025\/02\/10\/iva-exoneracion\/#breadcrumb","itemListElement":[{"@type":"ListItem","position":1,"name":"Ecovis Global","item":"https:\/\/www.ecovis.com\/"},{"@type":"ListItem","position":2,"name":"Inicio","item":"https:\/\/www.ecovis.com\/uruguay\/es\/"},{"@type":"ListItem","position":3,"name":"IVA \u2013 exoneraci\u00f3n"}]},{"@type":"WebSite","@id":"https:\/\/www.ecovis.com\/uruguay\/es\/#website","url":"https:\/\/www.ecovis.com\/uruguay\/es\/","name":"Ecovis.com","description":"","potentialAction":[{"@type":"SearchAction","target":{"@type":"EntryPoint","urlTemplate":"https:\/\/www.ecovis.com\/uruguay\/es\/?s={search_term_string}"},"query-input":{"@type":"PropertyValueSpecification","valueRequired":true,"valueName":"search_term_string"}}],"inLanguage":"es-UY"},{"@type":"Person","@id":"https:\/\/www.ecovis.com\/uruguay\/es\/#\/schema\/person\/3534ca2ace82a2b5e11d9092650e0703","name":"fg_uruguay","image":{"@type":"ImageObject","inLanguage":"es-UY","@id":"https:\/\/secure.gravatar.com\/avatar\/d8f8cdb8dedf4903b4419a5b22f1a43436ad0387b7c6d10390caed756603f27f?s=96&d=mm&r=g","url":"https:\/\/secure.gravatar.com\/avatar\/d8f8cdb8dedf4903b4419a5b22f1a43436ad0387b7c6d10390caed756603f27f?s=96&d=mm&r=g","contentUrl":"https:\/\/secure.gravatar.com\/avatar\/d8f8cdb8dedf4903b4419a5b22f1a43436ad0387b7c6d10390caed756603f27f?s=96&d=mm&r=g","caption":"fg_uruguay"},"url":"https:\/\/www.ecovis.com\/uruguay\/es\/blog\/author\/fg_uruguay\/"}]}},"featured_image_url":"https:\/\/www.ecovis.com\/uruguay\/es\/wp-content\/uploads\/sites\/3\/2025\/02\/NL307_exoneracion-300x150.jpg","featured_image_url_large":"https:\/\/www.ecovis.com\/uruguay\/es\/wp-content\/uploads\/sites\/3\/2025\/02\/NL307_exoneracion.jpg","_links":{"self":[{"href":"https:\/\/www.ecovis.com\/uruguay\/es\/wp-json\/wp\/v2\/posts\/3387","targetHints":{"allow":["GET"]}}],"collection":[{"href":"https:\/\/www.ecovis.com\/uruguay\/es\/wp-json\/wp\/v2\/posts"}],"about":[{"href":"https:\/\/www.ecovis.com\/uruguay\/es\/wp-json\/wp\/v2\/types\/post"}],"author":[{"embeddable":true,"href":"https:\/\/www.ecovis.com\/uruguay\/es\/wp-json\/wp\/v2\/users\/15"}],"replies":[{"embeddable":true,"href":"https:\/\/www.ecovis.com\/uruguay\/es\/wp-json\/wp\/v2\/comments?post=3387"}],"version-history":[{"count":1,"href":"https:\/\/www.ecovis.com\/uruguay\/es\/wp-json\/wp\/v2\/posts\/3387\/revisions"}],"predecessor-version":[{"id":3389,"href":"https:\/\/www.ecovis.com\/uruguay\/es\/wp-json\/wp\/v2\/posts\/3387\/revisions\/3389"}],"wp:featuredmedia":[{"embeddable":true,"href":"https:\/\/www.ecovis.com\/uruguay\/es\/wp-json\/wp\/v2\/media\/3388"}],"wp:attachment":[{"href":"https:\/\/www.ecovis.com\/uruguay\/es\/wp-json\/wp\/v2\/media?parent=3387"}],"wp:term":[{"taxonomy":"category","embeddable":true,"href":"https:\/\/www.ecovis.com\/uruguay\/es\/wp-json\/wp\/v2\/categories?post=3387"},{"taxonomy":"post_tag","embeddable":true,"href":"https:\/\/www.ecovis.com\/uruguay\/es\/wp-json\/wp\/v2\/tags?post=3387"}],"curies":[{"name":"wp","href":"https:\/\/api.w.org\/{rel}","templated":true}]}}