{"id":3383,"date":"2025-01-24T17:29:44","date_gmt":"2025-01-24T16:29:44","guid":{"rendered":"https:\/\/www.ecovis.com\/uruguay\/es\/?p=3383"},"modified":"2025-01-24T17:29:44","modified_gmt":"2025-01-24T16:29:44","slug":"complemento-al-salario-vacacional-y-su-tratamiento-para-cess","status":"publish","type":"post","link":"https:\/\/www.ecovis.com\/uruguay\/es\/blog\/2025\/01\/24\/complemento-al-salario-vacacional-y-su-tratamiento-para-cess\/","title":{"rendered":"Complemento al Salario vacacional y su tratamiento para CESS"},"content":{"rendered":"<p>Recientemente el Banco de Previsi\u00f3n Social public\u00f3 una consulta realizada por un contribuyente que opera en la rama farmac\u00e9utica sobre el tratamiento que se le debe\u00a0 otorgar al salario vacacional complementario y su forma de c\u00e1lculo.<\/p>\n<p>Espec\u00edficamente, la consulta versa sobre c\u00f3mo debe considerarse el salario vacacional y el complemento que se abona en la industria farmac\u00e9utica, en virtud de los Convenios Colectivos de Trabajo vigentes para el sector.<\/p>\n<p>La empresa manifiesta en la consulta que, ya sea por consejo de salarios o por decisiones internas de la empresa se abonan 30 d\u00edas de salario vacacional y se gozan 28 d\u00edas de licencia. Adelanta opini\u00f3n que en la medida que el pago no excede el 100% del monto legal, siempre que se otorguen en forma simult\u00e1nea con el pago de la suma principal, no estar\u00e1 gravado por CESS.<\/p>\n","protected":false},"excerpt":{"rendered":"<p>Recientemente el Banco de Previsi\u00f3n Social public\u00f3 una consulta realizada por un contribuyente que opera en la rama farmac\u00e9utica sobre el tratamiento que se le debe\u00a0 otorgar al salario vacacional complementario y su forma de c\u00e1lculo. Espec\u00edficamente, la consulta versa sobre c\u00f3mo debe considerarse el salario vacacional y el complemento que se abona en la [&hellip;]<\/p>\n","protected":false},"author":15,"featured_media":3384,"comment_status":"closed","ping_status":"open","sticky":false,"template":"","format":"standard","meta":{"_acf_changed":false,"footnotes":""},"categories":[30],"tags":[92],"class_list":["post-3383","post","type-post","status-publish","format-standard","has-post-thumbnail","hentry","category-novedades","tag-issue-306"],"acf":[],"yoast_head":"<!-- This site is optimized with the Yoast SEO plugin v27.4 - https:\/\/yoast.com\/product\/yoast-seo-wordpress\/ -->\n<title>Complemento al Salario vacacional y su tratamiento para CESS - Ecovis en Uruguay<\/title>\n<meta name=\"robots\" content=\"index, follow, max-snippet:-1, max-image-preview:large, max-video-preview:-1\" \/>\n<link rel=\"canonical\" href=\"https:\/\/www.ecovis.com\/uruguay\/es\/blog\/2025\/01\/24\/complemento-al-salario-vacacional-y-su-tratamiento-para-cess\/\" \/>\n<meta property=\"og:locale\" content=\"es_ES\" \/>\n<meta property=\"og:type\" content=\"article\" \/>\n<meta property=\"og:title\" content=\"Complemento al Salario vacacional y su tratamiento para CESS - Ecovis en Uruguay\" \/>\n<meta property=\"og:description\" content=\"Recientemente el Banco de Previsi\u00f3n Social public\u00f3 una consulta realizada por un contribuyente que opera en la rama farmac\u00e9utica sobre el tratamiento que se le debe\u00a0 otorgar al salario vacacional complementario y su forma de c\u00e1lculo. Espec\u00edficamente, la consulta versa sobre c\u00f3mo debe considerarse el salario vacacional y el complemento que se abona en la [&hellip;]\" \/>\n<meta property=\"og:url\" content=\"https:\/\/www.ecovis.com\/uruguay\/es\/blog\/2025\/01\/24\/complemento-al-salario-vacacional-y-su-tratamiento-para-cess\/\" \/>\n<meta property=\"og:site_name\" content=\"Ecovis en Uruguay\" \/>\n<meta property=\"article:published_time\" content=\"2025-01-24T16:29:44+00:00\" \/>\n<meta property=\"og:image\" content=\"https:\/\/www.ecovis.com\/uruguay\/es\/wp-content\/uploads\/sites\/3\/2025\/01\/NL306_salario-vacacional.jpg\" \/>\n\t<meta property=\"og:image:width\" content=\"1280\" \/>\n\t<meta property=\"og:image:height\" content=\"550\" \/>\n\t<meta property=\"og:image:type\" content=\"image\/jpeg\" \/>\n<meta name=\"author\" content=\"fg_uruguay\" \/>\n<meta name=\"twitter:card\" content=\"summary_large_image\" \/>\n<meta name=\"twitter:label1\" content=\"Written by\" \/>\n\t<meta name=\"twitter:data1\" content=\"fg_uruguay\" \/>\n\t<meta name=\"twitter:label2\" content=\"Est. reading time\" \/>\n\t<meta name=\"twitter:data2\" content=\"1 minuto\" \/>\n<script type=\"application\/ld+json\" class=\"yoast-schema-graph\">{\"@context\":\"https:\\\/\\\/schema.org\",\"@graph\":[{\"@type\":\"Article\",\"@id\":\"https:\\\/\\\/www.ecovis.com\\\/uruguay\\\/es\\\/blog\\\/2025\\\/01\\\/24\\\/complemento-al-salario-vacacional-y-su-tratamiento-para-cess\\\/#article\",\"isPartOf\":{\"@id\":\"https:\\\/\\\/www.ecovis.com\\\/uruguay\\\/es\\\/blog\\\/2025\\\/01\\\/24\\\/complemento-al-salario-vacacional-y-su-tratamiento-para-cess\\\/\"},\"author\":{\"name\":\"fg_uruguay\",\"@id\":\"https:\\\/\\\/www.ecovis.com\\\/uruguay\\\/es\\\/#\\\/schema\\\/person\\\/3534ca2ace82a2b5e11d9092650e0703\"},\"headline\":\"Complemento al Salario vacacional y su tratamiento para CESS\",\"datePublished\":\"2025-01-24T16:29:44+00:00\",\"mainEntityOfPage\":{\"@id\":\"https:\\\/\\\/www.ecovis.com\\\/uruguay\\\/es\\\/blog\\\/2025\\\/01\\\/24\\\/complemento-al-salario-vacacional-y-su-tratamiento-para-cess\\\/\"},\"wordCount\":154,\"image\":{\"@id\":\"https:\\\/\\\/www.ecovis.com\\\/uruguay\\\/es\\\/blog\\\/2025\\\/01\\\/24\\\/complemento-al-salario-vacacional-y-su-tratamiento-para-cess\\\/#primaryimage\"},\"thumbnailUrl\":\"https:\\\/\\\/www.ecovis.com\\\/uruguay\\\/es\\\/wp-content\\\/uploads\\\/sites\\\/3\\\/2025\\\/01\\\/NL306_salario-vacacional.jpg\",\"keywords\":[\"Issue 306\"],\"articleSection\":[\"Novedades\"],\"inLanguage\":\"es-UY\"},{\"@type\":\"WebPage\",\"@id\":\"https:\\\/\\\/www.ecovis.com\\\/uruguay\\\/es\\\/blog\\\/2025\\\/01\\\/24\\\/complemento-al-salario-vacacional-y-su-tratamiento-para-cess\\\/\",\"url\":\"https:\\\/\\\/www.ecovis.com\\\/uruguay\\\/es\\\/blog\\\/2025\\\/01\\\/24\\\/complemento-al-salario-vacacional-y-su-tratamiento-para-cess\\\/\",\"name\":\"Complemento al Salario vacacional y su tratamiento para CESS - Ecovis en Uruguay\",\"isPartOf\":{\"@id\":\"https:\\\/\\\/www.ecovis.com\\\/uruguay\\\/es\\\/#website\"},\"primaryImageOfPage\":{\"@id\":\"https:\\\/\\\/www.ecovis.com\\\/uruguay\\\/es\\\/blog\\\/2025\\\/01\\\/24\\\/complemento-al-salario-vacacional-y-su-tratamiento-para-cess\\\/#primaryimage\"},\"image\":{\"@id\":\"https:\\\/\\\/www.ecovis.com\\\/uruguay\\\/es\\\/blog\\\/2025\\\/01\\\/24\\\/complemento-al-salario-vacacional-y-su-tratamiento-para-cess\\\/#primaryimage\"},\"thumbnailUrl\":\"https:\\\/\\\/www.ecovis.com\\\/uruguay\\\/es\\\/wp-content\\\/uploads\\\/sites\\\/3\\\/2025\\\/01\\\/NL306_salario-vacacional.jpg\",\"datePublished\":\"2025-01-24T16:29:44+00:00\",\"author\":{\"@id\":\"https:\\\/\\\/www.ecovis.com\\\/uruguay\\\/es\\\/#\\\/schema\\\/person\\\/3534ca2ace82a2b5e11d9092650e0703\"},\"breadcrumb\":{\"@id\":\"https:\\\/\\\/www.ecovis.com\\\/uruguay\\\/es\\\/blog\\\/2025\\\/01\\\/24\\\/complemento-al-salario-vacacional-y-su-tratamiento-para-cess\\\/#breadcrumb\"},\"inLanguage\":\"es-UY\",\"potentialAction\":[{\"@type\":\"ReadAction\",\"target\":[\"https:\\\/\\\/www.ecovis.com\\\/uruguay\\\/es\\\/blog\\\/2025\\\/01\\\/24\\\/complemento-al-salario-vacacional-y-su-tratamiento-para-cess\\\/\"]}]},{\"@type\":\"ImageObject\",\"inLanguage\":\"es-UY\",\"@id\":\"https:\\\/\\\/www.ecovis.com\\\/uruguay\\\/es\\\/blog\\\/2025\\\/01\\\/24\\\/complemento-al-salario-vacacional-y-su-tratamiento-para-cess\\\/#primaryimage\",\"url\":\"https:\\\/\\\/www.ecovis.com\\\/uruguay\\\/es\\\/wp-content\\\/uploads\\\/sites\\\/3\\\/2025\\\/01\\\/NL306_salario-vacacional.jpg\",\"contentUrl\":\"https:\\\/\\\/www.ecovis.com\\\/uruguay\\\/es\\\/wp-content\\\/uploads\\\/sites\\\/3\\\/2025\\\/01\\\/NL306_salario-vacacional.jpg\",\"width\":1280,\"height\":550,\"caption\":\"\u00a9 padrinan, Pexels\"},{\"@type\":\"BreadcrumbList\",\"@id\":\"https:\\\/\\\/www.ecovis.com\\\/uruguay\\\/es\\\/blog\\\/2025\\\/01\\\/24\\\/complemento-al-salario-vacacional-y-su-tratamiento-para-cess\\\/#breadcrumb\",\"itemListElement\":[{\"@type\":\"ListItem\",\"position\":1,\"name\":\"Ecovis Global\",\"item\":\"https:\\\/\\\/www.ecovis.com\\\/\"},{\"@type\":\"ListItem\",\"position\":2,\"name\":\"Inicio\",\"item\":\"https:\\\/\\\/www.ecovis.com\\\/uruguay\\\/es\\\/\"},{\"@type\":\"ListItem\",\"position\":3,\"name\":\"Complemento al Salario vacacional y su tratamiento para CESS\"}]},{\"@type\":\"WebSite\",\"@id\":\"https:\\\/\\\/www.ecovis.com\\\/uruguay\\\/es\\\/#website\",\"url\":\"https:\\\/\\\/www.ecovis.com\\\/uruguay\\\/es\\\/\",\"name\":\"Ecovis.com\",\"description\":\"\",\"potentialAction\":[{\"@type\":\"SearchAction\",\"target\":{\"@type\":\"EntryPoint\",\"urlTemplate\":\"https:\\\/\\\/www.ecovis.com\\\/uruguay\\\/es\\\/?s={search_term_string}\"},\"query-input\":{\"@type\":\"PropertyValueSpecification\",\"valueRequired\":true,\"valueName\":\"search_term_string\"}}],\"inLanguage\":\"es-UY\"},{\"@type\":\"Person\",\"@id\":\"https:\\\/\\\/www.ecovis.com\\\/uruguay\\\/es\\\/#\\\/schema\\\/person\\\/3534ca2ace82a2b5e11d9092650e0703\",\"name\":\"fg_uruguay\",\"image\":{\"@type\":\"ImageObject\",\"inLanguage\":\"es-UY\",\"@id\":\"https:\\\/\\\/secure.gravatar.com\\\/avatar\\\/d8f8cdb8dedf4903b4419a5b22f1a43436ad0387b7c6d10390caed756603f27f?s=96&d=mm&r=g\",\"url\":\"https:\\\/\\\/secure.gravatar.com\\\/avatar\\\/d8f8cdb8dedf4903b4419a5b22f1a43436ad0387b7c6d10390caed756603f27f?s=96&d=mm&r=g\",\"contentUrl\":\"https:\\\/\\\/secure.gravatar.com\\\/avatar\\\/d8f8cdb8dedf4903b4419a5b22f1a43436ad0387b7c6d10390caed756603f27f?s=96&d=mm&r=g\",\"caption\":\"fg_uruguay\"},\"url\":\"https:\\\/\\\/www.ecovis.com\\\/uruguay\\\/es\\\/blog\\\/author\\\/fg_uruguay\\\/\"}]}<\/script>\n<!-- \/ Yoast SEO plugin. -->","yoast_head_json":{"title":"Complemento al Salario vacacional y su tratamiento para CESS - Ecovis en Uruguay","robots":{"index":"index","follow":"follow","max-snippet":"max-snippet:-1","max-image-preview":"max-image-preview:large","max-video-preview":"max-video-preview:-1"},"canonical":"https:\/\/www.ecovis.com\/uruguay\/es\/blog\/2025\/01\/24\/complemento-al-salario-vacacional-y-su-tratamiento-para-cess\/","og_locale":"es_ES","og_type":"article","og_title":"Complemento al Salario vacacional y su tratamiento para CESS - Ecovis en Uruguay","og_description":"Recientemente el Banco de Previsi\u00f3n Social public\u00f3 una consulta realizada por un contribuyente que opera en la rama farmac\u00e9utica sobre el tratamiento que se le debe\u00a0 otorgar al salario vacacional complementario y su forma de c\u00e1lculo. Espec\u00edficamente, la consulta versa sobre c\u00f3mo debe considerarse el salario vacacional y el complemento que se abona en la [&hellip;]","og_url":"https:\/\/www.ecovis.com\/uruguay\/es\/blog\/2025\/01\/24\/complemento-al-salario-vacacional-y-su-tratamiento-para-cess\/","og_site_name":"Ecovis en Uruguay","article_published_time":"2025-01-24T16:29:44+00:00","og_image":[{"width":1280,"height":550,"url":"https:\/\/www.ecovis.com\/uruguay\/es\/wp-content\/uploads\/sites\/3\/2025\/01\/NL306_salario-vacacional.jpg","type":"image\/jpeg"}],"author":"fg_uruguay","twitter_card":"summary_large_image","twitter_misc":{"Written by":"fg_uruguay","Est. reading time":"1 minuto"},"schema":{"@context":"https:\/\/schema.org","@graph":[{"@type":"Article","@id":"https:\/\/www.ecovis.com\/uruguay\/es\/blog\/2025\/01\/24\/complemento-al-salario-vacacional-y-su-tratamiento-para-cess\/#article","isPartOf":{"@id":"https:\/\/www.ecovis.com\/uruguay\/es\/blog\/2025\/01\/24\/complemento-al-salario-vacacional-y-su-tratamiento-para-cess\/"},"author":{"name":"fg_uruguay","@id":"https:\/\/www.ecovis.com\/uruguay\/es\/#\/schema\/person\/3534ca2ace82a2b5e11d9092650e0703"},"headline":"Complemento al Salario vacacional y su tratamiento para CESS","datePublished":"2025-01-24T16:29:44+00:00","mainEntityOfPage":{"@id":"https:\/\/www.ecovis.com\/uruguay\/es\/blog\/2025\/01\/24\/complemento-al-salario-vacacional-y-su-tratamiento-para-cess\/"},"wordCount":154,"image":{"@id":"https:\/\/www.ecovis.com\/uruguay\/es\/blog\/2025\/01\/24\/complemento-al-salario-vacacional-y-su-tratamiento-para-cess\/#primaryimage"},"thumbnailUrl":"https:\/\/www.ecovis.com\/uruguay\/es\/wp-content\/uploads\/sites\/3\/2025\/01\/NL306_salario-vacacional.jpg","keywords":["Issue 306"],"articleSection":["Novedades"],"inLanguage":"es-UY"},{"@type":"WebPage","@id":"https:\/\/www.ecovis.com\/uruguay\/es\/blog\/2025\/01\/24\/complemento-al-salario-vacacional-y-su-tratamiento-para-cess\/","url":"https:\/\/www.ecovis.com\/uruguay\/es\/blog\/2025\/01\/24\/complemento-al-salario-vacacional-y-su-tratamiento-para-cess\/","name":"Complemento al Salario vacacional y su tratamiento para CESS - Ecovis en Uruguay","isPartOf":{"@id":"https:\/\/www.ecovis.com\/uruguay\/es\/#website"},"primaryImageOfPage":{"@id":"https:\/\/www.ecovis.com\/uruguay\/es\/blog\/2025\/01\/24\/complemento-al-salario-vacacional-y-su-tratamiento-para-cess\/#primaryimage"},"image":{"@id":"https:\/\/www.ecovis.com\/uruguay\/es\/blog\/2025\/01\/24\/complemento-al-salario-vacacional-y-su-tratamiento-para-cess\/#primaryimage"},"thumbnailUrl":"https:\/\/www.ecovis.com\/uruguay\/es\/wp-content\/uploads\/sites\/3\/2025\/01\/NL306_salario-vacacional.jpg","datePublished":"2025-01-24T16:29:44+00:00","author":{"@id":"https:\/\/www.ecovis.com\/uruguay\/es\/#\/schema\/person\/3534ca2ace82a2b5e11d9092650e0703"},"breadcrumb":{"@id":"https:\/\/www.ecovis.com\/uruguay\/es\/blog\/2025\/01\/24\/complemento-al-salario-vacacional-y-su-tratamiento-para-cess\/#breadcrumb"},"inLanguage":"es-UY","potentialAction":[{"@type":"ReadAction","target":["https:\/\/www.ecovis.com\/uruguay\/es\/blog\/2025\/01\/24\/complemento-al-salario-vacacional-y-su-tratamiento-para-cess\/"]}]},{"@type":"ImageObject","inLanguage":"es-UY","@id":"https:\/\/www.ecovis.com\/uruguay\/es\/blog\/2025\/01\/24\/complemento-al-salario-vacacional-y-su-tratamiento-para-cess\/#primaryimage","url":"https:\/\/www.ecovis.com\/uruguay\/es\/wp-content\/uploads\/sites\/3\/2025\/01\/NL306_salario-vacacional.jpg","contentUrl":"https:\/\/www.ecovis.com\/uruguay\/es\/wp-content\/uploads\/sites\/3\/2025\/01\/NL306_salario-vacacional.jpg","width":1280,"height":550,"caption":"\u00a9 padrinan, Pexels"},{"@type":"BreadcrumbList","@id":"https:\/\/www.ecovis.com\/uruguay\/es\/blog\/2025\/01\/24\/complemento-al-salario-vacacional-y-su-tratamiento-para-cess\/#breadcrumb","itemListElement":[{"@type":"ListItem","position":1,"name":"Ecovis Global","item":"https:\/\/www.ecovis.com\/"},{"@type":"ListItem","position":2,"name":"Inicio","item":"https:\/\/www.ecovis.com\/uruguay\/es\/"},{"@type":"ListItem","position":3,"name":"Complemento al Salario vacacional y su tratamiento para CESS"}]},{"@type":"WebSite","@id":"https:\/\/www.ecovis.com\/uruguay\/es\/#website","url":"https:\/\/www.ecovis.com\/uruguay\/es\/","name":"Ecovis.com","description":"","potentialAction":[{"@type":"SearchAction","target":{"@type":"EntryPoint","urlTemplate":"https:\/\/www.ecovis.com\/uruguay\/es\/?s={search_term_string}"},"query-input":{"@type":"PropertyValueSpecification","valueRequired":true,"valueName":"search_term_string"}}],"inLanguage":"es-UY"},{"@type":"Person","@id":"https:\/\/www.ecovis.com\/uruguay\/es\/#\/schema\/person\/3534ca2ace82a2b5e11d9092650e0703","name":"fg_uruguay","image":{"@type":"ImageObject","inLanguage":"es-UY","@id":"https:\/\/secure.gravatar.com\/avatar\/d8f8cdb8dedf4903b4419a5b22f1a43436ad0387b7c6d10390caed756603f27f?s=96&d=mm&r=g","url":"https:\/\/secure.gravatar.com\/avatar\/d8f8cdb8dedf4903b4419a5b22f1a43436ad0387b7c6d10390caed756603f27f?s=96&d=mm&r=g","contentUrl":"https:\/\/secure.gravatar.com\/avatar\/d8f8cdb8dedf4903b4419a5b22f1a43436ad0387b7c6d10390caed756603f27f?s=96&d=mm&r=g","caption":"fg_uruguay"},"url":"https:\/\/www.ecovis.com\/uruguay\/es\/blog\/author\/fg_uruguay\/"}]}},"featured_image_url":"https:\/\/www.ecovis.com\/uruguay\/es\/wp-content\/uploads\/sites\/3\/2025\/01\/NL306_salario-vacacional-300x150.jpg","featured_image_url_large":"https:\/\/www.ecovis.com\/uruguay\/es\/wp-content\/uploads\/sites\/3\/2025\/01\/NL306_salario-vacacional.jpg","_links":{"self":[{"href":"https:\/\/www.ecovis.com\/uruguay\/es\/wp-json\/wp\/v2\/posts\/3383","targetHints":{"allow":["GET"]}}],"collection":[{"href":"https:\/\/www.ecovis.com\/uruguay\/es\/wp-json\/wp\/v2\/posts"}],"about":[{"href":"https:\/\/www.ecovis.com\/uruguay\/es\/wp-json\/wp\/v2\/types\/post"}],"author":[{"embeddable":true,"href":"https:\/\/www.ecovis.com\/uruguay\/es\/wp-json\/wp\/v2\/users\/15"}],"replies":[{"embeddable":true,"href":"https:\/\/www.ecovis.com\/uruguay\/es\/wp-json\/wp\/v2\/comments?post=3383"}],"version-history":[{"count":1,"href":"https:\/\/www.ecovis.com\/uruguay\/es\/wp-json\/wp\/v2\/posts\/3383\/revisions"}],"predecessor-version":[{"id":3385,"href":"https:\/\/www.ecovis.com\/uruguay\/es\/wp-json\/wp\/v2\/posts\/3383\/revisions\/3385"}],"wp:featuredmedia":[{"embeddable":true,"href":"https:\/\/www.ecovis.com\/uruguay\/es\/wp-json\/wp\/v2\/media\/3384"}],"wp:attachment":[{"href":"https:\/\/www.ecovis.com\/uruguay\/es\/wp-json\/wp\/v2\/media?parent=3383"}],"wp:term":[{"taxonomy":"category","embeddable":true,"href":"https:\/\/www.ecovis.com\/uruguay\/es\/wp-json\/wp\/v2\/categories?post=3383"},{"taxonomy":"post_tag","embeddable":true,"href":"https:\/\/www.ecovis.com\/uruguay\/es\/wp-json\/wp\/v2\/tags?post=3383"}],"curies":[{"name":"wp","href":"https:\/\/api.w.org\/{rel}","templated":true}]}}