{"id":3345,"date":"2024-12-06T16:25:57","date_gmt":"2024-12-06T15:25:57","guid":{"rendered":"https:\/\/www.ecovis.com\/uruguay\/es\/?p=3345"},"modified":"2024-12-06T16:28:26","modified_gmt":"2024-12-06T15:28:26","slug":"incorporacion-al-regimen-de-facturacion-electronica","status":"publish","type":"post","link":"https:\/\/www.ecovis.com\/uruguay\/es\/blog\/2024\/12\/06\/incorporacion-al-regimen-de-facturacion-electronica\/","title":{"rendered":"Incorporaci\u00f3n al R\u00e9gimen de Facturaci\u00f3n Electr\u00f3nica"},"content":{"rendered":"<p>Recordamos que a partir del 1 de enero de 2025 todos los contribuyentes del IVA, incluso de IVA M\u00ednimo ser\u00e1n emisores electr\u00f3nicos, con algunas excepciones puntuales:<\/p>\n<ul>\n<li>Los que desarrollen exclusivamente actividades agropecuarias y obtengan en el ejercicio ingresos inferiores a 4 millones de UI.<\/li>\n<li>Quienes realicen exclusivamente actos de agregaci\u00f3n de valor en la construcci\u00f3n sobre inmuebles.<\/li>\n<li>Contribuyentes del Impuesto a las Rentas de los No Residentes.<\/li>\n<\/ul>\n<p>Tambi\u00e9n mantienen la excepci\u00f3n los contribuyentes exonerados de impuestos administrados por la DGI por todas sus operaciones (excepto los usuarios directos e indirectos de zona franca) y los contribuyentes del Monotributo, del Monotributo Social Mides y del Aporte Social \u00danico de PPL.<\/p>\n","protected":false},"excerpt":{"rendered":"<p>Recordamos que a partir del 1 de enero de 2025 todos los contribuyentes del IVA, incluso de IVA M\u00ednimo ser\u00e1n emisores electr\u00f3nicos, con algunas excepciones puntuales: Los que desarrollen exclusivamente actividades agropecuarias y obtengan en el ejercicio ingresos inferiores a 4 millones de UI. Quienes realicen exclusivamente actos de agregaci\u00f3n de valor en la construcci\u00f3n [&hellip;]<\/p>\n","protected":false},"author":15,"featured_media":3346,"comment_status":"closed","ping_status":"open","sticky":false,"template":"","format":"standard","meta":{"_acf_changed":false,"footnotes":""},"categories":[30],"tags":[89],"class_list":["post-3345","post","type-post","status-publish","format-standard","has-post-thumbnail","hentry","category-novedades","tag-issue-303"],"acf":[],"yoast_head":"<!-- This site is optimized with the Yoast SEO plugin v27.4 - https:\/\/yoast.com\/product\/yoast-seo-wordpress\/ -->\n<title>Incorporaci\u00f3n al R\u00e9gimen de Facturaci\u00f3n Electr\u00f3nica - Ecovis en Uruguay<\/title>\n<meta name=\"robots\" content=\"index, follow, max-snippet:-1, max-image-preview:large, max-video-preview:-1\" \/>\n<link rel=\"canonical\" href=\"https:\/\/www.ecovis.com\/uruguay\/es\/blog\/2024\/12\/06\/incorporacion-al-regimen-de-facturacion-electronica\/\" \/>\n<meta property=\"og:locale\" content=\"es_ES\" \/>\n<meta property=\"og:type\" content=\"article\" \/>\n<meta property=\"og:title\" content=\"Incorporaci\u00f3n al R\u00e9gimen de Facturaci\u00f3n Electr\u00f3nica - Ecovis en Uruguay\" \/>\n<meta property=\"og:description\" content=\"Recordamos que a partir del 1 de enero de 2025 todos los contribuyentes del IVA, incluso de IVA M\u00ednimo ser\u00e1n emisores electr\u00f3nicos, con algunas excepciones puntuales: Los que desarrollen exclusivamente actividades agropecuarias y obtengan en el ejercicio ingresos inferiores a 4 millones de UI. Quienes realicen exclusivamente actos de agregaci\u00f3n de valor en la construcci\u00f3n [&hellip;]\" \/>\n<meta property=\"og:url\" content=\"https:\/\/www.ecovis.com\/uruguay\/es\/blog\/2024\/12\/06\/incorporacion-al-regimen-de-facturacion-electronica\/\" \/>\n<meta property=\"og:site_name\" content=\"Ecovis en Uruguay\" \/>\n<meta property=\"article:published_time\" content=\"2024-12-06T15:25:57+00:00\" \/>\n<meta property=\"article:modified_time\" content=\"2024-12-06T15:28:26+00:00\" \/>\n<meta property=\"og:image\" content=\"https:\/\/www.ecovis.com\/uruguay\/es\/wp-content\/uploads\/sites\/3\/2024\/12\/NL303-Incorporacion.jpg\" \/>\n\t<meta property=\"og:image:width\" content=\"1280\" \/>\n\t<meta property=\"og:image:height\" content=\"550\" \/>\n\t<meta property=\"og:image:type\" content=\"image\/jpeg\" \/>\n<meta name=\"author\" content=\"fg_uruguay\" \/>\n<meta name=\"twitter:card\" content=\"summary_large_image\" \/>\n<meta name=\"twitter:label1\" content=\"Written by\" \/>\n\t<meta name=\"twitter:data1\" content=\"fg_uruguay\" \/>\n\t<meta name=\"twitter:label2\" content=\"Est. reading time\" \/>\n\t<meta name=\"twitter:data2\" content=\"1 minuto\" \/>\n<script type=\"application\/ld+json\" class=\"yoast-schema-graph\">{\"@context\":\"https:\\\/\\\/schema.org\",\"@graph\":[{\"@type\":\"Article\",\"@id\":\"https:\\\/\\\/www.ecovis.com\\\/uruguay\\\/es\\\/blog\\\/2024\\\/12\\\/06\\\/incorporacion-al-regimen-de-facturacion-electronica\\\/#article\",\"isPartOf\":{\"@id\":\"https:\\\/\\\/www.ecovis.com\\\/uruguay\\\/es\\\/blog\\\/2024\\\/12\\\/06\\\/incorporacion-al-regimen-de-facturacion-electronica\\\/\"},\"author\":{\"name\":\"fg_uruguay\",\"@id\":\"https:\\\/\\\/www.ecovis.com\\\/uruguay\\\/es\\\/#\\\/schema\\\/person\\\/3534ca2ace82a2b5e11d9092650e0703\"},\"headline\":\"Incorporaci\u00f3n al R\u00e9gimen de Facturaci\u00f3n Electr\u00f3nica\",\"datePublished\":\"2024-12-06T15:25:57+00:00\",\"dateModified\":\"2024-12-06T15:28:26+00:00\",\"mainEntityOfPage\":{\"@id\":\"https:\\\/\\\/www.ecovis.com\\\/uruguay\\\/es\\\/blog\\\/2024\\\/12\\\/06\\\/incorporacion-al-regimen-de-facturacion-electronica\\\/\"},\"wordCount\":123,\"image\":{\"@id\":\"https:\\\/\\\/www.ecovis.com\\\/uruguay\\\/es\\\/blog\\\/2024\\\/12\\\/06\\\/incorporacion-al-regimen-de-facturacion-electronica\\\/#primaryimage\"},\"thumbnailUrl\":\"https:\\\/\\\/www.ecovis.com\\\/uruguay\\\/es\\\/wp-content\\\/uploads\\\/sites\\\/3\\\/2024\\\/12\\\/NL303-Incorporacion.jpg\",\"keywords\":[\"Issue 303\"],\"articleSection\":[\"Novedades\"],\"inLanguage\":\"es-UY\"},{\"@type\":\"WebPage\",\"@id\":\"https:\\\/\\\/www.ecovis.com\\\/uruguay\\\/es\\\/blog\\\/2024\\\/12\\\/06\\\/incorporacion-al-regimen-de-facturacion-electronica\\\/\",\"url\":\"https:\\\/\\\/www.ecovis.com\\\/uruguay\\\/es\\\/blog\\\/2024\\\/12\\\/06\\\/incorporacion-al-regimen-de-facturacion-electronica\\\/\",\"name\":\"Incorporaci\u00f3n al R\u00e9gimen de Facturaci\u00f3n Electr\u00f3nica - Ecovis en Uruguay\",\"isPartOf\":{\"@id\":\"https:\\\/\\\/www.ecovis.com\\\/uruguay\\\/es\\\/#website\"},\"primaryImageOfPage\":{\"@id\":\"https:\\\/\\\/www.ecovis.com\\\/uruguay\\\/es\\\/blog\\\/2024\\\/12\\\/06\\\/incorporacion-al-regimen-de-facturacion-electronica\\\/#primaryimage\"},\"image\":{\"@id\":\"https:\\\/\\\/www.ecovis.com\\\/uruguay\\\/es\\\/blog\\\/2024\\\/12\\\/06\\\/incorporacion-al-regimen-de-facturacion-electronica\\\/#primaryimage\"},\"thumbnailUrl\":\"https:\\\/\\\/www.ecovis.com\\\/uruguay\\\/es\\\/wp-content\\\/uploads\\\/sites\\\/3\\\/2024\\\/12\\\/NL303-Incorporacion.jpg\",\"datePublished\":\"2024-12-06T15:25:57+00:00\",\"dateModified\":\"2024-12-06T15:28:26+00:00\",\"author\":{\"@id\":\"https:\\\/\\\/www.ecovis.com\\\/uruguay\\\/es\\\/#\\\/schema\\\/person\\\/3534ca2ace82a2b5e11d9092650e0703\"},\"breadcrumb\":{\"@id\":\"https:\\\/\\\/www.ecovis.com\\\/uruguay\\\/es\\\/blog\\\/2024\\\/12\\\/06\\\/incorporacion-al-regimen-de-facturacion-electronica\\\/#breadcrumb\"},\"inLanguage\":\"es-UY\",\"potentialAction\":[{\"@type\":\"ReadAction\",\"target\":[\"https:\\\/\\\/www.ecovis.com\\\/uruguay\\\/es\\\/blog\\\/2024\\\/12\\\/06\\\/incorporacion-al-regimen-de-facturacion-electronica\\\/\"]}]},{\"@type\":\"ImageObject\",\"inLanguage\":\"es-UY\",\"@id\":\"https:\\\/\\\/www.ecovis.com\\\/uruguay\\\/es\\\/blog\\\/2024\\\/12\\\/06\\\/incorporacion-al-regimen-de-facturacion-electronica\\\/#primaryimage\",\"url\":\"https:\\\/\\\/www.ecovis.com\\\/uruguay\\\/es\\\/wp-content\\\/uploads\\\/sites\\\/3\\\/2024\\\/12\\\/NL303-Incorporacion.jpg\",\"contentUrl\":\"https:\\\/\\\/www.ecovis.com\\\/uruguay\\\/es\\\/wp-content\\\/uploads\\\/sites\\\/3\\\/2024\\\/12\\\/NL303-Incorporacion.jpg\",\"width\":1280,\"height\":550,\"caption\":\"\u00a9 Pavel Danilyuk, Pexels\"},{\"@type\":\"BreadcrumbList\",\"@id\":\"https:\\\/\\\/www.ecovis.com\\\/uruguay\\\/es\\\/blog\\\/2024\\\/12\\\/06\\\/incorporacion-al-regimen-de-facturacion-electronica\\\/#breadcrumb\",\"itemListElement\":[{\"@type\":\"ListItem\",\"position\":1,\"name\":\"Ecovis Global\",\"item\":\"https:\\\/\\\/www.ecovis.com\\\/\"},{\"@type\":\"ListItem\",\"position\":2,\"name\":\"Inicio\",\"item\":\"https:\\\/\\\/www.ecovis.com\\\/uruguay\\\/es\\\/\"},{\"@type\":\"ListItem\",\"position\":3,\"name\":\"Incorporaci\u00f3n al R\u00e9gimen de Facturaci\u00f3n Electr\u00f3nica\"}]},{\"@type\":\"WebSite\",\"@id\":\"https:\\\/\\\/www.ecovis.com\\\/uruguay\\\/es\\\/#website\",\"url\":\"https:\\\/\\\/www.ecovis.com\\\/uruguay\\\/es\\\/\",\"name\":\"Ecovis.com\",\"description\":\"\",\"potentialAction\":[{\"@type\":\"SearchAction\",\"target\":{\"@type\":\"EntryPoint\",\"urlTemplate\":\"https:\\\/\\\/www.ecovis.com\\\/uruguay\\\/es\\\/?s={search_term_string}\"},\"query-input\":{\"@type\":\"PropertyValueSpecification\",\"valueRequired\":true,\"valueName\":\"search_term_string\"}}],\"inLanguage\":\"es-UY\"},{\"@type\":\"Person\",\"@id\":\"https:\\\/\\\/www.ecovis.com\\\/uruguay\\\/es\\\/#\\\/schema\\\/person\\\/3534ca2ace82a2b5e11d9092650e0703\",\"name\":\"fg_uruguay\",\"image\":{\"@type\":\"ImageObject\",\"inLanguage\":\"es-UY\",\"@id\":\"https:\\\/\\\/secure.gravatar.com\\\/avatar\\\/d8f8cdb8dedf4903b4419a5b22f1a43436ad0387b7c6d10390caed756603f27f?s=96&d=mm&r=g\",\"url\":\"https:\\\/\\\/secure.gravatar.com\\\/avatar\\\/d8f8cdb8dedf4903b4419a5b22f1a43436ad0387b7c6d10390caed756603f27f?s=96&d=mm&r=g\",\"contentUrl\":\"https:\\\/\\\/secure.gravatar.com\\\/avatar\\\/d8f8cdb8dedf4903b4419a5b22f1a43436ad0387b7c6d10390caed756603f27f?s=96&d=mm&r=g\",\"caption\":\"fg_uruguay\"},\"url\":\"https:\\\/\\\/www.ecovis.com\\\/uruguay\\\/es\\\/blog\\\/author\\\/fg_uruguay\\\/\"}]}<\/script>\n<!-- \/ Yoast SEO plugin. -->","yoast_head_json":{"title":"Incorporaci\u00f3n al R\u00e9gimen de Facturaci\u00f3n Electr\u00f3nica - Ecovis en Uruguay","robots":{"index":"index","follow":"follow","max-snippet":"max-snippet:-1","max-image-preview":"max-image-preview:large","max-video-preview":"max-video-preview:-1"},"canonical":"https:\/\/www.ecovis.com\/uruguay\/es\/blog\/2024\/12\/06\/incorporacion-al-regimen-de-facturacion-electronica\/","og_locale":"es_ES","og_type":"article","og_title":"Incorporaci\u00f3n al R\u00e9gimen de Facturaci\u00f3n Electr\u00f3nica - Ecovis en Uruguay","og_description":"Recordamos que a partir del 1 de enero de 2025 todos los contribuyentes del IVA, incluso de IVA M\u00ednimo ser\u00e1n emisores electr\u00f3nicos, con algunas excepciones puntuales: Los que desarrollen exclusivamente actividades agropecuarias y obtengan en el ejercicio ingresos inferiores a 4 millones de UI. Quienes realicen exclusivamente actos de agregaci\u00f3n de valor en la construcci\u00f3n [&hellip;]","og_url":"https:\/\/www.ecovis.com\/uruguay\/es\/blog\/2024\/12\/06\/incorporacion-al-regimen-de-facturacion-electronica\/","og_site_name":"Ecovis en Uruguay","article_published_time":"2024-12-06T15:25:57+00:00","article_modified_time":"2024-12-06T15:28:26+00:00","og_image":[{"width":1280,"height":550,"url":"https:\/\/www.ecovis.com\/uruguay\/es\/wp-content\/uploads\/sites\/3\/2024\/12\/NL303-Incorporacion.jpg","type":"image\/jpeg"}],"author":"fg_uruguay","twitter_card":"summary_large_image","twitter_misc":{"Written by":"fg_uruguay","Est. reading time":"1 minuto"},"schema":{"@context":"https:\/\/schema.org","@graph":[{"@type":"Article","@id":"https:\/\/www.ecovis.com\/uruguay\/es\/blog\/2024\/12\/06\/incorporacion-al-regimen-de-facturacion-electronica\/#article","isPartOf":{"@id":"https:\/\/www.ecovis.com\/uruguay\/es\/blog\/2024\/12\/06\/incorporacion-al-regimen-de-facturacion-electronica\/"},"author":{"name":"fg_uruguay","@id":"https:\/\/www.ecovis.com\/uruguay\/es\/#\/schema\/person\/3534ca2ace82a2b5e11d9092650e0703"},"headline":"Incorporaci\u00f3n al R\u00e9gimen de Facturaci\u00f3n Electr\u00f3nica","datePublished":"2024-12-06T15:25:57+00:00","dateModified":"2024-12-06T15:28:26+00:00","mainEntityOfPage":{"@id":"https:\/\/www.ecovis.com\/uruguay\/es\/blog\/2024\/12\/06\/incorporacion-al-regimen-de-facturacion-electronica\/"},"wordCount":123,"image":{"@id":"https:\/\/www.ecovis.com\/uruguay\/es\/blog\/2024\/12\/06\/incorporacion-al-regimen-de-facturacion-electronica\/#primaryimage"},"thumbnailUrl":"https:\/\/www.ecovis.com\/uruguay\/es\/wp-content\/uploads\/sites\/3\/2024\/12\/NL303-Incorporacion.jpg","keywords":["Issue 303"],"articleSection":["Novedades"],"inLanguage":"es-UY"},{"@type":"WebPage","@id":"https:\/\/www.ecovis.com\/uruguay\/es\/blog\/2024\/12\/06\/incorporacion-al-regimen-de-facturacion-electronica\/","url":"https:\/\/www.ecovis.com\/uruguay\/es\/blog\/2024\/12\/06\/incorporacion-al-regimen-de-facturacion-electronica\/","name":"Incorporaci\u00f3n al R\u00e9gimen de Facturaci\u00f3n Electr\u00f3nica - Ecovis en Uruguay","isPartOf":{"@id":"https:\/\/www.ecovis.com\/uruguay\/es\/#website"},"primaryImageOfPage":{"@id":"https:\/\/www.ecovis.com\/uruguay\/es\/blog\/2024\/12\/06\/incorporacion-al-regimen-de-facturacion-electronica\/#primaryimage"},"image":{"@id":"https:\/\/www.ecovis.com\/uruguay\/es\/blog\/2024\/12\/06\/incorporacion-al-regimen-de-facturacion-electronica\/#primaryimage"},"thumbnailUrl":"https:\/\/www.ecovis.com\/uruguay\/es\/wp-content\/uploads\/sites\/3\/2024\/12\/NL303-Incorporacion.jpg","datePublished":"2024-12-06T15:25:57+00:00","dateModified":"2024-12-06T15:28:26+00:00","author":{"@id":"https:\/\/www.ecovis.com\/uruguay\/es\/#\/schema\/person\/3534ca2ace82a2b5e11d9092650e0703"},"breadcrumb":{"@id":"https:\/\/www.ecovis.com\/uruguay\/es\/blog\/2024\/12\/06\/incorporacion-al-regimen-de-facturacion-electronica\/#breadcrumb"},"inLanguage":"es-UY","potentialAction":[{"@type":"ReadAction","target":["https:\/\/www.ecovis.com\/uruguay\/es\/blog\/2024\/12\/06\/incorporacion-al-regimen-de-facturacion-electronica\/"]}]},{"@type":"ImageObject","inLanguage":"es-UY","@id":"https:\/\/www.ecovis.com\/uruguay\/es\/blog\/2024\/12\/06\/incorporacion-al-regimen-de-facturacion-electronica\/#primaryimage","url":"https:\/\/www.ecovis.com\/uruguay\/es\/wp-content\/uploads\/sites\/3\/2024\/12\/NL303-Incorporacion.jpg","contentUrl":"https:\/\/www.ecovis.com\/uruguay\/es\/wp-content\/uploads\/sites\/3\/2024\/12\/NL303-Incorporacion.jpg","width":1280,"height":550,"caption":"\u00a9 Pavel Danilyuk, Pexels"},{"@type":"BreadcrumbList","@id":"https:\/\/www.ecovis.com\/uruguay\/es\/blog\/2024\/12\/06\/incorporacion-al-regimen-de-facturacion-electronica\/#breadcrumb","itemListElement":[{"@type":"ListItem","position":1,"name":"Ecovis Global","item":"https:\/\/www.ecovis.com\/"},{"@type":"ListItem","position":2,"name":"Inicio","item":"https:\/\/www.ecovis.com\/uruguay\/es\/"},{"@type":"ListItem","position":3,"name":"Incorporaci\u00f3n al R\u00e9gimen de Facturaci\u00f3n Electr\u00f3nica"}]},{"@type":"WebSite","@id":"https:\/\/www.ecovis.com\/uruguay\/es\/#website","url":"https:\/\/www.ecovis.com\/uruguay\/es\/","name":"Ecovis.com","description":"","potentialAction":[{"@type":"SearchAction","target":{"@type":"EntryPoint","urlTemplate":"https:\/\/www.ecovis.com\/uruguay\/es\/?s={search_term_string}"},"query-input":{"@type":"PropertyValueSpecification","valueRequired":true,"valueName":"search_term_string"}}],"inLanguage":"es-UY"},{"@type":"Person","@id":"https:\/\/www.ecovis.com\/uruguay\/es\/#\/schema\/person\/3534ca2ace82a2b5e11d9092650e0703","name":"fg_uruguay","image":{"@type":"ImageObject","inLanguage":"es-UY","@id":"https:\/\/secure.gravatar.com\/avatar\/d8f8cdb8dedf4903b4419a5b22f1a43436ad0387b7c6d10390caed756603f27f?s=96&d=mm&r=g","url":"https:\/\/secure.gravatar.com\/avatar\/d8f8cdb8dedf4903b4419a5b22f1a43436ad0387b7c6d10390caed756603f27f?s=96&d=mm&r=g","contentUrl":"https:\/\/secure.gravatar.com\/avatar\/d8f8cdb8dedf4903b4419a5b22f1a43436ad0387b7c6d10390caed756603f27f?s=96&d=mm&r=g","caption":"fg_uruguay"},"url":"https:\/\/www.ecovis.com\/uruguay\/es\/blog\/author\/fg_uruguay\/"}]}},"featured_image_url":"https:\/\/www.ecovis.com\/uruguay\/es\/wp-content\/uploads\/sites\/3\/2024\/12\/NL303-Incorporacion-300x150.jpg","featured_image_url_large":"https:\/\/www.ecovis.com\/uruguay\/es\/wp-content\/uploads\/sites\/3\/2024\/12\/NL303-Incorporacion.jpg","_links":{"self":[{"href":"https:\/\/www.ecovis.com\/uruguay\/es\/wp-json\/wp\/v2\/posts\/3345","targetHints":{"allow":["GET"]}}],"collection":[{"href":"https:\/\/www.ecovis.com\/uruguay\/es\/wp-json\/wp\/v2\/posts"}],"about":[{"href":"https:\/\/www.ecovis.com\/uruguay\/es\/wp-json\/wp\/v2\/types\/post"}],"author":[{"embeddable":true,"href":"https:\/\/www.ecovis.com\/uruguay\/es\/wp-json\/wp\/v2\/users\/15"}],"replies":[{"embeddable":true,"href":"https:\/\/www.ecovis.com\/uruguay\/es\/wp-json\/wp\/v2\/comments?post=3345"}],"version-history":[{"count":2,"href":"https:\/\/www.ecovis.com\/uruguay\/es\/wp-json\/wp\/v2\/posts\/3345\/revisions"}],"predecessor-version":[{"id":3348,"href":"https:\/\/www.ecovis.com\/uruguay\/es\/wp-json\/wp\/v2\/posts\/3345\/revisions\/3348"}],"wp:featuredmedia":[{"embeddable":true,"href":"https:\/\/www.ecovis.com\/uruguay\/es\/wp-json\/wp\/v2\/media\/3346"}],"wp:attachment":[{"href":"https:\/\/www.ecovis.com\/uruguay\/es\/wp-json\/wp\/v2\/media?parent=3345"}],"wp:term":[{"taxonomy":"category","embeddable":true,"href":"https:\/\/www.ecovis.com\/uruguay\/es\/wp-json\/wp\/v2\/categories?post=3345"},{"taxonomy":"post_tag","embeddable":true,"href":"https:\/\/www.ecovis.com\/uruguay\/es\/wp-json\/wp\/v2\/tags?post=3345"}],"curies":[{"name":"wp","href":"https:\/\/api.w.org\/{rel}","templated":true}]}}