{"id":3338,"date":"2024-11-21T09:50:33","date_gmt":"2024-11-21T08:50:33","guid":{"rendered":"https:\/\/www.ecovis.com\/uruguay\/es\/?p=3338"},"modified":"2024-11-21T09:50:33","modified_gmt":"2024-11-21T08:50:33","slug":"ecovis-se-expande-apertura-de-oficinas-en-zona-franca","status":"publish","type":"post","link":"https:\/\/www.ecovis.com\/uruguay\/es\/blog\/2024\/11\/21\/ecovis-se-expande-apertura-de-oficinas-en-zona-franca\/","title":{"rendered":"Ecovis se expande &#8211; Apertura de oficinas en Zona Franca"},"content":{"rendered":"<p>A partir del pr\u00f3ximo mes, Ecovis Uruguay estar\u00e1 abriendo sus oficinas en Zonamerica lo que le permitir\u00e1 aumentar la cercan\u00eda y disponibilidad para\u00a0 asesorar a empresas que operan en zona franca y en el exterior.<\/p>\n<h3>Optimizamos la carga fiscal y financiera?<\/h3>\n<p>Se nos acerca fin de a\u00f1o, quedan tan solo 40 d\u00edas, periodo en el que se cierran muchos proyectos adem\u00e1s de que la gran mayor\u00eda de las empresas en nuestro pa\u00eds tienen como fecha de cierre de balance el 31 de diciembre. Es a esto \u00faltimo que apuntamos en esta nota, como un recuerdo a todos los lectores, que conviene realizar una estimaci\u00f3n de impuestos.<\/p>\n<p>Esta estimaci\u00f3n, m\u00e1s all\u00e1 de que sea de utilidad contable para registrar el resultado por impuestos y as\u00ed cerrar el balance, tiene otros beneficios, a saber:<\/p>\n<ul>\n<li>Conocer la situaci\u00f3n contable y tributaria y en base a ello evaluar si con alguna medida se puede disminuir la carga tributaria al cierre del ejercicio, buscando disminuir el impacto tributario y financiero.<\/li>\n<li>Conocer si los anticipos efectuados durante el ejercicio estar\u00edan cubriendo los impuestos calculados, ya que eventualmente si ello fuera as\u00ed la empresa podr\u00eda suspender el pago de los anticipos correspondientes a los meses cargo noviembre y diciembre que son los que restan por pagar.<\/li>\n<\/ul>\n","protected":false},"excerpt":{"rendered":"<p>A partir del pr\u00f3ximo mes, Ecovis Uruguay estar\u00e1 abriendo sus oficinas en Zonamerica lo que le permitir\u00e1 aumentar la cercan\u00eda y disponibilidad para\u00a0 asesorar a empresas que operan en zona franca y en el exterior. Optimizamos la carga fiscal y financiera? Se nos acerca fin de a\u00f1o, quedan tan solo 40 d\u00edas, periodo en el [&hellip;]<\/p>\n","protected":false},"author":15,"featured_media":3339,"comment_status":"closed","ping_status":"open","sticky":false,"template":"","format":"standard","meta":{"_acf_changed":false,"footnotes":""},"categories":[30],"tags":[88],"class_list":["post-3338","post","type-post","status-publish","format-standard","has-post-thumbnail","hentry","category-novedades","tag-issue-302"],"acf":[],"yoast_head":"<!-- This site is optimized with the Yoast SEO plugin v27.4 - https:\/\/yoast.com\/product\/yoast-seo-wordpress\/ -->\n<title>Ecovis se expande - Apertura de oficinas en Zona Franca - Ecovis en Uruguay<\/title>\n<meta name=\"robots\" content=\"index, follow, max-snippet:-1, max-image-preview:large, max-video-preview:-1\" \/>\n<link rel=\"canonical\" href=\"https:\/\/www.ecovis.com\/uruguay\/es\/blog\/2024\/11\/21\/ecovis-se-expande-apertura-de-oficinas-en-zona-franca\/\" \/>\n<meta property=\"og:locale\" content=\"es_ES\" \/>\n<meta property=\"og:type\" content=\"article\" \/>\n<meta property=\"og:title\" content=\"Ecovis se expande - Apertura de oficinas en Zona Franca - Ecovis en Uruguay\" \/>\n<meta property=\"og:description\" content=\"A partir del pr\u00f3ximo mes, Ecovis Uruguay estar\u00e1 abriendo sus oficinas en Zonamerica lo que le permitir\u00e1 aumentar la cercan\u00eda y disponibilidad para\u00a0 asesorar a empresas que operan en zona franca y en el exterior. Optimizamos la carga fiscal y financiera? Se nos acerca fin de a\u00f1o, quedan tan solo 40 d\u00edas, periodo en el [&hellip;]\" \/>\n<meta property=\"og:url\" content=\"https:\/\/www.ecovis.com\/uruguay\/es\/blog\/2024\/11\/21\/ecovis-se-expande-apertura-de-oficinas-en-zona-franca\/\" \/>\n<meta property=\"og:site_name\" content=\"Ecovis en Uruguay\" \/>\n<meta property=\"article:published_time\" content=\"2024-11-21T08:50:33+00:00\" \/>\n<meta property=\"og:image\" content=\"https:\/\/www.ecovis.com\/uruguay\/es\/wp-content\/uploads\/sites\/3\/2024\/11\/NL302_ecovis-se-expande.jpg\" \/>\n\t<meta property=\"og:image:width\" content=\"1280\" \/>\n\t<meta property=\"og:image:height\" content=\"550\" \/>\n\t<meta property=\"og:image:type\" content=\"image\/jpeg\" \/>\n<meta name=\"author\" content=\"fg_uruguay\" \/>\n<meta name=\"twitter:card\" content=\"summary_large_image\" \/>\n<meta name=\"twitter:label1\" content=\"Written by\" \/>\n\t<meta name=\"twitter:data1\" content=\"fg_uruguay\" \/>\n\t<meta name=\"twitter:label2\" content=\"Est. reading time\" \/>\n\t<meta name=\"twitter:data2\" content=\"2 minutos\" \/>\n<script type=\"application\/ld+json\" class=\"yoast-schema-graph\">{\"@context\":\"https:\\\/\\\/schema.org\",\"@graph\":[{\"@type\":\"Article\",\"@id\":\"https:\\\/\\\/www.ecovis.com\\\/uruguay\\\/es\\\/blog\\\/2024\\\/11\\\/21\\\/ecovis-se-expande-apertura-de-oficinas-en-zona-franca\\\/#article\",\"isPartOf\":{\"@id\":\"https:\\\/\\\/www.ecovis.com\\\/uruguay\\\/es\\\/blog\\\/2024\\\/11\\\/21\\\/ecovis-se-expande-apertura-de-oficinas-en-zona-franca\\\/\"},\"author\":{\"name\":\"fg_uruguay\",\"@id\":\"https:\\\/\\\/www.ecovis.com\\\/uruguay\\\/es\\\/#\\\/schema\\\/person\\\/3534ca2ace82a2b5e11d9092650e0703\"},\"headline\":\"Ecovis se expande &#8211; Apertura de oficinas en Zona Franca\",\"datePublished\":\"2024-11-21T08:50:33+00:00\",\"mainEntityOfPage\":{\"@id\":\"https:\\\/\\\/www.ecovis.com\\\/uruguay\\\/es\\\/blog\\\/2024\\\/11\\\/21\\\/ecovis-se-expande-apertura-de-oficinas-en-zona-franca\\\/\"},\"wordCount\":230,\"image\":{\"@id\":\"https:\\\/\\\/www.ecovis.com\\\/uruguay\\\/es\\\/blog\\\/2024\\\/11\\\/21\\\/ecovis-se-expande-apertura-de-oficinas-en-zona-franca\\\/#primaryimage\"},\"thumbnailUrl\":\"https:\\\/\\\/www.ecovis.com\\\/uruguay\\\/es\\\/wp-content\\\/uploads\\\/sites\\\/3\\\/2024\\\/11\\\/NL302_ecovis-se-expande.jpg\",\"keywords\":[\"Issue 302\"],\"articleSection\":[\"Novedades\"],\"inLanguage\":\"es-UY\"},{\"@type\":\"WebPage\",\"@id\":\"https:\\\/\\\/www.ecovis.com\\\/uruguay\\\/es\\\/blog\\\/2024\\\/11\\\/21\\\/ecovis-se-expande-apertura-de-oficinas-en-zona-franca\\\/\",\"url\":\"https:\\\/\\\/www.ecovis.com\\\/uruguay\\\/es\\\/blog\\\/2024\\\/11\\\/21\\\/ecovis-se-expande-apertura-de-oficinas-en-zona-franca\\\/\",\"name\":\"Ecovis se expande - Apertura de oficinas en Zona Franca - Ecovis en Uruguay\",\"isPartOf\":{\"@id\":\"https:\\\/\\\/www.ecovis.com\\\/uruguay\\\/es\\\/#website\"},\"primaryImageOfPage\":{\"@id\":\"https:\\\/\\\/www.ecovis.com\\\/uruguay\\\/es\\\/blog\\\/2024\\\/11\\\/21\\\/ecovis-se-expande-apertura-de-oficinas-en-zona-franca\\\/#primaryimage\"},\"image\":{\"@id\":\"https:\\\/\\\/www.ecovis.com\\\/uruguay\\\/es\\\/blog\\\/2024\\\/11\\\/21\\\/ecovis-se-expande-apertura-de-oficinas-en-zona-franca\\\/#primaryimage\"},\"thumbnailUrl\":\"https:\\\/\\\/www.ecovis.com\\\/uruguay\\\/es\\\/wp-content\\\/uploads\\\/sites\\\/3\\\/2024\\\/11\\\/NL302_ecovis-se-expande.jpg\",\"datePublished\":\"2024-11-21T08:50:33+00:00\",\"author\":{\"@id\":\"https:\\\/\\\/www.ecovis.com\\\/uruguay\\\/es\\\/#\\\/schema\\\/person\\\/3534ca2ace82a2b5e11d9092650e0703\"},\"breadcrumb\":{\"@id\":\"https:\\\/\\\/www.ecovis.com\\\/uruguay\\\/es\\\/blog\\\/2024\\\/11\\\/21\\\/ecovis-se-expande-apertura-de-oficinas-en-zona-franca\\\/#breadcrumb\"},\"inLanguage\":\"es-UY\",\"potentialAction\":[{\"@type\":\"ReadAction\",\"target\":[\"https:\\\/\\\/www.ecovis.com\\\/uruguay\\\/es\\\/blog\\\/2024\\\/11\\\/21\\\/ecovis-se-expande-apertura-de-oficinas-en-zona-franca\\\/\"]}]},{\"@type\":\"ImageObject\",\"inLanguage\":\"es-UY\",\"@id\":\"https:\\\/\\\/www.ecovis.com\\\/uruguay\\\/es\\\/blog\\\/2024\\\/11\\\/21\\\/ecovis-se-expande-apertura-de-oficinas-en-zona-franca\\\/#primaryimage\",\"url\":\"https:\\\/\\\/www.ecovis.com\\\/uruguay\\\/es\\\/wp-content\\\/uploads\\\/sites\\\/3\\\/2024\\\/11\\\/NL302_ecovis-se-expande.jpg\",\"contentUrl\":\"https:\\\/\\\/www.ecovis.com\\\/uruguay\\\/es\\\/wp-content\\\/uploads\\\/sites\\\/3\\\/2024\\\/11\\\/NL302_ecovis-se-expande.jpg\",\"width\":1280,\"height\":550,\"caption\":\"\u00a9 rdne, Pexels\"},{\"@type\":\"BreadcrumbList\",\"@id\":\"https:\\\/\\\/www.ecovis.com\\\/uruguay\\\/es\\\/blog\\\/2024\\\/11\\\/21\\\/ecovis-se-expande-apertura-de-oficinas-en-zona-franca\\\/#breadcrumb\",\"itemListElement\":[{\"@type\":\"ListItem\",\"position\":1,\"name\":\"Ecovis Global\",\"item\":\"https:\\\/\\\/www.ecovis.com\\\/\"},{\"@type\":\"ListItem\",\"position\":2,\"name\":\"Inicio\",\"item\":\"https:\\\/\\\/www.ecovis.com\\\/uruguay\\\/es\\\/\"},{\"@type\":\"ListItem\",\"position\":3,\"name\":\"Ecovis se expande &#8211; Apertura de oficinas en Zona Franca\"}]},{\"@type\":\"WebSite\",\"@id\":\"https:\\\/\\\/www.ecovis.com\\\/uruguay\\\/es\\\/#website\",\"url\":\"https:\\\/\\\/www.ecovis.com\\\/uruguay\\\/es\\\/\",\"name\":\"Ecovis.com\",\"description\":\"\",\"potentialAction\":[{\"@type\":\"SearchAction\",\"target\":{\"@type\":\"EntryPoint\",\"urlTemplate\":\"https:\\\/\\\/www.ecovis.com\\\/uruguay\\\/es\\\/?s={search_term_string}\"},\"query-input\":{\"@type\":\"PropertyValueSpecification\",\"valueRequired\":true,\"valueName\":\"search_term_string\"}}],\"inLanguage\":\"es-UY\"},{\"@type\":\"Person\",\"@id\":\"https:\\\/\\\/www.ecovis.com\\\/uruguay\\\/es\\\/#\\\/schema\\\/person\\\/3534ca2ace82a2b5e11d9092650e0703\",\"name\":\"fg_uruguay\",\"image\":{\"@type\":\"ImageObject\",\"inLanguage\":\"es-UY\",\"@id\":\"https:\\\/\\\/secure.gravatar.com\\\/avatar\\\/d8f8cdb8dedf4903b4419a5b22f1a43436ad0387b7c6d10390caed756603f27f?s=96&d=mm&r=g\",\"url\":\"https:\\\/\\\/secure.gravatar.com\\\/avatar\\\/d8f8cdb8dedf4903b4419a5b22f1a43436ad0387b7c6d10390caed756603f27f?s=96&d=mm&r=g\",\"contentUrl\":\"https:\\\/\\\/secure.gravatar.com\\\/avatar\\\/d8f8cdb8dedf4903b4419a5b22f1a43436ad0387b7c6d10390caed756603f27f?s=96&d=mm&r=g\",\"caption\":\"fg_uruguay\"},\"url\":\"https:\\\/\\\/www.ecovis.com\\\/uruguay\\\/es\\\/blog\\\/author\\\/fg_uruguay\\\/\"}]}<\/script>\n<!-- \/ Yoast SEO plugin. -->","yoast_head_json":{"title":"Ecovis se expande - Apertura de oficinas en Zona Franca - Ecovis en Uruguay","robots":{"index":"index","follow":"follow","max-snippet":"max-snippet:-1","max-image-preview":"max-image-preview:large","max-video-preview":"max-video-preview:-1"},"canonical":"https:\/\/www.ecovis.com\/uruguay\/es\/blog\/2024\/11\/21\/ecovis-se-expande-apertura-de-oficinas-en-zona-franca\/","og_locale":"es_ES","og_type":"article","og_title":"Ecovis se expande - Apertura de oficinas en Zona Franca - Ecovis en Uruguay","og_description":"A partir del pr\u00f3ximo mes, Ecovis Uruguay estar\u00e1 abriendo sus oficinas en Zonamerica lo que le permitir\u00e1 aumentar la cercan\u00eda y disponibilidad para\u00a0 asesorar a empresas que operan en zona franca y en el exterior. Optimizamos la carga fiscal y financiera? Se nos acerca fin de a\u00f1o, quedan tan solo 40 d\u00edas, periodo en el [&hellip;]","og_url":"https:\/\/www.ecovis.com\/uruguay\/es\/blog\/2024\/11\/21\/ecovis-se-expande-apertura-de-oficinas-en-zona-franca\/","og_site_name":"Ecovis en Uruguay","article_published_time":"2024-11-21T08:50:33+00:00","og_image":[{"width":1280,"height":550,"url":"https:\/\/www.ecovis.com\/uruguay\/es\/wp-content\/uploads\/sites\/3\/2024\/11\/NL302_ecovis-se-expande.jpg","type":"image\/jpeg"}],"author":"fg_uruguay","twitter_card":"summary_large_image","twitter_misc":{"Written by":"fg_uruguay","Est. reading time":"2 minutos"},"schema":{"@context":"https:\/\/schema.org","@graph":[{"@type":"Article","@id":"https:\/\/www.ecovis.com\/uruguay\/es\/blog\/2024\/11\/21\/ecovis-se-expande-apertura-de-oficinas-en-zona-franca\/#article","isPartOf":{"@id":"https:\/\/www.ecovis.com\/uruguay\/es\/blog\/2024\/11\/21\/ecovis-se-expande-apertura-de-oficinas-en-zona-franca\/"},"author":{"name":"fg_uruguay","@id":"https:\/\/www.ecovis.com\/uruguay\/es\/#\/schema\/person\/3534ca2ace82a2b5e11d9092650e0703"},"headline":"Ecovis se expande &#8211; Apertura de oficinas en Zona Franca","datePublished":"2024-11-21T08:50:33+00:00","mainEntityOfPage":{"@id":"https:\/\/www.ecovis.com\/uruguay\/es\/blog\/2024\/11\/21\/ecovis-se-expande-apertura-de-oficinas-en-zona-franca\/"},"wordCount":230,"image":{"@id":"https:\/\/www.ecovis.com\/uruguay\/es\/blog\/2024\/11\/21\/ecovis-se-expande-apertura-de-oficinas-en-zona-franca\/#primaryimage"},"thumbnailUrl":"https:\/\/www.ecovis.com\/uruguay\/es\/wp-content\/uploads\/sites\/3\/2024\/11\/NL302_ecovis-se-expande.jpg","keywords":["Issue 302"],"articleSection":["Novedades"],"inLanguage":"es-UY"},{"@type":"WebPage","@id":"https:\/\/www.ecovis.com\/uruguay\/es\/blog\/2024\/11\/21\/ecovis-se-expande-apertura-de-oficinas-en-zona-franca\/","url":"https:\/\/www.ecovis.com\/uruguay\/es\/blog\/2024\/11\/21\/ecovis-se-expande-apertura-de-oficinas-en-zona-franca\/","name":"Ecovis se expande - Apertura de oficinas en Zona Franca - Ecovis en Uruguay","isPartOf":{"@id":"https:\/\/www.ecovis.com\/uruguay\/es\/#website"},"primaryImageOfPage":{"@id":"https:\/\/www.ecovis.com\/uruguay\/es\/blog\/2024\/11\/21\/ecovis-se-expande-apertura-de-oficinas-en-zona-franca\/#primaryimage"},"image":{"@id":"https:\/\/www.ecovis.com\/uruguay\/es\/blog\/2024\/11\/21\/ecovis-se-expande-apertura-de-oficinas-en-zona-franca\/#primaryimage"},"thumbnailUrl":"https:\/\/www.ecovis.com\/uruguay\/es\/wp-content\/uploads\/sites\/3\/2024\/11\/NL302_ecovis-se-expande.jpg","datePublished":"2024-11-21T08:50:33+00:00","author":{"@id":"https:\/\/www.ecovis.com\/uruguay\/es\/#\/schema\/person\/3534ca2ace82a2b5e11d9092650e0703"},"breadcrumb":{"@id":"https:\/\/www.ecovis.com\/uruguay\/es\/blog\/2024\/11\/21\/ecovis-se-expande-apertura-de-oficinas-en-zona-franca\/#breadcrumb"},"inLanguage":"es-UY","potentialAction":[{"@type":"ReadAction","target":["https:\/\/www.ecovis.com\/uruguay\/es\/blog\/2024\/11\/21\/ecovis-se-expande-apertura-de-oficinas-en-zona-franca\/"]}]},{"@type":"ImageObject","inLanguage":"es-UY","@id":"https:\/\/www.ecovis.com\/uruguay\/es\/blog\/2024\/11\/21\/ecovis-se-expande-apertura-de-oficinas-en-zona-franca\/#primaryimage","url":"https:\/\/www.ecovis.com\/uruguay\/es\/wp-content\/uploads\/sites\/3\/2024\/11\/NL302_ecovis-se-expande.jpg","contentUrl":"https:\/\/www.ecovis.com\/uruguay\/es\/wp-content\/uploads\/sites\/3\/2024\/11\/NL302_ecovis-se-expande.jpg","width":1280,"height":550,"caption":"\u00a9 rdne, Pexels"},{"@type":"BreadcrumbList","@id":"https:\/\/www.ecovis.com\/uruguay\/es\/blog\/2024\/11\/21\/ecovis-se-expande-apertura-de-oficinas-en-zona-franca\/#breadcrumb","itemListElement":[{"@type":"ListItem","position":1,"name":"Ecovis Global","item":"https:\/\/www.ecovis.com\/"},{"@type":"ListItem","position":2,"name":"Inicio","item":"https:\/\/www.ecovis.com\/uruguay\/es\/"},{"@type":"ListItem","position":3,"name":"Ecovis se expande &#8211; Apertura de oficinas en Zona Franca"}]},{"@type":"WebSite","@id":"https:\/\/www.ecovis.com\/uruguay\/es\/#website","url":"https:\/\/www.ecovis.com\/uruguay\/es\/","name":"Ecovis.com","description":"","potentialAction":[{"@type":"SearchAction","target":{"@type":"EntryPoint","urlTemplate":"https:\/\/www.ecovis.com\/uruguay\/es\/?s={search_term_string}"},"query-input":{"@type":"PropertyValueSpecification","valueRequired":true,"valueName":"search_term_string"}}],"inLanguage":"es-UY"},{"@type":"Person","@id":"https:\/\/www.ecovis.com\/uruguay\/es\/#\/schema\/person\/3534ca2ace82a2b5e11d9092650e0703","name":"fg_uruguay","image":{"@type":"ImageObject","inLanguage":"es-UY","@id":"https:\/\/secure.gravatar.com\/avatar\/d8f8cdb8dedf4903b4419a5b22f1a43436ad0387b7c6d10390caed756603f27f?s=96&d=mm&r=g","url":"https:\/\/secure.gravatar.com\/avatar\/d8f8cdb8dedf4903b4419a5b22f1a43436ad0387b7c6d10390caed756603f27f?s=96&d=mm&r=g","contentUrl":"https:\/\/secure.gravatar.com\/avatar\/d8f8cdb8dedf4903b4419a5b22f1a43436ad0387b7c6d10390caed756603f27f?s=96&d=mm&r=g","caption":"fg_uruguay"},"url":"https:\/\/www.ecovis.com\/uruguay\/es\/blog\/author\/fg_uruguay\/"}]}},"featured_image_url":"https:\/\/www.ecovis.com\/uruguay\/es\/wp-content\/uploads\/sites\/3\/2024\/11\/NL302_ecovis-se-expande-300x150.jpg","featured_image_url_large":"https:\/\/www.ecovis.com\/uruguay\/es\/wp-content\/uploads\/sites\/3\/2024\/11\/NL302_ecovis-se-expande.jpg","_links":{"self":[{"href":"https:\/\/www.ecovis.com\/uruguay\/es\/wp-json\/wp\/v2\/posts\/3338","targetHints":{"allow":["GET"]}}],"collection":[{"href":"https:\/\/www.ecovis.com\/uruguay\/es\/wp-json\/wp\/v2\/posts"}],"about":[{"href":"https:\/\/www.ecovis.com\/uruguay\/es\/wp-json\/wp\/v2\/types\/post"}],"author":[{"embeddable":true,"href":"https:\/\/www.ecovis.com\/uruguay\/es\/wp-json\/wp\/v2\/users\/15"}],"replies":[{"embeddable":true,"href":"https:\/\/www.ecovis.com\/uruguay\/es\/wp-json\/wp\/v2\/comments?post=3338"}],"version-history":[{"count":1,"href":"https:\/\/www.ecovis.com\/uruguay\/es\/wp-json\/wp\/v2\/posts\/3338\/revisions"}],"predecessor-version":[{"id":3340,"href":"https:\/\/www.ecovis.com\/uruguay\/es\/wp-json\/wp\/v2\/posts\/3338\/revisions\/3340"}],"wp:featuredmedia":[{"embeddable":true,"href":"https:\/\/www.ecovis.com\/uruguay\/es\/wp-json\/wp\/v2\/media\/3339"}],"wp:attachment":[{"href":"https:\/\/www.ecovis.com\/uruguay\/es\/wp-json\/wp\/v2\/media?parent=3338"}],"wp:term":[{"taxonomy":"category","embeddable":true,"href":"https:\/\/www.ecovis.com\/uruguay\/es\/wp-json\/wp\/v2\/categories?post=3338"},{"taxonomy":"post_tag","embeddable":true,"href":"https:\/\/www.ecovis.com\/uruguay\/es\/wp-json\/wp\/v2\/tags?post=3338"}],"curies":[{"name":"wp","href":"https:\/\/api.w.org\/{rel}","templated":true}]}}