{"id":3335,"date":"2024-11-21T09:48:33","date_gmt":"2024-11-21T08:48:33","guid":{"rendered":"https:\/\/www.ecovis.com\/uruguay\/es\/?p=3335"},"modified":"2024-11-21T09:50:47","modified_gmt":"2024-11-21T08:50:47","slug":"anticipo-iva-importacion-pago-con-cheque-diferido","status":"publish","type":"post","link":"https:\/\/www.ecovis.com\/uruguay\/es\/blog\/2024\/11\/21\/anticipo-iva-importacion-pago-con-cheque-diferido\/","title":{"rendered":"Anticipo IVA importaci\u00f3n &#8211; pago con cheque diferido"},"content":{"rendered":"<p>En el a\u00f1o 2003\u00a0 a trav\u00e9s del Decreto N\u00ba 78\/003 se dispuso que los contribuyentes del impuesto a la renta con actividad industrial, pudieran abonar con cheques de pago diferido, el anticipo del Impuesto al Valor Agregado cuando se trate de importaci\u00f3n de materias primas que tengan por destino exclusivo la incorporaci\u00f3n a su ciclo productivo.<\/p>\n<p>El 11 de noviembre pasado se aprob\u00f3 un decreto por el que se agreg\u00f3 a la lista de \u00edtems arancelarios que tienen la posibilidad de pago con cheque diferido el anticipo de IVA importaci\u00f3n a los\u00a0 az\u00facares de ca\u00f1a en estado s\u00f3lido.<\/p>\n","protected":false},"excerpt":{"rendered":"<p>En el a\u00f1o 2003\u00a0 a trav\u00e9s del Decreto N\u00ba 78\/003 se dispuso que los contribuyentes del impuesto a la renta con actividad industrial, pudieran abonar con cheques de pago diferido, el anticipo del Impuesto al Valor Agregado cuando se trate de importaci\u00f3n de materias primas que tengan por destino exclusivo la incorporaci\u00f3n a su ciclo [&hellip;]<\/p>\n","protected":false},"author":15,"featured_media":3336,"comment_status":"closed","ping_status":"open","sticky":false,"template":"","format":"standard","meta":{"_acf_changed":false,"footnotes":""},"categories":[30],"tags":[88],"class_list":["post-3335","post","type-post","status-publish","format-standard","has-post-thumbnail","hentry","category-novedades","tag-issue-302"],"acf":[],"yoast_head":"<!-- This site is optimized with the Yoast SEO plugin v27.4 - https:\/\/yoast.com\/product\/yoast-seo-wordpress\/ -->\n<title>Anticipo IVA importaci\u00f3n - pago con cheque diferido - Ecovis en Uruguay<\/title>\n<meta name=\"robots\" content=\"index, follow, max-snippet:-1, max-image-preview:large, max-video-preview:-1\" \/>\n<link rel=\"canonical\" href=\"https:\/\/www.ecovis.com\/uruguay\/es\/blog\/2024\/11\/21\/anticipo-iva-importacion-pago-con-cheque-diferido\/\" \/>\n<meta property=\"og:locale\" content=\"es_ES\" \/>\n<meta property=\"og:type\" content=\"article\" \/>\n<meta property=\"og:title\" content=\"Anticipo IVA importaci\u00f3n - pago con cheque diferido - Ecovis en Uruguay\" \/>\n<meta property=\"og:description\" content=\"En el a\u00f1o 2003\u00a0 a trav\u00e9s del Decreto N\u00ba 78\/003 se dispuso que los contribuyentes del impuesto a la renta con actividad industrial, pudieran abonar con cheques de pago diferido, el anticipo del Impuesto al Valor Agregado cuando se trate de importaci\u00f3n de materias primas que tengan por destino exclusivo la incorporaci\u00f3n a su ciclo [&hellip;]\" \/>\n<meta property=\"og:url\" content=\"https:\/\/www.ecovis.com\/uruguay\/es\/blog\/2024\/11\/21\/anticipo-iva-importacion-pago-con-cheque-diferido\/\" \/>\n<meta property=\"og:site_name\" content=\"Ecovis en Uruguay\" \/>\n<meta property=\"article:published_time\" content=\"2024-11-21T08:48:33+00:00\" \/>\n<meta property=\"article:modified_time\" content=\"2024-11-21T08:50:47+00:00\" \/>\n<meta property=\"og:image\" content=\"https:\/\/www.ecovis.com\/uruguay\/es\/wp-content\/uploads\/sites\/3\/2024\/11\/NL302_anticipo-iva-importacion.jpg\" \/>\n\t<meta property=\"og:image:width\" content=\"1280\" \/>\n\t<meta property=\"og:image:height\" content=\"550\" \/>\n\t<meta property=\"og:image:type\" content=\"image\/jpeg\" \/>\n<meta name=\"author\" content=\"fg_uruguay\" \/>\n<meta name=\"twitter:card\" content=\"summary_large_image\" \/>\n<meta name=\"twitter:label1\" content=\"Written by\" \/>\n\t<meta name=\"twitter:data1\" content=\"fg_uruguay\" \/>\n\t<meta name=\"twitter:label2\" content=\"Est. reading time\" \/>\n\t<meta name=\"twitter:data2\" content=\"1 minuto\" \/>\n<script type=\"application\/ld+json\" class=\"yoast-schema-graph\">{\"@context\":\"https:\\\/\\\/schema.org\",\"@graph\":[{\"@type\":\"Article\",\"@id\":\"https:\\\/\\\/www.ecovis.com\\\/uruguay\\\/es\\\/blog\\\/2024\\\/11\\\/21\\\/anticipo-iva-importacion-pago-con-cheque-diferido\\\/#article\",\"isPartOf\":{\"@id\":\"https:\\\/\\\/www.ecovis.com\\\/uruguay\\\/es\\\/blog\\\/2024\\\/11\\\/21\\\/anticipo-iva-importacion-pago-con-cheque-diferido\\\/\"},\"author\":{\"name\":\"fg_uruguay\",\"@id\":\"https:\\\/\\\/www.ecovis.com\\\/uruguay\\\/es\\\/#\\\/schema\\\/person\\\/3534ca2ace82a2b5e11d9092650e0703\"},\"headline\":\"Anticipo IVA importaci\u00f3n &#8211; pago con cheque diferido\",\"datePublished\":\"2024-11-21T08:48:33+00:00\",\"dateModified\":\"2024-11-21T08:50:47+00:00\",\"mainEntityOfPage\":{\"@id\":\"https:\\\/\\\/www.ecovis.com\\\/uruguay\\\/es\\\/blog\\\/2024\\\/11\\\/21\\\/anticipo-iva-importacion-pago-con-cheque-diferido\\\/\"},\"wordCount\":112,\"image\":{\"@id\":\"https:\\\/\\\/www.ecovis.com\\\/uruguay\\\/es\\\/blog\\\/2024\\\/11\\\/21\\\/anticipo-iva-importacion-pago-con-cheque-diferido\\\/#primaryimage\"},\"thumbnailUrl\":\"https:\\\/\\\/www.ecovis.com\\\/uruguay\\\/es\\\/wp-content\\\/uploads\\\/sites\\\/3\\\/2024\\\/11\\\/NL302_anticipo-iva-importacion.jpg\",\"keywords\":[\"Issue 302\"],\"articleSection\":[\"Novedades\"],\"inLanguage\":\"es-UY\"},{\"@type\":\"WebPage\",\"@id\":\"https:\\\/\\\/www.ecovis.com\\\/uruguay\\\/es\\\/blog\\\/2024\\\/11\\\/21\\\/anticipo-iva-importacion-pago-con-cheque-diferido\\\/\",\"url\":\"https:\\\/\\\/www.ecovis.com\\\/uruguay\\\/es\\\/blog\\\/2024\\\/11\\\/21\\\/anticipo-iva-importacion-pago-con-cheque-diferido\\\/\",\"name\":\"Anticipo IVA importaci\u00f3n - pago con cheque diferido - Ecovis en Uruguay\",\"isPartOf\":{\"@id\":\"https:\\\/\\\/www.ecovis.com\\\/uruguay\\\/es\\\/#website\"},\"primaryImageOfPage\":{\"@id\":\"https:\\\/\\\/www.ecovis.com\\\/uruguay\\\/es\\\/blog\\\/2024\\\/11\\\/21\\\/anticipo-iva-importacion-pago-con-cheque-diferido\\\/#primaryimage\"},\"image\":{\"@id\":\"https:\\\/\\\/www.ecovis.com\\\/uruguay\\\/es\\\/blog\\\/2024\\\/11\\\/21\\\/anticipo-iva-importacion-pago-con-cheque-diferido\\\/#primaryimage\"},\"thumbnailUrl\":\"https:\\\/\\\/www.ecovis.com\\\/uruguay\\\/es\\\/wp-content\\\/uploads\\\/sites\\\/3\\\/2024\\\/11\\\/NL302_anticipo-iva-importacion.jpg\",\"datePublished\":\"2024-11-21T08:48:33+00:00\",\"dateModified\":\"2024-11-21T08:50:47+00:00\",\"author\":{\"@id\":\"https:\\\/\\\/www.ecovis.com\\\/uruguay\\\/es\\\/#\\\/schema\\\/person\\\/3534ca2ace82a2b5e11d9092650e0703\"},\"breadcrumb\":{\"@id\":\"https:\\\/\\\/www.ecovis.com\\\/uruguay\\\/es\\\/blog\\\/2024\\\/11\\\/21\\\/anticipo-iva-importacion-pago-con-cheque-diferido\\\/#breadcrumb\"},\"inLanguage\":\"es-UY\",\"potentialAction\":[{\"@type\":\"ReadAction\",\"target\":[\"https:\\\/\\\/www.ecovis.com\\\/uruguay\\\/es\\\/blog\\\/2024\\\/11\\\/21\\\/anticipo-iva-importacion-pago-con-cheque-diferido\\\/\"]}]},{\"@type\":\"ImageObject\",\"inLanguage\":\"es-UY\",\"@id\":\"https:\\\/\\\/www.ecovis.com\\\/uruguay\\\/es\\\/blog\\\/2024\\\/11\\\/21\\\/anticipo-iva-importacion-pago-con-cheque-diferido\\\/#primaryimage\",\"url\":\"https:\\\/\\\/www.ecovis.com\\\/uruguay\\\/es\\\/wp-content\\\/uploads\\\/sites\\\/3\\\/2024\\\/11\\\/NL302_anticipo-iva-importacion.jpg\",\"contentUrl\":\"https:\\\/\\\/www.ecovis.com\\\/uruguay\\\/es\\\/wp-content\\\/uploads\\\/sites\\\/3\\\/2024\\\/11\\\/NL302_anticipo-iva-importacion.jpg\",\"width\":1280,\"height\":550,\"caption\":\"\u00a9 Regimantas Danys, Pexels\"},{\"@type\":\"BreadcrumbList\",\"@id\":\"https:\\\/\\\/www.ecovis.com\\\/uruguay\\\/es\\\/blog\\\/2024\\\/11\\\/21\\\/anticipo-iva-importacion-pago-con-cheque-diferido\\\/#breadcrumb\",\"itemListElement\":[{\"@type\":\"ListItem\",\"position\":1,\"name\":\"Ecovis Global\",\"item\":\"https:\\\/\\\/www.ecovis.com\\\/\"},{\"@type\":\"ListItem\",\"position\":2,\"name\":\"Inicio\",\"item\":\"https:\\\/\\\/www.ecovis.com\\\/uruguay\\\/es\\\/\"},{\"@type\":\"ListItem\",\"position\":3,\"name\":\"Anticipo IVA importaci\u00f3n &#8211; pago con cheque diferido\"}]},{\"@type\":\"WebSite\",\"@id\":\"https:\\\/\\\/www.ecovis.com\\\/uruguay\\\/es\\\/#website\",\"url\":\"https:\\\/\\\/www.ecovis.com\\\/uruguay\\\/es\\\/\",\"name\":\"Ecovis.com\",\"description\":\"\",\"potentialAction\":[{\"@type\":\"SearchAction\",\"target\":{\"@type\":\"EntryPoint\",\"urlTemplate\":\"https:\\\/\\\/www.ecovis.com\\\/uruguay\\\/es\\\/?s={search_term_string}\"},\"query-input\":{\"@type\":\"PropertyValueSpecification\",\"valueRequired\":true,\"valueName\":\"search_term_string\"}}],\"inLanguage\":\"es-UY\"},{\"@type\":\"Person\",\"@id\":\"https:\\\/\\\/www.ecovis.com\\\/uruguay\\\/es\\\/#\\\/schema\\\/person\\\/3534ca2ace82a2b5e11d9092650e0703\",\"name\":\"fg_uruguay\",\"image\":{\"@type\":\"ImageObject\",\"inLanguage\":\"es-UY\",\"@id\":\"https:\\\/\\\/secure.gravatar.com\\\/avatar\\\/d8f8cdb8dedf4903b4419a5b22f1a43436ad0387b7c6d10390caed756603f27f?s=96&d=mm&r=g\",\"url\":\"https:\\\/\\\/secure.gravatar.com\\\/avatar\\\/d8f8cdb8dedf4903b4419a5b22f1a43436ad0387b7c6d10390caed756603f27f?s=96&d=mm&r=g\",\"contentUrl\":\"https:\\\/\\\/secure.gravatar.com\\\/avatar\\\/d8f8cdb8dedf4903b4419a5b22f1a43436ad0387b7c6d10390caed756603f27f?s=96&d=mm&r=g\",\"caption\":\"fg_uruguay\"},\"url\":\"https:\\\/\\\/www.ecovis.com\\\/uruguay\\\/es\\\/blog\\\/author\\\/fg_uruguay\\\/\"}]}<\/script>\n<!-- \/ Yoast SEO plugin. -->","yoast_head_json":{"title":"Anticipo IVA importaci\u00f3n - pago con cheque diferido - Ecovis en Uruguay","robots":{"index":"index","follow":"follow","max-snippet":"max-snippet:-1","max-image-preview":"max-image-preview:large","max-video-preview":"max-video-preview:-1"},"canonical":"https:\/\/www.ecovis.com\/uruguay\/es\/blog\/2024\/11\/21\/anticipo-iva-importacion-pago-con-cheque-diferido\/","og_locale":"es_ES","og_type":"article","og_title":"Anticipo IVA importaci\u00f3n - pago con cheque diferido - Ecovis en Uruguay","og_description":"En el a\u00f1o 2003\u00a0 a trav\u00e9s del Decreto N\u00ba 78\/003 se dispuso que los contribuyentes del impuesto a la renta con actividad industrial, pudieran abonar con cheques de pago diferido, el anticipo del Impuesto al Valor Agregado cuando se trate de importaci\u00f3n de materias primas que tengan por destino exclusivo la incorporaci\u00f3n a su ciclo [&hellip;]","og_url":"https:\/\/www.ecovis.com\/uruguay\/es\/blog\/2024\/11\/21\/anticipo-iva-importacion-pago-con-cheque-diferido\/","og_site_name":"Ecovis en Uruguay","article_published_time":"2024-11-21T08:48:33+00:00","article_modified_time":"2024-11-21T08:50:47+00:00","og_image":[{"width":1280,"height":550,"url":"https:\/\/www.ecovis.com\/uruguay\/es\/wp-content\/uploads\/sites\/3\/2024\/11\/NL302_anticipo-iva-importacion.jpg","type":"image\/jpeg"}],"author":"fg_uruguay","twitter_card":"summary_large_image","twitter_misc":{"Written by":"fg_uruguay","Est. reading time":"1 minuto"},"schema":{"@context":"https:\/\/schema.org","@graph":[{"@type":"Article","@id":"https:\/\/www.ecovis.com\/uruguay\/es\/blog\/2024\/11\/21\/anticipo-iva-importacion-pago-con-cheque-diferido\/#article","isPartOf":{"@id":"https:\/\/www.ecovis.com\/uruguay\/es\/blog\/2024\/11\/21\/anticipo-iva-importacion-pago-con-cheque-diferido\/"},"author":{"name":"fg_uruguay","@id":"https:\/\/www.ecovis.com\/uruguay\/es\/#\/schema\/person\/3534ca2ace82a2b5e11d9092650e0703"},"headline":"Anticipo IVA importaci\u00f3n &#8211; pago con cheque diferido","datePublished":"2024-11-21T08:48:33+00:00","dateModified":"2024-11-21T08:50:47+00:00","mainEntityOfPage":{"@id":"https:\/\/www.ecovis.com\/uruguay\/es\/blog\/2024\/11\/21\/anticipo-iva-importacion-pago-con-cheque-diferido\/"},"wordCount":112,"image":{"@id":"https:\/\/www.ecovis.com\/uruguay\/es\/blog\/2024\/11\/21\/anticipo-iva-importacion-pago-con-cheque-diferido\/#primaryimage"},"thumbnailUrl":"https:\/\/www.ecovis.com\/uruguay\/es\/wp-content\/uploads\/sites\/3\/2024\/11\/NL302_anticipo-iva-importacion.jpg","keywords":["Issue 302"],"articleSection":["Novedades"],"inLanguage":"es-UY"},{"@type":"WebPage","@id":"https:\/\/www.ecovis.com\/uruguay\/es\/blog\/2024\/11\/21\/anticipo-iva-importacion-pago-con-cheque-diferido\/","url":"https:\/\/www.ecovis.com\/uruguay\/es\/blog\/2024\/11\/21\/anticipo-iva-importacion-pago-con-cheque-diferido\/","name":"Anticipo IVA importaci\u00f3n - pago con cheque diferido - Ecovis en Uruguay","isPartOf":{"@id":"https:\/\/www.ecovis.com\/uruguay\/es\/#website"},"primaryImageOfPage":{"@id":"https:\/\/www.ecovis.com\/uruguay\/es\/blog\/2024\/11\/21\/anticipo-iva-importacion-pago-con-cheque-diferido\/#primaryimage"},"image":{"@id":"https:\/\/www.ecovis.com\/uruguay\/es\/blog\/2024\/11\/21\/anticipo-iva-importacion-pago-con-cheque-diferido\/#primaryimage"},"thumbnailUrl":"https:\/\/www.ecovis.com\/uruguay\/es\/wp-content\/uploads\/sites\/3\/2024\/11\/NL302_anticipo-iva-importacion.jpg","datePublished":"2024-11-21T08:48:33+00:00","dateModified":"2024-11-21T08:50:47+00:00","author":{"@id":"https:\/\/www.ecovis.com\/uruguay\/es\/#\/schema\/person\/3534ca2ace82a2b5e11d9092650e0703"},"breadcrumb":{"@id":"https:\/\/www.ecovis.com\/uruguay\/es\/blog\/2024\/11\/21\/anticipo-iva-importacion-pago-con-cheque-diferido\/#breadcrumb"},"inLanguage":"es-UY","potentialAction":[{"@type":"ReadAction","target":["https:\/\/www.ecovis.com\/uruguay\/es\/blog\/2024\/11\/21\/anticipo-iva-importacion-pago-con-cheque-diferido\/"]}]},{"@type":"ImageObject","inLanguage":"es-UY","@id":"https:\/\/www.ecovis.com\/uruguay\/es\/blog\/2024\/11\/21\/anticipo-iva-importacion-pago-con-cheque-diferido\/#primaryimage","url":"https:\/\/www.ecovis.com\/uruguay\/es\/wp-content\/uploads\/sites\/3\/2024\/11\/NL302_anticipo-iva-importacion.jpg","contentUrl":"https:\/\/www.ecovis.com\/uruguay\/es\/wp-content\/uploads\/sites\/3\/2024\/11\/NL302_anticipo-iva-importacion.jpg","width":1280,"height":550,"caption":"\u00a9 Regimantas Danys, Pexels"},{"@type":"BreadcrumbList","@id":"https:\/\/www.ecovis.com\/uruguay\/es\/blog\/2024\/11\/21\/anticipo-iva-importacion-pago-con-cheque-diferido\/#breadcrumb","itemListElement":[{"@type":"ListItem","position":1,"name":"Ecovis Global","item":"https:\/\/www.ecovis.com\/"},{"@type":"ListItem","position":2,"name":"Inicio","item":"https:\/\/www.ecovis.com\/uruguay\/es\/"},{"@type":"ListItem","position":3,"name":"Anticipo IVA importaci\u00f3n &#8211; pago con cheque diferido"}]},{"@type":"WebSite","@id":"https:\/\/www.ecovis.com\/uruguay\/es\/#website","url":"https:\/\/www.ecovis.com\/uruguay\/es\/","name":"Ecovis.com","description":"","potentialAction":[{"@type":"SearchAction","target":{"@type":"EntryPoint","urlTemplate":"https:\/\/www.ecovis.com\/uruguay\/es\/?s={search_term_string}"},"query-input":{"@type":"PropertyValueSpecification","valueRequired":true,"valueName":"search_term_string"}}],"inLanguage":"es-UY"},{"@type":"Person","@id":"https:\/\/www.ecovis.com\/uruguay\/es\/#\/schema\/person\/3534ca2ace82a2b5e11d9092650e0703","name":"fg_uruguay","image":{"@type":"ImageObject","inLanguage":"es-UY","@id":"https:\/\/secure.gravatar.com\/avatar\/d8f8cdb8dedf4903b4419a5b22f1a43436ad0387b7c6d10390caed756603f27f?s=96&d=mm&r=g","url":"https:\/\/secure.gravatar.com\/avatar\/d8f8cdb8dedf4903b4419a5b22f1a43436ad0387b7c6d10390caed756603f27f?s=96&d=mm&r=g","contentUrl":"https:\/\/secure.gravatar.com\/avatar\/d8f8cdb8dedf4903b4419a5b22f1a43436ad0387b7c6d10390caed756603f27f?s=96&d=mm&r=g","caption":"fg_uruguay"},"url":"https:\/\/www.ecovis.com\/uruguay\/es\/blog\/author\/fg_uruguay\/"}]}},"featured_image_url":"https:\/\/www.ecovis.com\/uruguay\/es\/wp-content\/uploads\/sites\/3\/2024\/11\/NL302_anticipo-iva-importacion-300x150.jpg","featured_image_url_large":"https:\/\/www.ecovis.com\/uruguay\/es\/wp-content\/uploads\/sites\/3\/2024\/11\/NL302_anticipo-iva-importacion.jpg","_links":{"self":[{"href":"https:\/\/www.ecovis.com\/uruguay\/es\/wp-json\/wp\/v2\/posts\/3335","targetHints":{"allow":["GET"]}}],"collection":[{"href":"https:\/\/www.ecovis.com\/uruguay\/es\/wp-json\/wp\/v2\/posts"}],"about":[{"href":"https:\/\/www.ecovis.com\/uruguay\/es\/wp-json\/wp\/v2\/types\/post"}],"author":[{"embeddable":true,"href":"https:\/\/www.ecovis.com\/uruguay\/es\/wp-json\/wp\/v2\/users\/15"}],"replies":[{"embeddable":true,"href":"https:\/\/www.ecovis.com\/uruguay\/es\/wp-json\/wp\/v2\/comments?post=3335"}],"version-history":[{"count":1,"href":"https:\/\/www.ecovis.com\/uruguay\/es\/wp-json\/wp\/v2\/posts\/3335\/revisions"}],"predecessor-version":[{"id":3337,"href":"https:\/\/www.ecovis.com\/uruguay\/es\/wp-json\/wp\/v2\/posts\/3335\/revisions\/3337"}],"wp:featuredmedia":[{"embeddable":true,"href":"https:\/\/www.ecovis.com\/uruguay\/es\/wp-json\/wp\/v2\/media\/3336"}],"wp:attachment":[{"href":"https:\/\/www.ecovis.com\/uruguay\/es\/wp-json\/wp\/v2\/media?parent=3335"}],"wp:term":[{"taxonomy":"category","embeddable":true,"href":"https:\/\/www.ecovis.com\/uruguay\/es\/wp-json\/wp\/v2\/categories?post=3335"},{"taxonomy":"post_tag","embeddable":true,"href":"https:\/\/www.ecovis.com\/uruguay\/es\/wp-json\/wp\/v2\/tags?post=3335"}],"curies":[{"name":"wp","href":"https:\/\/api.w.org\/{rel}","templated":true}]}}