{"id":3324,"date":"2024-11-07T22:31:04","date_gmt":"2024-11-07T21:31:04","guid":{"rendered":"https:\/\/www.ecovis.com\/uruguay\/es\/?p=3324"},"modified":"2024-11-07T22:33:23","modified_gmt":"2024-11-07T21:33:23","slug":"reduccion-de-iva-a-personas-fisicas-no-residentes","status":"publish","type":"post","link":"https:\/\/www.ecovis.com\/uruguay\/es\/blog\/2024\/11\/07\/reduccion-de-iva-a-personas-fisicas-no-residentes\/","title":{"rendered":"Reducci\u00f3n de IVA a personas f\u00edsicas no residentes"},"content":{"rendered":"<p>A trav\u00e9s del Decreto No. 279\/024 se reduce el IVA en un 100% aplicable en las operaciones realizadas en el per\u00edodo comprendido entre el 15 de noviembre de 2024 y el 30 de abril de 2025 inclusive, siempre que se abonen mediante tarjetas de d\u00e9bito o cr\u00e9dito, emitidas en el exterior o mediante pago con transferencia electr\u00f3nica de fondos provenientes del exterior, siempre que intervenga un adquirente o una entidad de cobranza, residente en territorio nacional.<\/p>\n","protected":false},"excerpt":{"rendered":"<p>A trav\u00e9s del Decreto No. 279\/024 se reduce el IVA en un 100% aplicable en las operaciones realizadas en el per\u00edodo comprendido entre el 15 de noviembre de 2024 y el 30 de abril de 2025 inclusive, siempre que se abonen mediante tarjetas de d\u00e9bito o cr\u00e9dito, emitidas en el exterior o mediante pago con [&hellip;]<\/p>\n","protected":false},"author":15,"featured_media":3325,"comment_status":"closed","ping_status":"open","sticky":false,"template":"","format":"standard","meta":{"_acf_changed":false,"footnotes":""},"categories":[30],"tags":[87],"class_list":["post-3324","post","type-post","status-publish","format-standard","has-post-thumbnail","hentry","category-novedades","tag-issue-301"],"acf":[],"yoast_head":"<!-- This site is optimized with the Yoast SEO plugin v27.4 - https:\/\/yoast.com\/product\/yoast-seo-wordpress\/ -->\n<title>Reducci\u00f3n de IVA a personas f\u00edsicas no residentes - Ecovis en Uruguay<\/title>\n<meta name=\"robots\" content=\"index, follow, max-snippet:-1, max-image-preview:large, max-video-preview:-1\" \/>\n<link rel=\"canonical\" href=\"https:\/\/www.ecovis.com\/uruguay\/es\/blog\/2024\/11\/07\/reduccion-de-iva-a-personas-fisicas-no-residentes\/\" \/>\n<meta property=\"og:locale\" content=\"es_ES\" \/>\n<meta property=\"og:type\" content=\"article\" \/>\n<meta property=\"og:title\" content=\"Reducci\u00f3n de IVA a personas f\u00edsicas no residentes - Ecovis en Uruguay\" \/>\n<meta property=\"og:description\" content=\"A trav\u00e9s del Decreto No. 279\/024 se reduce el IVA en un 100% aplicable en las operaciones realizadas en el per\u00edodo comprendido entre el 15 de noviembre de 2024 y el 30 de abril de 2025 inclusive, siempre que se abonen mediante tarjetas de d\u00e9bito o cr\u00e9dito, emitidas en el exterior o mediante pago con [&hellip;]\" \/>\n<meta property=\"og:url\" content=\"https:\/\/www.ecovis.com\/uruguay\/es\/blog\/2024\/11\/07\/reduccion-de-iva-a-personas-fisicas-no-residentes\/\" \/>\n<meta property=\"og:site_name\" content=\"Ecovis en Uruguay\" \/>\n<meta property=\"article:published_time\" content=\"2024-11-07T21:31:04+00:00\" \/>\n<meta property=\"article:modified_time\" content=\"2024-11-07T21:33:23+00:00\" \/>\n<meta property=\"og:image\" content=\"https:\/\/www.ecovis.com\/uruguay\/es\/wp-content\/uploads\/sites\/3\/2024\/11\/NL301_reduccion-de-iva.jpg\" \/>\n\t<meta property=\"og:image:width\" content=\"1280\" \/>\n\t<meta property=\"og:image:height\" content=\"550\" \/>\n\t<meta property=\"og:image:type\" content=\"image\/jpeg\" \/>\n<meta name=\"author\" content=\"fg_uruguay\" \/>\n<meta name=\"twitter:card\" content=\"summary_large_image\" \/>\n<meta name=\"twitter:label1\" content=\"Written by\" \/>\n\t<meta name=\"twitter:data1\" content=\"fg_uruguay\" \/>\n\t<meta name=\"twitter:label2\" content=\"Est. reading time\" \/>\n\t<meta name=\"twitter:data2\" content=\"1 minuto\" \/>\n<script type=\"application\/ld+json\" class=\"yoast-schema-graph\">{\"@context\":\"https:\\\/\\\/schema.org\",\"@graph\":[{\"@type\":\"Article\",\"@id\":\"https:\\\/\\\/www.ecovis.com\\\/uruguay\\\/es\\\/blog\\\/2024\\\/11\\\/07\\\/reduccion-de-iva-a-personas-fisicas-no-residentes\\\/#article\",\"isPartOf\":{\"@id\":\"https:\\\/\\\/www.ecovis.com\\\/uruguay\\\/es\\\/blog\\\/2024\\\/11\\\/07\\\/reduccion-de-iva-a-personas-fisicas-no-residentes\\\/\"},\"author\":{\"name\":\"fg_uruguay\",\"@id\":\"https:\\\/\\\/www.ecovis.com\\\/uruguay\\\/es\\\/#\\\/schema\\\/person\\\/3534ca2ace82a2b5e11d9092650e0703\"},\"headline\":\"Reducci\u00f3n de IVA a personas f\u00edsicas no residentes\",\"datePublished\":\"2024-11-07T21:31:04+00:00\",\"dateModified\":\"2024-11-07T21:33:23+00:00\",\"mainEntityOfPage\":{\"@id\":\"https:\\\/\\\/www.ecovis.com\\\/uruguay\\\/es\\\/blog\\\/2024\\\/11\\\/07\\\/reduccion-de-iva-a-personas-fisicas-no-residentes\\\/\"},\"wordCount\":85,\"image\":{\"@id\":\"https:\\\/\\\/www.ecovis.com\\\/uruguay\\\/es\\\/blog\\\/2024\\\/11\\\/07\\\/reduccion-de-iva-a-personas-fisicas-no-residentes\\\/#primaryimage\"},\"thumbnailUrl\":\"https:\\\/\\\/www.ecovis.com\\\/uruguay\\\/es\\\/wp-content\\\/uploads\\\/sites\\\/3\\\/2024\\\/11\\\/NL301_reduccion-de-iva.jpg\",\"keywords\":[\"Issue 301\"],\"articleSection\":[\"Novedades\"],\"inLanguage\":\"es-UY\"},{\"@type\":\"WebPage\",\"@id\":\"https:\\\/\\\/www.ecovis.com\\\/uruguay\\\/es\\\/blog\\\/2024\\\/11\\\/07\\\/reduccion-de-iva-a-personas-fisicas-no-residentes\\\/\",\"url\":\"https:\\\/\\\/www.ecovis.com\\\/uruguay\\\/es\\\/blog\\\/2024\\\/11\\\/07\\\/reduccion-de-iva-a-personas-fisicas-no-residentes\\\/\",\"name\":\"Reducci\u00f3n de IVA a personas f\u00edsicas no residentes - Ecovis en Uruguay\",\"isPartOf\":{\"@id\":\"https:\\\/\\\/www.ecovis.com\\\/uruguay\\\/es\\\/#website\"},\"primaryImageOfPage\":{\"@id\":\"https:\\\/\\\/www.ecovis.com\\\/uruguay\\\/es\\\/blog\\\/2024\\\/11\\\/07\\\/reduccion-de-iva-a-personas-fisicas-no-residentes\\\/#primaryimage\"},\"image\":{\"@id\":\"https:\\\/\\\/www.ecovis.com\\\/uruguay\\\/es\\\/blog\\\/2024\\\/11\\\/07\\\/reduccion-de-iva-a-personas-fisicas-no-residentes\\\/#primaryimage\"},\"thumbnailUrl\":\"https:\\\/\\\/www.ecovis.com\\\/uruguay\\\/es\\\/wp-content\\\/uploads\\\/sites\\\/3\\\/2024\\\/11\\\/NL301_reduccion-de-iva.jpg\",\"datePublished\":\"2024-11-07T21:31:04+00:00\",\"dateModified\":\"2024-11-07T21:33:23+00:00\",\"author\":{\"@id\":\"https:\\\/\\\/www.ecovis.com\\\/uruguay\\\/es\\\/#\\\/schema\\\/person\\\/3534ca2ace82a2b5e11d9092650e0703\"},\"breadcrumb\":{\"@id\":\"https:\\\/\\\/www.ecovis.com\\\/uruguay\\\/es\\\/blog\\\/2024\\\/11\\\/07\\\/reduccion-de-iva-a-personas-fisicas-no-residentes\\\/#breadcrumb\"},\"inLanguage\":\"es-UY\",\"potentialAction\":[{\"@type\":\"ReadAction\",\"target\":[\"https:\\\/\\\/www.ecovis.com\\\/uruguay\\\/es\\\/blog\\\/2024\\\/11\\\/07\\\/reduccion-de-iva-a-personas-fisicas-no-residentes\\\/\"]}]},{\"@type\":\"ImageObject\",\"inLanguage\":\"es-UY\",\"@id\":\"https:\\\/\\\/www.ecovis.com\\\/uruguay\\\/es\\\/blog\\\/2024\\\/11\\\/07\\\/reduccion-de-iva-a-personas-fisicas-no-residentes\\\/#primaryimage\",\"url\":\"https:\\\/\\\/www.ecovis.com\\\/uruguay\\\/es\\\/wp-content\\\/uploads\\\/sites\\\/3\\\/2024\\\/11\\\/NL301_reduccion-de-iva.jpg\",\"contentUrl\":\"https:\\\/\\\/www.ecovis.com\\\/uruguay\\\/es\\\/wp-content\\\/uploads\\\/sites\\\/3\\\/2024\\\/11\\\/NL301_reduccion-de-iva.jpg\",\"width\":1280,\"height\":550,\"caption\":\"\u00a9 mikhail-nilov, Pexels\"},{\"@type\":\"BreadcrumbList\",\"@id\":\"https:\\\/\\\/www.ecovis.com\\\/uruguay\\\/es\\\/blog\\\/2024\\\/11\\\/07\\\/reduccion-de-iva-a-personas-fisicas-no-residentes\\\/#breadcrumb\",\"itemListElement\":[{\"@type\":\"ListItem\",\"position\":1,\"name\":\"Ecovis Global\",\"item\":\"https:\\\/\\\/www.ecovis.com\\\/\"},{\"@type\":\"ListItem\",\"position\":2,\"name\":\"Inicio\",\"item\":\"https:\\\/\\\/www.ecovis.com\\\/uruguay\\\/es\\\/\"},{\"@type\":\"ListItem\",\"position\":3,\"name\":\"Reducci\u00f3n de IVA a personas f\u00edsicas no residentes\"}]},{\"@type\":\"WebSite\",\"@id\":\"https:\\\/\\\/www.ecovis.com\\\/uruguay\\\/es\\\/#website\",\"url\":\"https:\\\/\\\/www.ecovis.com\\\/uruguay\\\/es\\\/\",\"name\":\"Ecovis.com\",\"description\":\"\",\"potentialAction\":[{\"@type\":\"SearchAction\",\"target\":{\"@type\":\"EntryPoint\",\"urlTemplate\":\"https:\\\/\\\/www.ecovis.com\\\/uruguay\\\/es\\\/?s={search_term_string}\"},\"query-input\":{\"@type\":\"PropertyValueSpecification\",\"valueRequired\":true,\"valueName\":\"search_term_string\"}}],\"inLanguage\":\"es-UY\"},{\"@type\":\"Person\",\"@id\":\"https:\\\/\\\/www.ecovis.com\\\/uruguay\\\/es\\\/#\\\/schema\\\/person\\\/3534ca2ace82a2b5e11d9092650e0703\",\"name\":\"fg_uruguay\",\"image\":{\"@type\":\"ImageObject\",\"inLanguage\":\"es-UY\",\"@id\":\"https:\\\/\\\/secure.gravatar.com\\\/avatar\\\/d8f8cdb8dedf4903b4419a5b22f1a43436ad0387b7c6d10390caed756603f27f?s=96&d=mm&r=g\",\"url\":\"https:\\\/\\\/secure.gravatar.com\\\/avatar\\\/d8f8cdb8dedf4903b4419a5b22f1a43436ad0387b7c6d10390caed756603f27f?s=96&d=mm&r=g\",\"contentUrl\":\"https:\\\/\\\/secure.gravatar.com\\\/avatar\\\/d8f8cdb8dedf4903b4419a5b22f1a43436ad0387b7c6d10390caed756603f27f?s=96&d=mm&r=g\",\"caption\":\"fg_uruguay\"},\"url\":\"https:\\\/\\\/www.ecovis.com\\\/uruguay\\\/es\\\/blog\\\/author\\\/fg_uruguay\\\/\"}]}<\/script>\n<!-- \/ Yoast SEO plugin. -->","yoast_head_json":{"title":"Reducci\u00f3n de IVA a personas f\u00edsicas no residentes - Ecovis en Uruguay","robots":{"index":"index","follow":"follow","max-snippet":"max-snippet:-1","max-image-preview":"max-image-preview:large","max-video-preview":"max-video-preview:-1"},"canonical":"https:\/\/www.ecovis.com\/uruguay\/es\/blog\/2024\/11\/07\/reduccion-de-iva-a-personas-fisicas-no-residentes\/","og_locale":"es_ES","og_type":"article","og_title":"Reducci\u00f3n de IVA a personas f\u00edsicas no residentes - Ecovis en Uruguay","og_description":"A trav\u00e9s del Decreto No. 279\/024 se reduce el IVA en un 100% aplicable en las operaciones realizadas en el per\u00edodo comprendido entre el 15 de noviembre de 2024 y el 30 de abril de 2025 inclusive, siempre que se abonen mediante tarjetas de d\u00e9bito o cr\u00e9dito, emitidas en el exterior o mediante pago con [&hellip;]","og_url":"https:\/\/www.ecovis.com\/uruguay\/es\/blog\/2024\/11\/07\/reduccion-de-iva-a-personas-fisicas-no-residentes\/","og_site_name":"Ecovis en Uruguay","article_published_time":"2024-11-07T21:31:04+00:00","article_modified_time":"2024-11-07T21:33:23+00:00","og_image":[{"width":1280,"height":550,"url":"https:\/\/www.ecovis.com\/uruguay\/es\/wp-content\/uploads\/sites\/3\/2024\/11\/NL301_reduccion-de-iva.jpg","type":"image\/jpeg"}],"author":"fg_uruguay","twitter_card":"summary_large_image","twitter_misc":{"Written by":"fg_uruguay","Est. reading time":"1 minuto"},"schema":{"@context":"https:\/\/schema.org","@graph":[{"@type":"Article","@id":"https:\/\/www.ecovis.com\/uruguay\/es\/blog\/2024\/11\/07\/reduccion-de-iva-a-personas-fisicas-no-residentes\/#article","isPartOf":{"@id":"https:\/\/www.ecovis.com\/uruguay\/es\/blog\/2024\/11\/07\/reduccion-de-iva-a-personas-fisicas-no-residentes\/"},"author":{"name":"fg_uruguay","@id":"https:\/\/www.ecovis.com\/uruguay\/es\/#\/schema\/person\/3534ca2ace82a2b5e11d9092650e0703"},"headline":"Reducci\u00f3n de IVA a personas f\u00edsicas no residentes","datePublished":"2024-11-07T21:31:04+00:00","dateModified":"2024-11-07T21:33:23+00:00","mainEntityOfPage":{"@id":"https:\/\/www.ecovis.com\/uruguay\/es\/blog\/2024\/11\/07\/reduccion-de-iva-a-personas-fisicas-no-residentes\/"},"wordCount":85,"image":{"@id":"https:\/\/www.ecovis.com\/uruguay\/es\/blog\/2024\/11\/07\/reduccion-de-iva-a-personas-fisicas-no-residentes\/#primaryimage"},"thumbnailUrl":"https:\/\/www.ecovis.com\/uruguay\/es\/wp-content\/uploads\/sites\/3\/2024\/11\/NL301_reduccion-de-iva.jpg","keywords":["Issue 301"],"articleSection":["Novedades"],"inLanguage":"es-UY"},{"@type":"WebPage","@id":"https:\/\/www.ecovis.com\/uruguay\/es\/blog\/2024\/11\/07\/reduccion-de-iva-a-personas-fisicas-no-residentes\/","url":"https:\/\/www.ecovis.com\/uruguay\/es\/blog\/2024\/11\/07\/reduccion-de-iva-a-personas-fisicas-no-residentes\/","name":"Reducci\u00f3n de IVA a personas f\u00edsicas no residentes - Ecovis en Uruguay","isPartOf":{"@id":"https:\/\/www.ecovis.com\/uruguay\/es\/#website"},"primaryImageOfPage":{"@id":"https:\/\/www.ecovis.com\/uruguay\/es\/blog\/2024\/11\/07\/reduccion-de-iva-a-personas-fisicas-no-residentes\/#primaryimage"},"image":{"@id":"https:\/\/www.ecovis.com\/uruguay\/es\/blog\/2024\/11\/07\/reduccion-de-iva-a-personas-fisicas-no-residentes\/#primaryimage"},"thumbnailUrl":"https:\/\/www.ecovis.com\/uruguay\/es\/wp-content\/uploads\/sites\/3\/2024\/11\/NL301_reduccion-de-iva.jpg","datePublished":"2024-11-07T21:31:04+00:00","dateModified":"2024-11-07T21:33:23+00:00","author":{"@id":"https:\/\/www.ecovis.com\/uruguay\/es\/#\/schema\/person\/3534ca2ace82a2b5e11d9092650e0703"},"breadcrumb":{"@id":"https:\/\/www.ecovis.com\/uruguay\/es\/blog\/2024\/11\/07\/reduccion-de-iva-a-personas-fisicas-no-residentes\/#breadcrumb"},"inLanguage":"es-UY","potentialAction":[{"@type":"ReadAction","target":["https:\/\/www.ecovis.com\/uruguay\/es\/blog\/2024\/11\/07\/reduccion-de-iva-a-personas-fisicas-no-residentes\/"]}]},{"@type":"ImageObject","inLanguage":"es-UY","@id":"https:\/\/www.ecovis.com\/uruguay\/es\/blog\/2024\/11\/07\/reduccion-de-iva-a-personas-fisicas-no-residentes\/#primaryimage","url":"https:\/\/www.ecovis.com\/uruguay\/es\/wp-content\/uploads\/sites\/3\/2024\/11\/NL301_reduccion-de-iva.jpg","contentUrl":"https:\/\/www.ecovis.com\/uruguay\/es\/wp-content\/uploads\/sites\/3\/2024\/11\/NL301_reduccion-de-iva.jpg","width":1280,"height":550,"caption":"\u00a9 mikhail-nilov, Pexels"},{"@type":"BreadcrumbList","@id":"https:\/\/www.ecovis.com\/uruguay\/es\/blog\/2024\/11\/07\/reduccion-de-iva-a-personas-fisicas-no-residentes\/#breadcrumb","itemListElement":[{"@type":"ListItem","position":1,"name":"Ecovis Global","item":"https:\/\/www.ecovis.com\/"},{"@type":"ListItem","position":2,"name":"Inicio","item":"https:\/\/www.ecovis.com\/uruguay\/es\/"},{"@type":"ListItem","position":3,"name":"Reducci\u00f3n de IVA a personas f\u00edsicas no residentes"}]},{"@type":"WebSite","@id":"https:\/\/www.ecovis.com\/uruguay\/es\/#website","url":"https:\/\/www.ecovis.com\/uruguay\/es\/","name":"Ecovis.com","description":"","potentialAction":[{"@type":"SearchAction","target":{"@type":"EntryPoint","urlTemplate":"https:\/\/www.ecovis.com\/uruguay\/es\/?s={search_term_string}"},"query-input":{"@type":"PropertyValueSpecification","valueRequired":true,"valueName":"search_term_string"}}],"inLanguage":"es-UY"},{"@type":"Person","@id":"https:\/\/www.ecovis.com\/uruguay\/es\/#\/schema\/person\/3534ca2ace82a2b5e11d9092650e0703","name":"fg_uruguay","image":{"@type":"ImageObject","inLanguage":"es-UY","@id":"https:\/\/secure.gravatar.com\/avatar\/d8f8cdb8dedf4903b4419a5b22f1a43436ad0387b7c6d10390caed756603f27f?s=96&d=mm&r=g","url":"https:\/\/secure.gravatar.com\/avatar\/d8f8cdb8dedf4903b4419a5b22f1a43436ad0387b7c6d10390caed756603f27f?s=96&d=mm&r=g","contentUrl":"https:\/\/secure.gravatar.com\/avatar\/d8f8cdb8dedf4903b4419a5b22f1a43436ad0387b7c6d10390caed756603f27f?s=96&d=mm&r=g","caption":"fg_uruguay"},"url":"https:\/\/www.ecovis.com\/uruguay\/es\/blog\/author\/fg_uruguay\/"}]}},"featured_image_url":"https:\/\/www.ecovis.com\/uruguay\/es\/wp-content\/uploads\/sites\/3\/2024\/11\/NL301_reduccion-de-iva-300x150.jpg","featured_image_url_large":"https:\/\/www.ecovis.com\/uruguay\/es\/wp-content\/uploads\/sites\/3\/2024\/11\/NL301_reduccion-de-iva.jpg","_links":{"self":[{"href":"https:\/\/www.ecovis.com\/uruguay\/es\/wp-json\/wp\/v2\/posts\/3324","targetHints":{"allow":["GET"]}}],"collection":[{"href":"https:\/\/www.ecovis.com\/uruguay\/es\/wp-json\/wp\/v2\/posts"}],"about":[{"href":"https:\/\/www.ecovis.com\/uruguay\/es\/wp-json\/wp\/v2\/types\/post"}],"author":[{"embeddable":true,"href":"https:\/\/www.ecovis.com\/uruguay\/es\/wp-json\/wp\/v2\/users\/15"}],"replies":[{"embeddable":true,"href":"https:\/\/www.ecovis.com\/uruguay\/es\/wp-json\/wp\/v2\/comments?post=3324"}],"version-history":[{"count":1,"href":"https:\/\/www.ecovis.com\/uruguay\/es\/wp-json\/wp\/v2\/posts\/3324\/revisions"}],"predecessor-version":[{"id":3326,"href":"https:\/\/www.ecovis.com\/uruguay\/es\/wp-json\/wp\/v2\/posts\/3324\/revisions\/3326"}],"wp:featuredmedia":[{"embeddable":true,"href":"https:\/\/www.ecovis.com\/uruguay\/es\/wp-json\/wp\/v2\/media\/3325"}],"wp:attachment":[{"href":"https:\/\/www.ecovis.com\/uruguay\/es\/wp-json\/wp\/v2\/media?parent=3324"}],"wp:term":[{"taxonomy":"category","embeddable":true,"href":"https:\/\/www.ecovis.com\/uruguay\/es\/wp-json\/wp\/v2\/categories?post=3324"},{"taxonomy":"post_tag","embeddable":true,"href":"https:\/\/www.ecovis.com\/uruguay\/es\/wp-json\/wp\/v2\/tags?post=3324"}],"curies":[{"name":"wp","href":"https:\/\/api.w.org\/{rel}","templated":true}]}}