{"id":3033,"date":"2023-03-06T10:00:53","date_gmt":"2023-03-06T09:00:53","guid":{"rendered":"https:\/\/www.ecovis.com\/uruguay\/es\/?p=3033"},"modified":"2023-03-06T10:00:53","modified_gmt":"2023-03-06T09:00:53","slug":"servicios-de-prevencion-y-salud-en-el-trabajo-plan-de-prevencion-de-riesgos-laborales","status":"publish","type":"post","link":"https:\/\/www.ecovis.com\/uruguay\/es\/blog\/2023\/03\/06\/servicios-de-prevencion-y-salud-en-el-trabajo-plan-de-prevencion-de-riesgos-laborales\/","title":{"rendered":"Servicios de Prevenci\u00f3n y Salud en el Trabajo &#8211; Plan de Prevenci\u00f3n de Riesgos Laborales"},"content":{"rendered":"<p>En virtud de la obligatoriedad establecida por el Decreto N\u00ba 127\/014 con fecha 13 de mayo de 2014 de los Servicios de Prevenci\u00f3n y Salud en el Trabajo, se aprob\u00f3 el Decreto N\u00b0 52\/023 que introduce nuevas obligaciones.<\/p>\n<p>Mediante dicho decreto, se establece la obligatoriedad para aquellas empresas que empleen entre 5 y 50 trabajadores de elaborar un Plan de Prevenci\u00f3n de Riesgos Laborales realizado por un t\u00e9cnico con t\u00edtulo habilitante. Dicho plan deber\u00e1 incluir, adem\u00e1s de todas las actividades realizadas por la empresa, los siguientes puntos:<\/p>\n<ul>\n<li>La identificaci\u00f3n de peligros.<\/li>\n<li>La evaluaci\u00f3n de los riesgos.<\/li>\n<li>Las medidas correctivas.<\/li>\n<li>Un cronograma de cumplimiento.<\/li>\n<\/ul>\n<p>Deber\u00e1 realizarse como m\u00ednimo cada seis meses o toda vez que cambien las condiciones de trabajo, ya sea por incorporaci\u00f3n de tecnolog\u00eda, modificaci\u00f3n de procesos productivos o por cualquier otro factor que haga necesaria una actualizaci\u00f3n del mismo. De acuerdo al mismo, se podr\u00e1\u00a0 recomendar la necesidad de que la empresa cuente con Servicios de Prevenci\u00f3n y Salud en el Trabajo.<\/p>\n<p>Tampoco se permitir\u00e1 trabajar a aquellos trabajadores que no tengan el control de salud vigente.<\/p>\n<p>La Inspecci\u00f3n General del Trabajo y de la Seguridad Social podr\u00e1 intimar la conformaci\u00f3n del Servicio de Prevenci\u00f3n y Salud en el Trabajo y el Plan de Vigilancia de la Salud, para proteger la integridad f\u00edsica y la salud de los trabajadores.<\/p>\n","protected":false},"excerpt":{"rendered":"<p>En virtud de la obligatoriedad establecida por el Decreto N\u00ba 127\/014 con fecha 13 de mayo de 2014 de los Servicios de Prevenci\u00f3n y Salud en el Trabajo, se aprob\u00f3 el Decreto N\u00b0 52\/023 que introduce nuevas obligaciones. Mediante dicho decreto, se establece la obligatoriedad para aquellas empresas que empleen entre 5 y 50 trabajadores [&hellip;]<\/p>\n","protected":false},"author":15,"featured_media":3027,"comment_status":"closed","ping_status":"open","sticky":false,"template":"","format":"standard","meta":{"_acf_changed":false,"footnotes":""},"categories":[30],"tags":[61],"class_list":["post-3033","post","type-post","status-publish","format-standard","has-post-thumbnail","hentry","category-novedades","tag-issue-257"],"acf":[],"yoast_head":"<!-- This site is optimized with the Yoast SEO plugin v27.4 - https:\/\/yoast.com\/product\/yoast-seo-wordpress\/ -->\n<title>Servicios de Prevenci\u00f3n y Salud en el Trabajo - Plan de Prevenci\u00f3n de Riesgos Laborales - Ecovis en Uruguay<\/title>\n<meta name=\"robots\" content=\"index, follow, max-snippet:-1, max-image-preview:large, max-video-preview:-1\" \/>\n<link rel=\"canonical\" href=\"https:\/\/www.ecovis.com\/uruguay\/es\/blog\/2023\/03\/06\/servicios-de-prevencion-y-salud-en-el-trabajo-plan-de-prevencion-de-riesgos-laborales\/\" \/>\n<meta property=\"og:locale\" content=\"es_ES\" \/>\n<meta property=\"og:type\" content=\"article\" \/>\n<meta property=\"og:title\" content=\"Servicios de Prevenci\u00f3n y Salud en el Trabajo - Plan de Prevenci\u00f3n de Riesgos Laborales - Ecovis en Uruguay\" \/>\n<meta property=\"og:description\" content=\"En virtud de la obligatoriedad establecida por el Decreto N\u00ba 127\/014 con fecha 13 de mayo de 2014 de los Servicios de Prevenci\u00f3n y Salud en el Trabajo, se aprob\u00f3 el Decreto N\u00b0 52\/023 que introduce nuevas obligaciones. Mediante dicho decreto, se establece la obligatoriedad para aquellas empresas que empleen entre 5 y 50 trabajadores [&hellip;]\" \/>\n<meta property=\"og:url\" content=\"https:\/\/www.ecovis.com\/uruguay\/es\/blog\/2023\/03\/06\/servicios-de-prevencion-y-salud-en-el-trabajo-plan-de-prevencion-de-riesgos-laborales\/\" \/>\n<meta property=\"og:site_name\" content=\"Ecovis en Uruguay\" \/>\n<meta property=\"article:published_time\" content=\"2023-03-06T09:00:53+00:00\" \/>\n<meta property=\"og:image\" content=\"https:\/\/www.ecovis.com\/uruguay\/es\/wp-content\/uploads\/sites\/3\/2023\/03\/Servicios-de-Prevencion-web.jpg\" \/>\n\t<meta property=\"og:image:width\" content=\"1280\" \/>\n\t<meta property=\"og:image:height\" content=\"550\" \/>\n\t<meta property=\"og:image:type\" content=\"image\/jpeg\" \/>\n<meta name=\"author\" content=\"fg_uruguay\" \/>\n<meta name=\"twitter:card\" content=\"summary_large_image\" \/>\n<meta name=\"twitter:label1\" content=\"Written by\" \/>\n\t<meta name=\"twitter:data1\" content=\"fg_uruguay\" \/>\n\t<meta name=\"twitter:label2\" content=\"Est. reading time\" \/>\n\t<meta name=\"twitter:data2\" content=\"2 minutos\" \/>\n<script type=\"application\/ld+json\" class=\"yoast-schema-graph\">{\"@context\":\"https:\\\/\\\/schema.org\",\"@graph\":[{\"@type\":\"Article\",\"@id\":\"https:\\\/\\\/www.ecovis.com\\\/uruguay\\\/es\\\/blog\\\/2023\\\/03\\\/06\\\/servicios-de-prevencion-y-salud-en-el-trabajo-plan-de-prevencion-de-riesgos-laborales\\\/#article\",\"isPartOf\":{\"@id\":\"https:\\\/\\\/www.ecovis.com\\\/uruguay\\\/es\\\/blog\\\/2023\\\/03\\\/06\\\/servicios-de-prevencion-y-salud-en-el-trabajo-plan-de-prevencion-de-riesgos-laborales\\\/\"},\"author\":{\"name\":\"fg_uruguay\",\"@id\":\"https:\\\/\\\/www.ecovis.com\\\/uruguay\\\/es\\\/#\\\/schema\\\/person\\\/3534ca2ace82a2b5e11d9092650e0703\"},\"headline\":\"Servicios de Prevenci\u00f3n y Salud en el Trabajo &#8211; Plan de Prevenci\u00f3n de Riesgos Laborales\",\"datePublished\":\"2023-03-06T09:00:53+00:00\",\"mainEntityOfPage\":{\"@id\":\"https:\\\/\\\/www.ecovis.com\\\/uruguay\\\/es\\\/blog\\\/2023\\\/03\\\/06\\\/servicios-de-prevencion-y-salud-en-el-trabajo-plan-de-prevencion-de-riesgos-laborales\\\/\"},\"wordCount\":249,\"image\":{\"@id\":\"https:\\\/\\\/www.ecovis.com\\\/uruguay\\\/es\\\/blog\\\/2023\\\/03\\\/06\\\/servicios-de-prevencion-y-salud-en-el-trabajo-plan-de-prevencion-de-riesgos-laborales\\\/#primaryimage\"},\"thumbnailUrl\":\"https:\\\/\\\/www.ecovis.com\\\/uruguay\\\/es\\\/wp-content\\\/uploads\\\/sites\\\/3\\\/2023\\\/03\\\/Servicios-de-Prevencion-web.jpg\",\"keywords\":[\"Issue 257\"],\"articleSection\":[\"Novedades\"],\"inLanguage\":\"es-UY\"},{\"@type\":\"WebPage\",\"@id\":\"https:\\\/\\\/www.ecovis.com\\\/uruguay\\\/es\\\/blog\\\/2023\\\/03\\\/06\\\/servicios-de-prevencion-y-salud-en-el-trabajo-plan-de-prevencion-de-riesgos-laborales\\\/\",\"url\":\"https:\\\/\\\/www.ecovis.com\\\/uruguay\\\/es\\\/blog\\\/2023\\\/03\\\/06\\\/servicios-de-prevencion-y-salud-en-el-trabajo-plan-de-prevencion-de-riesgos-laborales\\\/\",\"name\":\"Servicios de Prevenci\u00f3n y Salud en el Trabajo - Plan de Prevenci\u00f3n de Riesgos Laborales - Ecovis en Uruguay\",\"isPartOf\":{\"@id\":\"https:\\\/\\\/www.ecovis.com\\\/uruguay\\\/es\\\/#website\"},\"primaryImageOfPage\":{\"@id\":\"https:\\\/\\\/www.ecovis.com\\\/uruguay\\\/es\\\/blog\\\/2023\\\/03\\\/06\\\/servicios-de-prevencion-y-salud-en-el-trabajo-plan-de-prevencion-de-riesgos-laborales\\\/#primaryimage\"},\"image\":{\"@id\":\"https:\\\/\\\/www.ecovis.com\\\/uruguay\\\/es\\\/blog\\\/2023\\\/03\\\/06\\\/servicios-de-prevencion-y-salud-en-el-trabajo-plan-de-prevencion-de-riesgos-laborales\\\/#primaryimage\"},\"thumbnailUrl\":\"https:\\\/\\\/www.ecovis.com\\\/uruguay\\\/es\\\/wp-content\\\/uploads\\\/sites\\\/3\\\/2023\\\/03\\\/Servicios-de-Prevencion-web.jpg\",\"datePublished\":\"2023-03-06T09:00:53+00:00\",\"author\":{\"@id\":\"https:\\\/\\\/www.ecovis.com\\\/uruguay\\\/es\\\/#\\\/schema\\\/person\\\/3534ca2ace82a2b5e11d9092650e0703\"},\"breadcrumb\":{\"@id\":\"https:\\\/\\\/www.ecovis.com\\\/uruguay\\\/es\\\/blog\\\/2023\\\/03\\\/06\\\/servicios-de-prevencion-y-salud-en-el-trabajo-plan-de-prevencion-de-riesgos-laborales\\\/#breadcrumb\"},\"inLanguage\":\"es-UY\",\"potentialAction\":[{\"@type\":\"ReadAction\",\"target\":[\"https:\\\/\\\/www.ecovis.com\\\/uruguay\\\/es\\\/blog\\\/2023\\\/03\\\/06\\\/servicios-de-prevencion-y-salud-en-el-trabajo-plan-de-prevencion-de-riesgos-laborales\\\/\"]}]},{\"@type\":\"ImageObject\",\"inLanguage\":\"es-UY\",\"@id\":\"https:\\\/\\\/www.ecovis.com\\\/uruguay\\\/es\\\/blog\\\/2023\\\/03\\\/06\\\/servicios-de-prevencion-y-salud-en-el-trabajo-plan-de-prevencion-de-riesgos-laborales\\\/#primaryimage\",\"url\":\"https:\\\/\\\/www.ecovis.com\\\/uruguay\\\/es\\\/wp-content\\\/uploads\\\/sites\\\/3\\\/2023\\\/03\\\/Servicios-de-Prevencion-web.jpg\",\"contentUrl\":\"https:\\\/\\\/www.ecovis.com\\\/uruguay\\\/es\\\/wp-content\\\/uploads\\\/sites\\\/3\\\/2023\\\/03\\\/Servicios-de-Prevencion-web.jpg\",\"width\":1280,\"height\":550,\"caption\":\"\u00a9 mikael-blomkvist, Pexels\"},{\"@type\":\"BreadcrumbList\",\"@id\":\"https:\\\/\\\/www.ecovis.com\\\/uruguay\\\/es\\\/blog\\\/2023\\\/03\\\/06\\\/servicios-de-prevencion-y-salud-en-el-trabajo-plan-de-prevencion-de-riesgos-laborales\\\/#breadcrumb\",\"itemListElement\":[{\"@type\":\"ListItem\",\"position\":1,\"name\":\"Ecovis Global\",\"item\":\"https:\\\/\\\/www.ecovis.com\\\/\"},{\"@type\":\"ListItem\",\"position\":2,\"name\":\"Inicio\",\"item\":\"https:\\\/\\\/www.ecovis.com\\\/uruguay\\\/es\\\/\"},{\"@type\":\"ListItem\",\"position\":3,\"name\":\"Servicios de Prevenci\u00f3n y Salud en el Trabajo &#8211; Plan de Prevenci\u00f3n de Riesgos Laborales\"}]},{\"@type\":\"WebSite\",\"@id\":\"https:\\\/\\\/www.ecovis.com\\\/uruguay\\\/es\\\/#website\",\"url\":\"https:\\\/\\\/www.ecovis.com\\\/uruguay\\\/es\\\/\",\"name\":\"Ecovis.com\",\"description\":\"\",\"potentialAction\":[{\"@type\":\"SearchAction\",\"target\":{\"@type\":\"EntryPoint\",\"urlTemplate\":\"https:\\\/\\\/www.ecovis.com\\\/uruguay\\\/es\\\/?s={search_term_string}\"},\"query-input\":{\"@type\":\"PropertyValueSpecification\",\"valueRequired\":true,\"valueName\":\"search_term_string\"}}],\"inLanguage\":\"es-UY\"},{\"@type\":\"Person\",\"@id\":\"https:\\\/\\\/www.ecovis.com\\\/uruguay\\\/es\\\/#\\\/schema\\\/person\\\/3534ca2ace82a2b5e11d9092650e0703\",\"name\":\"fg_uruguay\",\"image\":{\"@type\":\"ImageObject\",\"inLanguage\":\"es-UY\",\"@id\":\"https:\\\/\\\/secure.gravatar.com\\\/avatar\\\/d8f8cdb8dedf4903b4419a5b22f1a43436ad0387b7c6d10390caed756603f27f?s=96&d=mm&r=g\",\"url\":\"https:\\\/\\\/secure.gravatar.com\\\/avatar\\\/d8f8cdb8dedf4903b4419a5b22f1a43436ad0387b7c6d10390caed756603f27f?s=96&d=mm&r=g\",\"contentUrl\":\"https:\\\/\\\/secure.gravatar.com\\\/avatar\\\/d8f8cdb8dedf4903b4419a5b22f1a43436ad0387b7c6d10390caed756603f27f?s=96&d=mm&r=g\",\"caption\":\"fg_uruguay\"},\"url\":\"https:\\\/\\\/www.ecovis.com\\\/uruguay\\\/es\\\/blog\\\/author\\\/fg_uruguay\\\/\"}]}<\/script>\n<!-- \/ Yoast SEO plugin. -->","yoast_head_json":{"title":"Servicios de Prevenci\u00f3n y Salud en el Trabajo - Plan de Prevenci\u00f3n de Riesgos Laborales - Ecovis en Uruguay","robots":{"index":"index","follow":"follow","max-snippet":"max-snippet:-1","max-image-preview":"max-image-preview:large","max-video-preview":"max-video-preview:-1"},"canonical":"https:\/\/www.ecovis.com\/uruguay\/es\/blog\/2023\/03\/06\/servicios-de-prevencion-y-salud-en-el-trabajo-plan-de-prevencion-de-riesgos-laborales\/","og_locale":"es_ES","og_type":"article","og_title":"Servicios de Prevenci\u00f3n y Salud en el Trabajo - Plan de Prevenci\u00f3n de Riesgos Laborales - Ecovis en Uruguay","og_description":"En virtud de la obligatoriedad establecida por el Decreto N\u00ba 127\/014 con fecha 13 de mayo de 2014 de los Servicios de Prevenci\u00f3n y Salud en el Trabajo, se aprob\u00f3 el Decreto N\u00b0 52\/023 que introduce nuevas obligaciones. Mediante dicho decreto, se establece la obligatoriedad para aquellas empresas que empleen entre 5 y 50 trabajadores [&hellip;]","og_url":"https:\/\/www.ecovis.com\/uruguay\/es\/blog\/2023\/03\/06\/servicios-de-prevencion-y-salud-en-el-trabajo-plan-de-prevencion-de-riesgos-laborales\/","og_site_name":"Ecovis en Uruguay","article_published_time":"2023-03-06T09:00:53+00:00","og_image":[{"width":1280,"height":550,"url":"https:\/\/www.ecovis.com\/uruguay\/es\/wp-content\/uploads\/sites\/3\/2023\/03\/Servicios-de-Prevencion-web.jpg","type":"image\/jpeg"}],"author":"fg_uruguay","twitter_card":"summary_large_image","twitter_misc":{"Written by":"fg_uruguay","Est. reading time":"2 minutos"},"schema":{"@context":"https:\/\/schema.org","@graph":[{"@type":"Article","@id":"https:\/\/www.ecovis.com\/uruguay\/es\/blog\/2023\/03\/06\/servicios-de-prevencion-y-salud-en-el-trabajo-plan-de-prevencion-de-riesgos-laborales\/#article","isPartOf":{"@id":"https:\/\/www.ecovis.com\/uruguay\/es\/blog\/2023\/03\/06\/servicios-de-prevencion-y-salud-en-el-trabajo-plan-de-prevencion-de-riesgos-laborales\/"},"author":{"name":"fg_uruguay","@id":"https:\/\/www.ecovis.com\/uruguay\/es\/#\/schema\/person\/3534ca2ace82a2b5e11d9092650e0703"},"headline":"Servicios de Prevenci\u00f3n y Salud en el Trabajo &#8211; Plan de Prevenci\u00f3n de Riesgos Laborales","datePublished":"2023-03-06T09:00:53+00:00","mainEntityOfPage":{"@id":"https:\/\/www.ecovis.com\/uruguay\/es\/blog\/2023\/03\/06\/servicios-de-prevencion-y-salud-en-el-trabajo-plan-de-prevencion-de-riesgos-laborales\/"},"wordCount":249,"image":{"@id":"https:\/\/www.ecovis.com\/uruguay\/es\/blog\/2023\/03\/06\/servicios-de-prevencion-y-salud-en-el-trabajo-plan-de-prevencion-de-riesgos-laborales\/#primaryimage"},"thumbnailUrl":"https:\/\/www.ecovis.com\/uruguay\/es\/wp-content\/uploads\/sites\/3\/2023\/03\/Servicios-de-Prevencion-web.jpg","keywords":["Issue 257"],"articleSection":["Novedades"],"inLanguage":"es-UY"},{"@type":"WebPage","@id":"https:\/\/www.ecovis.com\/uruguay\/es\/blog\/2023\/03\/06\/servicios-de-prevencion-y-salud-en-el-trabajo-plan-de-prevencion-de-riesgos-laborales\/","url":"https:\/\/www.ecovis.com\/uruguay\/es\/blog\/2023\/03\/06\/servicios-de-prevencion-y-salud-en-el-trabajo-plan-de-prevencion-de-riesgos-laborales\/","name":"Servicios de Prevenci\u00f3n y Salud en el Trabajo - Plan de Prevenci\u00f3n de Riesgos Laborales - Ecovis en Uruguay","isPartOf":{"@id":"https:\/\/www.ecovis.com\/uruguay\/es\/#website"},"primaryImageOfPage":{"@id":"https:\/\/www.ecovis.com\/uruguay\/es\/blog\/2023\/03\/06\/servicios-de-prevencion-y-salud-en-el-trabajo-plan-de-prevencion-de-riesgos-laborales\/#primaryimage"},"image":{"@id":"https:\/\/www.ecovis.com\/uruguay\/es\/blog\/2023\/03\/06\/servicios-de-prevencion-y-salud-en-el-trabajo-plan-de-prevencion-de-riesgos-laborales\/#primaryimage"},"thumbnailUrl":"https:\/\/www.ecovis.com\/uruguay\/es\/wp-content\/uploads\/sites\/3\/2023\/03\/Servicios-de-Prevencion-web.jpg","datePublished":"2023-03-06T09:00:53+00:00","author":{"@id":"https:\/\/www.ecovis.com\/uruguay\/es\/#\/schema\/person\/3534ca2ace82a2b5e11d9092650e0703"},"breadcrumb":{"@id":"https:\/\/www.ecovis.com\/uruguay\/es\/blog\/2023\/03\/06\/servicios-de-prevencion-y-salud-en-el-trabajo-plan-de-prevencion-de-riesgos-laborales\/#breadcrumb"},"inLanguage":"es-UY","potentialAction":[{"@type":"ReadAction","target":["https:\/\/www.ecovis.com\/uruguay\/es\/blog\/2023\/03\/06\/servicios-de-prevencion-y-salud-en-el-trabajo-plan-de-prevencion-de-riesgos-laborales\/"]}]},{"@type":"ImageObject","inLanguage":"es-UY","@id":"https:\/\/www.ecovis.com\/uruguay\/es\/blog\/2023\/03\/06\/servicios-de-prevencion-y-salud-en-el-trabajo-plan-de-prevencion-de-riesgos-laborales\/#primaryimage","url":"https:\/\/www.ecovis.com\/uruguay\/es\/wp-content\/uploads\/sites\/3\/2023\/03\/Servicios-de-Prevencion-web.jpg","contentUrl":"https:\/\/www.ecovis.com\/uruguay\/es\/wp-content\/uploads\/sites\/3\/2023\/03\/Servicios-de-Prevencion-web.jpg","width":1280,"height":550,"caption":"\u00a9 mikael-blomkvist, Pexels"},{"@type":"BreadcrumbList","@id":"https:\/\/www.ecovis.com\/uruguay\/es\/blog\/2023\/03\/06\/servicios-de-prevencion-y-salud-en-el-trabajo-plan-de-prevencion-de-riesgos-laborales\/#breadcrumb","itemListElement":[{"@type":"ListItem","position":1,"name":"Ecovis Global","item":"https:\/\/www.ecovis.com\/"},{"@type":"ListItem","position":2,"name":"Inicio","item":"https:\/\/www.ecovis.com\/uruguay\/es\/"},{"@type":"ListItem","position":3,"name":"Servicios de Prevenci\u00f3n y Salud en el Trabajo &#8211; Plan de Prevenci\u00f3n de Riesgos Laborales"}]},{"@type":"WebSite","@id":"https:\/\/www.ecovis.com\/uruguay\/es\/#website","url":"https:\/\/www.ecovis.com\/uruguay\/es\/","name":"Ecovis.com","description":"","potentialAction":[{"@type":"SearchAction","target":{"@type":"EntryPoint","urlTemplate":"https:\/\/www.ecovis.com\/uruguay\/es\/?s={search_term_string}"},"query-input":{"@type":"PropertyValueSpecification","valueRequired":true,"valueName":"search_term_string"}}],"inLanguage":"es-UY"},{"@type":"Person","@id":"https:\/\/www.ecovis.com\/uruguay\/es\/#\/schema\/person\/3534ca2ace82a2b5e11d9092650e0703","name":"fg_uruguay","image":{"@type":"ImageObject","inLanguage":"es-UY","@id":"https:\/\/secure.gravatar.com\/avatar\/d8f8cdb8dedf4903b4419a5b22f1a43436ad0387b7c6d10390caed756603f27f?s=96&d=mm&r=g","url":"https:\/\/secure.gravatar.com\/avatar\/d8f8cdb8dedf4903b4419a5b22f1a43436ad0387b7c6d10390caed756603f27f?s=96&d=mm&r=g","contentUrl":"https:\/\/secure.gravatar.com\/avatar\/d8f8cdb8dedf4903b4419a5b22f1a43436ad0387b7c6d10390caed756603f27f?s=96&d=mm&r=g","caption":"fg_uruguay"},"url":"https:\/\/www.ecovis.com\/uruguay\/es\/blog\/author\/fg_uruguay\/"}]}},"featured_image_url":"https:\/\/www.ecovis.com\/uruguay\/es\/wp-content\/uploads\/sites\/3\/2023\/03\/Servicios-de-Prevencion-web-300x150.jpg","featured_image_url_large":"https:\/\/www.ecovis.com\/uruguay\/es\/wp-content\/uploads\/sites\/3\/2023\/03\/Servicios-de-Prevencion-web-1280x550.jpg","_links":{"self":[{"href":"https:\/\/www.ecovis.com\/uruguay\/es\/wp-json\/wp\/v2\/posts\/3033","targetHints":{"allow":["GET"]}}],"collection":[{"href":"https:\/\/www.ecovis.com\/uruguay\/es\/wp-json\/wp\/v2\/posts"}],"about":[{"href":"https:\/\/www.ecovis.com\/uruguay\/es\/wp-json\/wp\/v2\/types\/post"}],"author":[{"embeddable":true,"href":"https:\/\/www.ecovis.com\/uruguay\/es\/wp-json\/wp\/v2\/users\/15"}],"replies":[{"embeddable":true,"href":"https:\/\/www.ecovis.com\/uruguay\/es\/wp-json\/wp\/v2\/comments?post=3033"}],"version-history":[{"count":1,"href":"https:\/\/www.ecovis.com\/uruguay\/es\/wp-json\/wp\/v2\/posts\/3033\/revisions"}],"predecessor-version":[{"id":3034,"href":"https:\/\/www.ecovis.com\/uruguay\/es\/wp-json\/wp\/v2\/posts\/3033\/revisions\/3034"}],"wp:featuredmedia":[{"embeddable":true,"href":"https:\/\/www.ecovis.com\/uruguay\/es\/wp-json\/wp\/v2\/media\/3027"}],"wp:attachment":[{"href":"https:\/\/www.ecovis.com\/uruguay\/es\/wp-json\/wp\/v2\/media?parent=3033"}],"wp:term":[{"taxonomy":"category","embeddable":true,"href":"https:\/\/www.ecovis.com\/uruguay\/es\/wp-json\/wp\/v2\/categories?post=3033"},{"taxonomy":"post_tag","embeddable":true,"href":"https:\/\/www.ecovis.com\/uruguay\/es\/wp-json\/wp\/v2\/tags?post=3033"}],"curies":[{"name":"wp","href":"https:\/\/api.w.org\/{rel}","templated":true}]}}