{"id":2790,"date":"2022-06-10T17:47:04","date_gmt":"2022-06-10T15:47:04","guid":{"rendered":"https:\/\/www.ecovis.com\/uruguay\/es\/?p=2790"},"modified":"2022-06-10T17:47:04","modified_gmt":"2022-06-10T15:47:04","slug":"irpf-e-iva-servicios-personales-iass-2022","status":"publish","type":"post","link":"https:\/\/www.ecovis.com\/uruguay\/es\/blog\/2022\/06\/10\/irpf-e-iva-servicios-personales-iass-2022\/","title":{"rendered":"IRPF e IVA Servicios Personales &#8211; IASS 2022"},"content":{"rendered":"<p>Como es de p\u00fablico conocimiento, en el mes de junio comienza el cronograma de vencimientos de las presentaciones de las declaraciones juradas de Impuesto a la Renta de las Personas F\u00edsicas (IRPF) e Impuesto al Valor Agregado (IVA) asociados a los servicios personales y el Impuesto a la Asistencia de la Seguridad Social (IASS), correspondientes al ejercicio finalizado al 31 de diciembre de 2021.<\/p>\n<h3>Declaraciones juradas &#8211; IRPF<\/h3>\n<p>Recordamos que el IRPF es un impuesto de liquidaci\u00f3n anual, con configuraci\u00f3n al 31 de diciembre de cada a\u00f1o que posee dos categor\u00edas: Rentas de Capital y Rentas de Trabajo.<\/p>\n<p>A continuaci\u00f3n exponemos los principales aspectos a tener en cuenta para determinar si corresponde la presentaci\u00f3n de cada declaraci\u00f3n.<\/p>\n<h4>Rentas de Capital<\/h4>\n<p><u>\u00bfQui\u00e9nes est\u00e1n obligados a la presentaci\u00f3n de la declaraci\u00f3n jurada?<\/u><\/p>\n<ul>\n<li>Quienes hayan obtenido ingresos por arrendamientos que no fueron objeto de retenci\u00f3n y que no hayan realizado los anticipos correspondientes.<\/li>\n<li>Quienes hayan obtenido ingresos provenientes de las restantes rentas de capital (intereses, incrementos patrimoniales, etc.) que no fueron objeto de retenci\u00f3n.<\/li>\n<\/ul>\n<p>Por otra parte, cuando la totalidad de las rentas por arrendamientos sean menores a 40 Base de Prestaciones y Contribuciones (BPC) anuales equivalentes a $ 194.800, siempre que el titular del arrendamiento levante el secreto bancario y no genere otros rendimientos de capital mayores a 3 BPC anuales equivalentes a $ 14.610, dichas rentas estar\u00e1n exoneradas del impuesto.<\/p>\n<h4>Rentas de Trabajo<\/h4>\n<ul>\n<li><strong>Trabajadores Dependientes<\/strong><\/li>\n<\/ul>\n<p><u>\u00bfQui\u00e9nes est\u00e1n obligados a la presentaci\u00f3n de la declaraci\u00f3n jurada?<\/u><\/p>\n<p>Se encuentran obligados los trabajadores dependientes que superaron el monto de $ 774.120 por ingresos nominales en el per\u00edodo enero &#8211; diciembre 2021, y cumplan algunas de las siguientes condiciones:<\/p>\n<ul>\n<li>No hayan tenido ingresos en el mes de diciembre de 2021.<\/li>\n<li>Hayan tenido ingresos de m\u00e1s de una instituci\u00f3n pagadora.<\/li>\n<li>Hayan optado por la reducci\u00f3n del 5% en los anticipos por el r\u00e9gimen de N\u00facleo Familiar.<\/li>\n<li>No superaron en el per\u00edodo enero &#8211; diciembre 2021 los $ 774.120 por ingresos nominales, y cumplan con alguna de las siguientes condiciones:7\/ 23 de junio\/2020 \u00a0\u00a0\u00a0\u00a0\u00a0\u00a0\u00a0\u00a0\u00a0\u00a0\u00a0\u00a0\u00a0\u00a0\u00a0\u00a02\n<ul>\n<li>Hayan tenido ingresos de m\u00e1s de un empleador en forma simult\u00e1nea y no presentaron el Formulario N\u00b0 3100.<\/li>\n<li>Hayan optado por la reducci\u00f3n del 5% en los anticipos por el r\u00e9gimen de N\u00facleo Familiar.<\/li>\n<\/ul>\n<\/li>\n<\/ul>\n<ul>\n<li><strong>Trabajadores Independientes<\/strong><\/li>\n<\/ul>\n<p><u>\u00bfQui\u00e9nes est\u00e1n obligados a la presentaci\u00f3n de la declaraci\u00f3n jurada?<\/u><\/p>\n<p>Se encuentran obligados los profesionales y no profesionales que hayan prestado servicios personales fuera de la relaci\u00f3n de dependencia durante el a\u00f1o 2021, y no hayan tributado IRAE por estas rentas.<\/p>\n<p>A su vez, los contribuyentes que en el ejercicio 2021 se encuentren inscriptos con ejercicio activo y no hayan tenido actividad como independiente, deber\u00e1n presentar la declaraci\u00f3n jurada\u00a0sin actividad, salvo que en su declaraci\u00f3n jurada de IRPF no hayan declarado rentas fuera de la relaci\u00f3n de dependencia.<\/p>\n<h3>Declaraciones juradas \u2013 IVA Servicios Personales<\/h3>\n<p>El IVA es un impuesto que grava, entre otras operaciones, la circulaci\u00f3n interna de bienes y la prestaci\u00f3n de servicios dentro del territorio uruguayo. Dada la gravabilidad de este \u00faltimo punto, los trabajadores independientes ya sean profesionales y no profesionales, que presten servicios personales fuera de la relaci\u00f3n de dependencia ser\u00e1n contribuyentes de IVA.<\/p>\n<p>Esta declaraci\u00f3n jurada, a diferencia de la de IRPF e IASS, lleva un timbre profesional. Por lo tanto, si el contribuyente no posee contrato web con DGI \u00fanicamente podr\u00e1 presentarla en Abitab o RedPagos.<\/p>\n<h3>Declaraciones juradas &#8211; IASS<\/h3>\n<p>Recordamos que el IASS es un impuesto anual de car\u00e1cter personal y directo, que grava ingresos correspondientes a jubilaciones, pensiones y prestaciones de pasividades uruguayas, independientemente de su naturaleza contributiva o no, servidas por instituciones p\u00fablicas y privadas.<\/p>\n<p><u>\u00bfQui\u00e9nes est\u00e1n obligados a presentar la declaraci\u00f3n jurada?<\/u><\/p>\n<ul>\n<li>Pasivos que hayan tenido ingresos provenientes de m\u00e1s de una instituci\u00f3n previsional siempre que los mismos hayan superado los $ 774.120 nominales en el per\u00edodo enero &#8211; diciembre 2021.<\/li>\n<li>Pasivos que hayan tenido pasividades que provengan de un \u00fanico organismo previsional que no incluyan ingresos de diciembre 2021.<\/li>\n<li>Pasivos que hayan tenido ingresos provenientes de m\u00e1s de una instituci\u00f3n previsional, que los mismos no hayan superado los $ 774.120 nominales en el per\u00edodo enero &#8211; diciembre 2021 y que no hayan presentado el Formulario N\u00b0 3800 ante alguno de los organismos provisionales (cuando los ingresos fueron simult\u00e1neos).<\/li>\n<\/ul>\n<h3>Aspectos Generales<\/h3>\n<p>En el caso de contribuyentes de IRPF o IASS no obligados a presentar la declaraci\u00f3n jurada pero que sean arrendatarios de inmuebles o titulares de pr\u00e9stamos hipotecarios, a los efectos de hacer efectivas las mencionadas deducciones, se deber\u00e1 presentar la declaraci\u00f3n jurada incluyendo la informaci\u00f3n adicional solicitada siempre que se cumpla con los extremos establecidos para su deducci\u00f3n.<\/p>\n<p>Por otra parte, aquellos trabajadores dependientes contribuyentes del IRPF por rentas de trabajo que no posean deducciones adicionales a las informadas al empleador, en caso de haber generado un cr\u00e9dito a favor, podr\u00e1n cobrar el mismo de forma autom\u00e1tica sin la necesidad de presentar la declaraci\u00f3n jurada.<\/p>\n<p>En Consulta de Devoluciones de Servicios en L\u00ednea de la p\u00e1gina de la DGI, ingresando con la Identidad digital, el contribuyente podr\u00e1 consultar sobre su cr\u00e9dito a cobrar, si corresponde.<\/p>\n<h3>Calendario de Vencimientos<\/h3>\n<p>El plazo para la presentaci\u00f3n de las declaraciones juradas es el siguiente:<\/p>\n<table class=\"ecovistable\">\n<tbody>\n<tr>\n<td align=\"center\"><b>Ultimo d\u00edgito RUC, C.I. o N.I.E. seg\u00fan corresponda<\/b><\/td>\n<td align=\"center\"><b>D\u00edas de 2022<\/b><\/td>\n<\/tr>\n<tr>\n<td align=\"center\">0 \u2013 1 \u2013 2 \u2013 3 \u2013 4<\/td>\n<td align=\"center\">29 de junio al 19 de julio<\/td>\n<\/tr>\n<tr>\n<td align=\"center\">5 \u2013 6 \u2013 7 \u2013 8 \u2013 9<\/td>\n<td align=\"center\">20 de julio\u00a0al\u00a015 de agosto<\/td>\n<\/tr>\n<tr>\n<td align=\"center\">Atrasados<\/td>\n<td align=\"center\">16 de agosto al 29 de agosto<\/td>\n<\/tr>\n<\/tbody>\n<\/table>\n<p>Si la declaraci\u00f3n da un saldo a pagar, este puede ser cancelado en cinco cuotas iguales de acuerdo al siguiente calendario:<\/p>\n<table class=\"ecovistable\">\n<tbody>\n<tr>\n<td align=\"center\"><b>N\u00b0 de Cuota<\/b><\/td>\n<td align=\"center\"><b>Vencimiento\u00a0<\/b><\/td>\n<\/tr>\n<tr>\n<td align=\"center\">1\u00b0<\/td>\n<td align=\"center\">30\u00a0de\u00a0agosto de 2022<\/td>\n<\/tr>\n<tr>\n<td align=\"center\">2\u00b0<\/td>\n<td align=\"center\">30\u00a0de\u00a0setiembre de 2022<\/td>\n<\/tr>\n<tr>\n<td align=\"center\">3\u00b0<\/td>\n<td align=\"center\">31\u00a0de\u00a0octubre de 2022<\/td>\n<\/tr>\n<tr>\n<td align=\"center\">4\u00b0<\/td>\n<td align=\"center\">30\u00a0de\u00a0noviembre de 2022<\/td>\n<\/tr>\n<tr>\n<td align=\"center\">5\u00b0<\/td>\n<td align=\"center\">30\u00a0de\u00a0diciembre de 2022<\/td>\n<\/tr>\n<\/tbody>\n<\/table>\n<p>En caso contrario, si la declaraci\u00f3n da un cr\u00e9dito a favor, se podr\u00e1 cobrar a trav\u00e9s de las redes de cobranza, o solicitar que sea depositado en una cuenta bancaria, debiendo realizar, previo a la presentaci\u00f3n de la declaraci\u00f3n jurada, el tr\u00e1mite en la instituci\u00f3n bancaria de su preferencia.<\/p>\n","protected":false},"excerpt":{"rendered":"<p>Como es de p\u00fablico conocimiento, en el mes de junio comienza el cronograma de vencimientos de las presentaciones de las declaraciones juradas de Impuesto a la Renta de las Personas F\u00edsicas (IRPF) e Impuesto al Valor Agregado (IVA) asociados a los servicios personales y el Impuesto a la Asistencia de la Seguridad Social (IASS), correspondientes [&hellip;]<\/p>\n","protected":false},"author":15,"featured_media":2787,"comment_status":"closed","ping_status":"open","sticky":false,"template":"","format":"standard","meta":{"_acf_changed":false,"footnotes":""},"categories":[30],"tags":[42],"class_list":["post-2790","post","type-post","status-publish","format-standard","has-post-thumbnail","hentry","category-novedades","tag-issue-238"],"acf":[],"yoast_head":"<!-- This site is optimized with the Yoast SEO plugin v27.4 - https:\/\/yoast.com\/product\/yoast-seo-wordpress\/ -->\n<title>IRPF e IVA Servicios Personales - IASS 2022 - Ecovis en Uruguay<\/title>\n<meta name=\"robots\" content=\"index, follow, max-snippet:-1, max-image-preview:large, max-video-preview:-1\" \/>\n<link rel=\"canonical\" href=\"https:\/\/www.ecovis.com\/uruguay\/es\/blog\/2022\/06\/10\/irpf-e-iva-servicios-personales-iass-2022\/\" \/>\n<meta property=\"og:locale\" content=\"es_ES\" \/>\n<meta property=\"og:type\" content=\"article\" \/>\n<meta property=\"og:title\" content=\"IRPF e IVA Servicios Personales - IASS 2022 - Ecovis en Uruguay\" \/>\n<meta property=\"og:description\" content=\"Como es de p\u00fablico conocimiento, en el mes de junio comienza el cronograma de vencimientos de las presentaciones de las declaraciones juradas de Impuesto a la Renta de las Personas F\u00edsicas (IRPF) e Impuesto al Valor Agregado (IVA) asociados a los servicios personales y el Impuesto a la Asistencia de la Seguridad Social (IASS), correspondientes [&hellip;]\" \/>\n<meta property=\"og:url\" content=\"https:\/\/www.ecovis.com\/uruguay\/es\/blog\/2022\/06\/10\/irpf-e-iva-servicios-personales-iass-2022\/\" \/>\n<meta property=\"og:site_name\" content=\"Ecovis en Uruguay\" \/>\n<meta property=\"article:published_time\" content=\"2022-06-10T15:47:04+00:00\" \/>\n<meta property=\"og:image\" content=\"https:\/\/www.ecovis.com\/uruguay\/es\/wp-content\/uploads\/sites\/3\/2022\/06\/IRPF-e-IVA-Servicios-Personales.jpg\" \/>\n\t<meta property=\"og:image:width\" content=\"1280\" \/>\n\t<meta property=\"og:image:height\" content=\"550\" \/>\n\t<meta property=\"og:image:type\" content=\"image\/jpeg\" \/>\n<meta name=\"author\" content=\"fg_uruguay\" \/>\n<meta name=\"twitter:card\" content=\"summary_large_image\" \/>\n<meta name=\"twitter:label1\" content=\"Written by\" \/>\n\t<meta name=\"twitter:data1\" content=\"fg_uruguay\" \/>\n\t<meta name=\"twitter:label2\" content=\"Est. reading time\" \/>\n\t<meta name=\"twitter:data2\" content=\"2 minutos\" \/>\n<script type=\"application\/ld+json\" class=\"yoast-schema-graph\">{\"@context\":\"https:\\\/\\\/schema.org\",\"@graph\":[{\"@type\":\"Article\",\"@id\":\"https:\\\/\\\/www.ecovis.com\\\/uruguay\\\/es\\\/blog\\\/2022\\\/06\\\/10\\\/irpf-e-iva-servicios-personales-iass-2022\\\/#article\",\"isPartOf\":{\"@id\":\"https:\\\/\\\/www.ecovis.com\\\/uruguay\\\/es\\\/blog\\\/2022\\\/06\\\/10\\\/irpf-e-iva-servicios-personales-iass-2022\\\/\"},\"author\":{\"name\":\"fg_uruguay\",\"@id\":\"https:\\\/\\\/www.ecovis.com\\\/uruguay\\\/es\\\/#\\\/schema\\\/person\\\/3534ca2ace82a2b5e11d9092650e0703\"},\"headline\":\"IRPF e IVA Servicios Personales &#8211; IASS 2022\",\"datePublished\":\"2022-06-10T15:47:04+00:00\",\"mainEntityOfPage\":{\"@id\":\"https:\\\/\\\/www.ecovis.com\\\/uruguay\\\/es\\\/blog\\\/2022\\\/06\\\/10\\\/irpf-e-iva-servicios-personales-iass-2022\\\/\"},\"wordCount\":1031,\"image\":{\"@id\":\"https:\\\/\\\/www.ecovis.com\\\/uruguay\\\/es\\\/blog\\\/2022\\\/06\\\/10\\\/irpf-e-iva-servicios-personales-iass-2022\\\/#primaryimage\"},\"thumbnailUrl\":\"https:\\\/\\\/www.ecovis.com\\\/uruguay\\\/es\\\/wp-content\\\/uploads\\\/sites\\\/3\\\/2022\\\/06\\\/IRPF-e-IVA-Servicios-Personales.jpg\",\"keywords\":[\"Issue 238\"],\"articleSection\":[\"Novedades\"],\"inLanguage\":\"es-UY\"},{\"@type\":\"WebPage\",\"@id\":\"https:\\\/\\\/www.ecovis.com\\\/uruguay\\\/es\\\/blog\\\/2022\\\/06\\\/10\\\/irpf-e-iva-servicios-personales-iass-2022\\\/\",\"url\":\"https:\\\/\\\/www.ecovis.com\\\/uruguay\\\/es\\\/blog\\\/2022\\\/06\\\/10\\\/irpf-e-iva-servicios-personales-iass-2022\\\/\",\"name\":\"IRPF e IVA Servicios Personales - IASS 2022 - Ecovis en Uruguay\",\"isPartOf\":{\"@id\":\"https:\\\/\\\/www.ecovis.com\\\/uruguay\\\/es\\\/#website\"},\"primaryImageOfPage\":{\"@id\":\"https:\\\/\\\/www.ecovis.com\\\/uruguay\\\/es\\\/blog\\\/2022\\\/06\\\/10\\\/irpf-e-iva-servicios-personales-iass-2022\\\/#primaryimage\"},\"image\":{\"@id\":\"https:\\\/\\\/www.ecovis.com\\\/uruguay\\\/es\\\/blog\\\/2022\\\/06\\\/10\\\/irpf-e-iva-servicios-personales-iass-2022\\\/#primaryimage\"},\"thumbnailUrl\":\"https:\\\/\\\/www.ecovis.com\\\/uruguay\\\/es\\\/wp-content\\\/uploads\\\/sites\\\/3\\\/2022\\\/06\\\/IRPF-e-IVA-Servicios-Personales.jpg\",\"datePublished\":\"2022-06-10T15:47:04+00:00\",\"author\":{\"@id\":\"https:\\\/\\\/www.ecovis.com\\\/uruguay\\\/es\\\/#\\\/schema\\\/person\\\/3534ca2ace82a2b5e11d9092650e0703\"},\"breadcrumb\":{\"@id\":\"https:\\\/\\\/www.ecovis.com\\\/uruguay\\\/es\\\/blog\\\/2022\\\/06\\\/10\\\/irpf-e-iva-servicios-personales-iass-2022\\\/#breadcrumb\"},\"inLanguage\":\"es-UY\",\"potentialAction\":[{\"@type\":\"ReadAction\",\"target\":[\"https:\\\/\\\/www.ecovis.com\\\/uruguay\\\/es\\\/blog\\\/2022\\\/06\\\/10\\\/irpf-e-iva-servicios-personales-iass-2022\\\/\"]}]},{\"@type\":\"ImageObject\",\"inLanguage\":\"es-UY\",\"@id\":\"https:\\\/\\\/www.ecovis.com\\\/uruguay\\\/es\\\/blog\\\/2022\\\/06\\\/10\\\/irpf-e-iva-servicios-personales-iass-2022\\\/#primaryimage\",\"url\":\"https:\\\/\\\/www.ecovis.com\\\/uruguay\\\/es\\\/wp-content\\\/uploads\\\/sites\\\/3\\\/2022\\\/06\\\/IRPF-e-IVA-Servicios-Personales.jpg\",\"contentUrl\":\"https:\\\/\\\/www.ecovis.com\\\/uruguay\\\/es\\\/wp-content\\\/uploads\\\/sites\\\/3\\\/2022\\\/06\\\/IRPF-e-IVA-Servicios-Personales.jpg\",\"width\":1280,\"height\":550,\"caption\":\"\u00a9 Mikhail Nilov, Pexels\"},{\"@type\":\"BreadcrumbList\",\"@id\":\"https:\\\/\\\/www.ecovis.com\\\/uruguay\\\/es\\\/blog\\\/2022\\\/06\\\/10\\\/irpf-e-iva-servicios-personales-iass-2022\\\/#breadcrumb\",\"itemListElement\":[{\"@type\":\"ListItem\",\"position\":1,\"name\":\"Ecovis Global\",\"item\":\"https:\\\/\\\/www.ecovis.com\\\/\"},{\"@type\":\"ListItem\",\"position\":2,\"name\":\"Inicio\",\"item\":\"https:\\\/\\\/www.ecovis.com\\\/uruguay\\\/es\\\/\"},{\"@type\":\"ListItem\",\"position\":3,\"name\":\"IRPF e IVA Servicios Personales &#8211; IASS 2022\"}]},{\"@type\":\"WebSite\",\"@id\":\"https:\\\/\\\/www.ecovis.com\\\/uruguay\\\/es\\\/#website\",\"url\":\"https:\\\/\\\/www.ecovis.com\\\/uruguay\\\/es\\\/\",\"name\":\"Ecovis.com\",\"description\":\"\",\"potentialAction\":[{\"@type\":\"SearchAction\",\"target\":{\"@type\":\"EntryPoint\",\"urlTemplate\":\"https:\\\/\\\/www.ecovis.com\\\/uruguay\\\/es\\\/?s={search_term_string}\"},\"query-input\":{\"@type\":\"PropertyValueSpecification\",\"valueRequired\":true,\"valueName\":\"search_term_string\"}}],\"inLanguage\":\"es-UY\"},{\"@type\":\"Person\",\"@id\":\"https:\\\/\\\/www.ecovis.com\\\/uruguay\\\/es\\\/#\\\/schema\\\/person\\\/3534ca2ace82a2b5e11d9092650e0703\",\"name\":\"fg_uruguay\",\"image\":{\"@type\":\"ImageObject\",\"inLanguage\":\"es-UY\",\"@id\":\"https:\\\/\\\/secure.gravatar.com\\\/avatar\\\/d8f8cdb8dedf4903b4419a5b22f1a43436ad0387b7c6d10390caed756603f27f?s=96&d=mm&r=g\",\"url\":\"https:\\\/\\\/secure.gravatar.com\\\/avatar\\\/d8f8cdb8dedf4903b4419a5b22f1a43436ad0387b7c6d10390caed756603f27f?s=96&d=mm&r=g\",\"contentUrl\":\"https:\\\/\\\/secure.gravatar.com\\\/avatar\\\/d8f8cdb8dedf4903b4419a5b22f1a43436ad0387b7c6d10390caed756603f27f?s=96&d=mm&r=g\",\"caption\":\"fg_uruguay\"},\"url\":\"https:\\\/\\\/www.ecovis.com\\\/uruguay\\\/es\\\/blog\\\/author\\\/fg_uruguay\\\/\"}]}<\/script>\n<!-- \/ Yoast SEO plugin. -->","yoast_head_json":{"title":"IRPF e IVA Servicios Personales - IASS 2022 - Ecovis en Uruguay","robots":{"index":"index","follow":"follow","max-snippet":"max-snippet:-1","max-image-preview":"max-image-preview:large","max-video-preview":"max-video-preview:-1"},"canonical":"https:\/\/www.ecovis.com\/uruguay\/es\/blog\/2022\/06\/10\/irpf-e-iva-servicios-personales-iass-2022\/","og_locale":"es_ES","og_type":"article","og_title":"IRPF e IVA Servicios Personales - IASS 2022 - Ecovis en Uruguay","og_description":"Como es de p\u00fablico conocimiento, en el mes de junio comienza el cronograma de vencimientos de las presentaciones de las declaraciones juradas de Impuesto a la Renta de las Personas F\u00edsicas (IRPF) e Impuesto al Valor Agregado (IVA) asociados a los servicios personales y el Impuesto a la Asistencia de la Seguridad Social (IASS), correspondientes [&hellip;]","og_url":"https:\/\/www.ecovis.com\/uruguay\/es\/blog\/2022\/06\/10\/irpf-e-iva-servicios-personales-iass-2022\/","og_site_name":"Ecovis en Uruguay","article_published_time":"2022-06-10T15:47:04+00:00","og_image":[{"width":1280,"height":550,"url":"https:\/\/www.ecovis.com\/uruguay\/es\/wp-content\/uploads\/sites\/3\/2022\/06\/IRPF-e-IVA-Servicios-Personales.jpg","type":"image\/jpeg"}],"author":"fg_uruguay","twitter_card":"summary_large_image","twitter_misc":{"Written by":"fg_uruguay","Est. reading time":"2 minutos"},"schema":{"@context":"https:\/\/schema.org","@graph":[{"@type":"Article","@id":"https:\/\/www.ecovis.com\/uruguay\/es\/blog\/2022\/06\/10\/irpf-e-iva-servicios-personales-iass-2022\/#article","isPartOf":{"@id":"https:\/\/www.ecovis.com\/uruguay\/es\/blog\/2022\/06\/10\/irpf-e-iva-servicios-personales-iass-2022\/"},"author":{"name":"fg_uruguay","@id":"https:\/\/www.ecovis.com\/uruguay\/es\/#\/schema\/person\/3534ca2ace82a2b5e11d9092650e0703"},"headline":"IRPF e IVA Servicios Personales &#8211; IASS 2022","datePublished":"2022-06-10T15:47:04+00:00","mainEntityOfPage":{"@id":"https:\/\/www.ecovis.com\/uruguay\/es\/blog\/2022\/06\/10\/irpf-e-iva-servicios-personales-iass-2022\/"},"wordCount":1031,"image":{"@id":"https:\/\/www.ecovis.com\/uruguay\/es\/blog\/2022\/06\/10\/irpf-e-iva-servicios-personales-iass-2022\/#primaryimage"},"thumbnailUrl":"https:\/\/www.ecovis.com\/uruguay\/es\/wp-content\/uploads\/sites\/3\/2022\/06\/IRPF-e-IVA-Servicios-Personales.jpg","keywords":["Issue 238"],"articleSection":["Novedades"],"inLanguage":"es-UY"},{"@type":"WebPage","@id":"https:\/\/www.ecovis.com\/uruguay\/es\/blog\/2022\/06\/10\/irpf-e-iva-servicios-personales-iass-2022\/","url":"https:\/\/www.ecovis.com\/uruguay\/es\/blog\/2022\/06\/10\/irpf-e-iva-servicios-personales-iass-2022\/","name":"IRPF e IVA Servicios Personales - IASS 2022 - Ecovis en Uruguay","isPartOf":{"@id":"https:\/\/www.ecovis.com\/uruguay\/es\/#website"},"primaryImageOfPage":{"@id":"https:\/\/www.ecovis.com\/uruguay\/es\/blog\/2022\/06\/10\/irpf-e-iva-servicios-personales-iass-2022\/#primaryimage"},"image":{"@id":"https:\/\/www.ecovis.com\/uruguay\/es\/blog\/2022\/06\/10\/irpf-e-iva-servicios-personales-iass-2022\/#primaryimage"},"thumbnailUrl":"https:\/\/www.ecovis.com\/uruguay\/es\/wp-content\/uploads\/sites\/3\/2022\/06\/IRPF-e-IVA-Servicios-Personales.jpg","datePublished":"2022-06-10T15:47:04+00:00","author":{"@id":"https:\/\/www.ecovis.com\/uruguay\/es\/#\/schema\/person\/3534ca2ace82a2b5e11d9092650e0703"},"breadcrumb":{"@id":"https:\/\/www.ecovis.com\/uruguay\/es\/blog\/2022\/06\/10\/irpf-e-iva-servicios-personales-iass-2022\/#breadcrumb"},"inLanguage":"es-UY","potentialAction":[{"@type":"ReadAction","target":["https:\/\/www.ecovis.com\/uruguay\/es\/blog\/2022\/06\/10\/irpf-e-iva-servicios-personales-iass-2022\/"]}]},{"@type":"ImageObject","inLanguage":"es-UY","@id":"https:\/\/www.ecovis.com\/uruguay\/es\/blog\/2022\/06\/10\/irpf-e-iva-servicios-personales-iass-2022\/#primaryimage","url":"https:\/\/www.ecovis.com\/uruguay\/es\/wp-content\/uploads\/sites\/3\/2022\/06\/IRPF-e-IVA-Servicios-Personales.jpg","contentUrl":"https:\/\/www.ecovis.com\/uruguay\/es\/wp-content\/uploads\/sites\/3\/2022\/06\/IRPF-e-IVA-Servicios-Personales.jpg","width":1280,"height":550,"caption":"\u00a9 Mikhail Nilov, Pexels"},{"@type":"BreadcrumbList","@id":"https:\/\/www.ecovis.com\/uruguay\/es\/blog\/2022\/06\/10\/irpf-e-iva-servicios-personales-iass-2022\/#breadcrumb","itemListElement":[{"@type":"ListItem","position":1,"name":"Ecovis Global","item":"https:\/\/www.ecovis.com\/"},{"@type":"ListItem","position":2,"name":"Inicio","item":"https:\/\/www.ecovis.com\/uruguay\/es\/"},{"@type":"ListItem","position":3,"name":"IRPF e IVA Servicios Personales &#8211; IASS 2022"}]},{"@type":"WebSite","@id":"https:\/\/www.ecovis.com\/uruguay\/es\/#website","url":"https:\/\/www.ecovis.com\/uruguay\/es\/","name":"Ecovis.com","description":"","potentialAction":[{"@type":"SearchAction","target":{"@type":"EntryPoint","urlTemplate":"https:\/\/www.ecovis.com\/uruguay\/es\/?s={search_term_string}"},"query-input":{"@type":"PropertyValueSpecification","valueRequired":true,"valueName":"search_term_string"}}],"inLanguage":"es-UY"},{"@type":"Person","@id":"https:\/\/www.ecovis.com\/uruguay\/es\/#\/schema\/person\/3534ca2ace82a2b5e11d9092650e0703","name":"fg_uruguay","image":{"@type":"ImageObject","inLanguage":"es-UY","@id":"https:\/\/secure.gravatar.com\/avatar\/d8f8cdb8dedf4903b4419a5b22f1a43436ad0387b7c6d10390caed756603f27f?s=96&d=mm&r=g","url":"https:\/\/secure.gravatar.com\/avatar\/d8f8cdb8dedf4903b4419a5b22f1a43436ad0387b7c6d10390caed756603f27f?s=96&d=mm&r=g","contentUrl":"https:\/\/secure.gravatar.com\/avatar\/d8f8cdb8dedf4903b4419a5b22f1a43436ad0387b7c6d10390caed756603f27f?s=96&d=mm&r=g","caption":"fg_uruguay"},"url":"https:\/\/www.ecovis.com\/uruguay\/es\/blog\/author\/fg_uruguay\/"}]}},"featured_image_url":"https:\/\/www.ecovis.com\/uruguay\/es\/wp-content\/uploads\/sites\/3\/2022\/06\/IRPF-e-IVA-Servicios-Personales-300x150.jpg","featured_image_url_large":"https:\/\/www.ecovis.com\/uruguay\/es\/wp-content\/uploads\/sites\/3\/2022\/06\/IRPF-e-IVA-Servicios-Personales-1280x550.jpg","_links":{"self":[{"href":"https:\/\/www.ecovis.com\/uruguay\/es\/wp-json\/wp\/v2\/posts\/2790","targetHints":{"allow":["GET"]}}],"collection":[{"href":"https:\/\/www.ecovis.com\/uruguay\/es\/wp-json\/wp\/v2\/posts"}],"about":[{"href":"https:\/\/www.ecovis.com\/uruguay\/es\/wp-json\/wp\/v2\/types\/post"}],"author":[{"embeddable":true,"href":"https:\/\/www.ecovis.com\/uruguay\/es\/wp-json\/wp\/v2\/users\/15"}],"replies":[{"embeddable":true,"href":"https:\/\/www.ecovis.com\/uruguay\/es\/wp-json\/wp\/v2\/comments?post=2790"}],"version-history":[{"count":3,"href":"https:\/\/www.ecovis.com\/uruguay\/es\/wp-json\/wp\/v2\/posts\/2790\/revisions"}],"predecessor-version":[{"id":2793,"href":"https:\/\/www.ecovis.com\/uruguay\/es\/wp-json\/wp\/v2\/posts\/2790\/revisions\/2793"}],"wp:featuredmedia":[{"embeddable":true,"href":"https:\/\/www.ecovis.com\/uruguay\/es\/wp-json\/wp\/v2\/media\/2787"}],"wp:attachment":[{"href":"https:\/\/www.ecovis.com\/uruguay\/es\/wp-json\/wp\/v2\/media?parent=2790"}],"wp:term":[{"taxonomy":"category","embeddable":true,"href":"https:\/\/www.ecovis.com\/uruguay\/es\/wp-json\/wp\/v2\/categories?post=2790"},{"taxonomy":"post_tag","embeddable":true,"href":"https:\/\/www.ecovis.com\/uruguay\/es\/wp-json\/wp\/v2\/tags?post=2790"}],"curies":[{"name":"wp","href":"https:\/\/api.w.org\/{rel}","templated":true}]}}