{"id":3092,"date":"2025-12-19T11:24:29","date_gmt":"2025-12-19T10:24:29","guid":{"rendered":"https:\/\/www.ecovis.com\/switzerland\/?p=3092"},"modified":"2025-12-19T15:10:27","modified_gmt":"2025-12-19T14:10:27","slug":"newsletter-ecovis-aktuell-jahreswechsel-2025-2026","status":"publish","type":"post","link":"https:\/\/www.ecovis.com\/switzerland\/blog\/newsletter-ecovis-aktuell-jahreswechsel-2025-2026\/","title":{"rendered":"Newsletter ECOVIS Aktuell \/ Jahreswechsel 2025\/2026"},"content":{"rendered":"<p>Liebe Leserin, lieber Leser<br \/>\nZum Jahreswechsel bedienen wir Sie auch dieses Jahr gerne mit einer Auswahl von Themen aus unserem T\u00e4tigkeitsgebiet, die auch f\u00fcr Sie von Interesse sein k\u00f6nnten. Einzelheiten ver efen wir gerne mit Ihnen im pers\u00f6nlichen Gespr\u00e4ch. <a href=\"https:\/\/www.ecovis.com\/switzerland\/kontakt\/\" target=\"_blank\" rel=\"noopener\">Nehmen Sie\u00a0 Kontakt mit uns auf<\/a> \u2013 wir sind sehr gerne f\u00fcr Sie da und beraten Sie pers\u00f6nlich und kompetent.<\/p>\n<p>Bei dieser Gelegenheit danken wir Ihnen herzlich f\u00fcr die angenehme und konstruk ve Zusammenarbeit und das Vertrauen, das Sie uns und unserem Unternehmen entgegenbringen. Wir w\u00fcnschen Ihnen einen guten Start in ein erfolgreiches Jahr 2026 mit vielen interessanten Begegnungen und Gespr\u00e4chen.<\/p>\n<p>Ihr ECOVIS-Team<\/p>\n<h3>Inhalt<\/h3>\n<div class=\"su-accordion su-u-trim\">\n<div class=\"su-spoiler su-spoiler-style-default su-spoiler-icon-plus su-spoiler-closed\" data-scroll-offset=\"0\" data-anchor-in-url=\"no\"><div class=\"su-spoiler-title\" tabindex=\"0\" role=\"button\"><span class=\"su-spoiler-icon\"><\/span>Besteuerung selbstgenutzter Liegenschaften<\/div><div class=\"su-spoiler-content su-u-clearfix su-u-trim\">\n<p><strong>Blick in die steuerliche Zukunft ohne Eigenmietwert<\/strong><\/p>\n<p>Volk und St\u00e4nde haben im September 2025 an der Urne den Kantonen die M\u00f6glichkeit der Einf\u00fchrung einer Liegenschaftssteuer auf Zweitliegenschaften einger\u00e4umt \u2013 und damit gleichzeitig auch der Abschaffung des Eigenmietwerts zugestimmt.<\/p>\n<p><strong>Regelungen beim Bund und bei der Steuerharmonisierung<\/strong><\/p>\n<p>F\u00fcr selbstgenutzte (Zweit-)Liegenschaften im Privatverm\u00f6gen wird somit k\u00fcnftig kein Eigenmietwert mehr zu versteuern sein. Im Gegenzug werden auf Bundesebene auch die meisten bisher zul\u00e4ssigen Abz\u00fcge, wie jene f\u00fcr Unterhalt, Energiespar- und Umweltschutzmassnahmen, Versicherungspr\u00e4mien und Verwaltungskosten, nicht mehr geltend gemacht werden k\u00f6nnen. Den Kantonen steht es jedoch frei, Aufwendungen im Zusammenhang mit Energiespar- und Umweltschutzmassnahmen bis l\u00e4ngstens zum Jahr 2050 weiterhin zum Abzug zuzulassen. Der Abzug von Schuldzinsen wird nur noch f\u00fcr Personen mit steuerbaren Miet- oder Pachtzinsertr\u00e4gen m\u00f6glich sein. Davon sind auch Schuldzinsen f\u00fcr\u00a0 Darlehen, Kleinkredite usw. betroffen. Eine Sonderregelung gilt f\u00fcr Personen, die erstmals eine selbstbewohnte Liegenschaft am Hauptsteuerdomizil erwerben. Da die Kantone insbesondere f\u00fcr die Einf\u00fchrung der Liegenschaftssteuer auf Zweitliegenschaften Zeit ben\u00f6tigen, ist mit dem Inkrafttreten fr\u00fchestens auf das Jahr 2028 zu rechnen.<\/p>\n<p><strong>Situation im Kanton Z\u00fcrich<\/strong><\/p>\n<p>Letztmals hat der Kanton Z\u00fcrich f\u00fcr das Jahr 2009 die Einkommens- und Verm\u00f6genswerte f\u00fcr selbstgenutzte Liegenschaften \u2013 also Eigenmietwert und Verm\u00f6genssteuerwert \u2013 angepasst. Deshalb hat er neue Berechnungsgrundlagen erarbeitet, welche grunds\u00e4tzlich ab 2026 Anwendung finden. Da der Eigenmietwert abgeschafft wird, verzichtet er jedoch auf die Anpassung der Eigenmietwerte f\u00fcr Liegenschaften mit Baujahr bis 2025. F\u00fcr solche, die ab 2026 erstellt werden, gelten zwar die neuen Parameter, welche zu h\u00f6heren Eigenmietwerten f\u00fchren, zum Ausgleich ist jedoch ein pauschaler Abzug von 10% vorgesehen. Die Verm\u00f6genssteuerwerte steigen 2026 aufgrund der neuen Parameter f\u00fcr alle Liegenschaften. Die Erh\u00f6hung ist abh\u00e4ngig von Art und Lage der Liegenschaft. Allerdings steigen nur schon die steuerlichen Landwerte von Einfamilienh\u00e4usern um mindestens 40% und k\u00f6nnen ein Mehrfaches des bisherigen Wertes betragen. Beiprivat gehaltenen Mehrfamilienh\u00e4usern betr\u00e4gt die Wertsteigerung zwischen knapp 9% und beinahe 47%.<\/p>\n<div class=\"autor\">\n<p><img decoding=\"async\" src=\"https:\/\/www.ecovis.com\/switzerland\/wp-content\/uploads\/2025\/12\/heusser_matthias.jpg\" alt=\"\" width=\"80\" height=\"auto\" \/><\/p>\n<h4>Matthias Heusser<\/h4>\n<p>Betriebs\u00f6konom FH, Dipl. Steuerexperte<\/p>\n<\/div>\n<\/div><\/div>\n<div class=\"su-spoiler su-spoiler-style-default su-spoiler-icon-plus su-spoiler-closed\" data-scroll-offset=\"0\" data-anchor-in-url=\"no\"><div class=\"su-spoiler-title\" tabindex=\"0\" role=\"button\"><span class=\"su-spoiler-icon\"><\/span>Pflichten bei \u00dcberschuldung oder Kapitalverlust<\/div><div class=\"su-spoiler-content su-u-clearfix su-u-trim\">\n<strong>Revisionspflicht bei Gesellschaften ohne Revisionsstelle<\/strong><\/p>\n<p>Bereits seit dem 1. Januar 2023 gelten neue Vorschriften f\u00fcr Gesellschaften ohne Revisionsstelle, deren Jahresrechnung einen Kapitalverlust oder eine \u00dcberschuldung zeigen. Wir haben dar\u00fcber berichtet.<\/p>\n<p>Die Pflicht zur Beseitigung des Kapitalverlusts und zur Sanierung der Gesellschaft gilt f\u00fcr alle Gesellschaften und ist nicht neu. Auch die Pflicht zur Benachrichtigung des Gerichts bei begr\u00fcndeter Besorgnis einer \u00dcberschuldung besteht weiterhin \u2013 mit Ausnahmen, falls ausreichende Rangr\u00fccktritte von Gesellschaftsgl\u00e4ubigern vorliegen oder begr\u00fcndete Aussicht auf kurzfristige Behebung der \u00dcberschuldung besteht.<\/p>\n<p>Neu ist hingegen, dass die Jahresrechnung in diesen F\u00e4llen vor der Genehmigung durch die Generalversammlung auch dann einer eingeschr\u00e4nkten Revision durch einen zugelassenen Revisor unterzogen werden muss, wenn die Gesellschaft \u00fcber keine Revisionsstelle verf\u00fcgt. Liegt der Bericht des Revisors nicht vor, kann die Generalversammlung die Jahresrechnung nicht genehmigen. Ein entsprechender Genehmigungsbeschluss w\u00e4re ung\u00fcltig. Die Verletzung dieser Sorgfaltspflichten kann fatale rechtliche und finanzielle Folgen f\u00fcr die Gesellschaft und deren Organe haben, z.\u202fB. aus der unbeschr\u00e4nkten pers\u00f6nlichen und solidarischen Haftung. Es ist aber beispielsweise auch offen, wie die Steuerbeh\u00f6rden mit einer Steuererkl\u00e4rung umgehen, die auf einer nicht genehmigten Jahresrechnung basiert.<\/p>\n<p>Die eingeschr\u00e4nkte Revision f\u00fchrt zu Kosten, die eine ohnehin notleidende Gesellschaft zus\u00e4tzlich belasten. Die Suche nach einem Revisor kann erschwert sein, da die Pr\u00fcfung einer solchen Gesellschaft f\u00fcr den Revisor mit erh\u00f6hten Risiken verbunden ist \u2013 insbesondere weil ihm die Anzeigepflicht beim Gericht obliegt, falls der Verwaltungsrat bzw. die Gesch\u00e4ftsf\u00fchrung die Anzeige unterl\u00e4sst.<\/p>\n<p>Als Sanierungsmassnahme kommt neben den altbekannten Massnahmen wie Kapitalerh\u00f6hung, Aufl\u00f6sung von stillen Reserven, \u00e0-fonds-perdu-Zuschuss oder Forderungsverzicht auch die Umwandlung von Darlehen von Beteiligten in eine Kapitaleinlagereserve in Frage.<\/p>\n<div class=\"autor\">\n<p><img decoding=\"async\" src=\"https:\/\/www.ecovis.com\/switzerland\/wp-content\/uploads\/2025\/01\/Naegeli-1.jpg\" alt=\"\" width=\"80\" height=\"auto\" \/><\/p>\n<h4>Thomas Naegeli<\/h4>\n<p>Betriebs\u00f6konom FH<br \/>\nDipl. Wirtschaftspr\u00fcfer<\/p>\n<\/div>\n<\/div><\/div>\n<div class=\"su-spoiler su-spoiler-style-default su-spoiler-icon-plus su-spoiler-closed\" data-scroll-offset=\"0\" data-anchor-in-url=\"no\"><div class=\"su-spoiler-title\" tabindex=\"0\" role=\"button\"><span class=\"su-spoiler-icon\"><\/span>Beitragss\u00e4tze, Leistungen und Grenzwerte der Sozialversicherungen<\/div><div class=\"su-spoiler-content su-u-clearfix su-u-trim\">\n<p>Nachstehend geben wir Ihnen eine \u00dcbersicht \u00fcber die wichtigsten Beitragss\u00e4tze, Leistungen und Grenzwerte der Sozialversicherungen.<\/p>\n<p><img decoding=\"async\" class=\"alignnone size-full wp-image-3095\" src=\"https:\/\/www.ecovis.com\/switzerland\/wp-content\/uploads\/2025\/12\/schweiz_newsletter-grafik_2025-26.png\" alt=\"\" width=\"800\" height=\"auto\" \/><\/p>\n<p><strong>13. AHV-Rente<\/strong><\/p>\n<p>Im Dezember 2026 wird erstmals eine 13. AHV-Rente ausbezahlt. Anspruch haben Personen, die im Monat Dezember eine AHV-Altersrente erhalten. Die 13. AHV-Rente entspricht einem Zw\u00f6lftel der Summe der w\u00e4hrend des Jahres ausgerichteten Altersrenten (ohne Kinderrenten, Zusatzrenten und Rentenzuschlag f\u00fcr Frauen der \u00dcbergangsgeneration AHV 21). Bei den AHV-Hinterlassenenleistungen besteht kein Anspruch auf eine 13. Rente. Die 13. AHV-Rente darf nicht zu einer K\u00fcrzung der Erg\u00e4nzungsleistungen (EL) f\u00fchren.<\/p>\n<p><strong>Anpassung der BVG-Hinterlassenen- und Invalidenrenten<\/strong><\/p>\n<p>Auf den 1. Januar 2026 werden seit 2022 laufende Witwen-, Witwer-, Waisen- und Invalidenrenten aus der obligatorischen zweiten S\u00e4ule (BVG-Minimum) erstmals der Preisentwicklung angepasst und entsprechend um 2,7\u202f% erh\u00f6ht. Renten, die vor 2022 entstanden sind, bleiben unver\u00e4ndert. Die Anpassung \u00fcberobligatorischer BVG-Renten bleibt der Vorsorgeeinrichtung \u00fcberlassen.<\/p>\n<p><strong>R\u00fcckwirkender Einkauf in die S\u00e4ule 3a<\/strong><\/p>\n<p>Im Steuerjahr 2026 ist erstmals ein r\u00fcckwirkender Einkauf in die gebundene Selbstvorsorge (S\u00e4ule 3a) m\u00f6glich. Wir haben dar\u00fcber berichtet. In der Schweiz erwerbst\u00e4tige Personen, die ab 1. Januar 2025 nicht die f\u00fcr sie maximal zul\u00e4ssigen Beitr\u00e4ge einbezahlt haben, k\u00f6nnen solche L\u00fccken k\u00fcnftig bis zu zehn Jahre r\u00fcckwirkend schliessen und diese nachtr\u00e4glichen Einzahlungen (Eink\u00e4ufe) vom steuerbaren Einkommen in Abzug bringen. Zus\u00e4tzlich zum ordentlichen Beitrag ist ein Einkauf in H\u00f6he des \u00abkleinen Beitrages\u00bb (maximaler Steuerabzug mit BVG, siehe Tabelle oben) m\u00f6glich. Wer einen Einkauf t\u00e4tigen will, muss sowohl im Jahr des Einkaufs als auch im Jahr, f\u00fcr das nachtr\u00e4glich Beitr\u00e4ge einbezahlt werden, \u00fcber ein AHV-pflichtiges Erwerbseinkommen verf\u00fcgen. Der r\u00fcckwirkende Einkauf setzt ausserdem voraus, dass im Jahr des Einkaufs der Maximalbetrag einbezahlt wird.<br \/>\n<\/div><\/div>\n<div class=\"su-spoiler su-spoiler-style-default su-spoiler-icon-plus su-spoiler-closed\" data-scroll-offset=\"0\" data-anchor-in-url=\"no\"><div class=\"su-spoiler-title\" tabindex=\"0\" role=\"button\"><span class=\"su-spoiler-icon\"><\/span>Digitale Abwicklung der Zollverfahren mit \u00abPassar\u00bb<\/div><div class=\"su-spoiler-content su-u-clearfix su-u-trim\">\n<p><strong>Auch das ZAZ-Konto geh\u00f6rt bald der Vergangenheit an<\/strong><\/p>\n<p>Mit Passar f\u00fchrt das Bundesamt f\u00fcr Zoll und Grenzsicherheit (BAZG) ein digitales System f\u00fcr die Zollabwicklung des grenz\u00fcberschreitenden Warenverkehrs ein. Alle Zollformalit\u00e4ten f\u00fcr Ein-, Aus- und Durchfuhren von Waren in, aus und durch die Schweiz werden k\u00fcnftig einfacher, rascher und papierlos erledigt.<\/p>\n<p>Mit Passar k\u00f6nnen Deklarationen bereits vor dem Grenz\u00fcbertritt elektronisch eingereicht und die Abwicklung online nachverfolgt werden. Die elektronische Abwicklung ersetzt die bisherigen Zolldokumente mit Unterschrift oder Stempel.<\/p>\n<p><strong>Schrittweise Einf\u00fchrung bis 2027<\/strong><\/p>\n<p>Die Einf\u00fchrung von Passar erfolgt schrittweise seit Juni 2023. Transitverfahren (Durchfuhren) k\u00f6nnen bereits \u00fcber Passar abgewickelt werden. Das bisherige System e-dec Export f\u00fcr Ausfuhren wird bis Ende 2025 durch Passar abgel\u00f6st. F\u00fcr Einfuhrverfahren erfolgt die Abl\u00f6sung der heutigen ZAZ-Konten (zentralisiertes Abrechnungsverfahren) ab 2026. Die bisherigen Systeme e-dec und NCTS werden vollst\u00e4ndig ersetzt.<\/p>\n<p>Ab 2026 werden keine neuen ZAZ-Konten mehr er\u00f6ffnet, welche bislang dazu dienten, bei der Einfuhr von Waren in die Schweiz die Z\u00f6lle, Mehrwertsteuer und Geb\u00fchren gesammelt und zeitversetzt zu begleichen. Bis Anfang 2027 sollte die Umstellung auf Passar vollst\u00e4ndig abgeschlossen sein.<\/p>\n<p><strong>Fr\u00fchzeitiges Planen lohnt sich<\/strong><\/p>\n<p>Die Umstellung auf Passar bringt nicht nur technische, sondern auch prozessuale Anpassungen mit sich. Unternehmen sollten ihre internen Abl\u00e4ufe fr\u00fchzeitig auf die neuen Anforderungen vorbereiten und die Umstellung sorgf\u00e4ltig planen. Wer die Umstellung verpasst, riskiert Verz\u00f6gerungen bei der Zollabfertigung oder fehlende Einfuhrgenehmigungen.<\/p>\n<div class=\"autor\"><img decoding=\"async\" src=\"https:\/\/www.ecovis.com\/switzerland\/wp-content\/uploads\/2025\/01\/Rhyn-1.jpg\" alt=\"\" width=\"80\" height=\"auto\" \/><\/p>\n<h4>Tatiana Rhyn<\/h4>\n<p>Mehrwertsteuerexpertin,<br \/>\nVAT, CAS in Zollrecht<\/p>\n<\/div>\n<\/div><\/div>\n<div class=\"su-spoiler su-spoiler-style-default su-spoiler-icon-plus su-spoiler-closed\" data-scroll-offset=\"0\" data-anchor-in-url=\"no\"><div class=\"su-spoiler-title\" tabindex=\"0\" role=\"button\"><span class=\"su-spoiler-icon\"><\/span>Erste Erfahrungen mit der Platformbesteuerung <\/div><div class=\"su-spoiler-content su-u-clearfix su-u-trim\">\n<p><strong>Komplexer als es aussieht, riskanter als man denkt<\/strong><\/p>\n<p>Seit der Einf\u00fchrung der Plattformbesteuerung sind zahlreiche Fragen und Unklarheiten aufgetreten. Plattformbetreiber sind oft unsicher, ob sie \u00fcberhaupt als solche im Sinne des Mehrwertsteuergesetzes gelten und ob daraus eine Mehrwertsteuerpflicht in der Schweiz resultiert. Insbesondere ausl\u00e4ndische Plattformbetreiber sind davon betroffen. Plattformbetreiber m\u00fcssen sicherstellen, dass alle relevanten Ums\u00e4tze korrekt erfasst und deklariert werden k\u00f6nnen. Ebenso sind pr\u00e4zise Vereinbarungen mit den beteiligten Lieferanten und H\u00e4ndlern erforderlich \u2013 insbesondere im Hinblick auf die Behandlung der Einfuhrsteuern bei grenz\u00fcberschreitenden Warenlieferungen, die korrekte Rechnungsstellung an Endkunden (inklusive Ausweis der Mehrwertsteuer) sowie die gegenseitige Verrechnung von Lieferungen und Kommissionen.<\/p>\n<p>In der Praxis hat sich gezeigt, dass die Mehrwertsteuer teilweise doppelt abgerechnet wird \u2013 ein Risiko, das vor allem bei der Einfuhr von Waren besteht. H\u00e4ndler, die Waren \u00fcber Online-Plattformen an Kunden in der Schweiz verkaufen, m\u00fcssen daher sorgf\u00e4ltig pr\u00fcfen und dokumentieren, ob der betreffende Plattformbetreiber im MWST-Register eingetragen ist. Nur dann gelten ihre Lieferungen als steuerbefreit. Das gilt auch f\u00fcr Anbieter mit Sitz in der Schweiz. Die notwendigen Abkl\u00e4rungen zum korrekten Ablauf der Verk\u00e4ufe \u00fcber eine Plattform sind anspruchsvoll und komplex geworden. Sie sind jedoch unerl\u00e4sslich, weil Fehler in der Umsetzung zu Haftungsf\u00e4llen f\u00fchren k\u00f6nnen.<\/div><\/div>\n<\/div>\n<a href=\"https:\/\/www.ecovis.com\/switzerland\/wp-content\/uploads\/2025\/12\/KF137180_Ecovis_Newsletter_2025_2026_Web.pdf\" target=\"blank\"> <div class=\"ecobutton example-class\"> <i class=\"fas fa-file-pdf\"><\/i>Download Newsletter Jahreswechsel 2025\/2026 als PDF<\/div><\/a>\n<hr \/>\n<p><small><u>Hinweis:<\/u> Dieser Newsletter soll einen kurzen \u00dcberblick \u00fcber aktuelle Themen vermitteln und kann deshalb nicht auf individuelle Verh\u00e4ltnisse eingehen. Die Informationen d\u00fcrfen daher nicht als pers\u00f6nliche Beratung\/Auskunft interpretiert und verwendet werden. Zur besseren Lesbarkeit wird bei Personenbezeichnungen die m\u00e4nnliche Form verwendet, die sich auf alle Geschlechter bezieht.<\/small><\/p>\n","protected":false},"excerpt":{"rendered":"<ul>\n<li>Besteuerung selbstgenutzter Liegenschaften<\/li>\n<li>Pflichten bei \u00dcberschuldung oder Kapitalverlust<\/li>\n<li>Digitale Abwicklung der Zollverfahren mit \u00abPassar\u00bb<\/li>\n<li>Erste Erfahrungen mit der Platformbesteuerung<\/li>\n<\/ul>\n","protected":false},"author":12,"featured_media":0,"comment_status":"closed","ping_status":"open","sticky":false,"template":"","format":"standard","meta":{"_acf_changed":false,"footnotes":""},"categories":[28,29],"tags":[],"class_list":["post-3092","post","type-post","status-publish","format-standard","hentry","category-news-schweiz","category-newsletter"],"acf":[],"yoast_head":"<!-- This site is optimized with the Yoast SEO plugin v27.4 - https:\/\/yoast.com\/product\/yoast-seo-wordpress\/ -->\n<title>Newsletter ECOVIS Aktuell \/ Jahreswechsel 2025\/2026 - Ecovis in der Schweiz<\/title>\n<meta name=\"robots\" content=\"index, follow, max-snippet:-1, max-image-preview:large, max-video-preview:-1\" \/>\n<link rel=\"canonical\" href=\"https:\/\/www.ecovis.com\/switzerland\/blog\/newsletter-ecovis-aktuell-jahreswechsel-2025-2026\/\" \/>\n<meta property=\"og:locale\" content=\"de_DE\" \/>\n<meta property=\"og:type\" content=\"article\" \/>\n<meta property=\"og:title\" content=\"Newsletter ECOVIS Aktuell \/ Jahreswechsel 2025\/2026 - Ecovis in der Schweiz\" \/>\n<meta property=\"og:description\" content=\"Besteuerung selbstgenutzter LiegenschaftenPflichten bei \u00dcberschuldung oder KapitalverlustDigitale Abwicklung der Zollverfahren mit \u00abPassar\u00bbErste Erfahrungen mit der Platformbesteuerung\" \/>\n<meta property=\"og:url\" content=\"https:\/\/www.ecovis.com\/switzerland\/blog\/newsletter-ecovis-aktuell-jahreswechsel-2025-2026\/\" \/>\n<meta property=\"og:site_name\" content=\"Ecovis in der Schweiz\" \/>\n<meta property=\"article:published_time\" content=\"2025-12-19T10:24:29+00:00\" \/>\n<meta property=\"article:modified_time\" content=\"2025-12-19T14:10:27+00:00\" \/>\n<meta property=\"og:image\" content=\"https:\/\/www.ecovis.com\/switzerland\/wp-content\/uploads\/2025\/12\/heusser_matthias.jpg\" \/>\n<meta name=\"author\" content=\"fgswitzerland\" \/>\n<meta name=\"twitter:card\" content=\"summary_large_image\" \/>\n<meta name=\"twitter:label1\" content=\"Verfasst von\" \/>\n\t<meta name=\"twitter:data1\" content=\"fgswitzerland\" \/>\n\t<meta name=\"twitter:label2\" content=\"Gesch\u00e4tzte Lesezeit\" \/>\n\t<meta name=\"twitter:data2\" content=\"10\u00a0Minuten\" \/>\n<script type=\"application\/ld+json\" class=\"yoast-schema-graph\">{\"@context\":\"https:\\\/\\\/schema.org\",\"@graph\":[{\"@type\":\"Article\",\"@id\":\"https:\\\/\\\/www.ecovis.com\\\/switzerland\\\/blog\\\/newsletter-ecovis-aktuell-jahreswechsel-2025-2026\\\/#article\",\"isPartOf\":{\"@id\":\"https:\\\/\\\/www.ecovis.com\\\/switzerland\\\/blog\\\/newsletter-ecovis-aktuell-jahreswechsel-2025-2026\\\/\"},\"author\":{\"name\":\"fgswitzerland\",\"@id\":\"https:\\\/\\\/www.ecovis.com\\\/switzerland\\\/#\\\/schema\\\/person\\\/0171e4f2a9bfba950195f1f04b1851fb\"},\"headline\":\"Newsletter ECOVIS Aktuell \\\/ Jahreswechsel 2025\\\/2026\",\"datePublished\":\"2025-12-19T10:24:29+00:00\",\"dateModified\":\"2025-12-19T14:10:27+00:00\",\"mainEntityOfPage\":{\"@id\":\"https:\\\/\\\/www.ecovis.com\\\/switzerland\\\/blog\\\/newsletter-ecovis-aktuell-jahreswechsel-2025-2026\\\/\"},\"wordCount\":1665,\"image\":{\"@id\":\"https:\\\/\\\/www.ecovis.com\\\/switzerland\\\/blog\\\/newsletter-ecovis-aktuell-jahreswechsel-2025-2026\\\/#primaryimage\"},\"thumbnailUrl\":\"https:\\\/\\\/www.ecovis.com\\\/switzerland\\\/wp-content\\\/uploads\\\/2025\\\/12\\\/heusser_matthias.jpg\",\"articleSection\":[\"News Schweiz\",\"Newsletter\"],\"inLanguage\":\"de\"},{\"@type\":\"WebPage\",\"@id\":\"https:\\\/\\\/www.ecovis.com\\\/switzerland\\\/blog\\\/newsletter-ecovis-aktuell-jahreswechsel-2025-2026\\\/\",\"url\":\"https:\\\/\\\/www.ecovis.com\\\/switzerland\\\/blog\\\/newsletter-ecovis-aktuell-jahreswechsel-2025-2026\\\/\",\"name\":\"Newsletter ECOVIS Aktuell \\\/ Jahreswechsel 2025\\\/2026 - Ecovis in der Schweiz\",\"isPartOf\":{\"@id\":\"https:\\\/\\\/www.ecovis.com\\\/switzerland\\\/#website\"},\"primaryImageOfPage\":{\"@id\":\"https:\\\/\\\/www.ecovis.com\\\/switzerland\\\/blog\\\/newsletter-ecovis-aktuell-jahreswechsel-2025-2026\\\/#primaryimage\"},\"image\":{\"@id\":\"https:\\\/\\\/www.ecovis.com\\\/switzerland\\\/blog\\\/newsletter-ecovis-aktuell-jahreswechsel-2025-2026\\\/#primaryimage\"},\"thumbnailUrl\":\"https:\\\/\\\/www.ecovis.com\\\/switzerland\\\/wp-content\\\/uploads\\\/2025\\\/12\\\/heusser_matthias.jpg\",\"datePublished\":\"2025-12-19T10:24:29+00:00\",\"dateModified\":\"2025-12-19T14:10:27+00:00\",\"author\":{\"@id\":\"https:\\\/\\\/www.ecovis.com\\\/switzerland\\\/#\\\/schema\\\/person\\\/0171e4f2a9bfba950195f1f04b1851fb\"},\"breadcrumb\":{\"@id\":\"https:\\\/\\\/www.ecovis.com\\\/switzerland\\\/blog\\\/newsletter-ecovis-aktuell-jahreswechsel-2025-2026\\\/#breadcrumb\"},\"inLanguage\":\"de\",\"potentialAction\":[{\"@type\":\"ReadAction\",\"target\":[\"https:\\\/\\\/www.ecovis.com\\\/switzerland\\\/blog\\\/newsletter-ecovis-aktuell-jahreswechsel-2025-2026\\\/\"]}]},{\"@type\":\"ImageObject\",\"inLanguage\":\"de\",\"@id\":\"https:\\\/\\\/www.ecovis.com\\\/switzerland\\\/blog\\\/newsletter-ecovis-aktuell-jahreswechsel-2025-2026\\\/#primaryimage\",\"url\":\"https:\\\/\\\/www.ecovis.com\\\/switzerland\\\/wp-content\\\/uploads\\\/2025\\\/12\\\/heusser_matthias.jpg\",\"contentUrl\":\"https:\\\/\\\/www.ecovis.com\\\/switzerland\\\/wp-content\\\/uploads\\\/2025\\\/12\\\/heusser_matthias.jpg\",\"width\":140,\"height\":140},{\"@type\":\"BreadcrumbList\",\"@id\":\"https:\\\/\\\/www.ecovis.com\\\/switzerland\\\/blog\\\/newsletter-ecovis-aktuell-jahreswechsel-2025-2026\\\/#breadcrumb\",\"itemListElement\":[{\"@type\":\"ListItem\",\"position\":1,\"name\":\"Ecovis Global\",\"item\":\"https:\\\/\\\/www.ecovis.com\\\/\"},{\"@type\":\"ListItem\",\"position\":2,\"name\":\"Startseite\",\"item\":\"https:\\\/\\\/www.ecovis.com\\\/switzerland\\\/\"},{\"@type\":\"ListItem\",\"position\":3,\"name\":\"Newsletter ECOVIS Aktuell \\\/ Jahreswechsel 2025\\\/2026\"}]},{\"@type\":\"WebSite\",\"@id\":\"https:\\\/\\\/www.ecovis.com\\\/switzerland\\\/#website\",\"url\":\"https:\\\/\\\/www.ecovis.com\\\/switzerland\\\/\",\"name\":\"Ecovis.com\",\"description\":\"\",\"potentialAction\":[{\"@type\":\"SearchAction\",\"target\":{\"@type\":\"EntryPoint\",\"urlTemplate\":\"https:\\\/\\\/www.ecovis.com\\\/switzerland\\\/?s={search_term_string}\"},\"query-input\":{\"@type\":\"PropertyValueSpecification\",\"valueRequired\":true,\"valueName\":\"search_term_string\"}}],\"inLanguage\":\"de\"},{\"@type\":\"Person\",\"@id\":\"https:\\\/\\\/www.ecovis.com\\\/switzerland\\\/#\\\/schema\\\/person\\\/0171e4f2a9bfba950195f1f04b1851fb\",\"name\":\"fgswitzerland\",\"image\":{\"@type\":\"ImageObject\",\"inLanguage\":\"de\",\"@id\":\"https:\\\/\\\/secure.gravatar.com\\\/avatar\\\/1087dcea17ccfbd86702edbcc3bb4421ed7e07c9eedf59e04406ac3f7792a2b6?s=96&d=mm&r=g\",\"url\":\"https:\\\/\\\/secure.gravatar.com\\\/avatar\\\/1087dcea17ccfbd86702edbcc3bb4421ed7e07c9eedf59e04406ac3f7792a2b6?s=96&d=mm&r=g\",\"contentUrl\":\"https:\\\/\\\/secure.gravatar.com\\\/avatar\\\/1087dcea17ccfbd86702edbcc3bb4421ed7e07c9eedf59e04406ac3f7792a2b6?s=96&d=mm&r=g\",\"caption\":\"fgswitzerland\"},\"url\":\"https:\\\/\\\/www.ecovis.com\\\/switzerland\\\/blog\\\/author\\\/fgswitzerland\\\/\"}]}<\/script>\n<!-- \/ Yoast SEO plugin. -->","yoast_head_json":{"title":"Newsletter ECOVIS Aktuell \/ Jahreswechsel 2025\/2026 - Ecovis in der Schweiz","robots":{"index":"index","follow":"follow","max-snippet":"max-snippet:-1","max-image-preview":"max-image-preview:large","max-video-preview":"max-video-preview:-1"},"canonical":"https:\/\/www.ecovis.com\/switzerland\/blog\/newsletter-ecovis-aktuell-jahreswechsel-2025-2026\/","og_locale":"de_DE","og_type":"article","og_title":"Newsletter ECOVIS Aktuell \/ Jahreswechsel 2025\/2026 - Ecovis in der Schweiz","og_description":"Besteuerung selbstgenutzter LiegenschaftenPflichten bei \u00dcberschuldung oder KapitalverlustDigitale Abwicklung der Zollverfahren mit \u00abPassar\u00bbErste Erfahrungen mit der Platformbesteuerung","og_url":"https:\/\/www.ecovis.com\/switzerland\/blog\/newsletter-ecovis-aktuell-jahreswechsel-2025-2026\/","og_site_name":"Ecovis in der Schweiz","article_published_time":"2025-12-19T10:24:29+00:00","article_modified_time":"2025-12-19T14:10:27+00:00","og_image":[{"url":"https:\/\/www.ecovis.com\/switzerland\/wp-content\/uploads\/2025\/12\/heusser_matthias.jpg","type":"","width":"","height":""}],"author":"fgswitzerland","twitter_card":"summary_large_image","twitter_misc":{"Verfasst von":"fgswitzerland","Gesch\u00e4tzte Lesezeit":"10\u00a0Minuten"},"schema":{"@context":"https:\/\/schema.org","@graph":[{"@type":"Article","@id":"https:\/\/www.ecovis.com\/switzerland\/blog\/newsletter-ecovis-aktuell-jahreswechsel-2025-2026\/#article","isPartOf":{"@id":"https:\/\/www.ecovis.com\/switzerland\/blog\/newsletter-ecovis-aktuell-jahreswechsel-2025-2026\/"},"author":{"name":"fgswitzerland","@id":"https:\/\/www.ecovis.com\/switzerland\/#\/schema\/person\/0171e4f2a9bfba950195f1f04b1851fb"},"headline":"Newsletter ECOVIS Aktuell \/ Jahreswechsel 2025\/2026","datePublished":"2025-12-19T10:24:29+00:00","dateModified":"2025-12-19T14:10:27+00:00","mainEntityOfPage":{"@id":"https:\/\/www.ecovis.com\/switzerland\/blog\/newsletter-ecovis-aktuell-jahreswechsel-2025-2026\/"},"wordCount":1665,"image":{"@id":"https:\/\/www.ecovis.com\/switzerland\/blog\/newsletter-ecovis-aktuell-jahreswechsel-2025-2026\/#primaryimage"},"thumbnailUrl":"https:\/\/www.ecovis.com\/switzerland\/wp-content\/uploads\/2025\/12\/heusser_matthias.jpg","articleSection":["News Schweiz","Newsletter"],"inLanguage":"de"},{"@type":"WebPage","@id":"https:\/\/www.ecovis.com\/switzerland\/blog\/newsletter-ecovis-aktuell-jahreswechsel-2025-2026\/","url":"https:\/\/www.ecovis.com\/switzerland\/blog\/newsletter-ecovis-aktuell-jahreswechsel-2025-2026\/","name":"Newsletter ECOVIS Aktuell \/ Jahreswechsel 2025\/2026 - Ecovis in der Schweiz","isPartOf":{"@id":"https:\/\/www.ecovis.com\/switzerland\/#website"},"primaryImageOfPage":{"@id":"https:\/\/www.ecovis.com\/switzerland\/blog\/newsletter-ecovis-aktuell-jahreswechsel-2025-2026\/#primaryimage"},"image":{"@id":"https:\/\/www.ecovis.com\/switzerland\/blog\/newsletter-ecovis-aktuell-jahreswechsel-2025-2026\/#primaryimage"},"thumbnailUrl":"https:\/\/www.ecovis.com\/switzerland\/wp-content\/uploads\/2025\/12\/heusser_matthias.jpg","datePublished":"2025-12-19T10:24:29+00:00","dateModified":"2025-12-19T14:10:27+00:00","author":{"@id":"https:\/\/www.ecovis.com\/switzerland\/#\/schema\/person\/0171e4f2a9bfba950195f1f04b1851fb"},"breadcrumb":{"@id":"https:\/\/www.ecovis.com\/switzerland\/blog\/newsletter-ecovis-aktuell-jahreswechsel-2025-2026\/#breadcrumb"},"inLanguage":"de","potentialAction":[{"@type":"ReadAction","target":["https:\/\/www.ecovis.com\/switzerland\/blog\/newsletter-ecovis-aktuell-jahreswechsel-2025-2026\/"]}]},{"@type":"ImageObject","inLanguage":"de","@id":"https:\/\/www.ecovis.com\/switzerland\/blog\/newsletter-ecovis-aktuell-jahreswechsel-2025-2026\/#primaryimage","url":"https:\/\/www.ecovis.com\/switzerland\/wp-content\/uploads\/2025\/12\/heusser_matthias.jpg","contentUrl":"https:\/\/www.ecovis.com\/switzerland\/wp-content\/uploads\/2025\/12\/heusser_matthias.jpg","width":140,"height":140},{"@type":"BreadcrumbList","@id":"https:\/\/www.ecovis.com\/switzerland\/blog\/newsletter-ecovis-aktuell-jahreswechsel-2025-2026\/#breadcrumb","itemListElement":[{"@type":"ListItem","position":1,"name":"Ecovis Global","item":"https:\/\/www.ecovis.com\/"},{"@type":"ListItem","position":2,"name":"Startseite","item":"https:\/\/www.ecovis.com\/switzerland\/"},{"@type":"ListItem","position":3,"name":"Newsletter ECOVIS Aktuell \/ Jahreswechsel 2025\/2026"}]},{"@type":"WebSite","@id":"https:\/\/www.ecovis.com\/switzerland\/#website","url":"https:\/\/www.ecovis.com\/switzerland\/","name":"Ecovis.com","description":"","potentialAction":[{"@type":"SearchAction","target":{"@type":"EntryPoint","urlTemplate":"https:\/\/www.ecovis.com\/switzerland\/?s={search_term_string}"},"query-input":{"@type":"PropertyValueSpecification","valueRequired":true,"valueName":"search_term_string"}}],"inLanguage":"de"},{"@type":"Person","@id":"https:\/\/www.ecovis.com\/switzerland\/#\/schema\/person\/0171e4f2a9bfba950195f1f04b1851fb","name":"fgswitzerland","image":{"@type":"ImageObject","inLanguage":"de","@id":"https:\/\/secure.gravatar.com\/avatar\/1087dcea17ccfbd86702edbcc3bb4421ed7e07c9eedf59e04406ac3f7792a2b6?s=96&d=mm&r=g","url":"https:\/\/secure.gravatar.com\/avatar\/1087dcea17ccfbd86702edbcc3bb4421ed7e07c9eedf59e04406ac3f7792a2b6?s=96&d=mm&r=g","contentUrl":"https:\/\/secure.gravatar.com\/avatar\/1087dcea17ccfbd86702edbcc3bb4421ed7e07c9eedf59e04406ac3f7792a2b6?s=96&d=mm&r=g","caption":"fgswitzerland"},"url":"https:\/\/www.ecovis.com\/switzerland\/blog\/author\/fgswitzerland\/"}]}},"featured_image_url":"","featured_image_url_large":"","_links":{"self":[{"href":"https:\/\/www.ecovis.com\/switzerland\/wp-json\/wp\/v2\/posts\/3092","targetHints":{"allow":["GET"]}}],"collection":[{"href":"https:\/\/www.ecovis.com\/switzerland\/wp-json\/wp\/v2\/posts"}],"about":[{"href":"https:\/\/www.ecovis.com\/switzerland\/wp-json\/wp\/v2\/types\/post"}],"author":[{"embeddable":true,"href":"https:\/\/www.ecovis.com\/switzerland\/wp-json\/wp\/v2\/users\/12"}],"replies":[{"embeddable":true,"href":"https:\/\/www.ecovis.com\/switzerland\/wp-json\/wp\/v2\/comments?post=3092"}],"version-history":[{"count":9,"href":"https:\/\/www.ecovis.com\/switzerland\/wp-json\/wp\/v2\/posts\/3092\/revisions"}],"predecessor-version":[{"id":3105,"href":"https:\/\/www.ecovis.com\/switzerland\/wp-json\/wp\/v2\/posts\/3092\/revisions\/3105"}],"wp:attachment":[{"href":"https:\/\/www.ecovis.com\/switzerland\/wp-json\/wp\/v2\/media?parent=3092"}],"wp:term":[{"taxonomy":"category","embeddable":true,"href":"https:\/\/www.ecovis.com\/switzerland\/wp-json\/wp\/v2\/categories?post=3092"},{"taxonomy":"post_tag","embeddable":true,"href":"https:\/\/www.ecovis.com\/switzerland\/wp-json\/wp\/v2\/tags?post=3092"}],"curies":[{"name":"wp","href":"https:\/\/api.w.org\/{rel}","templated":true}]}}