{"id":2839,"date":"2024-12-20T13:22:05","date_gmt":"2024-12-20T12:22:05","guid":{"rendered":"https:\/\/www.ecovis.com\/switzerland\/?p=2839"},"modified":"2025-01-06T10:05:16","modified_gmt":"2025-01-06T09:05:16","slug":"newsletter-ecovis-aktuell-jahreswechsel-2024-2025","status":"publish","type":"post","link":"https:\/\/www.ecovis.com\/switzerland\/blog\/newsletter-ecovis-aktuell-jahreswechsel-2024-2025\/","title":{"rendered":"Newsletter ECOVIS Aktuell \/ Jahreswechsel 2024\/2025"},"content":{"rendered":"<p>Liebe Leserin, lieber Leser<\/p>\n<p>Zum Jahreswechsel bedienen wir Sie auch dieses Jahr gerne mit einer Auswahl von Themen aus unserem T\u00e4tigkeitsgebiet, die auch f\u00fcr Sie von Interesse sein k\u00f6nnten. Einzelheiten vertiefen wir gerne mit Ihnen im pers\u00f6nlichen Gespr\u00e4ch. <a href=\"https:\/\/www.ecovis.com\/switzerland\/ansprechpartner\/\" target=\"_blank\" rel=\"noopener\">Nehmen Sie Kontakt mit uns auf<\/a> \u2013 wir sind sehr gerne f\u00fcr Sie da und beraten Sie pers\u00f6nlich und kompetent.<\/p>\n<p>Bei dieser Gelegenheit danken wir Ihnen herzlich f\u00fcr die angenehme und konstruktive Zusammenarbeit und das Vertrauen, das Sie uns und unserem Unternehmen entgegenbringen. Wir w\u00fcnschen Ihnen einen guten Start in ein erfolgreiches Jahr 2025 mit vielen interessanten Begegnungen und Gespr\u00e4chen.<\/p>\n<p>Ihr ECOVIS-Team<\/p>\n<h3>Inhalt<\/h3>\n<div class=\"su-accordion su-u-trim\">\n<div class=\"su-spoiler su-spoiler-style-default su-spoiler-icon-plus su-spoiler-closed\" data-scroll-offset=\"0\" data-anchor-in-url=\"no\"><div class=\"su-spoiler-title\" tabindex=\"0\" role=\"button\"><span class=\"su-spoiler-icon\"><\/span>S\u00e4ule 3a - Einzahlungen sind neu auch nachtr\u00e4glich m\u00f6glich<\/div><div class=\"su-spoiler-content su-u-clearfix su-u-trim\">\n<p>Aktuell k\u00f6nnen erwerbst\u00e4tige Personen mit AHV-pflichtigem Einkommen j\u00e4hrlich einen Betrag in die S\u00e4ule 3a einzahlen und steuerlich in Abzug bringen. Im Jahr 2024 sind diese Einzahlungen beschr\u00e4nkt auf CHF 7&#8217;056 (f\u00fcr Pensionskassenversicherte) respektive CHF 35&#8217;280 (f\u00fcr Personen ohne Pensionskasse). Im Folgejahr erh\u00f6hen sich diese Limiten auf CHF 7&#8217;258 respektive CHF 36&#8217;288.<\/p>\n<p>Ab 2025 k\u00f6nnen Einzahlungen f\u00fcr die vergangenen maximal zehn Jahre nachgeholt werden. Dies betrifft jedoch nur die Jahre ab Inkrafttreten. Somit sind erstmals im Jahr 2026 Eink\u00e4ufe (n\u00e4mlich f\u00fcr das Jahr 2025) m\u00f6glich.<\/p>\n<p>F\u00fcr einen solchen Einkauf wird vorausgesetzt, dass im Jahr des Einkaufs der volle Betrag des laufenden Jahres einbezahlt wird. Weiter darf mindestens in einem der zehn Vorjahre die maximale Einzahlung nicht ausgesch\u00f6pft worden sein. Auch kann f\u00fcr ein Jahr mit einer solchen Beitragsl\u00fccke nur einmalig ein Einkauf get\u00e4tigt werden. Jedoch d\u00fcrfen in einem Jahr Eink\u00e4ufe f\u00fcr mehrere vorangegangene Jahre vorgenommen werden. Zu beachten ist zudem, dass der maximale Einkaufsbetrag auf die H\u00f6he des im jeweiligen Jahr g\u00fcltigen Betrags f\u00fcr Pensionskassenversicherte beschr\u00e4nkt ist; dies gilt f\u00fcr Personen mit und ohne Anschluss an eine Pensionskasse (wenn also im Jahr 2025 Eink\u00e4ufe m\u00f6glich w\u00e4ren, erg\u00e4be sich hierf\u00fcr eine betragliche Beschr\u00e4nkung auf CHF 7&#8217;258). Ein Einkauf ist zudem in jenem Jahr ausgeschlossen, in welchem Leistungen infolge Pensionierung bezogen werden.<\/p>\n<p>Um einen Einkauf t\u00e4tigen zu k\u00f6nnen, ist ein schriftliches Gesuch bei der Vorsorgeeinrichtung n\u00f6tig. Darin ist zu erw\u00e4hnen, wie viel man f\u00fcr welche vergangenen Jahre einzahlen m\u00f6chte. Zudem sind die Beitragsl\u00fccken und das Erf\u00fcllen der weiteren, oben erw\u00e4hnten Kriterien, nachzuweisen.<\/p>\n<p>Durch diese M\u00f6glichkeit sind die Vorsorgeeinrichtungen gehalten, die relevanten Unterlagen w\u00e4hrend mindestens zehn Jahren aufzubewahren; und zwar auch nach Beendigung des Vorsorgeverh\u00e4ltnisses<\/p>\n<div class=\"autor\">\n<p><img decoding=\"async\" src=\"https:\/\/www.ecovis.com\/switzerland\/wp-content\/uploads\/2020\/08\/heusser-matthias.jpg\" alt=\"\" width=\"80\" height=\"auto\" \/><\/p>\n<h4>Matthias Heusser<\/h4>\n<p>Betriebs\u00f6konom FH, Dipl. Steuerexperte<\/p>\n<\/div>\n<\/div><\/div>\n<div class=\"su-spoiler su-spoiler-style-default su-spoiler-icon-plus su-spoiler-closed\" data-scroll-offset=\"0\" data-anchor-in-url=\"no\"><div class=\"su-spoiler-title\" tabindex=\"0\" role=\"button\"><span class=\"su-spoiler-icon\"><\/span>Sch\u00e4rfere Massnahmen gegen missbr\u00e4uchliche Konkurse<\/div><div class=\"su-spoiler-content su-u-clearfix su-u-trim\">\n<p><strong>Weniger Schlupfl\u00f6cher, mehr Regulierung \u2013 eine Konkurswelle rollt an<\/strong><\/p>\n<p>Ab dem 1. Januar 2025 gelten sch\u00e4rfere Bestimmungen zur Bek\u00e4mpfung von missbr\u00e4uchlichen Konkursen. Die \u00c4nderungen betreffen unter anderem die Handelsregisterverordnung, das Schuldbetreibungs- und Konkursrecht, das Obligationenrecht sowie das Strafrecht.<\/p>\n<p>Die neuen Bestimmungen sollen erschweren, dass sich Schuldner von finanziellen Verpflichtungen wie Lohnzahlungen oder Schulden auf Kosten anderer entledigen und so andere Personen sch\u00e4digen. Sie umfassen unter anderem folgende Elemente:<\/p>\n<p><strong>Konkursbetreibung f\u00fcr \u00f6ffentlich-rechtliche Forderungen<\/strong><\/p>\n<p>\u00d6ffentlich-rechtliche Forderungen (Steuern, Abgaben, Geb\u00fchren, Bussen sowie Pr\u00e4mien f\u00fcr die obligatorische Unfallversicherung) k\u00f6nnen neu \u00fcber das Konkursverfahren vollstreckt werden. Bisher war nur die Pf\u00e4ndung einzelner Verm\u00f6genswerte m\u00f6glich. Daraus ergibt sich f\u00fcr andere Gl\u00e4ubiger der Vorteil, dass sie auf die Konkurser\u00f6ffnung (und die Leistung des Kostenvorschusses durch den \u00f6ffentlich-rechtlichen Gl\u00e4ubiger) warten und dann ihre Forderungen kostenlos anmelden k\u00f6nnen.<\/p>\n<p><strong>Einschr\u00e4nkungen beim Opting-out<\/strong><\/p>\n<p>Der Verzicht auf die Wahl einer Revisionsstelle und die eingeschr\u00e4nkte Revision (Opting-out) ist neu nur noch f\u00fcr k\u00fcnftige Gesch\u00e4ftsjahre m\u00f6glich, sofern die Gesellschaft die Kriterien erf\u00fcllt. Bisher war der Verzicht auch f\u00fcr das laufende Gesch\u00e4ftsjahr und &#8211; bis sechs Monate nach dem Bilanzstichtag \u2013 auch f\u00fcr das Vorjahr m\u00f6glich.<\/p>\n<p><strong>Meldepflicht der Steuerbeh\u00f6rden<\/strong><\/p>\n<p>Die kantonalen Steuerbeh\u00f6rden m\u00fcssen dem Handelsregisteramt neu Meldung erstatten, wenn sie von juristischen Personen drei Monate nach Ablauf der (steuerrechtlichen) Fristen keine Jahresrechnung vorliegen haben. Dies soll vermeiden helfen, dass Gl\u00e4ubiger durch Pflichtverletzungen der Unternehmensorgane gesch\u00e4digt werden. Bei Vorliegen<\/p>\n<p>einer solchen Meldung muss das Handelsregisteramt die Wahl einer Revisionsstelle oder die Erneuerung des Opting-out einfordern. Kommt die Gesellschaft dieser Aufforderung nicht nach, benachrichtigt das Handelsregisteramt das Gericht.<\/p>\n<p><strong>Personensuche im Handelsregister<\/strong><\/p>\n<p>K\u00fcnftig soll der zentrale Firmenindex (Zefix) die Suche nach im Handelsregister eingetragenen Personen erm\u00f6glichen \u2013 losgel\u00f6st von den eingetragenen Firmen. Durch die neue Funktion lassen sich personelle Zusammenh\u00e4nge einfacher erkennen.<\/p>\n<p><strong>Anzeigepflicht der Konkurs\u00e4mter<\/strong><\/p>\n<p>Neu m\u00fcssen die Konkurs\u00e4mter eine Strafanzeige erstatten, wenn sie im Rahmen ihrer T\u00e4tigkeit auf einen Verdacht oder einen Hinweis auf eine Straftat stossen.<\/p>\n<div class=\"autor\">\n<p><img decoding=\"async\" src=\"https:\/\/www.ecovis.com\/switzerland\/wp-content\/uploads\/2023\/03\/pwy-e1678447188630.jpg\" alt=\"\" width=\"80\" height=\"auto\" \/><\/p>\n<h4>Peter Wyss<\/h4>\n<p>Betriebs\u00f6konom HWV<\/p>\n<\/div>\n<\/div><\/div>\n<div class=\"su-spoiler su-spoiler-style-default su-spoiler-icon-plus su-spoiler-closed\" data-scroll-offset=\"0\" data-anchor-in-url=\"no\"><div class=\"su-spoiler-title\" tabindex=\"0\" role=\"button\"><span class=\"su-spoiler-icon\"><\/span>Beitragss\u00e4tze, Leistungen und Grenzwerte der Sozialversicherungen<\/div><div class=\"su-spoiler-content su-u-clearfix su-u-trim\">\n<p>Nachstehend geben wir Ihnen eine \u00dcbersicht \u00fcber die wichtigsten Beitragss\u00e4tze, Leistungen und Grenzwerte der Sozialversicherungen. Die AHV\/IV-Renten werden per 1. Januar 2025 der aktuellen Preis- und Lohnentwicklung angepasst. Darauf abgestimmt \u00e4ndern sich auch die Grenzwerte in der beruflichen Vorsorge (BVG) und in der gebundenen privaten Vorsorge (S\u00e4ule 3a).<\/p>\n<p><img decoding=\"async\" class=\"alignnone size-full wp-image-2842\" src=\"https:\/\/www.ecovis.com\/switzerland\/wp-content\/uploads\/2024\/12\/schaefere-massnahmen-schweiz.png\" alt=\"\" width=\"800\" height=\"auto\" srcset=\"https:\/\/www.ecovis.com\/switzerland\/wp-content\/uploads\/2024\/12\/schaefere-massnahmen-schweiz.png 1652w, https:\/\/www.ecovis.com\/switzerland\/wp-content\/uploads\/2024\/12\/schaefere-massnahmen-schweiz-1536x1113.png 1536w\" sizes=\"(max-width: 1652px) 100vw, 1652px\" \/><\/p>\n<p><strong>Erh\u00f6hung der Familienzulagen<\/strong><\/p>\n<p>Erstmals seit Inkrafttreten des Familienzulagengesetzes im Jahr 2009 werden die Mindestans\u00e4tze f\u00fcr die Familienzulagen an die Preisentwicklung angepasst. Der Mindestansatz f\u00fcr die Kinderzulage steigt von CHF 200 auf <strong>CHF 215<\/strong>, derjenige f\u00fcr die Ausbildungszulagen steigt von CHF 250 auf <strong>CHF 268<\/strong>. H\u00f6here Zulagen gelten in der Landwirtschaft. Auch der Mindestlohn als Voraussetzung f\u00fcr den Anspruch auf Familienzulagen steigt \u2013 von CHF 7&#8217;350 auf CHF 7&#8217;560.<\/p>\n<p><strong>Erh\u00f6hung des Referenzalters der Frauen<\/strong><\/p>\n<p>Die schrittweise Erh\u00f6hung des Referenzalters (Renteneintritt) im Rahmen der AHV-Reform 21 betrifft im Jahr 2025 Frauen der Jahrg\u00e4nge 1960 und 1961. Frauen mit Jahrgang 1960 erreichen das Referenzalter (64 Jahre) zwischen Februar 2024 und Januar 2025, Frauen mit Jahrgang 1961 (Referenzalter 64 Jahre + 3 Monate) zwischen Mai 2025 und April 2026.<\/p>\n<\/div><\/div>\n<div class=\"su-spoiler su-spoiler-style-default su-spoiler-icon-plus su-spoiler-closed\" data-scroll-offset=\"0\" data-anchor-in-url=\"no\"><div class=\"su-spoiler-title\" tabindex=\"0\" role=\"button\"><span class=\"su-spoiler-icon\"><\/span>Mehrwertsteuer - Wichtige \u00c4nderungen am 1. Januar 2025<\/div><div class=\"su-spoiler-content su-u-clearfix su-u-trim\">\n<p>Mit dem Inkrafttreten des teilrevidierten Mehrwertsteuergesetzes und der teilrevidierten Mehrwertsteuerverordnung am 1. Januar 2025 gehen auch verschiedene Praxis\u00e4nderungen einher. Hier ein \u00dcberblick \u00fcber die wichtigsten \u00c4nderungen:<\/p>\n<p><strong>J\u00e4hrliche Abrechnung:<\/strong><\/p>\n<p>Steuerpflichtige mit einem Jahresumsatz bis CHF 5&#8217;005&#8217;000 k\u00f6nnen die Mehrwertsteuer neu auf Antrag j\u00e4hrlich abrechnen (statt wie bisher viertel- bzw. halbj\u00e4hrlich). F\u00fcr das Jahr 2025 muss der entsprechende Antrag bis zum 28.\u00a0Februar 2025 eingereicht werden. Bei j\u00e4hrlicher Abrechnung sind Ratenzahlungen zu leisten.<\/p>\n<p><strong>Plattformbesteuerung:<\/strong><\/p>\n<p>Erm\u00f6glicht eine elektronische Plattform eine Lieferung, indem sie einen Verk\u00e4ufer eines Gegenstandes mit einem K\u00e4ufer zu einem Vertragsabschluss auf der Plattform zusammenbringt, gilt der Plattformbetreiber gegen\u00fcber dem K\u00e4ufer als Leistungserbringer.\u00a0 Dies f\u00fchrt zu zwei Lieferungen: Die <u>erste<\/u> (meist wohl fiktive) <u>Lieferung<\/u> zwischen dem Verk\u00e4ufer und dem Plattformbetreiber ist steuerbefreit. Stellt der Verk\u00e4ufer dem K\u00e4ufer eine Rechnung mit Mehrwertsteuer aus, muss er auf der Rechnung auf die Plattformbesteuerung hinweisen sowie Name und MWST-Nummer des Plattformbetreibers angeben. Die <u>zweite Lieferung<\/u> zwischen dem Plattformbetreiber und dem K\u00e4ufer ist steuerpflichtig. Der Plattformbetreiber gilt damit als steuerpflichtiger Leistungserbringer und muss die Mehrwertsteuer f\u00fcr alle auf seiner Plattform genierten Ums\u00e4tze abrechnen. Dienstleistungsplattformen sind nicht betroffen.<\/p>\n<p><strong>Saldosteuersatzmethode:<\/strong><\/p>\n<p>Es k\u00f6nnen neu mehr als nur zwei Saldosteuers\u00e4tze angewendet werden \u2013 ein Steuersatz f\u00fcr jede T\u00e4tigkeit, die mehr als 10% des steuerbaren Gesamtumsatzes ausmacht. Beim Wechsel von der effektiven Abrechnungsmethode zur Saldosteuersatzmethode oder umgekehrt m\u00fcssen neu Vorsteuerkorrekturen vorgenommen werden.<\/p>\n<p>Weitere Anpassungen betreffen die Pflicht zur elektronischen Abrechnung, die Anpassung einzelner Saldo- und <strong>Pauschalsteuers\u00e4tze<\/strong>, die Ausweitung der Bezugsteuerpflicht beim Handel mit Emissionsrechten\/-zertifikaten, die Subventionen, die Gruppenbesteuerung, die Ortsdefinition f\u00fcr Reiseb\u00fcros, Reiseleistungen, Organisatoren von Veranstaltungen sowie f\u00fcr bestimmte Dienstleistungen in Kultur, Sport, Wissenschaft usw. Die Eidg. Steuerverwaltung kann auf die Vertretung von Steuerpflichtigen ohne Sitz in der Schweiz verzichten, sofern die Erf\u00fcllung der Verfahrenspflichten und der rasche Vollzug des Gesetzes auf andere Weise gew\u00e4hrleistet ist.<\/p>\n<div class=\"autor\">\n<p><img decoding=\"async\" src=\"https:\/\/www.ecovis.com\/switzerland\/wp-content\/uploads\/2020\/07\/de-boni_marcel.jpeg\" alt=\"\" width=\"80\" height=\"auto\" \/><\/p>\n<h4>Marcel P. De Boni<\/h4>\n<p>Betriebs\u00f6konom HWV, Dipl. Wirtschaftspr\u00fcfer<\/p>\n<\/div>\n<\/div><\/div>\n<div class=\"su-spoiler su-spoiler-style-default su-spoiler-icon-plus su-spoiler-closed\" data-scroll-offset=\"0\" data-anchor-in-url=\"no\"><div class=\"su-spoiler-title\" tabindex=\"0\" role=\"button\"><span class=\"su-spoiler-icon\"><\/span>Einfuhr von Waren in die Schweiz - Wertfreigrenze im Reiseverkehr sinkt auf CHF 150<\/div><div class=\"su-spoiler-content su-u-clearfix su-u-trim\">\n<p>Ab 1. Januar 2025 d\u00fcrfen Waren zum privaten Gebrauch von Reisenden nur noch bis zu einem Gesamtwert von CHF 150 pro Person und Tag steuerfrei in die Schweiz eingef\u00fchrt werden. Ist der Wert h\u00f6her, muss die Mehrwertsteuer entrichtet werden. Damit soll die Steuergerechtigkeit verbessert und der Einkaufstourismus reduziert werden. Mit der Verzollungs-App \u00abQuickZoll\u00bb k\u00f6nnen Privatpersonen Waren zur Einfuhr anmelden und allf\u00e4llige Abgaben entrichten. Allerdings wendet die App vorl\u00e4ufig f\u00fcr alle Waren den normalen Mehrwertsteuersatz von 8,1% an.<\/p>\n<\/div><\/div><\/div>\n<a href=\"https:\/\/www.ecovis.com\/switzerland\/wp-content\/uploads\/2024\/12\/Ecovis-Newsletter-31-JAHRESWECHSEL-2024-2025-mit-Logo.pdf\" target=\"blank\"> <div class=\"ecobutton example-class\"> <i class=\"fas fa-file-pdf\"><\/i>Download Newsletter Jahreswechsel 2024\/2025 als PDF<\/div><\/a>\n","protected":false},"excerpt":{"rendered":"<ul>\n<li>S\u00e4ule 3a &#8211; Einzahlungen sind neu auch nachtr\u00e4glich m\u00f6glich<\/li>\n<li>Sch\u00e4rfere Massnahmen gegen missbr\u00e4uchliche Konkurse<\/li>\n<li>Beitragss\u00e4tze, Leistungen und Grenzwerte der Sozialversicherungen<\/li>\n<li>Mehrwertsteuer &#8211; Wichtige \u00c4nderungen am 1. Januar 2025<\/li>\n<li>Einfuhr von Waren in die Schweiz &#8211; Wertfreigrenze im Reiseverkehr sinkt auf CHF 150<\/li>\n<\/ul>\n","protected":false},"author":12,"featured_media":0,"comment_status":"closed","ping_status":"open","sticky":false,"template":"","format":"standard","meta":{"_acf_changed":false,"footnotes":""},"categories":[28,29],"tags":[],"class_list":["post-2839","post","type-post","status-publish","format-standard","hentry","category-news-schweiz","category-newsletter"],"acf":[],"yoast_head":"<!-- This site is optimized with the Yoast SEO plugin v27.4 - https:\/\/yoast.com\/product\/yoast-seo-wordpress\/ -->\n<title>Newsletter ECOVIS Aktuell \/ Jahreswechsel 2024\/2025 - Ecovis in der Schweiz<\/title>\n<meta name=\"robots\" content=\"index, follow, max-snippet:-1, max-image-preview:large, max-video-preview:-1\" \/>\n<link rel=\"canonical\" href=\"https:\/\/www.ecovis.com\/switzerland\/blog\/newsletter-ecovis-aktuell-jahreswechsel-2024-2025\/\" \/>\n<meta property=\"og:locale\" content=\"de_DE\" \/>\n<meta property=\"og:type\" content=\"article\" \/>\n<meta property=\"og:title\" content=\"Newsletter ECOVIS Aktuell \/ Jahreswechsel 2024\/2025 - Ecovis in der Schweiz\" \/>\n<meta property=\"og:description\" content=\"S\u00e4ule 3a - Einzahlungen sind neu auch nachtr\u00e4glich m\u00f6glichSch\u00e4rfere Massnahmen gegen missbr\u00e4uchliche KonkurseBeitragss\u00e4tze, Leistungen und Grenzwerte der SozialversicherungenMehrwertsteuer - Wichtige \u00c4nderungen am 1. Januar 2025Einfuhr von Waren in die Schweiz - Wertfreigrenze im Reiseverkehr sinkt auf CHF 150\" \/>\n<meta property=\"og:url\" content=\"https:\/\/www.ecovis.com\/switzerland\/blog\/newsletter-ecovis-aktuell-jahreswechsel-2024-2025\/\" \/>\n<meta property=\"og:site_name\" content=\"Ecovis in der Schweiz\" \/>\n<meta property=\"article:published_time\" content=\"2024-12-20T12:22:05+00:00\" \/>\n<meta property=\"article:modified_time\" content=\"2025-01-06T09:05:16+00:00\" \/>\n<meta property=\"og:image\" content=\"https:\/\/www.ecovis.com\/switzerland\/wp-content\/uploads\/2020\/08\/heusser-matthias.jpg\" \/>\n<meta name=\"author\" content=\"fgswitzerland\" \/>\n<meta name=\"twitter:card\" content=\"summary_large_image\" \/>\n<meta name=\"twitter:label1\" content=\"Verfasst von\" \/>\n\t<meta name=\"twitter:data1\" content=\"fgswitzerland\" \/>\n\t<meta name=\"twitter:label2\" content=\"Gesch\u00e4tzte Lesezeit\" \/>\n\t<meta name=\"twitter:data2\" content=\"9\u00a0Minuten\" \/>\n<script type=\"application\/ld+json\" class=\"yoast-schema-graph\">{\"@context\":\"https:\\\/\\\/schema.org\",\"@graph\":[{\"@type\":\"Article\",\"@id\":\"https:\\\/\\\/www.ecovis.com\\\/switzerland\\\/blog\\\/newsletter-ecovis-aktuell-jahreswechsel-2024-2025\\\/#article\",\"isPartOf\":{\"@id\":\"https:\\\/\\\/www.ecovis.com\\\/switzerland\\\/blog\\\/newsletter-ecovis-aktuell-jahreswechsel-2024-2025\\\/\"},\"author\":{\"name\":\"fgswitzerland\",\"@id\":\"https:\\\/\\\/www.ecovis.com\\\/switzerland\\\/#\\\/schema\\\/person\\\/0171e4f2a9bfba950195f1f04b1851fb\"},\"headline\":\"Newsletter ECOVIS Aktuell \\\/ Jahreswechsel 2024\\\/2025\",\"datePublished\":\"2024-12-20T12:22:05+00:00\",\"dateModified\":\"2025-01-06T09:05:16+00:00\",\"mainEntityOfPage\":{\"@id\":\"https:\\\/\\\/www.ecovis.com\\\/switzerland\\\/blog\\\/newsletter-ecovis-aktuell-jahreswechsel-2024-2025\\\/\"},\"wordCount\":1489,\"image\":{\"@id\":\"https:\\\/\\\/www.ecovis.com\\\/switzerland\\\/blog\\\/newsletter-ecovis-aktuell-jahreswechsel-2024-2025\\\/#primaryimage\"},\"thumbnailUrl\":\"https:\\\/\\\/www.ecovis.com\\\/switzerland\\\/wp-content\\\/uploads\\\/2020\\\/08\\\/heusser-matthias.jpg\",\"articleSection\":[\"News Schweiz\",\"Newsletter\"],\"inLanguage\":\"de\"},{\"@type\":\"WebPage\",\"@id\":\"https:\\\/\\\/www.ecovis.com\\\/switzerland\\\/blog\\\/newsletter-ecovis-aktuell-jahreswechsel-2024-2025\\\/\",\"url\":\"https:\\\/\\\/www.ecovis.com\\\/switzerland\\\/blog\\\/newsletter-ecovis-aktuell-jahreswechsel-2024-2025\\\/\",\"name\":\"Newsletter ECOVIS Aktuell \\\/ Jahreswechsel 2024\\\/2025 - Ecovis in der Schweiz\",\"isPartOf\":{\"@id\":\"https:\\\/\\\/www.ecovis.com\\\/switzerland\\\/#website\"},\"primaryImageOfPage\":{\"@id\":\"https:\\\/\\\/www.ecovis.com\\\/switzerland\\\/blog\\\/newsletter-ecovis-aktuell-jahreswechsel-2024-2025\\\/#primaryimage\"},\"image\":{\"@id\":\"https:\\\/\\\/www.ecovis.com\\\/switzerland\\\/blog\\\/newsletter-ecovis-aktuell-jahreswechsel-2024-2025\\\/#primaryimage\"},\"thumbnailUrl\":\"https:\\\/\\\/www.ecovis.com\\\/switzerland\\\/wp-content\\\/uploads\\\/2020\\\/08\\\/heusser-matthias.jpg\",\"datePublished\":\"2024-12-20T12:22:05+00:00\",\"dateModified\":\"2025-01-06T09:05:16+00:00\",\"author\":{\"@id\":\"https:\\\/\\\/www.ecovis.com\\\/switzerland\\\/#\\\/schema\\\/person\\\/0171e4f2a9bfba950195f1f04b1851fb\"},\"breadcrumb\":{\"@id\":\"https:\\\/\\\/www.ecovis.com\\\/switzerland\\\/blog\\\/newsletter-ecovis-aktuell-jahreswechsel-2024-2025\\\/#breadcrumb\"},\"inLanguage\":\"de\",\"potentialAction\":[{\"@type\":\"ReadAction\",\"target\":[\"https:\\\/\\\/www.ecovis.com\\\/switzerland\\\/blog\\\/newsletter-ecovis-aktuell-jahreswechsel-2024-2025\\\/\"]}]},{\"@type\":\"ImageObject\",\"inLanguage\":\"de\",\"@id\":\"https:\\\/\\\/www.ecovis.com\\\/switzerland\\\/blog\\\/newsletter-ecovis-aktuell-jahreswechsel-2024-2025\\\/#primaryimage\",\"url\":\"https:\\\/\\\/www.ecovis.com\\\/switzerland\\\/wp-content\\\/uploads\\\/2020\\\/08\\\/heusser-matthias.jpg\",\"contentUrl\":\"https:\\\/\\\/www.ecovis.com\\\/switzerland\\\/wp-content\\\/uploads\\\/2020\\\/08\\\/heusser-matthias.jpg\",\"width\":80,\"height\":105},{\"@type\":\"BreadcrumbList\",\"@id\":\"https:\\\/\\\/www.ecovis.com\\\/switzerland\\\/blog\\\/newsletter-ecovis-aktuell-jahreswechsel-2024-2025\\\/#breadcrumb\",\"itemListElement\":[{\"@type\":\"ListItem\",\"position\":1,\"name\":\"Ecovis Global\",\"item\":\"https:\\\/\\\/www.ecovis.com\\\/\"},{\"@type\":\"ListItem\",\"position\":2,\"name\":\"Startseite\",\"item\":\"https:\\\/\\\/www.ecovis.com\\\/switzerland\\\/\"},{\"@type\":\"ListItem\",\"position\":3,\"name\":\"Newsletter ECOVIS Aktuell \\\/ Jahreswechsel 2024\\\/2025\"}]},{\"@type\":\"WebSite\",\"@id\":\"https:\\\/\\\/www.ecovis.com\\\/switzerland\\\/#website\",\"url\":\"https:\\\/\\\/www.ecovis.com\\\/switzerland\\\/\",\"name\":\"Ecovis.com\",\"description\":\"\",\"potentialAction\":[{\"@type\":\"SearchAction\",\"target\":{\"@type\":\"EntryPoint\",\"urlTemplate\":\"https:\\\/\\\/www.ecovis.com\\\/switzerland\\\/?s={search_term_string}\"},\"query-input\":{\"@type\":\"PropertyValueSpecification\",\"valueRequired\":true,\"valueName\":\"search_term_string\"}}],\"inLanguage\":\"de\"},{\"@type\":\"Person\",\"@id\":\"https:\\\/\\\/www.ecovis.com\\\/switzerland\\\/#\\\/schema\\\/person\\\/0171e4f2a9bfba950195f1f04b1851fb\",\"name\":\"fgswitzerland\",\"image\":{\"@type\":\"ImageObject\",\"inLanguage\":\"de\",\"@id\":\"https:\\\/\\\/secure.gravatar.com\\\/avatar\\\/1087dcea17ccfbd86702edbcc3bb4421ed7e07c9eedf59e04406ac3f7792a2b6?s=96&d=mm&r=g\",\"url\":\"https:\\\/\\\/secure.gravatar.com\\\/avatar\\\/1087dcea17ccfbd86702edbcc3bb4421ed7e07c9eedf59e04406ac3f7792a2b6?s=96&d=mm&r=g\",\"contentUrl\":\"https:\\\/\\\/secure.gravatar.com\\\/avatar\\\/1087dcea17ccfbd86702edbcc3bb4421ed7e07c9eedf59e04406ac3f7792a2b6?s=96&d=mm&r=g\",\"caption\":\"fgswitzerland\"},\"url\":\"https:\\\/\\\/www.ecovis.com\\\/switzerland\\\/blog\\\/author\\\/fgswitzerland\\\/\"}]}<\/script>\n<!-- \/ Yoast SEO plugin. -->","yoast_head_json":{"title":"Newsletter ECOVIS Aktuell \/ Jahreswechsel 2024\/2025 - Ecovis in der Schweiz","robots":{"index":"index","follow":"follow","max-snippet":"max-snippet:-1","max-image-preview":"max-image-preview:large","max-video-preview":"max-video-preview:-1"},"canonical":"https:\/\/www.ecovis.com\/switzerland\/blog\/newsletter-ecovis-aktuell-jahreswechsel-2024-2025\/","og_locale":"de_DE","og_type":"article","og_title":"Newsletter ECOVIS Aktuell \/ Jahreswechsel 2024\/2025 - Ecovis in der Schweiz","og_description":"S\u00e4ule 3a - Einzahlungen sind neu auch nachtr\u00e4glich m\u00f6glichSch\u00e4rfere Massnahmen gegen missbr\u00e4uchliche KonkurseBeitragss\u00e4tze, Leistungen und Grenzwerte der SozialversicherungenMehrwertsteuer - Wichtige \u00c4nderungen am 1. Januar 2025Einfuhr von Waren in die Schweiz - Wertfreigrenze im Reiseverkehr sinkt auf CHF 150","og_url":"https:\/\/www.ecovis.com\/switzerland\/blog\/newsletter-ecovis-aktuell-jahreswechsel-2024-2025\/","og_site_name":"Ecovis in der Schweiz","article_published_time":"2024-12-20T12:22:05+00:00","article_modified_time":"2025-01-06T09:05:16+00:00","og_image":[{"url":"https:\/\/www.ecovis.com\/switzerland\/wp-content\/uploads\/2020\/08\/heusser-matthias.jpg","type":"","width":"","height":""}],"author":"fgswitzerland","twitter_card":"summary_large_image","twitter_misc":{"Verfasst von":"fgswitzerland","Gesch\u00e4tzte Lesezeit":"9\u00a0Minuten"},"schema":{"@context":"https:\/\/schema.org","@graph":[{"@type":"Article","@id":"https:\/\/www.ecovis.com\/switzerland\/blog\/newsletter-ecovis-aktuell-jahreswechsel-2024-2025\/#article","isPartOf":{"@id":"https:\/\/www.ecovis.com\/switzerland\/blog\/newsletter-ecovis-aktuell-jahreswechsel-2024-2025\/"},"author":{"name":"fgswitzerland","@id":"https:\/\/www.ecovis.com\/switzerland\/#\/schema\/person\/0171e4f2a9bfba950195f1f04b1851fb"},"headline":"Newsletter ECOVIS Aktuell \/ Jahreswechsel 2024\/2025","datePublished":"2024-12-20T12:22:05+00:00","dateModified":"2025-01-06T09:05:16+00:00","mainEntityOfPage":{"@id":"https:\/\/www.ecovis.com\/switzerland\/blog\/newsletter-ecovis-aktuell-jahreswechsel-2024-2025\/"},"wordCount":1489,"image":{"@id":"https:\/\/www.ecovis.com\/switzerland\/blog\/newsletter-ecovis-aktuell-jahreswechsel-2024-2025\/#primaryimage"},"thumbnailUrl":"https:\/\/www.ecovis.com\/switzerland\/wp-content\/uploads\/2020\/08\/heusser-matthias.jpg","articleSection":["News Schweiz","Newsletter"],"inLanguage":"de"},{"@type":"WebPage","@id":"https:\/\/www.ecovis.com\/switzerland\/blog\/newsletter-ecovis-aktuell-jahreswechsel-2024-2025\/","url":"https:\/\/www.ecovis.com\/switzerland\/blog\/newsletter-ecovis-aktuell-jahreswechsel-2024-2025\/","name":"Newsletter ECOVIS Aktuell \/ Jahreswechsel 2024\/2025 - Ecovis in der Schweiz","isPartOf":{"@id":"https:\/\/www.ecovis.com\/switzerland\/#website"},"primaryImageOfPage":{"@id":"https:\/\/www.ecovis.com\/switzerland\/blog\/newsletter-ecovis-aktuell-jahreswechsel-2024-2025\/#primaryimage"},"image":{"@id":"https:\/\/www.ecovis.com\/switzerland\/blog\/newsletter-ecovis-aktuell-jahreswechsel-2024-2025\/#primaryimage"},"thumbnailUrl":"https:\/\/www.ecovis.com\/switzerland\/wp-content\/uploads\/2020\/08\/heusser-matthias.jpg","datePublished":"2024-12-20T12:22:05+00:00","dateModified":"2025-01-06T09:05:16+00:00","author":{"@id":"https:\/\/www.ecovis.com\/switzerland\/#\/schema\/person\/0171e4f2a9bfba950195f1f04b1851fb"},"breadcrumb":{"@id":"https:\/\/www.ecovis.com\/switzerland\/blog\/newsletter-ecovis-aktuell-jahreswechsel-2024-2025\/#breadcrumb"},"inLanguage":"de","potentialAction":[{"@type":"ReadAction","target":["https:\/\/www.ecovis.com\/switzerland\/blog\/newsletter-ecovis-aktuell-jahreswechsel-2024-2025\/"]}]},{"@type":"ImageObject","inLanguage":"de","@id":"https:\/\/www.ecovis.com\/switzerland\/blog\/newsletter-ecovis-aktuell-jahreswechsel-2024-2025\/#primaryimage","url":"https:\/\/www.ecovis.com\/switzerland\/wp-content\/uploads\/2020\/08\/heusser-matthias.jpg","contentUrl":"https:\/\/www.ecovis.com\/switzerland\/wp-content\/uploads\/2020\/08\/heusser-matthias.jpg","width":80,"height":105},{"@type":"BreadcrumbList","@id":"https:\/\/www.ecovis.com\/switzerland\/blog\/newsletter-ecovis-aktuell-jahreswechsel-2024-2025\/#breadcrumb","itemListElement":[{"@type":"ListItem","position":1,"name":"Ecovis Global","item":"https:\/\/www.ecovis.com\/"},{"@type":"ListItem","position":2,"name":"Startseite","item":"https:\/\/www.ecovis.com\/switzerland\/"},{"@type":"ListItem","position":3,"name":"Newsletter ECOVIS Aktuell \/ Jahreswechsel 2024\/2025"}]},{"@type":"WebSite","@id":"https:\/\/www.ecovis.com\/switzerland\/#website","url":"https:\/\/www.ecovis.com\/switzerland\/","name":"Ecovis.com","description":"","potentialAction":[{"@type":"SearchAction","target":{"@type":"EntryPoint","urlTemplate":"https:\/\/www.ecovis.com\/switzerland\/?s={search_term_string}"},"query-input":{"@type":"PropertyValueSpecification","valueRequired":true,"valueName":"search_term_string"}}],"inLanguage":"de"},{"@type":"Person","@id":"https:\/\/www.ecovis.com\/switzerland\/#\/schema\/person\/0171e4f2a9bfba950195f1f04b1851fb","name":"fgswitzerland","image":{"@type":"ImageObject","inLanguage":"de","@id":"https:\/\/secure.gravatar.com\/avatar\/1087dcea17ccfbd86702edbcc3bb4421ed7e07c9eedf59e04406ac3f7792a2b6?s=96&d=mm&r=g","url":"https:\/\/secure.gravatar.com\/avatar\/1087dcea17ccfbd86702edbcc3bb4421ed7e07c9eedf59e04406ac3f7792a2b6?s=96&d=mm&r=g","contentUrl":"https:\/\/secure.gravatar.com\/avatar\/1087dcea17ccfbd86702edbcc3bb4421ed7e07c9eedf59e04406ac3f7792a2b6?s=96&d=mm&r=g","caption":"fgswitzerland"},"url":"https:\/\/www.ecovis.com\/switzerland\/blog\/author\/fgswitzerland\/"}]}},"featured_image_url":"","featured_image_url_large":"","_links":{"self":[{"href":"https:\/\/www.ecovis.com\/switzerland\/wp-json\/wp\/v2\/posts\/2839","targetHints":{"allow":["GET"]}}],"collection":[{"href":"https:\/\/www.ecovis.com\/switzerland\/wp-json\/wp\/v2\/posts"}],"about":[{"href":"https:\/\/www.ecovis.com\/switzerland\/wp-json\/wp\/v2\/types\/post"}],"author":[{"embeddable":true,"href":"https:\/\/www.ecovis.com\/switzerland\/wp-json\/wp\/v2\/users\/12"}],"replies":[{"embeddable":true,"href":"https:\/\/www.ecovis.com\/switzerland\/wp-json\/wp\/v2\/comments?post=2839"}],"version-history":[{"count":10,"href":"https:\/\/www.ecovis.com\/switzerland\/wp-json\/wp\/v2\/posts\/2839\/revisions"}],"predecessor-version":[{"id":2874,"href":"https:\/\/www.ecovis.com\/switzerland\/wp-json\/wp\/v2\/posts\/2839\/revisions\/2874"}],"wp:attachment":[{"href":"https:\/\/www.ecovis.com\/switzerland\/wp-json\/wp\/v2\/media?parent=2839"}],"wp:term":[{"taxonomy":"category","embeddable":true,"href":"https:\/\/www.ecovis.com\/switzerland\/wp-json\/wp\/v2\/categories?post=2839"},{"taxonomy":"post_tag","embeddable":true,"href":"https:\/\/www.ecovis.com\/switzerland\/wp-json\/wp\/v2\/tags?post=2839"}],"curies":[{"name":"wp","href":"https:\/\/api.w.org\/{rel}","templated":true}]}}