{"id":2677,"date":"2023-01-13T15:02:01","date_gmt":"2023-01-13T14:02:01","guid":{"rendered":"https:\/\/www.ecovis.com\/switzerland\/?p=2677"},"modified":"2023-01-16T09:16:49","modified_gmt":"2023-01-16T08:16:49","slug":"newsletter-ecovis-aktuell-jahreswechsel-2022-2023","status":"publish","type":"post","link":"https:\/\/www.ecovis.com\/switzerland\/blog\/newsletter-ecovis-aktuell-jahreswechsel-2022-2023\/","title":{"rendered":"Newsletter ECOVIS Aktuell \/ Jahreswechsel 2022\/2023"},"content":{"rendered":"<p>Liebe Leserin, lieber Leser<\/p>\n<p>Zum Jahreswechsel bedienen wir Sie auch dieses Jahr gerne mit einer Auswahl von Themen aus unserem T\u00e4tigkeitsgebiet, die auch f\u00fcr Sie von Interesse sein k\u00f6nnten. Einzelheiten vertiefen wir gerne mit Ihnen im pers\u00f6nlichen Gespr\u00e4ch. <a href=\"https:\/\/www.ecovis.com\/switzerland\/ansprechpartner\/\">Nehmen Sie Kontakt mit uns auf<\/a> \u2013 wir sind sehr gerne f\u00fcr Sie da und beraten Sie pers\u00f6nlich und kompetent.<\/p>\n<p>Ihr ECOVIS-Team<\/p>\n<h3>Inhalt<\/h3>\n<div class=\"su-accordion su-u-trim\">\n<div class=\"su-spoiler su-spoiler-style-default su-spoiler-icon-plus su-spoiler-closed\" data-scroll-offset=\"0\" data-anchor-in-url=\"no\"><div class=\"su-spoiler-title\" tabindex=\"0\" role=\"button\"><span class=\"su-spoiler-icon\"><\/span>1. AHV-Reform 2021 und Erh\u00f6hung der Mehrwertsteuer auf den 1. Januar 2024<\/div><div class=\"su-spoiler-content su-u-clearfix su-u-trim\">\nDie Gesetzes\u00e4nderungen der Reform zur Stabilisierung der Alters- und Hinterlassenenversicherung (AHV) treten am 1. Januar 2024 in Kraft. Frauen und M\u00e4nner erreichen neu einheitlich mit 65 Jahren das Referenzalter \u2013 der\u00a0 neue Begriff f\u00fcr das Rentenalter. Das Referenzalter 65 f\u00fcr Frauen gilt auch in der obligatorischen beruflichen Vorsorge (BVG). Noch in der Vernehmlassung befinden sich die \u00c4nderungen auf Verordnungsebene. Pr\u00e4zisierungen bedarf es da insbesondere betreffend der Kompensationsmassnahmen f\u00fcr die \u00dcbergangsgeneration sowie der Modalit\u00e4ten im Zusammenhang mit dem flexiblen Altersr\u00fccktritt.<\/p>\n<p>Auf den gleichen Zeitpunkt tritt auch die Verordnung \u00fcber die Anhebung der Mehrwertsteuers\u00e4tze zur Zusatzfinanzierung der AHV in Kraft. Der Normalsatz steigt um 0,4 Prozentpunkte auf 8,1%, der Sondersatz und der reduzierte Satz um je 0,1 Prozentpunkte auf 3,8% bzw. 2,6%. Der Ertrag aus der Erh\u00f6hung wird vollumf\u00e4nglich dem AHV-Ausgleichsfonds zugewiesen.<br \/>\n<\/div><\/div>\n<div class=\"su-spoiler su-spoiler-style-default su-spoiler-icon-plus su-spoiler-closed\" data-scroll-offset=\"0\" data-anchor-in-url=\"no\"><div class=\"su-spoiler-title\" tabindex=\"0\" role=\"button\"><span class=\"su-spoiler-icon\"><\/span>2. Ausweitung des Meldeverfahrens bei der Verrechnungssteuer im Konzern<\/div><div class=\"su-spoiler-content su-u-clearfix su-u-trim\">\nAb 1. Januar 2023 k\u00f6nnen juristische Personen bereits ab einer Beteiligungsquote von 10% (bisher 20%) das Meldeverfahren anwenden. Die f\u00fcr ausl\u00e4ndische Unternehmen erforderliche Bewilligung ist neu f\u00fcnf statt wie bisher drei Jahre g\u00fcltig. Das Meldeverfahren in Konzernverh\u00e4ltnissen vermeidet den administrativen Umweg \u00fcber Ablieferung und anschliessende R\u00fcckforderung der Verrechnungssteuer.<br \/>\n<\/div><\/div>\n<div class=\"su-spoiler su-spoiler-style-default su-spoiler-icon-plus su-spoiler-closed\" data-scroll-offset=\"0\" data-anchor-in-url=\"no\"><div class=\"su-spoiler-title\" tabindex=\"0\" role=\"button\"><span class=\"su-spoiler-icon\"><\/span>3. \u00abPlastiksteuer\u00bb und Verpackungsregulierung in der EU<\/div><div class=\"su-spoiler-content su-u-clearfix su-u-trim\">\nDie Mitgliedstaaten der EU entrichten seit dem 1.\u00a0Januar 2021 eine Abgabe auf nicht recycelten Verpackungsabf\u00e4llen aus Kunststoff an die EU zur F\u00f6rderung der Nachhaltigkeit. Die Abgabe richtet sich nach der Menge und betr\u00e4gt EUR 0.80 pro Kilogramm. Diese nach dem Verursacherprinzip erhobenen Beitr\u00e4ge an den EU-Haushalt sind nicht mit der Verpflichtung verbunden, auch auf nationaler Ebene eine \u201ePlastiksteuer\u201c einzuf\u00fchren. Dennoch tun oder planen dies viele Mitgliedstaaten bereits. Von einer solchen Steuer betroffen sind neben den Herstellern und H\u00e4ndlern von Kunststoffverpackungen oder Halbfabrikaten in den jeweiligen Mitgliedstaaten auch s\u00e4mtliche Warenstr\u00f6me, inklusive Lieferungen aus anderen EU-Mitgliedstaaten und Drittl\u00e4ndern. Die Steuer f\u00e4llt nicht nur auf den Verpackungsmaterialien an, sondern auch auf verpackt gelieferten Waren und somit in s\u00e4mtlichen Lebens- und Industriebereichen.<\/p>\n<p>F\u00fcr die Unternehmen kann dies eine echte Herausforderung bedeuten. Sie m\u00fcssen Daten erheben und bestimmen, mit welcher Art und Menge von Kunststoff ein Artikel verpackt ist und zu welchen Anteilen diese Verpackung aus recyceltem Rohstoff oder aus Roh\u00f6l neu produziertem Kunststoff besteht. Es sind zudem viel-f\u00e4ltige Richtlinien des jeweiligen Lieferlandes zu beachten. So hat beispielsweise Portugal im Juli 2022 eine Steuer auf bestimmten Einwegverpackungen f\u00fcr Getr\u00e4nke und Speisen eingef\u00fchrt. Das Vereinigte K\u00f6nigreich (UK) kennt seit April 2022 eine Steuer auf Kunststoffverpackungen mit einem Recyclinganteil von weniger als 30%. Italien wird ab 2023 eine Steuer auf nicht recycelte Plastikanteile in Einwegverpackungen erheben. Andere EU-Mitgliedstaaten diskutieren noch die Abw\u00e4lzung der Steuer oder sind dabei, die geltende Rechtsordnung zu \u00e4ndern.<\/p>\n<div class=\"autor\">\n<p><img loading=\"lazy\" decoding=\"async\" class=\"alignnone size-full wp-image-2203\" src=\"https:\/\/www.ecovis.com\/switzerland\/wp-content\/uploads\/2020\/08\/meier_marianne.jpeg\" alt=\"\" width=\"80\" height=\"105\" \/><\/p>\n<h4>Marianne Esther Meier<\/h4>\n<p>Dipl. Steuerexpertin, Executive Master MWST, Dipl. Expertin Rechnungslegung und Controlling<\/p>\n<\/div>\n<\/div><\/div>\n<div class=\"su-spoiler su-spoiler-style-default su-spoiler-icon-plus su-spoiler-closed\" data-scroll-offset=\"0\" data-anchor-in-url=\"no\"><div class=\"su-spoiler-title\" tabindex=\"0\" role=\"button\"><span class=\"su-spoiler-icon\"><\/span>4. Verl\u00e4ngerung Sozialversicherungsunterstellung f\u00fcr Grenzg\u00e4nger<\/div><div class=\"su-spoiler-content su-u-clearfix su-u-trim\">\nEigentlich wollten die Sozialversicherungsbeh\u00f6rden der EU-Mitgliedsstaaten und der Schweiz bis Ende 2022 eine gemeinsame Regelung in Bezug auf Telearbeit (Homeoffice-T\u00e4tigkeit) finden. Die Frist wurde nun aber nochmals bis zum 30. Juni 2023 verl\u00e4ngert. Eine Person bleibt somit weiterhin den Rechtsvorschriften \u00fcber die soziale Sicherheit am Ort des Arbeitgebers unterstellt, auch wenn sie ihre T\u00e4tigkeit ganz oder teilweise in Form von Telearbeit in ihrem Wohnland aus\u00fcbt. Eine Bescheinigung A1 ist bei solchen Sachverhalten nicht erforderlich. Es bleibt abzuwarten, ob die Zust\u00e4ndigkeit nach Ablauf dieser Sonderregelung am 30. Juni 2023 \u00e4ndert, wenn mehr als 25% Telearbeit im Wohnland geleistet werden. <\/div><\/div>\n<div class=\"su-spoiler su-spoiler-style-default su-spoiler-icon-plus su-spoiler-closed\" data-scroll-offset=\"0\" data-anchor-in-url=\"no\"><div class=\"su-spoiler-title\" tabindex=\"0\" role=\"button\"><span class=\"su-spoiler-icon\"><\/span>5. Pr\u00e4zisierung zu den Nichtr\u00fcckkehrtagen von Grenzg\u00e4ngern im DBA Schweiz \u2013 Deutschland<\/div><div class=\"su-spoiler-content su-u-clearfix su-u-trim\">\nDas Staatssekretariat f\u00fcr internationale Finanzfragen (SIF) hat bekannt gegeben, dass die zust\u00e4ndigen Beh\u00f6rden der Schweiz und Deutschlands in einer gemeinsamen Erkl\u00e4rung festhalten, dass ganzt\u00e4tig am Wohnsitz verbrachte Arbeitstage nicht als Nicht-R\u00fcckkehrtage f\u00fcr die Zwecke der Anwendung der Grenzg\u00e4ngerregelung nach dem Doppelbesteuerungsabkommen (DBA) zwischen der Schweiz und Deutschland behandelt werden.<br \/>\n<\/div><\/div>\n<div class=\"su-spoiler su-spoiler-style-default su-spoiler-icon-plus su-spoiler-closed\" data-scroll-offset=\"0\" data-anchor-in-url=\"no\"><div class=\"su-spoiler-title\" tabindex=\"0\" role=\"button\"><span class=\"su-spoiler-icon\"><\/span>6. Entsch\u00e4digungen f\u00fcr Homeoffice im Lohnausweis<\/div><div class=\"su-spoiler-content su-u-clearfix su-u-trim\">\n<p>Entsch\u00e4digungen f\u00fcr die Nutzung privater Arbeitszimmer stellen grunds\u00e4tzlich steuerpflichtigen Lohn dar. Sie gelten nicht als Spesen, sondern allenfalls als Ersatz von Berufsauslagen, f\u00fcr die im Rahmen des Veranlagungsverfahrens gekl\u00e4rt wird, ob sie steuerlich abzugsf\u00e4hig sind. Eine Ausnahme ist gegeben, sollte der Arbeitgeber dem Arbeitnehmenden keinen zumutbaren Arbeitsplatz zur Verf\u00fcgung stellen. Dann z\u00e4hlen die Ersatzleistungen f\u00fcr tats\u00e4chliche Auslagen (Spesen) nicht zum steuerpflichtigen Lohn. Voraussetzung f\u00fcr die Geltendmachung tats\u00e4chlicher Auslagen ist allerdings, dass der Arbeitsplatz objektiv ausgeschieden ist, haupts\u00e4chlich als solcher genutzt wird und keine Mehrfachnutzung (z.B. K\u00fcchentisch, Ecke im Schlafzimmer usw.) vorliegt. Die Entsch\u00e4digungen sind auch sozialversicherungspflichtig, soweit es sich nicht um steuerliche anerkannte Berufsauslagen handelt. Der Arbeitgeber muss auf eine vollst\u00e4ndige und richtige Bescheinigung auf dem Lohnausweis achten.<\/p>\n<\/div><\/div>\n<div class=\"su-spoiler su-spoiler-style-default su-spoiler-icon-plus su-spoiler-closed\" data-scroll-offset=\"0\" data-anchor-in-url=\"no\"><div class=\"su-spoiler-title\" tabindex=\"0\" role=\"button\"><span class=\"su-spoiler-icon\"><\/span>7. Beitragss\u00e4tze, Leistungen und Grenzwerte der Sozialversicherungen<\/div><div class=\"su-spoiler-content su-u-clearfix su-u-trim\">\nNachstehend geben wir Ihnen eine \u00dcbersicht \u00fcber die wichtigsten Beitragss\u00e4tze, Leistungen und Grenzwerte der Sozialversicherungen. Die AHV\/IV-Renten werden per 1. Januar 2023 der aktuellen Preis- und Lohnentwick-lung angepasst. Darauf abgestimmt \u00e4ndern sich auch die Grenzwerte in der beruflichen Vorsorge (BVG) und in der gebundenen privaten Vorsorge (S\u00e4ule 3a). Der Solidarit\u00e4tsbeitrag in der ALV entf\u00e4llt.<\/p>\n<p><img decoding=\"async\" class=\"alignnone size-full wp-image-2679\" src=\"https:\/\/www.ecovis.com\/switzerland\/wp-content\/uploads\/2023\/01\/schweiz-tabelle.jpg\" alt=\"\" width=\"600\" height=\"auto\" srcset=\"https:\/\/www.ecovis.com\/switzerland\/wp-content\/uploads\/2023\/01\/schweiz-tabelle.jpg 1580w, https:\/\/www.ecovis.com\/switzerland\/wp-content\/uploads\/2023\/01\/schweiz-tabelle-1536x948.jpg 1536w\" sizes=\"(max-width: 1580px) 100vw, 1580px\" \/><br \/>\n<\/div><\/div>\n<div class=\"su-spoiler su-spoiler-style-default su-spoiler-icon-plus su-spoiler-closed\" data-scroll-offset=\"0\" data-anchor-in-url=\"no\"><div class=\"su-spoiler-title\" tabindex=\"0\" role=\"button\"><span class=\"su-spoiler-icon\"><\/span>8. Drohende Zahlungsunf\u00e4higkeit, Kapitalverlust und \u00dcberschuldung im neuen Aktienrecht<\/div><div class=\"su-spoiler-content su-u-clearfix su-u-trim\">\n<p>Rangr\u00fccktrittserkl\u00e4rungen m\u00fcssen ab dem 1. Januar 2023 neben dem geschuldeten Betrag ausdr\u00fccklich auch die Zinsforderungen w\u00e4hrend einer \u00dcberschuldung umfassen, um den gesetzlichen Vorschriften zu gen\u00fcgen. Im Falle einer \u00dcberschuldungssituation empfiehlt es sich zu \u00fcberpr\u00fcfen, ob bestehende Rangr\u00fccktrittsvereinbarungen den gesetzlichen Anforderungen gen\u00fcgen. Vor dem 1. Januar 2023 abgeschlossene Vertr\u00e4ge m\u00fcssen bis zum 31.\u00a0Dezember 2024 an das neue Recht angepasst werden.<\/p>\n<p>Neue Vorschriften gelten ab dem 1. Januar 2023 f\u00fcr Gesellschaften ohne Revisionsstelle, deren Jahresrechnung einen Kapitalverlust (Aktiven abz\u00fcglich Verbindlichkeiten betragen weniger als die H\u00e4lfte von Aktienkapital und Reserven) oder eine \u00dcberschuldung (negatives Eigenkapital) zeigt. In solchen F\u00e4llen muss der Verwaltungsrat neu einen zugelassenen Revisor ernennen, der die Jahresrechnung vor der Genehmigung durch die Generalversammlung einer eingeschr\u00e4nkten Revision unterzieht. Das gilt auch dann, wenn Rangr\u00fccktrittsvereinbarungen vorliegen. Der zus\u00e4tzliche administrative und finanzielle Aufwand,\u00a0 den eine solche Revision ausl\u00f6st, k\u00f6nnte Anlass und gewichtiges Argument sein, konkrete Sanierungsm\u00f6glichkeiten an Stelle von eher formellen Rangr\u00fccktritten vordringlicher und vertiefter zu pr\u00fcfen.<\/p>\n<div class=\"autor\">\n<p><img loading=\"lazy\" decoding=\"async\" class=\"alignnone size-full wp-image-2203\" src=\"https:\/\/www.ecovis.com\/switzerland\/wp-content\/uploads\/2020\/07\/de-boni_marcel.jpeg\" alt=\"\" width=\"80\" height=\"105\" \/><\/p>\n<h4>Marcel P. De Boni<\/h4>\n<p>Betriebs\u00f6konom HWV, Dipl. Wirtschaftspr\u00fcfer<\/p>\n<\/div>\n<\/div><\/div>\n<div class=\"su-spoiler su-spoiler-style-default su-spoiler-icon-plus su-spoiler-closed\" data-scroll-offset=\"0\" data-anchor-in-url=\"no\"><div class=\"su-spoiler-title\" tabindex=\"0\" role=\"button\"><span class=\"su-spoiler-icon\"><\/span>9. Quellensteuer: Verwirkungsfrist bis 31. M\u00e4rz 2023 f\u00fcr NOV\/Neuberechnung beachten!<\/div><div class=\"su-spoiler-content su-u-clearfix su-u-trim\">\nWir erinnern daran, dass wir allen quellensteuerpflichtigen Personen dringend empfehlen, in jedem Fall einen Antrag auf nachtr\u00e4gliche ordentliche Veranlagung (NOV) oder auf Neuberechnung der Quellensteuer zu pr\u00fcfen. Die nicht erstreckbare Frist hierf\u00fcr endet f\u00fcr das Steuerjahr 2022 am 31. M\u00e4rz 2023.<br \/>\n<\/div><\/div>\n<div class=\"su-spoiler su-spoiler-style-default su-spoiler-icon-plus su-spoiler-closed\" data-scroll-offset=\"0\" data-anchor-in-url=\"no\"><div class=\"su-spoiler-title\" tabindex=\"0\" role=\"button\"><span class=\"su-spoiler-icon\"><\/span>10. Erh\u00f6hung des Abzugs f\u00fcr Krankenkassenpr\u00e4mien im Kanton Z\u00fcrich<\/div><div class=\"su-spoiler-content su-u-clearfix su-u-trim\">Das Stimmvolk des Kantons Z\u00fcrich hat beim Urnengang vom 27. November 2022 sowohl die kantonale Volksinitiative \u201eGerechtigkeit schaffen \u2013 Krankenkassen-Pr\u00e4mienabzug der Realit\u00e4t anpassen (Gerechtigkeitsini-tiative)\u201c als auch den Gegenvorschlag des Kantonsrates angenommen. Die Stichfrage fiel aber zu Gunsten des Gegenvorschlags aus. Mit der entsprechenden \u00c4nderung des Steuergesetzes (StG) erh\u00f6ht sich der steuerliche Abzug f\u00fcr Versicherungspr\u00e4mien und Zinsen von Sparkapitalien (\u201eVersicherungspr\u00e4mienabzug\u201c) um CHF\u00a0300 auf CHF\u00a02\u2018900 pro erwachsene Person. Der Abzug f\u00fcr Kinder bleibt unver\u00e4ndert bei CHF 1\u2018300 pro Kind. Es ist davon auszugehen, dass die \u00c4nderung ab Steuerjahr 2023 gilt.<\/p>\n<\/div><\/div>\n<div class=\"su-spoiler su-spoiler-style-default su-spoiler-icon-plus su-spoiler-closed\" data-scroll-offset=\"0\" data-anchor-in-url=\"no\"><div class=\"su-spoiler-title\" tabindex=\"0\" role=\"button\"><span class=\"su-spoiler-icon\"><\/span>11. Weitere Neuerungen auf den 1. Januar 2023<\/div><div class=\"su-spoiler-content su-u-clearfix su-u-trim\">\n<ul>\n<li>Das Aktienrecht er\u00f6ffnet interessante M\u00f6glichkeiten z.B. im Bereich der Kapitalisierung, Organisation und Rechnungslegung. Es bringt aber auch neue Pflichten f\u00fcr den Verwaltungsrat (z.B. betreffend \u00dcberwachung der Zahlungsf\u00e4higkeit der Gesellschaft) und zwingt viele Gesellschaften zur \u00dcberarbeitung ihrer Statuten (z.B. betreffend Schwellenwerte f\u00fcr Minderheitenrechte, Regeln zur Vertretung usw.).<\/li>\n<li>Das Erbrecht bringt umfangreiche und tiefgreifende Ver\u00e4nderungen insbesondere betreffend Pflichtteilen und Verf\u00fcgungsfreiheit. Es gilt unbedingt zu pr\u00fcfen, welche Auswirkungen die Gesetzes\u00e4nderungen auf bestehende Ehe- und Erbvertr\u00e4ge sowie letztwillige Verf\u00fcgungen (Testamente) haben und ob Anpassungen n\u00f6tig sind, damit sie dem letzten Willen auch weiterhin entsprechen.<\/li>\n<li>Kroatien tritt dem Schengen-Raum bei und f\u00fchrt den Euro als Landesw\u00e4hrung ein. Die Schweiz hat die Schutzklausel zur Begrenzung der Einwanderung aktiviert.<\/li>\n<\/ul>\n<\/div><\/div>\n<div class=\"su-spoiler su-spoiler-style-default su-spoiler-icon-plus su-spoiler-closed\" data-scroll-offset=\"0\" data-anchor-in-url=\"no\"><div class=\"su-spoiler-title\" tabindex=\"0\" role=\"button\"><span class=\"su-spoiler-icon\"><\/span>12. Ausblick \/ Varia<\/div><div class=\"su-spoiler-content su-u-clearfix su-u-trim\">\n<ul>\n<li>Das neue Datenschutzgesetz tritt am 1. September 2023 in Kraft. Es bleibt sicher noch viel zu tun bis dahin. Denken wir da nur an Informationspflichten, Datenschutzerkl\u00e4rungen, Fragen zur Datensicherheit, die Regelung der Verantwortlichkeiten usw.<\/li>\n<li>Erh\u00f6hung der Mehrwertsteuers\u00e4tze auf den 1. Januar 2024.<\/li>\n<li>Der Bund will die von der OECD und den G20-Staaten vereinbarte Mindeststeuer von 15% f\u00fcr international t\u00e4tige Unternehmen mit konsolidierten Ums\u00e4tzen \u00fcber EUR 750 Mio. mit einer Verfassungs\u00e4nderung umsetzen. Die Beratungen im eidg. Parlament sind abgeschlossen. Nimmt das Stimmvolk den Bundes-beschluss zur Verfassungs\u00e4nderung ebenfalls an, tritt sie am 1.\u00a0Januar 2024 in Kraft.<\/li>\n<\/ul>\n<\/div><\/div>\n<\/div>\n<h3>Anlage<\/h3>\n<ul>\n<li><a href=\"https:\/\/www.ecovis.com\/switzerland\/wp-content\/uploads\/2023\/01\/P128383-ECOVIS-Newsletter-Nr29_2023_WEB.pdf\" target=\"_blank\" rel=\"noopener noreferrer\">Newsletter Jahreswechsel 2022\/2023 als PDF<\/a><\/li>\n<\/ul>\n","protected":false},"excerpt":{"rendered":"<p>AHV-Reform 2021 und Erh\u00f6hung der Mehrwertsteuer auf den 1. Januar 2024; Ausweitung des Meldeverfahrens bei der Verrechnungssteuer im Konzern; \u00abPlastiksteuer\u00bb und Verpackungsregulierung in der EU; Verl\u00e4ngerung Sozialversicherungsunterstellung f\u00fcr Grenzg\u00e4nger; Pr\u00e4zisierung zu den Nichtr\u00fcckkehrtagen von Grenzg\u00e4ngern im DBA Schweiz &#8211; Deutschland; Entsch\u00e4digungen f\u00fcr Homeoffice im Lohnausweis; Beitragss\u00e4tze, Leistungen und Grenzwerte der Sozialversicherungen; Drohende Zahlungsunf\u00e4higkeit, Kapitalverlust und \u00dcberschuldung im neuen Aktienrecht; Quellensteuer: Verwirkungsfrist bis 31. M\u00e4rz 2023 f\u00fcr NOV\/Neuberechnung beachten!; Erh\u00f6hung des Abzugs f\u00fcr Krankenkassenpr\u00e4mien im Kanton Z\u00fcrich; Weitere Neuerungen auf den 1. Januar 2023; Ausblick \/ Varia<\/p>\n","protected":false},"author":12,"featured_media":0,"comment_status":"closed","ping_status":"open","sticky":false,"template":"","format":"standard","meta":{"_acf_changed":false,"footnotes":""},"categories":[28,29],"tags":[],"class_list":["post-2677","post","type-post","status-publish","format-standard","hentry","category-news-schweiz","category-newsletter"],"acf":[],"yoast_head":"<!-- This site is optimized with the Yoast SEO plugin v27.4 - https:\/\/yoast.com\/product\/yoast-seo-wordpress\/ -->\n<title>Newsletter ECOVIS Aktuell \/ Jahreswechsel 2022\/2023 - Ecovis in der Schweiz<\/title>\n<meta name=\"robots\" content=\"index, follow, max-snippet:-1, max-image-preview:large, max-video-preview:-1\" \/>\n<link rel=\"canonical\" href=\"https:\/\/www.ecovis.com\/switzerland\/blog\/newsletter-ecovis-aktuell-jahreswechsel-2022-2023\/\" \/>\n<meta property=\"og:locale\" content=\"de_DE\" \/>\n<meta property=\"og:type\" content=\"article\" \/>\n<meta property=\"og:title\" content=\"Newsletter ECOVIS Aktuell \/ Jahreswechsel 2022\/2023 - Ecovis in der Schweiz\" \/>\n<meta property=\"og:description\" content=\"AHV-Reform 2021 und Erh\u00f6hung der Mehrwertsteuer auf den 1. Januar 2024; Ausweitung des Meldeverfahrens bei der Verrechnungssteuer im Konzern; \u00abPlastiksteuer\u00bb und Verpackungsregulierung in der EU; Verl\u00e4ngerung Sozialversicherungsunterstellung f\u00fcr Grenzg\u00e4nger; Pr\u00e4zisierung zu den Nichtr\u00fcckkehrtagen von Grenzg\u00e4ngern im DBA Schweiz - Deutschland; Entsch\u00e4digungen f\u00fcr Homeoffice im Lohnausweis; Beitragss\u00e4tze, Leistungen und Grenzwerte der Sozialversicherungen; Drohende Zahlungsunf\u00e4higkeit, Kapitalverlust und \u00dcberschuldung im neuen Aktienrecht; Quellensteuer: Verwirkungsfrist bis 31. M\u00e4rz 2023 f\u00fcr NOV\/Neuberechnung beachten!; Erh\u00f6hung des Abzugs f\u00fcr Krankenkassenpr\u00e4mien im Kanton Z\u00fcrich; Weitere Neuerungen auf den 1. Januar 2023; Ausblick \/ Varia\" \/>\n<meta property=\"og:url\" content=\"https:\/\/www.ecovis.com\/switzerland\/blog\/newsletter-ecovis-aktuell-jahreswechsel-2022-2023\/\" \/>\n<meta property=\"og:site_name\" content=\"Ecovis in der Schweiz\" \/>\n<meta property=\"article:published_time\" content=\"2023-01-13T14:02:01+00:00\" \/>\n<meta property=\"article:modified_time\" content=\"2023-01-16T08:16:49+00:00\" \/>\n<meta property=\"og:image\" content=\"https:\/\/www.ecovis.com\/switzerland\/wp-content\/uploads\/2020\/08\/meier_marianne.jpeg\" \/>\n<meta name=\"author\" content=\"fgswitzerland\" \/>\n<meta name=\"twitter:card\" content=\"summary_large_image\" \/>\n<meta name=\"twitter:label1\" content=\"Verfasst von\" \/>\n\t<meta name=\"twitter:data1\" content=\"fgswitzerland\" \/>\n\t<meta name=\"twitter:label2\" content=\"Gesch\u00e4tzte Lesezeit\" \/>\n\t<meta name=\"twitter:data2\" content=\"9\u00a0Minuten\" \/>\n<script type=\"application\/ld+json\" class=\"yoast-schema-graph\">{\"@context\":\"https:\\\/\\\/schema.org\",\"@graph\":[{\"@type\":\"Article\",\"@id\":\"https:\\\/\\\/www.ecovis.com\\\/switzerland\\\/blog\\\/newsletter-ecovis-aktuell-jahreswechsel-2022-2023\\\/#article\",\"isPartOf\":{\"@id\":\"https:\\\/\\\/www.ecovis.com\\\/switzerland\\\/blog\\\/newsletter-ecovis-aktuell-jahreswechsel-2022-2023\\\/\"},\"author\":{\"name\":\"fgswitzerland\",\"@id\":\"https:\\\/\\\/www.ecovis.com\\\/switzerland\\\/#\\\/schema\\\/person\\\/0171e4f2a9bfba950195f1f04b1851fb\"},\"headline\":\"Newsletter ECOVIS Aktuell \\\/ Jahreswechsel 2022\\\/2023\",\"datePublished\":\"2023-01-13T14:02:01+00:00\",\"dateModified\":\"2023-01-16T08:16:49+00:00\",\"mainEntityOfPage\":{\"@id\":\"https:\\\/\\\/www.ecovis.com\\\/switzerland\\\/blog\\\/newsletter-ecovis-aktuell-jahreswechsel-2022-2023\\\/\"},\"wordCount\":1662,\"image\":{\"@id\":\"https:\\\/\\\/www.ecovis.com\\\/switzerland\\\/blog\\\/newsletter-ecovis-aktuell-jahreswechsel-2022-2023\\\/#primaryimage\"},\"thumbnailUrl\":\"https:\\\/\\\/www.ecovis.com\\\/switzerland\\\/wp-content\\\/uploads\\\/2020\\\/08\\\/meier_marianne.jpeg\",\"articleSection\":[\"News Schweiz\",\"Newsletter\"],\"inLanguage\":\"de\"},{\"@type\":\"WebPage\",\"@id\":\"https:\\\/\\\/www.ecovis.com\\\/switzerland\\\/blog\\\/newsletter-ecovis-aktuell-jahreswechsel-2022-2023\\\/\",\"url\":\"https:\\\/\\\/www.ecovis.com\\\/switzerland\\\/blog\\\/newsletter-ecovis-aktuell-jahreswechsel-2022-2023\\\/\",\"name\":\"Newsletter ECOVIS Aktuell \\\/ Jahreswechsel 2022\\\/2023 - Ecovis in der Schweiz\",\"isPartOf\":{\"@id\":\"https:\\\/\\\/www.ecovis.com\\\/switzerland\\\/#website\"},\"primaryImageOfPage\":{\"@id\":\"https:\\\/\\\/www.ecovis.com\\\/switzerland\\\/blog\\\/newsletter-ecovis-aktuell-jahreswechsel-2022-2023\\\/#primaryimage\"},\"image\":{\"@id\":\"https:\\\/\\\/www.ecovis.com\\\/switzerland\\\/blog\\\/newsletter-ecovis-aktuell-jahreswechsel-2022-2023\\\/#primaryimage\"},\"thumbnailUrl\":\"https:\\\/\\\/www.ecovis.com\\\/switzerland\\\/wp-content\\\/uploads\\\/2020\\\/08\\\/meier_marianne.jpeg\",\"datePublished\":\"2023-01-13T14:02:01+00:00\",\"dateModified\":\"2023-01-16T08:16:49+00:00\",\"author\":{\"@id\":\"https:\\\/\\\/www.ecovis.com\\\/switzerland\\\/#\\\/schema\\\/person\\\/0171e4f2a9bfba950195f1f04b1851fb\"},\"breadcrumb\":{\"@id\":\"https:\\\/\\\/www.ecovis.com\\\/switzerland\\\/blog\\\/newsletter-ecovis-aktuell-jahreswechsel-2022-2023\\\/#breadcrumb\"},\"inLanguage\":\"de\",\"potentialAction\":[{\"@type\":\"ReadAction\",\"target\":[\"https:\\\/\\\/www.ecovis.com\\\/switzerland\\\/blog\\\/newsletter-ecovis-aktuell-jahreswechsel-2022-2023\\\/\"]}]},{\"@type\":\"ImageObject\",\"inLanguage\":\"de\",\"@id\":\"https:\\\/\\\/www.ecovis.com\\\/switzerland\\\/blog\\\/newsletter-ecovis-aktuell-jahreswechsel-2022-2023\\\/#primaryimage\",\"url\":\"https:\\\/\\\/www.ecovis.com\\\/switzerland\\\/wp-content\\\/uploads\\\/2020\\\/08\\\/meier_marianne.jpeg\",\"contentUrl\":\"https:\\\/\\\/www.ecovis.com\\\/switzerland\\\/wp-content\\\/uploads\\\/2020\\\/08\\\/meier_marianne.jpeg\",\"width\":80,\"height\":105},{\"@type\":\"BreadcrumbList\",\"@id\":\"https:\\\/\\\/www.ecovis.com\\\/switzerland\\\/blog\\\/newsletter-ecovis-aktuell-jahreswechsel-2022-2023\\\/#breadcrumb\",\"itemListElement\":[{\"@type\":\"ListItem\",\"position\":1,\"name\":\"Ecovis Global\",\"item\":\"https:\\\/\\\/www.ecovis.com\\\/\"},{\"@type\":\"ListItem\",\"position\":2,\"name\":\"Startseite\",\"item\":\"https:\\\/\\\/www.ecovis.com\\\/switzerland\\\/\"},{\"@type\":\"ListItem\",\"position\":3,\"name\":\"Newsletter ECOVIS Aktuell \\\/ Jahreswechsel 2022\\\/2023\"}]},{\"@type\":\"WebSite\",\"@id\":\"https:\\\/\\\/www.ecovis.com\\\/switzerland\\\/#website\",\"url\":\"https:\\\/\\\/www.ecovis.com\\\/switzerland\\\/\",\"name\":\"Ecovis.com\",\"description\":\"\",\"potentialAction\":[{\"@type\":\"SearchAction\",\"target\":{\"@type\":\"EntryPoint\",\"urlTemplate\":\"https:\\\/\\\/www.ecovis.com\\\/switzerland\\\/?s={search_term_string}\"},\"query-input\":{\"@type\":\"PropertyValueSpecification\",\"valueRequired\":true,\"valueName\":\"search_term_string\"}}],\"inLanguage\":\"de\"},{\"@type\":\"Person\",\"@id\":\"https:\\\/\\\/www.ecovis.com\\\/switzerland\\\/#\\\/schema\\\/person\\\/0171e4f2a9bfba950195f1f04b1851fb\",\"name\":\"fgswitzerland\",\"image\":{\"@type\":\"ImageObject\",\"inLanguage\":\"de\",\"@id\":\"https:\\\/\\\/secure.gravatar.com\\\/avatar\\\/1087dcea17ccfbd86702edbcc3bb4421ed7e07c9eedf59e04406ac3f7792a2b6?s=96&d=mm&r=g\",\"url\":\"https:\\\/\\\/secure.gravatar.com\\\/avatar\\\/1087dcea17ccfbd86702edbcc3bb4421ed7e07c9eedf59e04406ac3f7792a2b6?s=96&d=mm&r=g\",\"contentUrl\":\"https:\\\/\\\/secure.gravatar.com\\\/avatar\\\/1087dcea17ccfbd86702edbcc3bb4421ed7e07c9eedf59e04406ac3f7792a2b6?s=96&d=mm&r=g\",\"caption\":\"fgswitzerland\"},\"url\":\"https:\\\/\\\/www.ecovis.com\\\/switzerland\\\/blog\\\/author\\\/fgswitzerland\\\/\"}]}<\/script>\n<!-- \/ Yoast SEO plugin. -->","yoast_head_json":{"title":"Newsletter ECOVIS Aktuell \/ Jahreswechsel 2022\/2023 - Ecovis in der Schweiz","robots":{"index":"index","follow":"follow","max-snippet":"max-snippet:-1","max-image-preview":"max-image-preview:large","max-video-preview":"max-video-preview:-1"},"canonical":"https:\/\/www.ecovis.com\/switzerland\/blog\/newsletter-ecovis-aktuell-jahreswechsel-2022-2023\/","og_locale":"de_DE","og_type":"article","og_title":"Newsletter ECOVIS Aktuell \/ Jahreswechsel 2022\/2023 - Ecovis in der Schweiz","og_description":"AHV-Reform 2021 und Erh\u00f6hung der Mehrwertsteuer auf den 1. Januar 2024; Ausweitung des Meldeverfahrens bei der Verrechnungssteuer im Konzern; \u00abPlastiksteuer\u00bb und Verpackungsregulierung in der EU; Verl\u00e4ngerung Sozialversicherungsunterstellung f\u00fcr Grenzg\u00e4nger; Pr\u00e4zisierung zu den Nichtr\u00fcckkehrtagen von Grenzg\u00e4ngern im DBA Schweiz - Deutschland; Entsch\u00e4digungen f\u00fcr Homeoffice im Lohnausweis; Beitragss\u00e4tze, Leistungen und Grenzwerte der Sozialversicherungen; Drohende Zahlungsunf\u00e4higkeit, Kapitalverlust und \u00dcberschuldung im neuen Aktienrecht; Quellensteuer: Verwirkungsfrist bis 31. M\u00e4rz 2023 f\u00fcr NOV\/Neuberechnung beachten!; Erh\u00f6hung des Abzugs f\u00fcr Krankenkassenpr\u00e4mien im Kanton Z\u00fcrich; Weitere Neuerungen auf den 1. Januar 2023; Ausblick \/ Varia","og_url":"https:\/\/www.ecovis.com\/switzerland\/blog\/newsletter-ecovis-aktuell-jahreswechsel-2022-2023\/","og_site_name":"Ecovis in der Schweiz","article_published_time":"2023-01-13T14:02:01+00:00","article_modified_time":"2023-01-16T08:16:49+00:00","og_image":[{"url":"https:\/\/www.ecovis.com\/switzerland\/wp-content\/uploads\/2020\/08\/meier_marianne.jpeg","type":"","width":"","height":""}],"author":"fgswitzerland","twitter_card":"summary_large_image","twitter_misc":{"Verfasst von":"fgswitzerland","Gesch\u00e4tzte Lesezeit":"9\u00a0Minuten"},"schema":{"@context":"https:\/\/schema.org","@graph":[{"@type":"Article","@id":"https:\/\/www.ecovis.com\/switzerland\/blog\/newsletter-ecovis-aktuell-jahreswechsel-2022-2023\/#article","isPartOf":{"@id":"https:\/\/www.ecovis.com\/switzerland\/blog\/newsletter-ecovis-aktuell-jahreswechsel-2022-2023\/"},"author":{"name":"fgswitzerland","@id":"https:\/\/www.ecovis.com\/switzerland\/#\/schema\/person\/0171e4f2a9bfba950195f1f04b1851fb"},"headline":"Newsletter ECOVIS Aktuell \/ Jahreswechsel 2022\/2023","datePublished":"2023-01-13T14:02:01+00:00","dateModified":"2023-01-16T08:16:49+00:00","mainEntityOfPage":{"@id":"https:\/\/www.ecovis.com\/switzerland\/blog\/newsletter-ecovis-aktuell-jahreswechsel-2022-2023\/"},"wordCount":1662,"image":{"@id":"https:\/\/www.ecovis.com\/switzerland\/blog\/newsletter-ecovis-aktuell-jahreswechsel-2022-2023\/#primaryimage"},"thumbnailUrl":"https:\/\/www.ecovis.com\/switzerland\/wp-content\/uploads\/2020\/08\/meier_marianne.jpeg","articleSection":["News Schweiz","Newsletter"],"inLanguage":"de"},{"@type":"WebPage","@id":"https:\/\/www.ecovis.com\/switzerland\/blog\/newsletter-ecovis-aktuell-jahreswechsel-2022-2023\/","url":"https:\/\/www.ecovis.com\/switzerland\/blog\/newsletter-ecovis-aktuell-jahreswechsel-2022-2023\/","name":"Newsletter ECOVIS Aktuell \/ Jahreswechsel 2022\/2023 - Ecovis in der Schweiz","isPartOf":{"@id":"https:\/\/www.ecovis.com\/switzerland\/#website"},"primaryImageOfPage":{"@id":"https:\/\/www.ecovis.com\/switzerland\/blog\/newsletter-ecovis-aktuell-jahreswechsel-2022-2023\/#primaryimage"},"image":{"@id":"https:\/\/www.ecovis.com\/switzerland\/blog\/newsletter-ecovis-aktuell-jahreswechsel-2022-2023\/#primaryimage"},"thumbnailUrl":"https:\/\/www.ecovis.com\/switzerland\/wp-content\/uploads\/2020\/08\/meier_marianne.jpeg","datePublished":"2023-01-13T14:02:01+00:00","dateModified":"2023-01-16T08:16:49+00:00","author":{"@id":"https:\/\/www.ecovis.com\/switzerland\/#\/schema\/person\/0171e4f2a9bfba950195f1f04b1851fb"},"breadcrumb":{"@id":"https:\/\/www.ecovis.com\/switzerland\/blog\/newsletter-ecovis-aktuell-jahreswechsel-2022-2023\/#breadcrumb"},"inLanguage":"de","potentialAction":[{"@type":"ReadAction","target":["https:\/\/www.ecovis.com\/switzerland\/blog\/newsletter-ecovis-aktuell-jahreswechsel-2022-2023\/"]}]},{"@type":"ImageObject","inLanguage":"de","@id":"https:\/\/www.ecovis.com\/switzerland\/blog\/newsletter-ecovis-aktuell-jahreswechsel-2022-2023\/#primaryimage","url":"https:\/\/www.ecovis.com\/switzerland\/wp-content\/uploads\/2020\/08\/meier_marianne.jpeg","contentUrl":"https:\/\/www.ecovis.com\/switzerland\/wp-content\/uploads\/2020\/08\/meier_marianne.jpeg","width":80,"height":105},{"@type":"BreadcrumbList","@id":"https:\/\/www.ecovis.com\/switzerland\/blog\/newsletter-ecovis-aktuell-jahreswechsel-2022-2023\/#breadcrumb","itemListElement":[{"@type":"ListItem","position":1,"name":"Ecovis Global","item":"https:\/\/www.ecovis.com\/"},{"@type":"ListItem","position":2,"name":"Startseite","item":"https:\/\/www.ecovis.com\/switzerland\/"},{"@type":"ListItem","position":3,"name":"Newsletter ECOVIS Aktuell \/ Jahreswechsel 2022\/2023"}]},{"@type":"WebSite","@id":"https:\/\/www.ecovis.com\/switzerland\/#website","url":"https:\/\/www.ecovis.com\/switzerland\/","name":"Ecovis.com","description":"","potentialAction":[{"@type":"SearchAction","target":{"@type":"EntryPoint","urlTemplate":"https:\/\/www.ecovis.com\/switzerland\/?s={search_term_string}"},"query-input":{"@type":"PropertyValueSpecification","valueRequired":true,"valueName":"search_term_string"}}],"inLanguage":"de"},{"@type":"Person","@id":"https:\/\/www.ecovis.com\/switzerland\/#\/schema\/person\/0171e4f2a9bfba950195f1f04b1851fb","name":"fgswitzerland","image":{"@type":"ImageObject","inLanguage":"de","@id":"https:\/\/secure.gravatar.com\/avatar\/1087dcea17ccfbd86702edbcc3bb4421ed7e07c9eedf59e04406ac3f7792a2b6?s=96&d=mm&r=g","url":"https:\/\/secure.gravatar.com\/avatar\/1087dcea17ccfbd86702edbcc3bb4421ed7e07c9eedf59e04406ac3f7792a2b6?s=96&d=mm&r=g","contentUrl":"https:\/\/secure.gravatar.com\/avatar\/1087dcea17ccfbd86702edbcc3bb4421ed7e07c9eedf59e04406ac3f7792a2b6?s=96&d=mm&r=g","caption":"fgswitzerland"},"url":"https:\/\/www.ecovis.com\/switzerland\/blog\/author\/fgswitzerland\/"}]}},"featured_image_url":"","featured_image_url_large":"","_links":{"self":[{"href":"https:\/\/www.ecovis.com\/switzerland\/wp-json\/wp\/v2\/posts\/2677","targetHints":{"allow":["GET"]}}],"collection":[{"href":"https:\/\/www.ecovis.com\/switzerland\/wp-json\/wp\/v2\/posts"}],"about":[{"href":"https:\/\/www.ecovis.com\/switzerland\/wp-json\/wp\/v2\/types\/post"}],"author":[{"embeddable":true,"href":"https:\/\/www.ecovis.com\/switzerland\/wp-json\/wp\/v2\/users\/12"}],"replies":[{"embeddable":true,"href":"https:\/\/www.ecovis.com\/switzerland\/wp-json\/wp\/v2\/comments?post=2677"}],"version-history":[{"count":11,"href":"https:\/\/www.ecovis.com\/switzerland\/wp-json\/wp\/v2\/posts\/2677\/revisions"}],"predecessor-version":[{"id":2691,"href":"https:\/\/www.ecovis.com\/switzerland\/wp-json\/wp\/v2\/posts\/2677\/revisions\/2691"}],"wp:attachment":[{"href":"https:\/\/www.ecovis.com\/switzerland\/wp-json\/wp\/v2\/media?parent=2677"}],"wp:term":[{"taxonomy":"category","embeddable":true,"href":"https:\/\/www.ecovis.com\/switzerland\/wp-json\/wp\/v2\/categories?post=2677"},{"taxonomy":"post_tag","embeddable":true,"href":"https:\/\/www.ecovis.com\/switzerland\/wp-json\/wp\/v2\/tags?post=2677"}],"curies":[{"name":"wp","href":"https:\/\/api.w.org\/{rel}","templated":true}]}}