{"id":2619,"date":"2022-08-30T17:23:57","date_gmt":"2022-08-30T15:23:57","guid":{"rendered":"https:\/\/www.ecovis.com\/switzerland\/?p=2619"},"modified":"2022-08-30T17:26:58","modified_gmt":"2022-08-30T15:26:58","slug":"newsletter-ecovis-aktuell-sommer-2022","status":"publish","type":"post","link":"https:\/\/www.ecovis.com\/switzerland\/blog\/newsletter-ecovis-aktuell-sommer-2022\/","title":{"rendered":"Newsletter ECOVIS Aktuell \/ Sommer 2022"},"content":{"rendered":"<p>Liebe Leserin, lieber Leser<br \/>\nZur Jahresmitte haben wir wiederum einen kurzen \u00dcberblick \u00fcber aktuelle Themen aus unserem T\u00e4tigkeitsgebiet zusammengestellt, die auch f\u00fcr Sie von Interesse sein k\u00f6nnten. Einzelheiten vertiefen wir gerne mit Ihnen im pers\u00f6nlichen Gespr\u00e4ch. <a href=\"https:\/\/www.ecovis.com\/switzerland\/ansprechpartner\/\">Nehmen Sie Kontakt mit uns auf<\/a> \u2013 wir sind sehr gerne f\u00fcr Sie da und beraten Sie pers\u00f6nlich und kompetent.<\/p>\n<p>Ihr ECOVIS-Team<\/p>\n<h3>Inhalt<\/h3>\n<div class=\"su-accordion su-u-trim\">\n<div class=\"su-spoiler su-spoiler-style-default su-spoiler-icon-plus su-spoiler-closed\" data-scroll-offset=\"0\" data-anchor-in-url=\"no\"><div class=\"su-spoiler-title\" tabindex=\"0\" role=\"button\"><span class=\"su-spoiler-icon\"><\/span>1. Erbrecht: Neue Pflichtteile ab 2023<\/div><div class=\"su-spoiler-content su-u-clearfix su-u-trim\">\n<p>Am 1. Januar 2023 tritt das revidierte Erbrecht (Art. 457 ff. ZGB) in Kraft. Eine detaillierte Darstellung s\u00e4mtlicher Neuerungen im Erbrecht per 2023 finden Sie unter dem Weblink www.weber-schaub.ch\/publikationen.<\/p>\n<p>Eine der wichtigsten Neuerungen betrifft das Pflichtteilsrecht. Die Pflichtteile werden reduziert, dadurch vergr\u00f6ssert sich die Verf\u00fcgungsfreiheit der Erblasser. Der Pflichtteil der Nachkommen betr\u00e4gt neu \u00bd des gesetzlichen Erbanspruchs (bisher \u00be). Das Pflichtteils-recht der Eltern entf\u00e4llt vollst\u00e4ndig.<\/p>\n<p>Als Folge der Reduktion der Pflichtteile der Nachkommen k\u00f6nnen dem \u00fcberlebenden Ehepartner neben den Nachkommen bis \u00be des Nachlasses zugewiesen werden, oder aber \u00bd des Nachlasses zu Eigentum und die andere H\u00e4lfte (die zu Eigentum an die Nachkommen geht) zur lebenslangen Nutzniessung (Art. 473 ZGB). Gibt es keine Nachkommen, kann der gesamte Nachlass dem \u00fcberlebenden Ehegatten zugewiesen werden.<\/p>\n<p>Hervorzuheben ist, dass die Pflichtteile \u00e4ndern, nicht aber der gesetzliche Erbanspruch. Folglich haben Eltern von kinderlosen Erblassern weiterhin einen gesetzlichen Erbanspruch. Ohne anderslautende Verf\u00fcgung erh\u00e4lt der \u00fcberlebende Ehegatte bei kinderlosen Ehepaaren weiterhin \u00be und der elterliche Stamm \u00bc des Nachlasses.<\/p>\n<p>Beim Tod des Erblassers im h\u00e4ngigen Scheidungs-\/Aufl\u00f6sungsverfahren hat der \u00fcberlebende Ehegatte\/eingetra-gene Partner neu keinen Pflichtteilsanspruch mehr, wenn das Scheidungsverfahren auf gemeinsames Begehren eingeleitet wurde oder die Ehegatten mindestens zwei Jahre getrennt gelebt haben. Da der gesetzliche Erban-spruch w\u00e4hrend der Dauer des Verfahrens bestehen bleibt, ist eine letztwillige Verf\u00fcgung zwingend erforderlich, falls dem \u00fcberlebenden Ehegatten\/eingetragenen Partner der gesetzliche Erbanspruch entzogen werden soll.<\/p>\n<p>Es empfiehlt sich, bestehende Verf\u00fcgungen von Todes wegen (Testamente, Erbvertr\u00e4ge), allenfalls auch Ehevertr\u00e4ge, auf ihre Aktualit\u00e4t und Klarheit hin zu \u00fcberpr\u00fcfen oder, falls gew\u00fcnscht, neue Anordnungen zu treffen, um den nun gr\u00f6sseren Gestaltungsspielraum f\u00fcr die Nachlassplanung optimal zu nutzen.<\/p>\n<div class=\"autor\">\n<p><img loading=\"lazy\" decoding=\"async\" class=\"alignnone size-full wp-image-2205\" src=\"https:\/\/www.ecovis.com\/switzerland\/wp-content\/uploads\/2022\/08\/ott_dominique.jpg\" alt=\"\" width=\"80\" height=\"105\" \/><\/p>\n<h4>Dominique Ott<\/h4>\n<p>Dr. iur., Rechtsanw\u00e4ltin<\/p>\n<\/div>\n<\/div><\/div>\n<div class=\"su-spoiler su-spoiler-style-default su-spoiler-icon-plus su-spoiler-closed\" data-scroll-offset=\"0\" data-anchor-in-url=\"no\"><div class=\"su-spoiler-title\" tabindex=\"0\" role=\"button\"><span class=\"su-spoiler-icon\"><\/span>2. Erbschaftssteuern im Konkubinat<\/div><div class=\"su-spoiler-content su-u-clearfix su-u-trim\">\n<p>Aufgrund der neuen Bestimmungen zu den Pflichtteilen kann ab 2023 \u00fcber einen gr\u00f6sseren Anteil der Erbschaft frei verf\u00fcgt werden (frei verf\u00fcgbare Quote). Dadurch k\u00f6nnten beispiels-weise Konkubinatspartner umfangreicher bedacht werden als heute. Bei solchen Beg\u00fcnsti-gungen sind die Erbschaftssteuerfolgen zu beachten. Die Steuerpflicht kn\u00fcpft f\u00fcr Erben und Bedachte dort an, wo der Erblasser zuletzt Wohnsitz hatte. Sofern Grundst\u00fccke vererbt werden, besteht eine Steuerpflicht am Ort der gelegenen Sache.<\/p>\n<p>Einzelne Kantone (SZ, OW) kennen keine Erbschaftssteuer. Die anderen Kantone be-handeln Konkubinatspartner erbschaftssteuerlich unterschiedlich. Mehrere Kantone (bspw. GR, LU, ZG) stellen die Konkubinatspartner den Ehegatten oder eingetragenen Partnern gleich, mit dem Resultat, dass diese von der Erbschaftssteuer ebenfalls befreit sind. In der \u00fcberwiegenden Mehrheit der Kantone fallen f\u00fcr Konkubinatspartner jedoch Erbschaftssteuern an, wobei vor allem an die Dauer der Partnerschaft unter-schiedliche Anforderungen gestellt werden. Zudem werden mehr oder weniger grossz\u00fcgige Abz\u00fcge bei der Bemessungsgrundlage und\/oder niedrige Steuertarife gew\u00e4hrt.<\/p>\n<p>Der Kanton Z\u00fcrich l\u00e4sst bei der Ermittlung der Bemessungsgrundlage einen pauschalen Abzug von CHF 50\u2018000 f\u00fcr Konkubinatspartner zu, sofern dieser mindestens f\u00fcnf Jahre mit dem Erblasser im gleichen Haushalt gelebt hatte. Anschliessend wird die verbleibende steuerbare Leistung mit einem progressiven Tarif besteuert, wobei Konkubinatspartner in der obersten (teuersten) Klasse eingeteilt sind, was zu einem Steuertarif von maximal 36% f\u00fchrt. Der Kanton Z\u00fcrich ist in dieser Hinsicht damit vergleichsweise unattraktiv.<\/p>\n<div class=\"autor\">\n<p><img loading=\"lazy\" decoding=\"async\" class=\"alignnone size-full wp-image-2203\" src=\"https:\/\/www.ecovis.com\/switzerland\/wp-content\/uploads\/2020\/08\/heusser-matthias.jpg\" alt=\"\" width=\"80\" height=\"105\" \/><\/p>\n<h4>Matthias Heusser<\/h4>\n<p>Betriebs\u00f6konom FH, Dipl. Steuerexperte<\/p>\n<\/div>\n<\/div><\/div>\n<div class=\"su-spoiler su-spoiler-style-default su-spoiler-icon-plus su-spoiler-closed\" data-scroll-offset=\"0\" data-anchor-in-url=\"no\"><div class=\"su-spoiler-title\" tabindex=\"0\" role=\"button\"><span class=\"su-spoiler-icon\"><\/span>3. Statuten\u00e4nderungen im Zusammenhang mit dem neuen Aktienrecht<\/div><div class=\"su-spoiler-content su-u-clearfix su-u-trim\">\nDer Bundesrat hat die \u00c4nderung der Handelsregisterverordnung sowie alle \u00fcbrigen Anpassungen im Zusammenhang mit der Aktienrechtsrevision auf den 1. Januar 2023 in Kraft gesetzt. Statuten\u00e4nderungen im Zusammenhang mit dem revidierten Aktienrecht k\u00f6nnen bei Bedarf bereits jetzt vor dem Inkrafttreten beschlossen werden. Nicht-publikationspflichtige Tatsachen (z.B. die M\u00f6glichkeit einer virtuellen Generalver-sammlung) k\u00f6nnen mittels einer terminierten Statuten\u00e4nderung auch ab sofort dem Handelsregister zur Eintragung angemeldet werden. In diesen F\u00e4llen muss aus den Statuten zweifelsfrei hervorgehen, welche Regelung bis zum 31.\u00a0Dezember 2022 und welche ab dem 1. Januar 2023 gilt. Publikationspflichtige Tatsachen (z.B. Aktienkapital in Fremdw\u00e4hrung oder Kapital-band) k\u00f6nnen mittels einer bedingten Statuten\u00e4nderung zwar ebenfalls bereits beschlossen, aber erst ab dem 1. Januar 2023 dem Handelsregister zur Eintragung angemeldet werden.<\/p>\n<div class=\"autor\">\n<p><img loading=\"lazy\" decoding=\"async\" class=\"alignnone size-full wp-image-2203\" src=\"https:\/\/www.ecovis.com\/switzerland\/wp-content\/uploads\/2020\/07\/de-boni_marcel.jpeg\" alt=\"\" width=\"80\" height=\"105\" \/><\/p>\n<h4>Marcel P. De Boni<\/h4>\n<p>Betriebs\u00f6konom HWV, Dipl. Wirtschaftspr\u00fcfer<\/p>\n<\/div>\n<\/div><\/div>\n<div class=\"su-spoiler su-spoiler-style-default su-spoiler-icon-plus su-spoiler-closed\" data-scroll-offset=\"0\" data-anchor-in-url=\"no\"><div class=\"su-spoiler-title\" tabindex=\"0\" role=\"button\"><span class=\"su-spoiler-icon\"><\/span>4. Verzicht auf die eingeschr\u00e4nkte Revision nur noch f\u00fcr k\u00fcnftige Gesch\u00e4ftsjahre m\u00f6glich<\/div><div class=\"su-spoiler-content su-u-clearfix su-u-trim\">\nDas Bundesgesetz \u00fcber die Bek\u00e4mpfung des missbr\u00e4uchlichen Konkurses, dass m\u00f6glicherweise am 1.\u00a0Januar 2023 in Kraft tritt, erlaubt den Verzicht auf die eingeschr\u00e4nkte Revision (opting out) nur noch f\u00fcr k\u00fcnftige Gesch\u00e4ftsjahre und schreibt vor, dass der Verzicht vor Beginn des Gesch\u00e4ftsjahres beim Handelsregister zur Eintragung angemeldet werden muss. Steht ein solcher Verzicht bereits im Raum, empfiehlt sich in Anbetracht der sich abzeichnenden Erschwernisse eine vorausschauende Planung. Auf die eingeschr\u00e4nkte Revision verzichten k\u00f6nnen Gesellschaften mit maximal zehn Vollzeitstellen im Jahresdurchschnitt, sofern s\u00e4mtliche Aktion\u00e4re bzw. Gesellschafter zustimmen.<\/p>\n<\/div><\/div>\n<div class=\"su-spoiler su-spoiler-style-default su-spoiler-icon-plus su-spoiler-closed\" data-scroll-offset=\"0\" data-anchor-in-url=\"no\"><div class=\"su-spoiler-title\" tabindex=\"0\" role=\"button\"><span class=\"su-spoiler-icon\"><\/span>5. EGMR sieht Diskriminierung bei der AHV-Witwerrente<\/div><div class=\"su-spoiler-content su-u-clearfix su-u-trim\">Die Witwerrente aus der AHV wird gestrichen, wenn das j\u00fcngste Kind vollj\u00e4hrig wird. Frauen haben in der gleichen Situation weiterhin Anspruch auf Witwenrente. Die aktuellen gesetzlichen Bestimmungen sehen nicht vor, dass der Ehemann die Erwerbst\u00e4tigkeit zu Gunsten der Kinderbetreuung aufgibt. Der Gesetzgeber mutet nur der Ehefrau nicht zu, wieder ins Erwerbsleben einzusteigen, wenn die Kinder vollj\u00e4hrig werden, dem Ehe-mann hingegen schon. Die erste Instanz des Europ\u00e4ischen Gerichtshofes f\u00fcr Menschenrechte (EGMR) sieht in der geltenden Regelung eine Diskriminierung der Witwer und einen Verstoss gegen die europ\u00e4ische Menschen-rechtskonvention.<\/p>\n<\/div><\/div>\n<div class=\"su-spoiler su-spoiler-style-default su-spoiler-icon-plus su-spoiler-closed\" data-scroll-offset=\"0\" data-anchor-in-url=\"no\"><div class=\"su-spoiler-title\" tabindex=\"0\" role=\"button\"><span class=\"su-spoiler-icon\"><\/span>6. Aktuelle Schwerpunktthemen bei der Umsatzsteuer in der EU<\/div><div class=\"su-spoiler-content su-u-clearfix su-u-trim\">\n<p>Die EU nimmt die grossen Online-Plattformen im Versandhandel in die Umsatzsteuer-Pflicht. Ab dem 1. Juli 2022 gelten in der EU nicht mehr die einzelnen, angeschlossenen Online-H\u00e4ndler als Verk\u00e4ufer resp. Lieferanten, sondern die Plattformen selbst. Die grossen Platt-formen innerhalb und ausserhalb der EU m\u00fcssen nun demzufolge die Umsatzsteuer (UST) in der EU selbst abf\u00fchren.<\/p>\n<p>Zur Bek\u00e4mpfung von Betrug bei der Umsatzsteuer in der EU hat das europ\u00e4ische Parlament f\u00fcr die Beibehaltung der Umkehr der Steuerschuldnerschaft \u00abReverse Charge\u00bb gestimmt. Die Mitgliedstaaten haben somit weiterhin die M\u00f6glichkeit, die Bezahlung der UST bei lokalen Transkationen in bestimmten Hochrisikosektoren auf die es kriminelle Banden abge-sehen haben, zu vermeiden. Es geht dabei um besonders betrugsanf\u00e4llige Waren wie Mobiltelefone, Computer-chips, Mikroprozessoren und Dienstleistungen wie Energiezertifikate und Cloud Computing.<\/p>\n<p>In vielen EU-Mitgliedstaaten setzen die Steuerbeh\u00f6rden Continuous Transaction Control (die kontinuierliche Transaktionskontrolle) als Instrument zur Vermeidung von Umsatzsteuerbetrug bereits ein oder planen dies. Mit dem Rechnungsaustausch (Exchange System) und der \u00dcberpr\u00fcfung der Rechnungsdaten (Clearance System) verfolgen sie alle das gleiche Ziel, aber mit unterschiedlichen Methoden. Hier einige Beispiele:<\/p>\n<ul>\n<li>Italien: Der Unternehmer erstellt seine Rechnungen in einem elektronischen Format (XML) und \u00fcbermittelt diese \u00fcber eine Schnittstelle (Sistema di Intercambio) elektronisch an die Steuerbeh\u00f6rde (Agenzia delle Entrate).<\/li>\n<li>Frankreich: Ab 2024 ist die elektronische Rechnungsstellung (e-Invoicing) f\u00fcr Grossunternehmen, ab 2026 dann f\u00fcr alle Unternehmer verpflichtend.<\/li>\n<li>Spanien: Rechnungssteller und Rechnungsempf\u00e4nger tauschen keine Rechnungen aus, sondern \u00fcbermitteln lediglich die Rechnungsdaten an die Steuerbeh\u00f6rde.<\/li>\n<li>Portugal: Die Unternehmer m\u00fcssen ihre Rechnungen mit einer zertifizierten Software erstellen und der Steuer-beh\u00f6rde f\u00fcr jeden Monat einen mit dieser Software erstellten Bericht einreichen (bis zum f\u00fcnften Tag des Folgemonats).<\/li>\n<\/ul>\n<div class=\"autor\">\n<p><img loading=\"lazy\" decoding=\"async\" class=\"alignnone size-full wp-image-2203\" src=\"https:\/\/www.ecovis.com\/switzerland\/wp-content\/uploads\/2020\/08\/meier_marianne.jpeg\" alt=\"\" width=\"80\" height=\"105\" \/><\/p>\n<h4>Marianne Esther Meier<\/h4>\n<p>Dipl. Steuerexpertin, Executive Master MWST, Dipl. Expertin Rechnungslegung und Controlling<\/p>\n<\/div>\n<\/div><\/div>\n<div class=\"su-spoiler su-spoiler-style-default su-spoiler-icon-plus su-spoiler-closed\" data-scroll-offset=\"0\" data-anchor-in-url=\"no\"><div class=\"su-spoiler-title\" tabindex=\"0\" role=\"button\"><span class=\"su-spoiler-icon\"><\/span>7. Erweiterung der steuerlichen Entlastung f\u00fcr die familienexterne Kinderbetreuung<\/div><div class=\"su-spoiler-content su-u-clearfix su-u-trim\">\nBei der direkten Bundessteuer k\u00f6nnen ab dem Jahr 2023 Kosten von maximal CHF 25\u2018000 (bisher CHF 10\u2018100) f\u00fcr die Drittbetreuung von Kindern von den steuerbaren Eink\u00fcnften in Abzug gebracht werden. Der Abzug gilt wie bisher pro Jahr und f\u00fcr jedes Kind, das das 14. Altersjahr noch nicht vollendet hat und mit der steuerpflichtigen Person, die f\u00fcr seinen Unterhalt sorgt, im gleichen Haushalt lebt. Die Kosten m\u00fcssen auch weiterhin nachgewiesen werden und in direktem kausalem Zusammenhang mit der Erwerbst\u00e4tigkeit, Ausbildung oder Erwerbsunf\u00e4higkeit der steuerpflichtigen Person stehen.<\/p>\n<div class=\"autor\">\n<p><img loading=\"lazy\" decoding=\"async\" class=\"alignnone size-full wp-image-2460\" src=\"https:\/\/www.ecovis.com\/switzerland\/wp-content\/uploads\/2021\/04\/tagmann_linda.jpeg\" alt=\"\" width=\"80\" height=\"105\" \/><\/p>\n<h4>Linda Neeracher<\/h4>\n<p>ic. oec. publ. UZH, Dipl. Wirtschaftspr\u00fcferin<\/p>\n<\/div>\n<\/div><\/div>\n<div class=\"su-spoiler su-spoiler-style-default su-spoiler-icon-plus su-spoiler-closed\" data-scroll-offset=\"0\" data-anchor-in-url=\"no\"><div class=\"su-spoiler-title\" tabindex=\"0\" role=\"button\"><span class=\"su-spoiler-icon\"><\/span>8. Vergleichsvereinbarungen und ihre Risiken bei der Erbschaftssteuer<\/div><div class=\"su-spoiler-content su-u-clearfix su-u-trim\">\nEinigen sich die Erben im Schlichtungsverfahren oder vor Gericht \u00fcber ihre Erbquoten, so hat der entsprechende Abschreibungsbeschluss die Wirkung eines gerichtlichen Entscheids \u2013 dies aber nur in zivilrechtlicher Hinsicht, nicht jedoch gegen\u00fcber den Steuerbeh\u00f6rden. Diese bleiben frei, die Erbschaftssteuer aufgrund der Erbteile zu veranlagen, die sich gem\u00e4ss Zivilrechtslage per Todestag ergeben. Das Bundesgericht hat dieses Vorgehen der Genfer Steuerbeh\u00f6rden in einem neueren Entscheid im Grundsatz gesch\u00fctzt. Im konkret beurteilten Fall hatte eine testamentarisch als Erbin eingesetzte Freundin der Erblasserin in einem Vergleich eingewilligt, dass die Wiederherstellung des Pflichtteils des Sohnes der Erblasserin ausschliesslich zu Lasten ihres h\u00e4lftigen Erbteils erfolgt (und nicht teilweise auch zulasten des h\u00e4lftigen Erbteils der Tochter der Erblasserin). Gem\u00e4ss Bundesgericht ist die Erbschaftssteuer ungeachtet dieses Vergleichs so festzulegen, wie wenn die Herabsetzung im Verh\u00e4ltnis der herabsetzbaren Zuwendungen vorge-nommen worden w\u00e4re. Die Freundin der Erblasserin musste folglich Erbschaftssteuern von 52% auf einem Betrag von CHF 146\u2018802 bezahlen, obwohl ihr Erbanteil gem\u00e4ss Vergleich lediglich CHF 91\u2018751 betrug. Eine aus-f\u00fchrliche Darstellung und Kommentierung dieses Entscheids durch Lorenz Baumann finden Sie in Successio 2\/2022 oder auf www.weber-schaub.ch\/publikationen.<\/p>\n<div class=\"autor\">\n<p><img loading=\"lazy\" decoding=\"async\" class=\"alignnone size-full wp-image-2460\" src=\"https:\/\/www.ecovis.com\/switzerland\/wp-content\/uploads\/2021\/04\/baumann_lorenz.jpeg\" alt=\"\" width=\"80\" height=\"105\" \/><\/p>\n<h4>Lorenz Baumann<\/h4>\n<p>Dr. iur., Rechtsanwalt, Fachanwalt SAV Erbrecht<\/p>\n<\/div>\n<\/div><\/div>\n<div class=\"su-spoiler su-spoiler-style-default su-spoiler-icon-plus su-spoiler-closed\" data-scroll-offset=\"0\" data-anchor-in-url=\"no\"><div class=\"su-spoiler-title\" tabindex=\"0\" role=\"button\"><span class=\"su-spoiler-icon\"><\/span>9. Die T\u00fccke mit dem BVG bei ausl\u00e4ndischem Arbeitgeber<\/div><div class=\"su-spoiler-content su-u-clearfix su-u-trim\">\nIn der AHV sind nat\u00fcrliche Personen, die in der Schweiz ihren Wohnsitz haben oder eine Erwerbst\u00e4tigkeit aus\u00fcben, obligatorisch versichert. Dies gilt auch dann, wenn der Arbeitgeber seinen Sitz im Ausland hat. Zu beachten ist, dass aufgrund des Sozial-versicherungsabkommens auch Arbeitgeber in der EU\/EFTA in der Schweiz AHV-beitragspflichtig sind, im Gegensatz zu Arbeitgebern in Nicht-Vertragsstaaten.<br \/>\nIn der beruflichen Vorsorge (BVG) sind Personen, deren Arbeitgeber gegen\u00fcber der AHV nicht beitragspflichtig ist, nicht obligatorisch versichert. F\u00fcr Personen mit Arbeitgebern in Nicht-Vertragsstaaten gestaltet es sich deshalb h\u00e4ufig besonders schwierig eine gute L\u00f6sung f\u00fcr die berufliche Vorsorge zu finden, auch wenn sowohl der Arbeitnehmer als auch der Arbeitgeber eine solche anstreben.<\/p>\n<div class=\"autor\">\n<p><img loading=\"lazy\" decoding=\"async\" class=\"alignnone size-full wp-image-2460\" src=\"https:\/\/www.ecovis.com\/switzerland\/wp-content\/uploads\/2022\/08\/IMG_0016_-4.jpg\" alt=\"\" width=\"80\" height=\"105\" \/><\/p>\n<h4>Martin Horak<\/h4>\n<p>Buchhalter mit eidg. FA<\/p>\n<\/div>\n<\/div><\/div>\n<\/div>\n<h3>Anlage<\/h3>\n<ul>\n<li><a href=\"https:\/\/www.ecovis.com\/switzerland\/wp-content\/uploads\/2022\/08\/newsletter-28_-sommer_2022.pdf\" target=\"_blank\" rel=\"noopener noreferrer\">Newsletter Sommer 2022 als PDF<\/a><\/li>\n<\/ul>\n","protected":false},"excerpt":{"rendered":"<p>Erbrecht: Neue Pflichtteile ab 2023; Erbschaftssteuern im Konkubinat; Statuten\u00e4nderungen im Zusammenhang mit dem neuen Aktienrecht; Verzicht auf die eingeschr\u00e4nkte Revision nur noch f\u00fcr k\u00fcnftige Gesch\u00e4ftsjahre m\u00f6glich; EGMR sieht Diskriminierung bei der AHV-Witwerrente; Aktuelle Schwerpunktthemen bei der Umsatzsteuer in der EU; Erweiterung der steuerlichen Entlastung f\u00fcr die familienexterne Kinderbetreuung; Vergleichsvereinbarungen und ihre Risiken bei der Erbschaftssteuer; Die T\u00fccke mit dem BVG bei ausl\u00e4ndischem ArbeitgeberDigitalisierung mit TOPAL und NEXTCLOUD<\/p>\n","protected":false},"author":12,"featured_media":0,"comment_status":"closed","ping_status":"open","sticky":false,"template":"","format":"standard","meta":{"_acf_changed":false,"footnotes":""},"categories":[29],"tags":[],"class_list":["post-2619","post","type-post","status-publish","format-standard","hentry","category-newsletter"],"acf":[],"yoast_head":"<!-- This site is optimized with the Yoast SEO plugin v27.4 - https:\/\/yoast.com\/product\/yoast-seo-wordpress\/ -->\n<title>Newsletter ECOVIS Aktuell \/ Sommer 2022 - Ecovis in der Schweiz<\/title>\n<meta name=\"robots\" content=\"index, follow, max-snippet:-1, max-image-preview:large, max-video-preview:-1\" \/>\n<link rel=\"canonical\" href=\"https:\/\/www.ecovis.com\/switzerland\/blog\/newsletter-ecovis-aktuell-sommer-2022\/\" \/>\n<meta property=\"og:locale\" content=\"de_DE\" \/>\n<meta property=\"og:type\" content=\"article\" \/>\n<meta property=\"og:title\" content=\"Newsletter ECOVIS Aktuell \/ Sommer 2022 - Ecovis in der Schweiz\" \/>\n<meta property=\"og:description\" content=\"Erbrecht: Neue Pflichtteile ab 2023; Erbschaftssteuern im Konkubinat; Statuten\u00e4nderungen im Zusammenhang mit dem neuen Aktienrecht; Verzicht auf die eingeschr\u00e4nkte Revision nur noch f\u00fcr k\u00fcnftige Gesch\u00e4ftsjahre m\u00f6glich; EGMR sieht Diskriminierung bei der AHV-Witwerrente; Aktuelle Schwerpunktthemen bei der Umsatzsteuer in der EU; Erweiterung der steuerlichen Entlastung f\u00fcr die familienexterne Kinderbetreuung; Vergleichsvereinbarungen und ihre Risiken bei der Erbschaftssteuer; Die T\u00fccke mit dem BVG bei ausl\u00e4ndischem ArbeitgeberDigitalisierung mit TOPAL und NEXTCLOUD\" \/>\n<meta property=\"og:url\" content=\"https:\/\/www.ecovis.com\/switzerland\/blog\/newsletter-ecovis-aktuell-sommer-2022\/\" \/>\n<meta property=\"og:site_name\" content=\"Ecovis in der Schweiz\" \/>\n<meta property=\"article:published_time\" content=\"2022-08-30T15:23:57+00:00\" \/>\n<meta property=\"article:modified_time\" content=\"2022-08-30T15:26:58+00:00\" \/>\n<meta property=\"og:image\" content=\"https:\/\/www.ecovis.com\/switzerland\/wp-content\/uploads\/2022\/08\/ott_dominique.jpg\" \/>\n<meta name=\"author\" content=\"fgswitzerland\" \/>\n<meta name=\"twitter:card\" content=\"summary_large_image\" \/>\n<meta name=\"twitter:label1\" content=\"Verfasst von\" \/>\n\t<meta name=\"twitter:data1\" content=\"fgswitzerland\" \/>\n\t<meta name=\"twitter:label2\" content=\"Gesch\u00e4tzte Lesezeit\" \/>\n\t<meta name=\"twitter:data2\" content=\"11\u00a0Minuten\" \/>\n<script type=\"application\/ld+json\" class=\"yoast-schema-graph\">{\"@context\":\"https:\\\/\\\/schema.org\",\"@graph\":[{\"@type\":\"Article\",\"@id\":\"https:\\\/\\\/www.ecovis.com\\\/switzerland\\\/blog\\\/newsletter-ecovis-aktuell-sommer-2022\\\/#article\",\"isPartOf\":{\"@id\":\"https:\\\/\\\/www.ecovis.com\\\/switzerland\\\/blog\\\/newsletter-ecovis-aktuell-sommer-2022\\\/\"},\"author\":{\"name\":\"fgswitzerland\",\"@id\":\"https:\\\/\\\/www.ecovis.com\\\/switzerland\\\/#\\\/schema\\\/person\\\/0171e4f2a9bfba950195f1f04b1851fb\"},\"headline\":\"Newsletter ECOVIS Aktuell \\\/ Sommer 2022\",\"datePublished\":\"2022-08-30T15:23:57+00:00\",\"dateModified\":\"2022-08-30T15:26:58+00:00\",\"mainEntityOfPage\":{\"@id\":\"https:\\\/\\\/www.ecovis.com\\\/switzerland\\\/blog\\\/newsletter-ecovis-aktuell-sommer-2022\\\/\"},\"wordCount\":1807,\"image\":{\"@id\":\"https:\\\/\\\/www.ecovis.com\\\/switzerland\\\/blog\\\/newsletter-ecovis-aktuell-sommer-2022\\\/#primaryimage\"},\"thumbnailUrl\":\"https:\\\/\\\/www.ecovis.com\\\/switzerland\\\/wp-content\\\/uploads\\\/2022\\\/08\\\/ott_dominique.jpg\",\"articleSection\":[\"Newsletter\"],\"inLanguage\":\"de\"},{\"@type\":\"WebPage\",\"@id\":\"https:\\\/\\\/www.ecovis.com\\\/switzerland\\\/blog\\\/newsletter-ecovis-aktuell-sommer-2022\\\/\",\"url\":\"https:\\\/\\\/www.ecovis.com\\\/switzerland\\\/blog\\\/newsletter-ecovis-aktuell-sommer-2022\\\/\",\"name\":\"Newsletter ECOVIS Aktuell \\\/ Sommer 2022 - Ecovis in der Schweiz\",\"isPartOf\":{\"@id\":\"https:\\\/\\\/www.ecovis.com\\\/switzerland\\\/#website\"},\"primaryImageOfPage\":{\"@id\":\"https:\\\/\\\/www.ecovis.com\\\/switzerland\\\/blog\\\/newsletter-ecovis-aktuell-sommer-2022\\\/#primaryimage\"},\"image\":{\"@id\":\"https:\\\/\\\/www.ecovis.com\\\/switzerland\\\/blog\\\/newsletter-ecovis-aktuell-sommer-2022\\\/#primaryimage\"},\"thumbnailUrl\":\"https:\\\/\\\/www.ecovis.com\\\/switzerland\\\/wp-content\\\/uploads\\\/2022\\\/08\\\/ott_dominique.jpg\",\"datePublished\":\"2022-08-30T15:23:57+00:00\",\"dateModified\":\"2022-08-30T15:26:58+00:00\",\"author\":{\"@id\":\"https:\\\/\\\/www.ecovis.com\\\/switzerland\\\/#\\\/schema\\\/person\\\/0171e4f2a9bfba950195f1f04b1851fb\"},\"breadcrumb\":{\"@id\":\"https:\\\/\\\/www.ecovis.com\\\/switzerland\\\/blog\\\/newsletter-ecovis-aktuell-sommer-2022\\\/#breadcrumb\"},\"inLanguage\":\"de\",\"potentialAction\":[{\"@type\":\"ReadAction\",\"target\":[\"https:\\\/\\\/www.ecovis.com\\\/switzerland\\\/blog\\\/newsletter-ecovis-aktuell-sommer-2022\\\/\"]}]},{\"@type\":\"ImageObject\",\"inLanguage\":\"de\",\"@id\":\"https:\\\/\\\/www.ecovis.com\\\/switzerland\\\/blog\\\/newsletter-ecovis-aktuell-sommer-2022\\\/#primaryimage\",\"url\":\"https:\\\/\\\/www.ecovis.com\\\/switzerland\\\/wp-content\\\/uploads\\\/2022\\\/08\\\/ott_dominique.jpg\",\"contentUrl\":\"https:\\\/\\\/www.ecovis.com\\\/switzerland\\\/wp-content\\\/uploads\\\/2022\\\/08\\\/ott_dominique.jpg\",\"width\":84,\"height\":105},{\"@type\":\"BreadcrumbList\",\"@id\":\"https:\\\/\\\/www.ecovis.com\\\/switzerland\\\/blog\\\/newsletter-ecovis-aktuell-sommer-2022\\\/#breadcrumb\",\"itemListElement\":[{\"@type\":\"ListItem\",\"position\":1,\"name\":\"Ecovis Global\",\"item\":\"https:\\\/\\\/www.ecovis.com\\\/\"},{\"@type\":\"ListItem\",\"position\":2,\"name\":\"Startseite\",\"item\":\"https:\\\/\\\/www.ecovis.com\\\/switzerland\\\/\"},{\"@type\":\"ListItem\",\"position\":3,\"name\":\"Newsletter ECOVIS Aktuell \\\/ Sommer 2022\"}]},{\"@type\":\"WebSite\",\"@id\":\"https:\\\/\\\/www.ecovis.com\\\/switzerland\\\/#website\",\"url\":\"https:\\\/\\\/www.ecovis.com\\\/switzerland\\\/\",\"name\":\"Ecovis.com\",\"description\":\"\",\"potentialAction\":[{\"@type\":\"SearchAction\",\"target\":{\"@type\":\"EntryPoint\",\"urlTemplate\":\"https:\\\/\\\/www.ecovis.com\\\/switzerland\\\/?s={search_term_string}\"},\"query-input\":{\"@type\":\"PropertyValueSpecification\",\"valueRequired\":true,\"valueName\":\"search_term_string\"}}],\"inLanguage\":\"de\"},{\"@type\":\"Person\",\"@id\":\"https:\\\/\\\/www.ecovis.com\\\/switzerland\\\/#\\\/schema\\\/person\\\/0171e4f2a9bfba950195f1f04b1851fb\",\"name\":\"fgswitzerland\",\"image\":{\"@type\":\"ImageObject\",\"inLanguage\":\"de\",\"@id\":\"https:\\\/\\\/secure.gravatar.com\\\/avatar\\\/1087dcea17ccfbd86702edbcc3bb4421ed7e07c9eedf59e04406ac3f7792a2b6?s=96&d=mm&r=g\",\"url\":\"https:\\\/\\\/secure.gravatar.com\\\/avatar\\\/1087dcea17ccfbd86702edbcc3bb4421ed7e07c9eedf59e04406ac3f7792a2b6?s=96&d=mm&r=g\",\"contentUrl\":\"https:\\\/\\\/secure.gravatar.com\\\/avatar\\\/1087dcea17ccfbd86702edbcc3bb4421ed7e07c9eedf59e04406ac3f7792a2b6?s=96&d=mm&r=g\",\"caption\":\"fgswitzerland\"},\"url\":\"https:\\\/\\\/www.ecovis.com\\\/switzerland\\\/blog\\\/author\\\/fgswitzerland\\\/\"}]}<\/script>\n<!-- \/ Yoast SEO plugin. -->","yoast_head_json":{"title":"Newsletter ECOVIS Aktuell \/ Sommer 2022 - Ecovis in der Schweiz","robots":{"index":"index","follow":"follow","max-snippet":"max-snippet:-1","max-image-preview":"max-image-preview:large","max-video-preview":"max-video-preview:-1"},"canonical":"https:\/\/www.ecovis.com\/switzerland\/blog\/newsletter-ecovis-aktuell-sommer-2022\/","og_locale":"de_DE","og_type":"article","og_title":"Newsletter ECOVIS Aktuell \/ Sommer 2022 - Ecovis in der Schweiz","og_description":"Erbrecht: Neue Pflichtteile ab 2023; Erbschaftssteuern im Konkubinat; Statuten\u00e4nderungen im Zusammenhang mit dem neuen Aktienrecht; Verzicht auf die eingeschr\u00e4nkte Revision nur noch f\u00fcr k\u00fcnftige Gesch\u00e4ftsjahre m\u00f6glich; EGMR sieht Diskriminierung bei der AHV-Witwerrente; Aktuelle Schwerpunktthemen bei der Umsatzsteuer in der EU; Erweiterung der steuerlichen Entlastung f\u00fcr die familienexterne Kinderbetreuung; Vergleichsvereinbarungen und ihre Risiken bei der Erbschaftssteuer; Die T\u00fccke mit dem BVG bei ausl\u00e4ndischem ArbeitgeberDigitalisierung mit TOPAL und NEXTCLOUD","og_url":"https:\/\/www.ecovis.com\/switzerland\/blog\/newsletter-ecovis-aktuell-sommer-2022\/","og_site_name":"Ecovis in der Schweiz","article_published_time":"2022-08-30T15:23:57+00:00","article_modified_time":"2022-08-30T15:26:58+00:00","og_image":[{"url":"https:\/\/www.ecovis.com\/switzerland\/wp-content\/uploads\/2022\/08\/ott_dominique.jpg","type":"","width":"","height":""}],"author":"fgswitzerland","twitter_card":"summary_large_image","twitter_misc":{"Verfasst von":"fgswitzerland","Gesch\u00e4tzte Lesezeit":"11\u00a0Minuten"},"schema":{"@context":"https:\/\/schema.org","@graph":[{"@type":"Article","@id":"https:\/\/www.ecovis.com\/switzerland\/blog\/newsletter-ecovis-aktuell-sommer-2022\/#article","isPartOf":{"@id":"https:\/\/www.ecovis.com\/switzerland\/blog\/newsletter-ecovis-aktuell-sommer-2022\/"},"author":{"name":"fgswitzerland","@id":"https:\/\/www.ecovis.com\/switzerland\/#\/schema\/person\/0171e4f2a9bfba950195f1f04b1851fb"},"headline":"Newsletter ECOVIS Aktuell \/ Sommer 2022","datePublished":"2022-08-30T15:23:57+00:00","dateModified":"2022-08-30T15:26:58+00:00","mainEntityOfPage":{"@id":"https:\/\/www.ecovis.com\/switzerland\/blog\/newsletter-ecovis-aktuell-sommer-2022\/"},"wordCount":1807,"image":{"@id":"https:\/\/www.ecovis.com\/switzerland\/blog\/newsletter-ecovis-aktuell-sommer-2022\/#primaryimage"},"thumbnailUrl":"https:\/\/www.ecovis.com\/switzerland\/wp-content\/uploads\/2022\/08\/ott_dominique.jpg","articleSection":["Newsletter"],"inLanguage":"de"},{"@type":"WebPage","@id":"https:\/\/www.ecovis.com\/switzerland\/blog\/newsletter-ecovis-aktuell-sommer-2022\/","url":"https:\/\/www.ecovis.com\/switzerland\/blog\/newsletter-ecovis-aktuell-sommer-2022\/","name":"Newsletter ECOVIS Aktuell \/ Sommer 2022 - Ecovis in der Schweiz","isPartOf":{"@id":"https:\/\/www.ecovis.com\/switzerland\/#website"},"primaryImageOfPage":{"@id":"https:\/\/www.ecovis.com\/switzerland\/blog\/newsletter-ecovis-aktuell-sommer-2022\/#primaryimage"},"image":{"@id":"https:\/\/www.ecovis.com\/switzerland\/blog\/newsletter-ecovis-aktuell-sommer-2022\/#primaryimage"},"thumbnailUrl":"https:\/\/www.ecovis.com\/switzerland\/wp-content\/uploads\/2022\/08\/ott_dominique.jpg","datePublished":"2022-08-30T15:23:57+00:00","dateModified":"2022-08-30T15:26:58+00:00","author":{"@id":"https:\/\/www.ecovis.com\/switzerland\/#\/schema\/person\/0171e4f2a9bfba950195f1f04b1851fb"},"breadcrumb":{"@id":"https:\/\/www.ecovis.com\/switzerland\/blog\/newsletter-ecovis-aktuell-sommer-2022\/#breadcrumb"},"inLanguage":"de","potentialAction":[{"@type":"ReadAction","target":["https:\/\/www.ecovis.com\/switzerland\/blog\/newsletter-ecovis-aktuell-sommer-2022\/"]}]},{"@type":"ImageObject","inLanguage":"de","@id":"https:\/\/www.ecovis.com\/switzerland\/blog\/newsletter-ecovis-aktuell-sommer-2022\/#primaryimage","url":"https:\/\/www.ecovis.com\/switzerland\/wp-content\/uploads\/2022\/08\/ott_dominique.jpg","contentUrl":"https:\/\/www.ecovis.com\/switzerland\/wp-content\/uploads\/2022\/08\/ott_dominique.jpg","width":84,"height":105},{"@type":"BreadcrumbList","@id":"https:\/\/www.ecovis.com\/switzerland\/blog\/newsletter-ecovis-aktuell-sommer-2022\/#breadcrumb","itemListElement":[{"@type":"ListItem","position":1,"name":"Ecovis Global","item":"https:\/\/www.ecovis.com\/"},{"@type":"ListItem","position":2,"name":"Startseite","item":"https:\/\/www.ecovis.com\/switzerland\/"},{"@type":"ListItem","position":3,"name":"Newsletter ECOVIS Aktuell \/ Sommer 2022"}]},{"@type":"WebSite","@id":"https:\/\/www.ecovis.com\/switzerland\/#website","url":"https:\/\/www.ecovis.com\/switzerland\/","name":"Ecovis.com","description":"","potentialAction":[{"@type":"SearchAction","target":{"@type":"EntryPoint","urlTemplate":"https:\/\/www.ecovis.com\/switzerland\/?s={search_term_string}"},"query-input":{"@type":"PropertyValueSpecification","valueRequired":true,"valueName":"search_term_string"}}],"inLanguage":"de"},{"@type":"Person","@id":"https:\/\/www.ecovis.com\/switzerland\/#\/schema\/person\/0171e4f2a9bfba950195f1f04b1851fb","name":"fgswitzerland","image":{"@type":"ImageObject","inLanguage":"de","@id":"https:\/\/secure.gravatar.com\/avatar\/1087dcea17ccfbd86702edbcc3bb4421ed7e07c9eedf59e04406ac3f7792a2b6?s=96&d=mm&r=g","url":"https:\/\/secure.gravatar.com\/avatar\/1087dcea17ccfbd86702edbcc3bb4421ed7e07c9eedf59e04406ac3f7792a2b6?s=96&d=mm&r=g","contentUrl":"https:\/\/secure.gravatar.com\/avatar\/1087dcea17ccfbd86702edbcc3bb4421ed7e07c9eedf59e04406ac3f7792a2b6?s=96&d=mm&r=g","caption":"fgswitzerland"},"url":"https:\/\/www.ecovis.com\/switzerland\/blog\/author\/fgswitzerland\/"}]}},"featured_image_url":"","featured_image_url_large":"","_links":{"self":[{"href":"https:\/\/www.ecovis.com\/switzerland\/wp-json\/wp\/v2\/posts\/2619","targetHints":{"allow":["GET"]}}],"collection":[{"href":"https:\/\/www.ecovis.com\/switzerland\/wp-json\/wp\/v2\/posts"}],"about":[{"href":"https:\/\/www.ecovis.com\/switzerland\/wp-json\/wp\/v2\/types\/post"}],"author":[{"embeddable":true,"href":"https:\/\/www.ecovis.com\/switzerland\/wp-json\/wp\/v2\/users\/12"}],"replies":[{"embeddable":true,"href":"https:\/\/www.ecovis.com\/switzerland\/wp-json\/wp\/v2\/comments?post=2619"}],"version-history":[{"count":15,"href":"https:\/\/www.ecovis.com\/switzerland\/wp-json\/wp\/v2\/posts\/2619\/revisions"}],"predecessor-version":[{"id":2636,"href":"https:\/\/www.ecovis.com\/switzerland\/wp-json\/wp\/v2\/posts\/2619\/revisions\/2636"}],"wp:attachment":[{"href":"https:\/\/www.ecovis.com\/switzerland\/wp-json\/wp\/v2\/media?parent=2619"}],"wp:term":[{"taxonomy":"category","embeddable":true,"href":"https:\/\/www.ecovis.com\/switzerland\/wp-json\/wp\/v2\/categories?post=2619"},{"taxonomy":"post_tag","embeddable":true,"href":"https:\/\/www.ecovis.com\/switzerland\/wp-json\/wp\/v2\/tags?post=2619"}],"curies":[{"name":"wp","href":"https:\/\/api.w.org\/{rel}","templated":true}]}}