{"id":2456,"date":"2021-07-20T12:42:29","date_gmt":"2021-07-20T10:42:29","guid":{"rendered":"https:\/\/www.ecovis.com\/switzerland\/?p=2456"},"modified":"2021-08-30T14:03:24","modified_gmt":"2021-08-30T12:03:24","slug":"newsletter-ecovis-aktuell-sommer-2021","status":"publish","type":"post","link":"https:\/\/www.ecovis.com\/switzerland\/blog\/newsletter-ecovis-aktuell-sommer-2021\/","title":{"rendered":"Newsletter ECOVIS Aktuell \/ Sommer 2021"},"content":{"rendered":"<p>Liebe Leserin, lieber Leser<\/p>\n<p>Zur Jahresmitte haben wir wiederum einen kurzen \u00dcberblick \u00fcber aktuelle Themen aus unserem T\u00e4tigkeitsgebiet zusammengestellt, die auch f\u00fcr Sie von Interesse sein k\u00f6nnten.<br \/>\nEinzelheiten vertiefen wir gerne mit Ihnen im pers\u00f6nlichen Gespr\u00e4ch. Nehmen Sie Kontakt mit uns auf \u2013 wir sind sehr gerne f\u00fcr Sie da und beraten Sie pers\u00f6nlich und kompetent.<\/p>\n<p>Ihr ECOVIS-Team<\/p>\n<h3>Inhalt<\/h3>\n<div class=\"su-accordion su-u-trim\">\n<div class=\"su-spoiler su-spoiler-style-default su-spoiler-icon-plus su-spoiler-closed\" data-scroll-offset=\"0\" data-anchor-in-url=\"no\"><div class=\"su-spoiler-title\" tabindex=\"0\" role=\"button\"><span class=\"su-spoiler-icon\"><\/span>1. Aktienrechtsreform \u2013 Fokus Kapitalverlust und \u00dcberschuldung<\/div><div class=\"su-spoiler-content su-u-clearfix su-u-trim\">Gegen die im Sommer 2020 vom Parlament verabschiedete Aktienrechtsrevision ist das Referendum nicht ergriffen worden. Mit der Inkraftsetzung ist dennoch nicht vor 2023 zu rechnen, weil die Ausarbeitung der Ausf\u00fchrungsbestimmungen sicher noch einige Zeit in Anspruch nehmen wird. Ein wesentliches Element der Aktienrechtsrevision sind die neuen Vorschriften bei Kapitalverlust und \u00dcberschuldung, auf die wir nachstehend eingehen.<\/p>\n<p>In Artikel 725 OR ist neu verankert, dass der Verwaltungsrat die Zahlungsf\u00e4higkeit der Gesellschaft \u00fcberwachen muss. Bei <strong>drohender Zahlungsunf\u00e4higkeit<\/strong>, muss der Verwaltungsrat mit gebotener Eile Massnahmen zur Sicherstellung der Zahlungsf\u00e4higkeit ergreifen. Soweit erforderlich, muss er weitere Sanierungsmassnahmen treffen oder der Generalversammlung solche beantragen, falls sie in deren Zust\u00e4ndigkeit fallen. Weiter reicht der Verwaltungsrat n\u00f6tigenfalls ein Gesuch um Nachlassstundung ein.<\/p>\n<p>Bei einem <strong>h\u00e4lftigen Kapitalverlust<\/strong> muss der Verwaltungsrat wie bisher Sanierungsmassnahmen ergreifen. Die gesetzlichen Reserven, die 50\u00a0% des Grundkapitals (20\u00a0% bei Holdinggesellschaften) \u00fcbersteigen, fliessen neu nicht mehr in die Berechnung des Kapitalverlustes ein. Die Einberufung der Generalversammlung ist nicht mehr erforderlich. Falls die Gesellschaft keine Revisionsstelle hat, muss der Verwaltungsrat einen Revisor ernennen, der eine eingeschr\u00e4nkte Revision der letzten Jahresrechnung durchf\u00fchrt. Das gilt aus heutiger Sicht auch dann, wenn ein Rangr\u00fccktritt vorliegt. Es ist dabei zu bedenken, dass die Ernennung eines Revisors in einer solchen Situation erschwert sein kann und die Revision mit administrativem Aufwand und zus\u00e4tzlichen Kosten verbunden ist. Eine vorzeitige Sanierung ist deshalb vorzuziehen.<\/p>\n<p>Bei begr\u00fcndeter Besorgnis einer <strong>\u00dcberschuldung<\/strong> muss wie bisher ein Zwischenabschluss zu Fortf\u00fchrungswerten erstellt werden. Ein Zwischenabschluss zu Ver\u00e4usserungswerten ist nicht mehr erforderlich, wenn die Annahme der Fortf\u00fchrung gegeben ist und der Zwischenabschluss zu Fortf\u00fchrungswerten keine \u00dcberschuldung zeigt. Ist die Annahme der Fortf\u00fchrung <u>nicht<\/u> gegeben, so gen\u00fcgt ein Zwischenabschluss zu Ver\u00e4usserungswerten. Falls eine \u00dcberschuldung besteht und kein Rangr\u00fccktritt vorliegt, kann trotzdem auf die Benachrichtigung des Richters verzichtet werden, wenn begr\u00fcndete Aussicht besteht, dass die \u00dcberschuldung innert maximal 90 Tagen nach Vorliegen der gepr\u00fcften Zwischenabschl\u00fcsse behoben werden kann und die Gl\u00e4ubigerforderungen dadurch nicht zus\u00e4tzlich gef\u00e4hrdet werden.<\/p>\n<p>Mit der Aktienrechtsrevision wurde im Weiteren die Ausgestaltung des Rangr\u00fccktritts pr\u00e4zisiert. Neu muss der <strong>Rangr\u00fccktritt die laufenden Zinsforderungen zwingend umfassen<\/strong>. Bis anhin gab es diesbez\u00fcglich im Gesetz keine Vorgaben. Neu sieht das Gesetz vor, dass Grundst\u00fccke oder Beteiligungen nicht nur bei einem Kapitalverlust, sondern auch im Falle einer \u00dcberschuldung <strong>aufgewertet<\/strong> werden k\u00f6nnen.<\/p>\n<div class=\"autor\">\n<p><img loading=\"lazy\" decoding=\"async\" class=\"alignnone size-full wp-image-2204\" src=\"https:\/\/www.ecovis.com\/switzerland\/wp-content\/uploads\/2020\/07\/naegeli_thomas.jpg\" alt=\"\" width=\"80\" height=\"105\" \/><\/p>\n<h4>Thomas Naegeli<\/h4>\n<p>Betriebs\u00f6konom FH, Dipl. Wirtschaftspr\u00fcfer, Revisionsexperte, Mandatsleiter Treuhand und Wirtschaftspr\u00fcfung<\/p>\n<\/div>\n<\/div><\/div>\n<div class=\"su-spoiler su-spoiler-style-default su-spoiler-icon-plus su-spoiler-closed\" data-scroll-offset=\"0\" data-anchor-in-url=\"no\"><div class=\"su-spoiler-title\" tabindex=\"0\" role=\"button\"><span class=\"su-spoiler-icon\"><\/span>2. Aktienrechtsreform \u2013 Fokus Zwischendividenden<\/div><div class=\"su-spoiler-content su-u-clearfix su-u-trim\">Das revidierte Aktienrecht erm\u00f6glicht nun auch Zwischendividenden. Die Generalversammlung kann gest\u00fctzt auf einen gepr\u00fcften Zwischenabschluss die Aussch\u00fcttung einer Zwischendividende beschliessen. Gesellschaften, die auf eine Revisionsstelle verzichtet haben (opting-out), k\u00f6nnen auf die Pr\u00fcfung verzichten. Eine Pr\u00fcfung ist auch nicht erforderlich, wenn alle Aktion\u00e4re der Aussch\u00fcttung zustimmen und die Forderungen der Gl\u00e4ubiger durch die Aussch\u00fcttung nicht gef\u00e4hrdet werden. Auch Zwischendividenden d\u00fcrfen erst dann ausgesch\u00fcttet werden, wenn die Zuweisungen an die Reserven erfolgt sind.<br \/>\n<\/div><\/div>\n<div class=\"su-spoiler su-spoiler-style-default su-spoiler-icon-plus su-spoiler-closed\" data-scroll-offset=\"0\" data-anchor-in-url=\"no\"><div class=\"su-spoiler-title\" tabindex=\"0\" role=\"button\"><span class=\"su-spoiler-icon\"><\/span>3. \u00dcberbr\u00fcckungsleistungen f\u00fcr \u00e4ltere Arbeitslose<\/div><div class=\"su-spoiler-content su-u-clearfix su-u-trim\">Am 1. Juli 2021 sind das neue Bundesgesetz und die neue Verordnung \u00fcber \u00dcber-br\u00fcckungsleistungen f\u00fcr \u00e4ltere Arbeitslose (\u00dcLG bzw. \u00dcLV) in Kraft getreten. Sie sehen \u00dcberbr\u00fcckungsleistungen f\u00fcr Personen ab 60 Jahren vor, die nach dem 58. Altersjahr ihre Stelle verloren haben und von der Arbeitslosenversicherung ausgesteuert sind. Die Leistungen richten sich nach dem anerkannten Bedarf \u2013 \u00e4hnlich wie bei den Erg\u00e4nzungsleistungen. Anspruchsvoraussetzungen sind:<\/p>\n<ul>\n<li>Wohnsitz und gew\u00f6hnlicher Aufenthalt in der Schweiz;<\/li>\n<li>Versicherung in der AHV w\u00e4hrend mindestens 20 Jahren, davon mindestens 5 Jahre nach Vollendung des 50. Altersjahres, mit einem j\u00e4hrlichen Jahreseinkommen von mindestens 75% der maximalen AHV-Alters-rente oder entsprechenden Erziehungs- und Betreuungsgutschriften;<\/li>\n<li>Reinverm\u00f6gen von weniger als der H\u00e4lfte der Verm\u00f6gensschwelle f\u00fcr Erg\u00e4nzungsleistungen, das heisst weniger als CHF 50&#8217;000 f\u00fcr Alleinstehende bzw. weniger als CHF 100&#8217;000 f\u00fcr Ehepaare.<\/li>\n<\/ul>\n<p>Keinen Anspruch auf \u00dcberbr\u00fcckungsleistungen haben Personen, die Anspruch auf eine Rente der Invalidenversicherung haben oder die AHV-Altersrente vorbeziehen. Hat eine Person oder ihre Ehefrau bzw. ihr Ehemann Anspruch auf Erg\u00e4nzungsleistungen, so geht dieser vor. Bez\u00fcgerinnen und Bez\u00fcger von \u00dcberbr\u00fcckungsleistungen haben j\u00e4hrlich nachzuweisen, dass sie sich um die Integration in den Arbeitsmarkt bem\u00fchen.<\/p>\n<div class=\"autor\">\n<p><img loading=\"lazy\" decoding=\"async\" class=\"alignnone size-full wp-image-2203\" src=\"https:\/\/www.ecovis.com\/switzerland\/wp-content\/uploads\/2020\/07\/de-boni_marcel.jpeg\" alt=\"\" width=\"80\" height=\"105\" \/><\/p>\n<h4>Marcel P. De Boni<\/h4>\n<p>Betriebs\u00f6konom HWV, dipl. Wirtschaftspr\u00fcfer, zugelassener Revisionsexperte, Gesch\u00e4ftsf\u00fchrer<\/p>\n<\/div>\n<\/div><\/div>\n<div class=\"su-spoiler su-spoiler-style-default su-spoiler-icon-plus su-spoiler-closed\" data-scroll-offset=\"0\" data-anchor-in-url=\"no\"><div class=\"su-spoiler-title\" tabindex=\"0\" role=\"button\"><span class=\"su-spoiler-icon\"><\/span>4. Bundesgerichtsentscheid zum steuerlichen Sitz von Kapitalgesellschaften<\/div><div class=\"su-spoiler-content su-u-clearfix su-u-trim\">Gem\u00e4ss Bundesgesetz \u00fcber die Harmonisierung der direkten Steuern der Kantone und Gemeinden (StHG) sind juristische Personen in einem Kanton unbeschr\u00e4nkt steuerpflichtig, wenn sich dort ihr statutarischer Sitz oder ihre tats\u00e4chliche Verwaltung befindet. Meist liegt auch der zivilrechtliche Sitz (Handelsregistereintrag) am Ort der tats\u00e4chlichen Verwaltung. Nach dem Grundsatz des Verbots der interkantonalen Doppelbesteuerung k\u00f6nnen nicht mehrere Kantone gleichzeitig die unbeschr\u00e4nkte Steuerpflicht f\u00fcr sich beanspruchen.<\/p>\n<p>Kann ein Kanton den Nachweis erbringen, dass sich der Ort der tats\u00e4chlichen Verwaltung auf seinem Gebiet befindet, verliert der Sitzkanton teilweise die Steuerhoheit \u00fcber die juristische Person. Das Bundesgericht hat in einem neuen Urteil die entscheidenden Merkmale f\u00fcr den Ort der tats\u00e4chlichen Verwaltung wie folgt zusammengefasst:<\/p>\n<ul>\n<li>Das Hauptsteuerdomizil liegt immer und ausschliesslich an demjenigen Ort, wo die Gesellschaft den tats\u00e4ch-lichen Mittelpunkt ihres wirtschaftlichen Bestehens hat.<\/li>\n<li>Untergeordnete T\u00e4tigkeiten (administrative Verwaltung, Buchf\u00fchrung, Erledigen von Gesch\u00e4ftskorres-pondenz, Fakturierung) gelten nicht als tats\u00e4chliche Verwaltung.<\/li>\n<li>Der Ort der Verwaltungsratssitzungen und Generalversammlungen oder der Wohnsitz der Aktion\u00e4re sind als alleiniges Kriterium nicht ausreichend.<\/li>\n<\/ul>\n<p>Im Einzelfall sind die ausgef\u00fchrten T\u00e4tigkeiten der juristischen Person, ihrer Organe oder ihrer Aktion\u00e4re \u00f6rtlich abzuw\u00e4gen und deren Wesentlichkeit f\u00fcr den Erfolg der Gesellschaft zu gewichten.<\/p>\n<p>Befindet sich der Ort der tats\u00e4chlichen Verwaltung und damit das Hauptsteuerdomizil nicht im Sitzkanton, erh\u00e4lt der andere Kanton die Steuerhoheit und ein Anrecht auf einen allf\u00e4lligen steuerlichen Vorausanteil (Pr\u00e4zipuum) des Hauptsitzes bei der Gewinnsteuer. Der statutarische Sitz der Gesellschaft w\u00fcrde dann gegebenenfalls ledig-lich als Betriebsst\u00e4tte oder Gesch\u00e4ftszweig mit der nach Faktoren ausgeschiedenen Quote an Gewinn und Kapital besteuert.<\/p>\n<p>Die Abschaffung der Statusgesellschaften hat den Steuerwettbewerb unter den Kantonen tendenziell versch\u00e4rft. Es ist deshalb davon auszugehen, dass Kantone mit vergleichsweise hohen Steuers\u00e4tzen verst\u00e4rkt nach Gesellschaften mit tats\u00e4chlicher Verwaltung auf ihrem Kantonsgebiet suchen. Eine proaktive Analyse der eigenen Situation und gegebenenfalls eine Absprache (Ruling) mit den Steuerbeh\u00f6rden helfen steuerliche Risiken zu minimieren.<\/p>\n<div class=\"autor\">\n<p><img loading=\"lazy\" decoding=\"async\" class=\"alignnone size-full wp-image-2205\" src=\"https:\/\/www.ecovis.com\/switzerland\/wp-content\/uploads\/2020\/07\/ryser_diego.jpg\" alt=\"\" width=\"80\" height=\"105\" \/><\/p>\n<h4>Diego Ryser<\/h4>\n<p>BA UZH in Banking and Finance, Teamleiter Treuhand, Mandatsleiter Treuhand<\/p>\n<\/div>\n<\/div><\/div>\n<div class=\"su-spoiler su-spoiler-style-default su-spoiler-icon-plus su-spoiler-closed\" data-scroll-offset=\"0\" data-anchor-in-url=\"no\"><div class=\"su-spoiler-title\" tabindex=\"0\" role=\"button\"><span class=\"su-spoiler-icon\"><\/span>5. Betreuungsurlaub f\u00fcr Eltern von gesundheitlich schwer beeintr\u00e4chtigten Kindern<\/div><div class=\"su-spoiler-content su-u-clearfix su-u-trim\">Am 1. Juli 2021 ist der zweite Teil des neuen Bundesgesetzes \u00fcber die Verbesserung der Vereinbarkeit von Erwerbst\u00e4tigkeit und Angeh\u00f6rigenbetreuung in Kraft getreten.<\/p>\n<p>Neu haben erwerbst\u00e4tige Eltern Anspruch auf einen Betreuungsurlaub, wenn ein minderj\u00e4hriges Kind wegen Krankheit oder Unfall gesundheitlich schwer beeintr\u00e4chtigt ist, sie ihre Erwerbst\u00e4tigkeit f\u00fcr die Betreuung unterbrechen und sie Anspruch auf eine Betreuungs-entsch\u00e4digung nach Erwerbsersatzgesetz (EOG) haben. Die gesundheitliche Beeintr\u00e4chtigung des Kindes muss \u00e4rztlich bescheinigt sein.<\/p>\n<p>Der Urlaub dauert maximal 14 Wochen. Sind beide Eltern erwerbst\u00e4tig, so hat jeder Elternteil Anspruch auf einen Betreuungsurlaub von h\u00f6chstens sieben Wochen. Die Eltern k\u00f6nnen jedoch eine abweichende Aufteilung w\u00e4hlen. Der Urlaub kann \u2013 innerhalb einer Rahmenfrist von 18 Monaten \u2013 am St\u00fcck, tage- oder wochenweise bezogen werden.<\/p>\n<p>Die Betreuungsentsch\u00e4digung wird als Taggeld ausgerichtet. Das Taggeld betr\u00e4gt 80% des durchschnittlichen Erwerbseinkommens und ist auf h\u00f6chstens CHF 196 pro Tag begrenzt.<\/p>\n<div class=\"autor\">\n<p><img loading=\"lazy\" decoding=\"async\" class=\"alignnone size-full wp-image-2314\" src=\"https:\/\/www.ecovis.com\/switzerland\/wp-content\/uploads\/2021\/04\/tagmann_linda.jpeg\" alt=\"\" width=\"80\" height=\"105\" \/><\/p>\n<h4>Linda Tagmann<\/h4>\n<p>lic.oec.publ., dipl. Wirtschaftspr\u00fcferin, Mandatsleiterin Treuhand<\/p>\n<\/div>\n<\/div><\/div>\n<div class=\"su-spoiler su-spoiler-style-default su-spoiler-icon-plus su-spoiler-closed\" data-scroll-offset=\"0\" data-anchor-in-url=\"no\"><div class=\"su-spoiler-title\" tabindex=\"0\" role=\"button\"><span class=\"su-spoiler-icon\"><\/span>6. Privatanteil Gesch\u00e4ftsfahrzeug: Erh\u00f6hung der Pauschale<\/div><div class=\"su-spoiler-content su-u-clearfix su-u-trim\">Eine \u00c4nderung der Berufskostenverordnung auf den 1. Januar 2022 f\u00fchrt bei der direkten Bundessteuer zur Erh\u00f6hung des Prozentsatzes f\u00fcr die pauschale Berechnung der Fahrkosten bei unentgeltlicher privater Nutzung von Gesch\u00e4ftsfahrzeugen. Allerdings umfasst die Pauschale neu auch die Fahrten zwischen Wohn- und Arbeitsort. Es bleibt den Kantonen \u00fcberlassen, ob und gegebenenfalls wie sie die \u00c4nderung auch f\u00fcr die Kantons- und Gemeindesteuern \u00fcbernehmen wollen.<\/p>\n<p>Anstelle der tats\u00e4chlichen Kosten der privaten Nutzung abz\u00fcglich dem Fahrkostenabzug von maximal CHF 3&#8217;000, k\u00f6nnen Steuerpflichtige eine Pauschale von monatlich 0.9% (bisher 0.8%) bzw. j\u00e4hrlich 10.8% (bisher 9.6%) des Fahrzeugkaufpreises als zus\u00e4tzliches Einkommen versteuern. Bei Anwendung der Pauschale entf\u00e4llt die Deklaration der Fahrtkosten f\u00fcr den Arbeitsweg als \u00fcbriges Einkommen. Ein allf\u00e4lliger Aussendienstanteil ist nicht mehr auf dem Lohnausweis zu bescheinigen. <\/p>\n<p>Ein Rechenbeispiel zum Vergleich: Ein Mitarbeiter darf das Gesch\u00e4ftsfahrzeug im Wert von CHF 70&#8217;000 (exkl. MWST) auch f\u00fcr private Fahrten sowie f\u00fcr den t\u00e4glichen Arbeitsweg von 40 km verwenden. Der Arbeitgeber tr\u00e4gt alle Kosten f\u00fcr das Fahrzeug.<\/p>\n<p><img loading=\"lazy\" decoding=\"async\" src=\"https:\/\/www.ecovis.com\/switzerland\/wp-content\/uploads\/2021\/07\/tabelle-newsletter-sommer-2021.jpg\" alt=\"\" width=\"694\" height=\"162\" class=\"alignnone size-full wp-image-2459\" \/><\/p>\n<p>Die erh\u00f6hte Pauschale ist vorteilhafter bei einem t\u00e4glichen Arbeitsweg ab ca. 25 km. Es bleibt auch weiterhin m\u00f6glich, die private Nutzung in einem Fahrtenheft zu dokumentieren und den effektiven Fahrkostenabzug geltend zu machen.<br \/>\nDie erh\u00f6hte Pauschale gilt ebenfalls f\u00fcr die Berechnung des beitragspflichtigen Einkommens bei den Sozialversicherungen sowie f\u00fcr die Berechnung des Privatanteils bei der Mehrwertsteuer.<\/p>\n<div class=\"autor\">\n<img loading=\"lazy\" decoding=\"async\" class=\"alignnone size-full wp-image-2460\" src=\"https:\/\/www.ecovis.com\/switzerland\/wp-content\/uploads\/2021\/07\/horak_martin.jpg\" alt=\"\" width=\"80\" height=\"105\" \/><\/p>\n<h4>Martin Horak<\/h4>\n<p>Buchhalter mit eidg. Fachausweis, RAB-Zulassung als Revisionsexperte, Teamleiter Treuhand, Mandatsleiter Treuhand\n<\/p><\/div>\n<\/div><\/div>\n<div class=\"su-spoiler su-spoiler-style-default su-spoiler-icon-plus su-spoiler-closed\" data-scroll-offset=\"0\" data-anchor-in-url=\"no\"><div class=\"su-spoiler-title\" tabindex=\"0\" role=\"button\"><span class=\"su-spoiler-icon\"><\/span>7. Neuerungen in der EU bei der Umsatzsteuer f\u00fcr Versandh\u00e4ndler<\/div><div class=\"su-spoiler-content su-u-clearfix su-u-trim\">Seit 1. Juli 2021 m\u00fcssen Versandh\u00e4ndler, die ab einem Lager in der EU liefern (\u201eEU-Versandh\u00e4ndler\u201c), die neu als Fernverk\u00e4ufer bezeichnet werden, die Umsatzsteuer (UST) im EU-Ausland bereits abrechnen, wenn der Umsatz dort kumulativ die Schwelle von EUR 10&#8217;000 \u00fcberschreitet. Bisher galten Schwellen von EUR 35&#8217;000 \u2013 100&#8217;000 pro EU-Land, allerdings war dann bei \u00dcberschreitung eine UST-Registrierung im entsprechenden Land erforderlich. Erreicht nun also ein Fernverk\u00e4ufer mit Lieferungen aus EU-Land 1 ins EU-Land 2 und EU-Land 3 einen Umsatz von kumulativ mehr als EUR 10&#8217;000, so muss er den Kunden die Umsatzsteuer der entsprechenden EU-L\u00e4nder in Rechnung stellen. Der Fernverk\u00e4ufer kann auf die UST-Registrierung in weiteren EU-L\u00e4ndern verzichten, wenn er im EU-Land der Ans\u00e4ssigkeit oder des Lagers mit einer EU-UST-Nummer f\u00fcr den <strong>One Stop Shop (OSS)<\/strong> registriert ist. Die elektronischen Dienstleistungen, welche bisher unter dem Mini One Stop Shop abgerechnet wurden, sind neu in den OSS integriert worden. Bei der Einfuhr von Waren aus dem EU-Ausland, erhebt die Zollstelle die Einfuhrumsatzsteuer nun auch auf Kleinsendungen.<\/p>\n<p>Auch Fernverk\u00e4ufer, die aus einem Lager ausserhalb der EU liefern, k\u00f6nnen mit dem <strong>Import One Stop Shop (IOSS)<\/strong> vereinfacht abrechnen. Wie beim OSS ist der Fernverk\u00e4ufer, der IOSS anwendet, nur in einem EU-Land f\u00fcr die UST registriert und gibt dort die UST-Erkl\u00e4rung f\u00fcr alle Fernverk\u00e4ufe in EU-L\u00e4nder ab. Der IOSS ist nur f\u00fcr Sendungen mit einem Maximalwert von EUR 150 anwendbar, auch wenn die Bestellung mehrere Artikel enth\u00e4lt. Bei Anwendung des IOSS wird keine Einfuhrumsatzsteuer erhoben.<\/p>\n<p>In den UST-Abrechnungen f\u00fcr OSS und IOSS k\u00f6nnen nur Ums\u00e4tze deklariert, aber keine Einfuhrumsatzsteuern und Vorsteuern geltend gemacht werden. Die Anwendung des IOSS oder OSS bedingt, dass s\u00e4mtliche Ums\u00e4tze aus Fernverk\u00e4ufen ins EU-Ausland unter dem IOSS oder OSS deklariert werden. Auch wenn in einem EU-Land auf Grund von anderen Sachverhalten (z.B. innergemeinschaftliches Verbringen von Waren) oder fr\u00fcherer Versandlieferungen eine Registrierung als Steuerpflichtiger besteht, d\u00fcrfen die Fernverk\u00e4ufe ins betreffende Land nicht \u00fcber diese Registrierung abgerechnet werden. <\/p>\n<div class=\"autor\">\n<p><img decoding=\"async\" src=\"https:\/\/www.ecovis.com\/switzerland\/wp-content\/uploads\/2020\/08\/meier_marianne.jpeg\" width=\"80px\" \/><\/p>\n<h4>Marianne Esther Meier<\/h4>\n<p>Dipl. Steuerexpertin, Executive Master MWST, Dipl. Expertin Rechnungslegung und Controlling<\/p>\n<\/div>\n<\/div><\/div>\n<\/div>\n<h3>Anlage<\/h3>\n<ul>\n<li><a href=\"https:\/\/www.ecovis.com\/switzerland\/wp-content\/uploads\/2021\/07\/newsletter-26_sommer_2021.pdf\" target=\"_blank\" rel=\"noopener noreferrer\">Newsletter Sommer 2021 als PDF<\/a><\/li>\n<\/ul>\n","protected":false},"excerpt":{"rendered":"<p>Versch\u00e4rfungen im Gesellschaftsrecht; \u00c4nderungen Familienzulagengesetz per 1. August 2020; Ausblick auf \u00c4nderungen bei der Quellenbesteuerung des Erwerbseinkommens ab 2021; Die Arbeitslosenversicherung im Corona-Stresstest; Aktienrechtsrevision; Modernisierung des Handelsregisters per 1. Januar 2021; Einf\u00fchrung der QR-Rechnung hat begonnen<\/p>\n","protected":false},"author":10,"featured_media":0,"comment_status":"closed","ping_status":"open","sticky":false,"template":"","format":"standard","meta":{"_acf_changed":false,"footnotes":""},"categories":[29],"tags":[],"class_list":["post-2456","post","type-post","status-publish","format-standard","hentry","category-newsletter"],"acf":[],"yoast_head":"<!-- This site is optimized with the Yoast SEO plugin v27.4 - https:\/\/yoast.com\/product\/yoast-seo-wordpress\/ -->\n<title>Newsletter ECOVIS Aktuell \/ Sommer 2021 - Ecovis in der Schweiz<\/title>\n<meta name=\"robots\" content=\"index, follow, max-snippet:-1, max-image-preview:large, max-video-preview:-1\" \/>\n<link rel=\"canonical\" href=\"https:\/\/www.ecovis.com\/switzerland\/blog\/newsletter-ecovis-aktuell-sommer-2021\/\" \/>\n<meta property=\"og:locale\" content=\"de_DE\" \/>\n<meta property=\"og:type\" content=\"article\" \/>\n<meta property=\"og:title\" content=\"Newsletter ECOVIS Aktuell \/ Sommer 2021 - Ecovis in der Schweiz\" \/>\n<meta property=\"og:description\" content=\"Versch\u00e4rfungen im Gesellschaftsrecht; \u00c4nderungen Familienzulagengesetz per 1. August 2020; Ausblick auf \u00c4nderungen bei der Quellenbesteuerung des Erwerbseinkommens ab 2021; Die Arbeitslosenversicherung im Corona-Stresstest; Aktienrechtsrevision; Modernisierung des Handelsregisters per 1. Januar 2021; Einf\u00fchrung der QR-Rechnung hat begonnen\" \/>\n<meta property=\"og:url\" content=\"https:\/\/www.ecovis.com\/switzerland\/blog\/newsletter-ecovis-aktuell-sommer-2021\/\" \/>\n<meta property=\"og:site_name\" content=\"Ecovis in der Schweiz\" \/>\n<meta property=\"article:published_time\" content=\"2021-07-20T10:42:29+00:00\" \/>\n<meta property=\"article:modified_time\" content=\"2021-08-30T12:03:24+00:00\" \/>\n<meta property=\"og:image\" content=\"https:\/\/www.ecovis.com\/switzerland\/wp-content\/uploads\/2020\/07\/naegeli_thomas.jpg\" \/>\n<meta name=\"author\" content=\"kh_switzerland\" \/>\n<meta name=\"twitter:card\" content=\"summary_large_image\" \/>\n<meta name=\"twitter:label1\" content=\"Verfasst von\" \/>\n\t<meta name=\"twitter:data1\" content=\"kh_switzerland\" \/>\n\t<meta name=\"twitter:label2\" content=\"Gesch\u00e4tzte Lesezeit\" \/>\n\t<meta name=\"twitter:data2\" content=\"8\u00a0Minuten\" \/>\n<script type=\"application\/ld+json\" class=\"yoast-schema-graph\">{\"@context\":\"https:\\\/\\\/schema.org\",\"@graph\":[{\"@type\":\"Article\",\"@id\":\"https:\\\/\\\/www.ecovis.com\\\/switzerland\\\/blog\\\/newsletter-ecovis-aktuell-sommer-2021\\\/#article\",\"isPartOf\":{\"@id\":\"https:\\\/\\\/www.ecovis.com\\\/switzerland\\\/blog\\\/newsletter-ecovis-aktuell-sommer-2021\\\/\"},\"author\":{\"name\":\"kh_switzerland\",\"@id\":\"https:\\\/\\\/www.ecovis.com\\\/switzerland\\\/#\\\/schema\\\/person\\\/44b7d7342883133fb7c8fbf30b74df0d\"},\"headline\":\"Newsletter ECOVIS Aktuell \\\/ Sommer 2021\",\"datePublished\":\"2021-07-20T10:42:29+00:00\",\"dateModified\":\"2021-08-30T12:03:24+00:00\",\"mainEntityOfPage\":{\"@id\":\"https:\\\/\\\/www.ecovis.com\\\/switzerland\\\/blog\\\/newsletter-ecovis-aktuell-sommer-2021\\\/\"},\"wordCount\":2001,\"image\":{\"@id\":\"https:\\\/\\\/www.ecovis.com\\\/switzerland\\\/blog\\\/newsletter-ecovis-aktuell-sommer-2021\\\/#primaryimage\"},\"thumbnailUrl\":\"https:\\\/\\\/www.ecovis.com\\\/switzerland\\\/wp-content\\\/uploads\\\/2020\\\/07\\\/naegeli_thomas.jpg\",\"articleSection\":[\"Newsletter\"],\"inLanguage\":\"de\"},{\"@type\":\"WebPage\",\"@id\":\"https:\\\/\\\/www.ecovis.com\\\/switzerland\\\/blog\\\/newsletter-ecovis-aktuell-sommer-2021\\\/\",\"url\":\"https:\\\/\\\/www.ecovis.com\\\/switzerland\\\/blog\\\/newsletter-ecovis-aktuell-sommer-2021\\\/\",\"name\":\"Newsletter ECOVIS Aktuell \\\/ Sommer 2021 - Ecovis in der Schweiz\",\"isPartOf\":{\"@id\":\"https:\\\/\\\/www.ecovis.com\\\/switzerland\\\/#website\"},\"primaryImageOfPage\":{\"@id\":\"https:\\\/\\\/www.ecovis.com\\\/switzerland\\\/blog\\\/newsletter-ecovis-aktuell-sommer-2021\\\/#primaryimage\"},\"image\":{\"@id\":\"https:\\\/\\\/www.ecovis.com\\\/switzerland\\\/blog\\\/newsletter-ecovis-aktuell-sommer-2021\\\/#primaryimage\"},\"thumbnailUrl\":\"https:\\\/\\\/www.ecovis.com\\\/switzerland\\\/wp-content\\\/uploads\\\/2020\\\/07\\\/naegeli_thomas.jpg\",\"datePublished\":\"2021-07-20T10:42:29+00:00\",\"dateModified\":\"2021-08-30T12:03:24+00:00\",\"author\":{\"@id\":\"https:\\\/\\\/www.ecovis.com\\\/switzerland\\\/#\\\/schema\\\/person\\\/44b7d7342883133fb7c8fbf30b74df0d\"},\"breadcrumb\":{\"@id\":\"https:\\\/\\\/www.ecovis.com\\\/switzerland\\\/blog\\\/newsletter-ecovis-aktuell-sommer-2021\\\/#breadcrumb\"},\"inLanguage\":\"de\",\"potentialAction\":[{\"@type\":\"ReadAction\",\"target\":[\"https:\\\/\\\/www.ecovis.com\\\/switzerland\\\/blog\\\/newsletter-ecovis-aktuell-sommer-2021\\\/\"]}]},{\"@type\":\"ImageObject\",\"inLanguage\":\"de\",\"@id\":\"https:\\\/\\\/www.ecovis.com\\\/switzerland\\\/blog\\\/newsletter-ecovis-aktuell-sommer-2021\\\/#primaryimage\",\"url\":\"https:\\\/\\\/www.ecovis.com\\\/switzerland\\\/wp-content\\\/uploads\\\/2020\\\/07\\\/naegeli_thomas.jpg\",\"contentUrl\":\"https:\\\/\\\/www.ecovis.com\\\/switzerland\\\/wp-content\\\/uploads\\\/2020\\\/07\\\/naegeli_thomas.jpg\",\"width\":80,\"height\":105},{\"@type\":\"BreadcrumbList\",\"@id\":\"https:\\\/\\\/www.ecovis.com\\\/switzerland\\\/blog\\\/newsletter-ecovis-aktuell-sommer-2021\\\/#breadcrumb\",\"itemListElement\":[{\"@type\":\"ListItem\",\"position\":1,\"name\":\"Ecovis Global\",\"item\":\"https:\\\/\\\/www.ecovis.com\\\/\"},{\"@type\":\"ListItem\",\"position\":2,\"name\":\"Startseite\",\"item\":\"https:\\\/\\\/www.ecovis.com\\\/switzerland\\\/\"},{\"@type\":\"ListItem\",\"position\":3,\"name\":\"Newsletter ECOVIS Aktuell \\\/ Sommer 2021\"}]},{\"@type\":\"WebSite\",\"@id\":\"https:\\\/\\\/www.ecovis.com\\\/switzerland\\\/#website\",\"url\":\"https:\\\/\\\/www.ecovis.com\\\/switzerland\\\/\",\"name\":\"Ecovis.com\",\"description\":\"\",\"potentialAction\":[{\"@type\":\"SearchAction\",\"target\":{\"@type\":\"EntryPoint\",\"urlTemplate\":\"https:\\\/\\\/www.ecovis.com\\\/switzerland\\\/?s={search_term_string}\"},\"query-input\":{\"@type\":\"PropertyValueSpecification\",\"valueRequired\":true,\"valueName\":\"search_term_string\"}}],\"inLanguage\":\"de\"},{\"@type\":\"Person\",\"@id\":\"https:\\\/\\\/www.ecovis.com\\\/switzerland\\\/#\\\/schema\\\/person\\\/44b7d7342883133fb7c8fbf30b74df0d\",\"name\":\"kh_switzerland\",\"image\":{\"@type\":\"ImageObject\",\"inLanguage\":\"de\",\"@id\":\"https:\\\/\\\/secure.gravatar.com\\\/avatar\\\/20fc5b1941615bd2ef01df044ac7c1c691e0ed89228b13cbc896af3a3bc81b27?s=96&d=mm&r=g\",\"url\":\"https:\\\/\\\/secure.gravatar.com\\\/avatar\\\/20fc5b1941615bd2ef01df044ac7c1c691e0ed89228b13cbc896af3a3bc81b27?s=96&d=mm&r=g\",\"contentUrl\":\"https:\\\/\\\/secure.gravatar.com\\\/avatar\\\/20fc5b1941615bd2ef01df044ac7c1c691e0ed89228b13cbc896af3a3bc81b27?s=96&d=mm&r=g\",\"caption\":\"kh_switzerland\"},\"url\":\"https:\\\/\\\/www.ecovis.com\\\/switzerland\\\/blog\\\/author\\\/kh_switzerland\\\/\"}]}<\/script>\n<!-- \/ Yoast SEO plugin. -->","yoast_head_json":{"title":"Newsletter ECOVIS Aktuell \/ Sommer 2021 - Ecovis in der Schweiz","robots":{"index":"index","follow":"follow","max-snippet":"max-snippet:-1","max-image-preview":"max-image-preview:large","max-video-preview":"max-video-preview:-1"},"canonical":"https:\/\/www.ecovis.com\/switzerland\/blog\/newsletter-ecovis-aktuell-sommer-2021\/","og_locale":"de_DE","og_type":"article","og_title":"Newsletter ECOVIS Aktuell \/ Sommer 2021 - Ecovis in der Schweiz","og_description":"Versch\u00e4rfungen im Gesellschaftsrecht; \u00c4nderungen Familienzulagengesetz per 1. August 2020; Ausblick auf \u00c4nderungen bei der Quellenbesteuerung des Erwerbseinkommens ab 2021; Die Arbeitslosenversicherung im Corona-Stresstest; Aktienrechtsrevision; Modernisierung des Handelsregisters per 1. Januar 2021; Einf\u00fchrung der QR-Rechnung hat begonnen","og_url":"https:\/\/www.ecovis.com\/switzerland\/blog\/newsletter-ecovis-aktuell-sommer-2021\/","og_site_name":"Ecovis in der Schweiz","article_published_time":"2021-07-20T10:42:29+00:00","article_modified_time":"2021-08-30T12:03:24+00:00","og_image":[{"url":"https:\/\/www.ecovis.com\/switzerland\/wp-content\/uploads\/2020\/07\/naegeli_thomas.jpg","type":"","width":"","height":""}],"author":"kh_switzerland","twitter_card":"summary_large_image","twitter_misc":{"Verfasst von":"kh_switzerland","Gesch\u00e4tzte Lesezeit":"8\u00a0Minuten"},"schema":{"@context":"https:\/\/schema.org","@graph":[{"@type":"Article","@id":"https:\/\/www.ecovis.com\/switzerland\/blog\/newsletter-ecovis-aktuell-sommer-2021\/#article","isPartOf":{"@id":"https:\/\/www.ecovis.com\/switzerland\/blog\/newsletter-ecovis-aktuell-sommer-2021\/"},"author":{"name":"kh_switzerland","@id":"https:\/\/www.ecovis.com\/switzerland\/#\/schema\/person\/44b7d7342883133fb7c8fbf30b74df0d"},"headline":"Newsletter ECOVIS Aktuell \/ Sommer 2021","datePublished":"2021-07-20T10:42:29+00:00","dateModified":"2021-08-30T12:03:24+00:00","mainEntityOfPage":{"@id":"https:\/\/www.ecovis.com\/switzerland\/blog\/newsletter-ecovis-aktuell-sommer-2021\/"},"wordCount":2001,"image":{"@id":"https:\/\/www.ecovis.com\/switzerland\/blog\/newsletter-ecovis-aktuell-sommer-2021\/#primaryimage"},"thumbnailUrl":"https:\/\/www.ecovis.com\/switzerland\/wp-content\/uploads\/2020\/07\/naegeli_thomas.jpg","articleSection":["Newsletter"],"inLanguage":"de"},{"@type":"WebPage","@id":"https:\/\/www.ecovis.com\/switzerland\/blog\/newsletter-ecovis-aktuell-sommer-2021\/","url":"https:\/\/www.ecovis.com\/switzerland\/blog\/newsletter-ecovis-aktuell-sommer-2021\/","name":"Newsletter ECOVIS Aktuell \/ Sommer 2021 - Ecovis in der Schweiz","isPartOf":{"@id":"https:\/\/www.ecovis.com\/switzerland\/#website"},"primaryImageOfPage":{"@id":"https:\/\/www.ecovis.com\/switzerland\/blog\/newsletter-ecovis-aktuell-sommer-2021\/#primaryimage"},"image":{"@id":"https:\/\/www.ecovis.com\/switzerland\/blog\/newsletter-ecovis-aktuell-sommer-2021\/#primaryimage"},"thumbnailUrl":"https:\/\/www.ecovis.com\/switzerland\/wp-content\/uploads\/2020\/07\/naegeli_thomas.jpg","datePublished":"2021-07-20T10:42:29+00:00","dateModified":"2021-08-30T12:03:24+00:00","author":{"@id":"https:\/\/www.ecovis.com\/switzerland\/#\/schema\/person\/44b7d7342883133fb7c8fbf30b74df0d"},"breadcrumb":{"@id":"https:\/\/www.ecovis.com\/switzerland\/blog\/newsletter-ecovis-aktuell-sommer-2021\/#breadcrumb"},"inLanguage":"de","potentialAction":[{"@type":"ReadAction","target":["https:\/\/www.ecovis.com\/switzerland\/blog\/newsletter-ecovis-aktuell-sommer-2021\/"]}]},{"@type":"ImageObject","inLanguage":"de","@id":"https:\/\/www.ecovis.com\/switzerland\/blog\/newsletter-ecovis-aktuell-sommer-2021\/#primaryimage","url":"https:\/\/www.ecovis.com\/switzerland\/wp-content\/uploads\/2020\/07\/naegeli_thomas.jpg","contentUrl":"https:\/\/www.ecovis.com\/switzerland\/wp-content\/uploads\/2020\/07\/naegeli_thomas.jpg","width":80,"height":105},{"@type":"BreadcrumbList","@id":"https:\/\/www.ecovis.com\/switzerland\/blog\/newsletter-ecovis-aktuell-sommer-2021\/#breadcrumb","itemListElement":[{"@type":"ListItem","position":1,"name":"Ecovis Global","item":"https:\/\/www.ecovis.com\/"},{"@type":"ListItem","position":2,"name":"Startseite","item":"https:\/\/www.ecovis.com\/switzerland\/"},{"@type":"ListItem","position":3,"name":"Newsletter ECOVIS Aktuell \/ Sommer 2021"}]},{"@type":"WebSite","@id":"https:\/\/www.ecovis.com\/switzerland\/#website","url":"https:\/\/www.ecovis.com\/switzerland\/","name":"Ecovis.com","description":"","potentialAction":[{"@type":"SearchAction","target":{"@type":"EntryPoint","urlTemplate":"https:\/\/www.ecovis.com\/switzerland\/?s={search_term_string}"},"query-input":{"@type":"PropertyValueSpecification","valueRequired":true,"valueName":"search_term_string"}}],"inLanguage":"de"},{"@type":"Person","@id":"https:\/\/www.ecovis.com\/switzerland\/#\/schema\/person\/44b7d7342883133fb7c8fbf30b74df0d","name":"kh_switzerland","image":{"@type":"ImageObject","inLanguage":"de","@id":"https:\/\/secure.gravatar.com\/avatar\/20fc5b1941615bd2ef01df044ac7c1c691e0ed89228b13cbc896af3a3bc81b27?s=96&d=mm&r=g","url":"https:\/\/secure.gravatar.com\/avatar\/20fc5b1941615bd2ef01df044ac7c1c691e0ed89228b13cbc896af3a3bc81b27?s=96&d=mm&r=g","contentUrl":"https:\/\/secure.gravatar.com\/avatar\/20fc5b1941615bd2ef01df044ac7c1c691e0ed89228b13cbc896af3a3bc81b27?s=96&d=mm&r=g","caption":"kh_switzerland"},"url":"https:\/\/www.ecovis.com\/switzerland\/blog\/author\/kh_switzerland\/"}]}},"featured_image_url":"","featured_image_url_large":"","_links":{"self":[{"href":"https:\/\/www.ecovis.com\/switzerland\/wp-json\/wp\/v2\/posts\/2456","targetHints":{"allow":["GET"]}}],"collection":[{"href":"https:\/\/www.ecovis.com\/switzerland\/wp-json\/wp\/v2\/posts"}],"about":[{"href":"https:\/\/www.ecovis.com\/switzerland\/wp-json\/wp\/v2\/types\/post"}],"author":[{"embeddable":true,"href":"https:\/\/www.ecovis.com\/switzerland\/wp-json\/wp\/v2\/users\/10"}],"replies":[{"embeddable":true,"href":"https:\/\/www.ecovis.com\/switzerland\/wp-json\/wp\/v2\/comments?post=2456"}],"version-history":[{"count":5,"href":"https:\/\/www.ecovis.com\/switzerland\/wp-json\/wp\/v2\/posts\/2456\/revisions"}],"predecessor-version":[{"id":2464,"href":"https:\/\/www.ecovis.com\/switzerland\/wp-json\/wp\/v2\/posts\/2456\/revisions\/2464"}],"wp:attachment":[{"href":"https:\/\/www.ecovis.com\/switzerland\/wp-json\/wp\/v2\/media?parent=2456"}],"wp:term":[{"taxonomy":"category","embeddable":true,"href":"https:\/\/www.ecovis.com\/switzerland\/wp-json\/wp\/v2\/categories?post=2456"},{"taxonomy":"post_tag","embeddable":true,"href":"https:\/\/www.ecovis.com\/switzerland\/wp-json\/wp\/v2\/tags?post=2456"}],"curies":[{"name":"wp","href":"https:\/\/api.w.org\/{rel}","templated":true}]}}