{"id":2244,"date":"2018-01-02T12:12:20","date_gmt":"2018-01-02T11:12:20","guid":{"rendered":"https:\/\/www.ecovis.com\/switzerland\/?p=2244"},"modified":"2021-08-30T14:04:33","modified_gmt":"2021-08-30T12:04:33","slug":"newsletter-ecovis-aktuell-jahreswechsel-2017-18","status":"publish","type":"post","link":"https:\/\/www.ecovis.com\/switzerland\/blog\/newsletter-ecovis-aktuell-jahreswechsel-2017-18\/","title":{"rendered":"Newsletter ECOVIS Aktuell \/ Jahreswechsel 2017\/18"},"content":{"rendered":"<p>Liebe Leserin, lieber Leser<\/p>\n<p>Zum Jahreswechsel bedienen wir Sie auch dieses Jahr gerne mit einer Auswahl von Themen aus unserem T\u00e4tigkeitsgebiet, die auch f\u00fcr Sie von Interesse sein k\u00f6nnten. Einzelheiten vertiefen wir gerne mit Ihnen im pers\u00f6nlichen Gespr\u00e4ch. Nehmen Sie Kontakt mit uns auf \u2013 wir sind gerne f\u00fcr Sie da.<br \/>\nBei dieser Gelegenheit danken wir Ihnen herzlich f\u00fcr die angenehme und konstruktive Zusammenarbeit und das Vertrauen, das Sie uns und unserem Unternehmen entgegenbringen. Wir w\u00fcnschen Ihnen einen guten Start in ein erfolgreiches Jahr 2018 mit vielen interessanten Begegnungen und Gespr\u00e4chen.<\/p>\n<p><strong>Inhalt<\/strong><\/p>\n<ul>\n<li>Ausgesuchte Neuerungen im Z\u00fcrcher Steuerrecht<\/li>\n<li>Automatischer Informationsaustausch (AIA) und straflose Selbstanzeige: letzte Chance<\/li>\n<li>Einschr\u00e4nkungen bei der Anwendung des vereinfachten Abrechnungsverfahrens<\/li>\n<li>Versch\u00e4rfte Praxis bei der Zahlung des Verwaltungsratshonorars an eine Gesellschaft<\/li>\n<li>Mehrwertsteuer-S\u00e4tze ab 1. Januar 2018<\/li>\n<li>Beitragss\u00e4tze, Leistungen und Grenzwerte der Sozialversicherungen<\/li>\n<li>Steuererkl\u00e4rung: Kumulation von Veloabzug und \u00d6V m\u00f6glich<\/li>\n<li>Reform der Altersvorsorge in der Schweiz aufgeschoben<\/li>\n<li>Personelles<\/li>\n<\/ul>\n<p><strong>Anlage<\/strong><\/p>\n<ul>\n<li><a href=\"https:\/\/www.ecovis.com\/switzerland\/wp-content\/uploads\/2020\/08\/newsletter19.pdf\" target=\"_blank\" rel=\"noopener noreferrer\">Newsletter Jahreswechsel 2017\/18 als PDF<\/a><\/li>\n<\/ul>\n","protected":false},"excerpt":{"rendered":"<p>Ausgesuchte Neuerungen im Z\u00fcrcher Steuerrecht; Automatischer Informationsaustausch (AIA) und straflose Selbstanzeige: letzte Chance; Einschr\u00e4nkungen bei der Anwendung des vereinfachten Abrechnungsverfahrens<br \/>\nVersch\u00e4rfte Praxis bei der Zahlung des Verwaltungsratshonorars an eine Gesellschaft; Mehrwertsteuer-S\u00e4tze ab 1. Januar 2018; Beitragss\u00e4tze, Leistungen und Grenzwerte der Sozialversicherungen; Steuererkl\u00e4rung: Kumulation von Veloabzug und \u00d6V m\u00f6glich; Reform der Altersvorsorge in der Schweiz aufgeschoben<\/p>\n","protected":false},"author":10,"featured_media":0,"comment_status":"closed","ping_status":"open","sticky":false,"template":"","format":"standard","meta":{"_acf_changed":false,"footnotes":""},"categories":[29],"tags":[],"class_list":["post-2244","post","type-post","status-publish","format-standard","hentry","category-newsletter"],"acf":[],"yoast_head":"<!-- This site is optimized with the Yoast SEO plugin v27.4 - https:\/\/yoast.com\/product\/yoast-seo-wordpress\/ -->\n<title>Newsletter ECOVIS Aktuell \/ Jahreswechsel 2017\/18 - Ecovis in der Schweiz<\/title>\n<meta name=\"robots\" content=\"index, follow, max-snippet:-1, max-image-preview:large, max-video-preview:-1\" \/>\n<link rel=\"canonical\" href=\"https:\/\/www.ecovis.com\/switzerland\/blog\/newsletter-ecovis-aktuell-jahreswechsel-2017-18\/\" \/>\n<meta property=\"og:locale\" content=\"de_DE\" \/>\n<meta property=\"og:type\" content=\"article\" \/>\n<meta property=\"og:title\" content=\"Newsletter ECOVIS Aktuell \/ Jahreswechsel 2017\/18 - Ecovis in der Schweiz\" \/>\n<meta property=\"og:description\" content=\"Ausgesuchte Neuerungen im Z\u00fcrcher Steuerrecht; Automatischer Informationsaustausch (AIA) und straflose Selbstanzeige: letzte Chance; Einschr\u00e4nkungen bei der Anwendung des vereinfachten Abrechnungsverfahrens Versch\u00e4rfte Praxis bei der Zahlung des Verwaltungsratshonorars an eine Gesellschaft; Mehrwertsteuer-S\u00e4tze ab 1. Januar 2018; Beitragss\u00e4tze, Leistungen und Grenzwerte der Sozialversicherungen; Steuererkl\u00e4rung: Kumulation von Veloabzug und \u00d6V m\u00f6glich; Reform der Altersvorsorge in der Schweiz aufgeschoben\" \/>\n<meta property=\"og:url\" content=\"https:\/\/www.ecovis.com\/switzerland\/blog\/newsletter-ecovis-aktuell-jahreswechsel-2017-18\/\" \/>\n<meta property=\"og:site_name\" content=\"Ecovis in der Schweiz\" \/>\n<meta property=\"article:published_time\" content=\"2018-01-02T11:12:20+00:00\" \/>\n<meta property=\"article:modified_time\" content=\"2021-08-30T12:04:33+00:00\" \/>\n<meta name=\"author\" content=\"kh_switzerland\" \/>\n<meta name=\"twitter:card\" content=\"summary_large_image\" \/>\n<meta name=\"twitter:label1\" content=\"Verfasst von\" \/>\n\t<meta name=\"twitter:data1\" content=\"kh_switzerland\" \/>\n\t<meta name=\"twitter:label2\" content=\"Gesch\u00e4tzte Lesezeit\" \/>\n\t<meta name=\"twitter:data2\" content=\"1\u00a0Minute\" \/>\n<script type=\"application\/ld+json\" class=\"yoast-schema-graph\">{\"@context\":\"https:\\\/\\\/schema.org\",\"@graph\":[{\"@type\":\"Article\",\"@id\":\"https:\\\/\\\/www.ecovis.com\\\/switzerland\\\/blog\\\/newsletter-ecovis-aktuell-jahreswechsel-2017-18\\\/#article\",\"isPartOf\":{\"@id\":\"https:\\\/\\\/www.ecovis.com\\\/switzerland\\\/blog\\\/newsletter-ecovis-aktuell-jahreswechsel-2017-18\\\/\"},\"author\":{\"name\":\"kh_switzerland\",\"@id\":\"https:\\\/\\\/www.ecovis.com\\\/switzerland\\\/#\\\/schema\\\/person\\\/44b7d7342883133fb7c8fbf30b74df0d\"},\"headline\":\"Newsletter ECOVIS Aktuell \\\/ Jahreswechsel 2017\\\/18\",\"datePublished\":\"2018-01-02T11:12:20+00:00\",\"dateModified\":\"2021-08-30T12:04:33+00:00\",\"mainEntityOfPage\":{\"@id\":\"https:\\\/\\\/www.ecovis.com\\\/switzerland\\\/blog\\\/newsletter-ecovis-aktuell-jahreswechsel-2017-18\\\/\"},\"wordCount\":169,\"articleSection\":[\"Newsletter\"],\"inLanguage\":\"de\"},{\"@type\":\"WebPage\",\"@id\":\"https:\\\/\\\/www.ecovis.com\\\/switzerland\\\/blog\\\/newsletter-ecovis-aktuell-jahreswechsel-2017-18\\\/\",\"url\":\"https:\\\/\\\/www.ecovis.com\\\/switzerland\\\/blog\\\/newsletter-ecovis-aktuell-jahreswechsel-2017-18\\\/\",\"name\":\"Newsletter ECOVIS Aktuell \\\/ Jahreswechsel 2017\\\/18 - Ecovis in der Schweiz\",\"isPartOf\":{\"@id\":\"https:\\\/\\\/www.ecovis.com\\\/switzerland\\\/#website\"},\"datePublished\":\"2018-01-02T11:12:20+00:00\",\"dateModified\":\"2021-08-30T12:04:33+00:00\",\"author\":{\"@id\":\"https:\\\/\\\/www.ecovis.com\\\/switzerland\\\/#\\\/schema\\\/person\\\/44b7d7342883133fb7c8fbf30b74df0d\"},\"breadcrumb\":{\"@id\":\"https:\\\/\\\/www.ecovis.com\\\/switzerland\\\/blog\\\/newsletter-ecovis-aktuell-jahreswechsel-2017-18\\\/#breadcrumb\"},\"inLanguage\":\"de\",\"potentialAction\":[{\"@type\":\"ReadAction\",\"target\":[\"https:\\\/\\\/www.ecovis.com\\\/switzerland\\\/blog\\\/newsletter-ecovis-aktuell-jahreswechsel-2017-18\\\/\"]}]},{\"@type\":\"BreadcrumbList\",\"@id\":\"https:\\\/\\\/www.ecovis.com\\\/switzerland\\\/blog\\\/newsletter-ecovis-aktuell-jahreswechsel-2017-18\\\/#breadcrumb\",\"itemListElement\":[{\"@type\":\"ListItem\",\"position\":1,\"name\":\"Ecovis Global\",\"item\":\"https:\\\/\\\/www.ecovis.com\\\/\"},{\"@type\":\"ListItem\",\"position\":2,\"name\":\"Startseite\",\"item\":\"https:\\\/\\\/www.ecovis.com\\\/switzerland\\\/\"},{\"@type\":\"ListItem\",\"position\":3,\"name\":\"Newsletter ECOVIS Aktuell \\\/ Jahreswechsel 2017\\\/18\"}]},{\"@type\":\"WebSite\",\"@id\":\"https:\\\/\\\/www.ecovis.com\\\/switzerland\\\/#website\",\"url\":\"https:\\\/\\\/www.ecovis.com\\\/switzerland\\\/\",\"name\":\"Ecovis.com\",\"description\":\"\",\"potentialAction\":[{\"@type\":\"SearchAction\",\"target\":{\"@type\":\"EntryPoint\",\"urlTemplate\":\"https:\\\/\\\/www.ecovis.com\\\/switzerland\\\/?s={search_term_string}\"},\"query-input\":{\"@type\":\"PropertyValueSpecification\",\"valueRequired\":true,\"valueName\":\"search_term_string\"}}],\"inLanguage\":\"de\"},{\"@type\":\"Person\",\"@id\":\"https:\\\/\\\/www.ecovis.com\\\/switzerland\\\/#\\\/schema\\\/person\\\/44b7d7342883133fb7c8fbf30b74df0d\",\"name\":\"kh_switzerland\",\"image\":{\"@type\":\"ImageObject\",\"inLanguage\":\"de\",\"@id\":\"https:\\\/\\\/secure.gravatar.com\\\/avatar\\\/20fc5b1941615bd2ef01df044ac7c1c691e0ed89228b13cbc896af3a3bc81b27?s=96&d=mm&r=g\",\"url\":\"https:\\\/\\\/secure.gravatar.com\\\/avatar\\\/20fc5b1941615bd2ef01df044ac7c1c691e0ed89228b13cbc896af3a3bc81b27?s=96&d=mm&r=g\",\"contentUrl\":\"https:\\\/\\\/secure.gravatar.com\\\/avatar\\\/20fc5b1941615bd2ef01df044ac7c1c691e0ed89228b13cbc896af3a3bc81b27?s=96&d=mm&r=g\",\"caption\":\"kh_switzerland\"},\"url\":\"https:\\\/\\\/www.ecovis.com\\\/switzerland\\\/blog\\\/author\\\/kh_switzerland\\\/\"}]}<\/script>\n<!-- \/ Yoast SEO plugin. -->","yoast_head_json":{"title":"Newsletter ECOVIS Aktuell \/ Jahreswechsel 2017\/18 - Ecovis in der Schweiz","robots":{"index":"index","follow":"follow","max-snippet":"max-snippet:-1","max-image-preview":"max-image-preview:large","max-video-preview":"max-video-preview:-1"},"canonical":"https:\/\/www.ecovis.com\/switzerland\/blog\/newsletter-ecovis-aktuell-jahreswechsel-2017-18\/","og_locale":"de_DE","og_type":"article","og_title":"Newsletter ECOVIS Aktuell \/ Jahreswechsel 2017\/18 - Ecovis in der Schweiz","og_description":"Ausgesuchte Neuerungen im Z\u00fcrcher Steuerrecht; Automatischer Informationsaustausch (AIA) und straflose Selbstanzeige: letzte Chance; Einschr\u00e4nkungen bei der Anwendung des vereinfachten Abrechnungsverfahrens Versch\u00e4rfte Praxis bei der Zahlung des Verwaltungsratshonorars an eine Gesellschaft; Mehrwertsteuer-S\u00e4tze ab 1. Januar 2018; Beitragss\u00e4tze, Leistungen und Grenzwerte der Sozialversicherungen; Steuererkl\u00e4rung: Kumulation von Veloabzug und \u00d6V m\u00f6glich; Reform der Altersvorsorge in der Schweiz aufgeschoben","og_url":"https:\/\/www.ecovis.com\/switzerland\/blog\/newsletter-ecovis-aktuell-jahreswechsel-2017-18\/","og_site_name":"Ecovis in der Schweiz","article_published_time":"2018-01-02T11:12:20+00:00","article_modified_time":"2021-08-30T12:04:33+00:00","author":"kh_switzerland","twitter_card":"summary_large_image","twitter_misc":{"Verfasst von":"kh_switzerland","Gesch\u00e4tzte Lesezeit":"1\u00a0Minute"},"schema":{"@context":"https:\/\/schema.org","@graph":[{"@type":"Article","@id":"https:\/\/www.ecovis.com\/switzerland\/blog\/newsletter-ecovis-aktuell-jahreswechsel-2017-18\/#article","isPartOf":{"@id":"https:\/\/www.ecovis.com\/switzerland\/blog\/newsletter-ecovis-aktuell-jahreswechsel-2017-18\/"},"author":{"name":"kh_switzerland","@id":"https:\/\/www.ecovis.com\/switzerland\/#\/schema\/person\/44b7d7342883133fb7c8fbf30b74df0d"},"headline":"Newsletter ECOVIS Aktuell \/ Jahreswechsel 2017\/18","datePublished":"2018-01-02T11:12:20+00:00","dateModified":"2021-08-30T12:04:33+00:00","mainEntityOfPage":{"@id":"https:\/\/www.ecovis.com\/switzerland\/blog\/newsletter-ecovis-aktuell-jahreswechsel-2017-18\/"},"wordCount":169,"articleSection":["Newsletter"],"inLanguage":"de"},{"@type":"WebPage","@id":"https:\/\/www.ecovis.com\/switzerland\/blog\/newsletter-ecovis-aktuell-jahreswechsel-2017-18\/","url":"https:\/\/www.ecovis.com\/switzerland\/blog\/newsletter-ecovis-aktuell-jahreswechsel-2017-18\/","name":"Newsletter ECOVIS Aktuell \/ Jahreswechsel 2017\/18 - Ecovis in der Schweiz","isPartOf":{"@id":"https:\/\/www.ecovis.com\/switzerland\/#website"},"datePublished":"2018-01-02T11:12:20+00:00","dateModified":"2021-08-30T12:04:33+00:00","author":{"@id":"https:\/\/www.ecovis.com\/switzerland\/#\/schema\/person\/44b7d7342883133fb7c8fbf30b74df0d"},"breadcrumb":{"@id":"https:\/\/www.ecovis.com\/switzerland\/blog\/newsletter-ecovis-aktuell-jahreswechsel-2017-18\/#breadcrumb"},"inLanguage":"de","potentialAction":[{"@type":"ReadAction","target":["https:\/\/www.ecovis.com\/switzerland\/blog\/newsletter-ecovis-aktuell-jahreswechsel-2017-18\/"]}]},{"@type":"BreadcrumbList","@id":"https:\/\/www.ecovis.com\/switzerland\/blog\/newsletter-ecovis-aktuell-jahreswechsel-2017-18\/#breadcrumb","itemListElement":[{"@type":"ListItem","position":1,"name":"Ecovis Global","item":"https:\/\/www.ecovis.com\/"},{"@type":"ListItem","position":2,"name":"Startseite","item":"https:\/\/www.ecovis.com\/switzerland\/"},{"@type":"ListItem","position":3,"name":"Newsletter ECOVIS Aktuell \/ Jahreswechsel 2017\/18"}]},{"@type":"WebSite","@id":"https:\/\/www.ecovis.com\/switzerland\/#website","url":"https:\/\/www.ecovis.com\/switzerland\/","name":"Ecovis.com","description":"","potentialAction":[{"@type":"SearchAction","target":{"@type":"EntryPoint","urlTemplate":"https:\/\/www.ecovis.com\/switzerland\/?s={search_term_string}"},"query-input":{"@type":"PropertyValueSpecification","valueRequired":true,"valueName":"search_term_string"}}],"inLanguage":"de"},{"@type":"Person","@id":"https:\/\/www.ecovis.com\/switzerland\/#\/schema\/person\/44b7d7342883133fb7c8fbf30b74df0d","name":"kh_switzerland","image":{"@type":"ImageObject","inLanguage":"de","@id":"https:\/\/secure.gravatar.com\/avatar\/20fc5b1941615bd2ef01df044ac7c1c691e0ed89228b13cbc896af3a3bc81b27?s=96&d=mm&r=g","url":"https:\/\/secure.gravatar.com\/avatar\/20fc5b1941615bd2ef01df044ac7c1c691e0ed89228b13cbc896af3a3bc81b27?s=96&d=mm&r=g","contentUrl":"https:\/\/secure.gravatar.com\/avatar\/20fc5b1941615bd2ef01df044ac7c1c691e0ed89228b13cbc896af3a3bc81b27?s=96&d=mm&r=g","caption":"kh_switzerland"},"url":"https:\/\/www.ecovis.com\/switzerland\/blog\/author\/kh_switzerland\/"}]}},"featured_image_url":"","featured_image_url_large":"","_links":{"self":[{"href":"https:\/\/www.ecovis.com\/switzerland\/wp-json\/wp\/v2\/posts\/2244","targetHints":{"allow":["GET"]}}],"collection":[{"href":"https:\/\/www.ecovis.com\/switzerland\/wp-json\/wp\/v2\/posts"}],"about":[{"href":"https:\/\/www.ecovis.com\/switzerland\/wp-json\/wp\/v2\/types\/post"}],"author":[{"embeddable":true,"href":"https:\/\/www.ecovis.com\/switzerland\/wp-json\/wp\/v2\/users\/10"}],"replies":[{"embeddable":true,"href":"https:\/\/www.ecovis.com\/switzerland\/wp-json\/wp\/v2\/comments?post=2244"}],"version-history":[{"count":3,"href":"https:\/\/www.ecovis.com\/switzerland\/wp-json\/wp\/v2\/posts\/2244\/revisions"}],"predecessor-version":[{"id":2447,"href":"https:\/\/www.ecovis.com\/switzerland\/wp-json\/wp\/v2\/posts\/2244\/revisions\/2447"}],"wp:attachment":[{"href":"https:\/\/www.ecovis.com\/switzerland\/wp-json\/wp\/v2\/media?parent=2244"}],"wp:term":[{"taxonomy":"category","embeddable":true,"href":"https:\/\/www.ecovis.com\/switzerland\/wp-json\/wp\/v2\/categories?post=2244"},{"taxonomy":"post_tag","embeddable":true,"href":"https:\/\/www.ecovis.com\/switzerland\/wp-json\/wp\/v2\/tags?post=2244"}],"curies":[{"name":"wp","href":"https:\/\/api.w.org\/{rel}","templated":true}]}}