{"id":2239,"date":"2018-07-17T12:05:56","date_gmt":"2018-07-17T10:05:56","guid":{"rendered":"https:\/\/www.ecovis.com\/switzerland\/?p=2239"},"modified":"2021-08-30T14:04:20","modified_gmt":"2021-08-30T12:04:20","slug":"newsletter-sommer-2018","status":"publish","type":"post","link":"https:\/\/www.ecovis.com\/switzerland\/blog\/newsletter-sommer-2018\/","title":{"rendered":"Newsletter Sommer 2018"},"content":{"rendered":"<p>Liebe Leserin, lieber Leser<br \/>\nZur Jahresmitte informieren wir Sie wiederum \u00fcber aktuelle Themen aus unserem T\u00e4tigkeitsgebiet, die auch f\u00fcr Sie von Interesse sein k\u00f6nnten. Einzelheiten vertiefen wir gerne mit Ihnen im pers\u00f6nlichen Gespr\u00e4ch. Nehmen Sie Kontakt mit uns auf \u2013 wir sind sehr gerne f\u00fcr Sie da und beraten Sie pers\u00f6nlich und kompetent. Wir w\u00fcnschen Ihnen einen sch\u00f6nen Sommer und ein erfolgreiches zweites Semester 2018.<\/p>\n<p>Ihr ECOVIS-Team<\/p>\n<h3>Inhalt<\/h3>\n<div class=\"su-accordion su-u-trim\"><div class=\"su-spoiler su-spoiler-style-default su-spoiler-icon-plus su-spoiler-closed\" data-scroll-offset=\"0\" data-anchor-in-url=\"no\"><div class=\"su-spoiler-title\" tabindex=\"0\" role=\"button\"><span class=\"su-spoiler-icon\"><\/span>1. Besteuerung von Kryptow\u00e4hrungen<\/div><div class=\"su-spoiler-content su-u-clearfix su-u-trim\">\n<div class=\"su-row\"><div class=\"su-column su-column-size-4-5\"><div class=\"su-column-inner su-u-clearfix su-u-trim\">\nReine Kryptow\u00e4hrungen sind digitale M\u00fcnzen (\u00abCoins\u00bb), die als Zahlungsmittel bzw. Kapitalanlage verwendet werden k\u00f6nnen. Diese W\u00e4hrungen sind im weitesten Sinne vergleichbar mit Bankguthaben, wobei kein Anrecht auf Barauszahlung in Schweizer Franken oder in einer traditionellen Fremdw\u00e4hrung besteht. Die bekanntesten und verbreitetsten Kryptow\u00e4hrungen sind Bitcoin, Ethereum, Ripple, Litocoin und Dash. Die Kantone Z\u00fcrich, Zug und Luzern sind sich in der steuerlichen Behandlung von Kryptow\u00e4hrungen bei nat\u00fcrlichen Personen einig. Aus Sicht der Steuerverwaltung handelt es sich bei Kryptow\u00e4hrungen um bewertbare bewegliche Sachen, die entsprechend in der j\u00e4hrlichen Steuererkl\u00e4rung wie die \u00fcbrigen Verm\u00f6genswerte (Bankguthaben, Wertschriften, Immobilien usw.) zu deklarieren sind.<\/p>\n<p>F\u00fcr die <strong>Verm\u00f6genssteuer<\/strong> ist zu beachten, dass s\u00e4mtliche Guthaben in Kryptow\u00e4hrungen zum Jahresendkurs in Schweizer Franken umzurechnen und zusammen mit den \u00fcbrigen Verm\u00f6genswerten im Wertschriften- und Guthabenverzeichnis als \u00ab\u00fcbrige Guthaben\u00bb zu deklarieren sind. Der Nachweis der Best\u00e4nde an Kryptow\u00e4hrungen hat mittels eines Ausdrucks der digitalen Brieftasche (\u00abWallet\u00bb) per Ende Steuerperiode zu erfolgen. F\u00fcr Bitcoin publiziert die Eidg. Steuerverwaltung (ESTV) einen Jahresendsteuerkurs. Andere Kryptow\u00e4hrungen sind zum Jahresschlusskurs der f\u00fcr diese W\u00e4hrung g\u00e4ngigsten B\u00f6rsenplattform zu deklarieren (z.B. https:\/\/coinmarketcap.com). Ist kein aktueller Bewertungskurs ermittelbar, ist die Kryptow\u00e4hrung zum urspr\u00fcnglichen Kaufpreis in Schweizer Franken zu deklarieren.<\/p>\n<p>Bez\u00fcglich <strong>Einkommenssteuer<\/strong> gilt Folgendes: Kapitalgewinne aus beweglichem Privatverm\u00f6gen sind steuerfrei, Kapitalverluste aus beweglichem Privatverm\u00f6gen bleiben steuerlich unber\u00fccksichtigt. Handelt eine Person gewerbsm\u00e4ssig mit Kryptow\u00e4hrungen, sind die Gewinne als Einkommen aus selbst\u00e4ndiger T\u00e4tigkeit steuerbar, wobei Verluste in Abzug gebracht werden k\u00f6nnen. Die Abgrenzungskriterien orientieren sich sinngem\u00e4ss am Kreisschreiben Nr. 36 der ESTV \u00fcber den gewerbsm\u00e4ssigen Wertschriftenhandel.<\/p>\n<p>Im Bereich der <strong>Mehrwertsteuer<\/strong> gelten Kryptow\u00e4hrungen als Zahlungsmittel und sind gleich zu behandeln wie Schweizer Franken oder Geldeinheiten in ausl\u00e4ndischer W\u00e4hrung. Ums\u00e4tze aus dem Handel mit Kryptow\u00e4h- rungen sind entsprechend als Ums\u00e4tze aus dem Zahlungs- und \u00dcberweisungsverkehr von der Mehrwertsteuer ausgenommen. Ebenfalls von der Mehrwertsteuer ausgenommen sind Geb\u00fchren und Kommissionen, welche aus dem Handel mit Kryptow\u00e4hrungen erzielt werden. Wird eine Leistung mit Kryptow\u00e4hrungen bezahlt, gilt nur die zu Grunde liegende Leistung als (steuerbares) Entgelt. Das heisst, dass die Bezahlung mit Kryptow\u00e4hrun- gen nicht als Tauschgesch\u00e4ft angesehen wird. Bei von der Mehrwertsteuer ausgenommenen Ums\u00e4tzen ist eine Korrektur allf\u00e4lliger Vorsteuern zu ber\u00fccksichtigen.<br \/>\n<\/div><\/div>\n<div class=\"su-column su-column-size-1-5\"><div class=\"su-column-inner su-u-clearfix su-u-trim\"><small>Achilles Wellis<\/small><\/div><\/div><\/div><\/div><\/div>\n<div class=\"su-spoiler su-spoiler-style-default su-spoiler-icon-plus su-spoiler-closed\" data-scroll-offset=\"0\" data-anchor-in-url=\"no\"><div class=\"su-spoiler-title\" tabindex=\"0\" role=\"button\"><span class=\"su-spoiler-icon\"><\/span>2. \u00c4nderungen im Firmenrecht<\/div><div class=\"su-spoiler-content su-u-clearfix su-u-trim\">\n<div class=\"su-row\"><div class=\"su-column su-column-size-4-5\"><div class=\"su-column-inner su-u-clearfix su-u-trim\">\nAm 1. Juli 2016 ist eine Revision des Obligationenrechts (OR) in Kraft getreten, welche das Firmenrecht neu regelt. Die ge\u00e4nderten Gesetzesbestimmungen erleichtern die Unternehmensnachfolge und sorgen f\u00fcr einheitlichere Vorschriften bei der Firmenbildung, abgesehen von den Einzelunternehmungen. Ziel ist es, dass der einmal gew\u00e4hlte Firmenname auf unbestimmte Zeit weitergef\u00fchrt werden kann. Neu muss beispielsweise eine Personengesellschaft nach einem Gesellschafterwechsel oder nach einer Umwandlung den Firmennamen lediglich mit einem Rechtsformzusatz erg\u00e4nzen, anstatt den Firmennamen zu \u00e4ndern. Der Rechtsformzusatz kann ausgeschrieben oder abgek\u00fcrzt werden. Der Bundesrat hat die zul\u00e4ssigen Abk\u00fcrzungen festgelegt und die Handelsregisterverordnung (HRegV) ebenfalls auf den 1. Juli 2016 erg\u00e4nzt. Ferner wurde die Ausschliesslichkeit des Firmennamens, die sich bisher f\u00fcr Personengesellschaften auf den Ort der T\u00e4tigkeit beschr\u00e4nkte, auf die ganze Schweiz ausgedehnt. Gem\u00e4ss den \u00dcbergangsbestimmungen besteht f\u00fcr bereits eingetragene Kollektiv- und Kommanditgesellschaften keine Pflicht, ihren Firmennamen den neuen Bestimmungen anzupassen, solange der Firmenname unter bisherigem Recht zul\u00e4ssig war. M\u00f6chte eine Gesellschaft jedoch die Ausschliesslichkeit auf die ganze Schweiz ausdehnen, kann sie sich dem neuen Recht unterstellen und den Rechtsformzusatz erg\u00e4nzen. Eine fr\u00fchzeitige Unterstellung ist sicher von Vorteil, wenn der Firmenname gesichert werden soll und bei der Anmeldung im Handelsregister nicht bereits vergeben sein sollte.<br \/>\n<\/div><\/div>\n<div class=\"su-column su-column-size-1-5\"><div class=\"su-column-inner su-u-clearfix su-u-trim\"><a href=\"https:\/\/www.ecovis.com\/switzerland\/ansprechpartner\/claudia-diethelm\/\"><img loading=\"lazy\" decoding=\"async\" src=\"https:\/\/www.ecovis.com\/switzerland\/wp-content\/uploads\/2020\/08\/diethelm_claudia.jpeg\" width=\"80\" height=\"105\" \/><small>Claudia Diethelm<\/small><\/a><\/div><\/div><\/div><\/div><\/div>\n<div class=\"su-spoiler su-spoiler-style-default su-spoiler-icon-plus su-spoiler-closed\" data-scroll-offset=\"0\" data-anchor-in-url=\"no\"><div class=\"su-spoiler-title\" tabindex=\"0\" role=\"button\"><span class=\"su-spoiler-icon\"><\/span>3. Wer ist Importeur bei einer Lieferung mit Montage aus dem Ausland?<\/div><div class=\"su-spoiler-content su-u-clearfix su-u-trim\">\n<div class=\"su-row\"><div class=\"su-column su-column-size-4-5\"><div class=\"su-column-inner su-u-clearfix su-u-trim\">\nDer Unterscheidung \u00abWerklieferung\u00bb oder \u00abLieferung mit unbedeutender Montage\/Installation\u00bb kommt gr\u00f6sste Bedeutung zu, da nur der richtige Importeur mit einer MWST-Registrierung in der Schweiz die Einfuhrsteuer zur\u00fcckfordern kann. Hat der Verk\u00e4ufer eine Unterstellungserkl\u00e4rung abgegeben und\/oder wendet er Incoterm2010\u00ae DDP an, so kann er auf die Unterscheidung verzichten, da er, ungeachtet des Umfangs der Montage, Importeur der Maschinen, M\u00f6bel oder sonstigen Waren ist und die Lieferung in der Schweiz stattfindet.<\/p>\n<p>Bei einer Lieferung mit unbedeutender Montage\/Installation liegt der Ort der Lieferung am Ort, an dem die Versendung oder Bef\u00f6rderung beginnt. Bei einer Maschine, die im Ausland fertig gebaut und vom Lieferanten in der Schweiz lediglich angeschlossen und getestet wird, liegt der Ort der Lieferung im Ausland. Wird die Maschine lediglich f\u00fcr den Transport zerlegt, so qualifiziert das Zusammenf\u00fcgen nach dem Transport als unbedeutende Montage. Auch in diesem Fall liegt deshalb der Ort der Lieferung dort, wo der Transport beginnt, also im Ausland. Bei einer Lieferung oder einer Lieferung mit unbedeutender Montage ist der Empf\u00e4nger auch Importeur.<\/p>\n<p>Bei einer Werklieferung liegt der Ort der Lieferung in der Schweiz. Erzielt der (ausl\u00e4ndische) Verk\u00e4ufer einen weltweiten, grunds\u00e4tzlich steuerbaren Umsatz von mehr als CHF 100&#8217;000, muss er sich f\u00fcr die MWST in der Schweiz registrieren lassen und dem Kunden die Werklieferung mit 7.7% MWST in Rechnung stellen. Erreicht der Lieferant den weltweiten Umsatz von CHF 100&#8217;000 hingegen nicht, so muss er sich nicht f\u00fcr die MWST registrieren, jedoch errechnet sich die Einfuhrsteuer auf dem Verkehrswert der Waren <u>und der Montagearbeiten<\/u>.<br \/>\nBeispiele f\u00fcr Werklieferungen: Einbau einer Maschine in eine Produktionsanlage, erstmaliger Zusammenbau einzelner vorgefertigter Teile zu einer funktionsf\u00e4higen Maschine, Zusammenf\u00fcgen mehrerer Maschinen zu einer Produktionsstrasse, Beif\u00fcgen von Teilen zu einer f\u00fcr den Transport zerlegten Maschine, Einbau einer K\u00fcche oder anderer nach Mass gefertigter M\u00f6bel, Bauleistungen an Immobilien, Reparaturen und Wartung von Maschinen und Immobilien, Vermietung von Festzelten oder Messest\u00e4nden usw.<\/p>\n<\/div><\/div>\n<div class=\"su-column su-column-size-1-5\"><div class=\"su-column-inner su-u-clearfix su-u-trim\"><a href=\"https:\/\/www.ecovis.com\/switzerland\/ansprechpartner\/marianne-esther-meier\/\"><img loading=\"lazy\" decoding=\"async\" src=\"https:\/\/www.ecovis.com\/switzerland\/wp-content\/uploads\/2020\/08\/meier_marianne.jpeg\" width=\"80\" height=\"105\" \/><small>Marianne Esther Meier<\/small><\/a><\/div><\/div><\/div><\/div><\/div>\n<div class=\"su-spoiler su-spoiler-style-default su-spoiler-icon-plus su-spoiler-closed\" data-scroll-offset=\"0\" data-anchor-in-url=\"no\"><div class=\"su-spoiler-title\" tabindex=\"0\" role=\"button\"><span class=\"su-spoiler-icon\"><\/span>4. Mehrwertsteuer auf Kosten f\u00fcr Aus- und Weiterbildung<\/div><div class=\"su-spoiler-content su-u-clearfix su-u-trim\">\nGrunds\u00e4tzlich ist die Aus- und Weiterbildung von der Mehrwertsteuer (MWST) ausgenommen. Jedoch hat der Veranstalter die M\u00f6glichkeit diese freiwillig der MWST zu unterstellen (Option). F\u00fcr den Vorsteuerabzug ist zwischen betrieblich erforderlichen Weiterbildungen und Aus- und Weiterbildungen von Mitarbeitern zu unterscheiden.<\/p>\n<p>Auf betrieblich erforderlichen Weiterbildungen, z.B. Sprachkursen, IT-Kursen, Coaching, Management Seminaren, Bedienung von Ger\u00e4ten, Sicherheitskurse, kann die MWST im Rahmen der Vorsteuerquote geltend gemacht werden.<\/p>\n<p>Aus- und Weiterbildungen von Mitarbeitern, welche im Lohnausweis unter Ziffer 13.3. aufgef\u00fchrt werden m\u00fcssen, z.B. Steuerexperten, Meisterpr\u00fcfungen, Fachhochschulen, gelten als Lohnbestandteil. Auf Lohnbestandteilen kann die MWST nie geltend gemacht werden, da diese als Privatgebrauch gelten. Bei R\u00fcckzahlung eines Teils der Kosten durch den Mitarbeiter (z.B. bei einem vorzeitigen Austritt) ist daher auch keine MWST geschuldet.<\/p>\n<\/div><\/div>\n<div class=\"su-spoiler su-spoiler-style-default su-spoiler-icon-plus su-spoiler-closed\" data-scroll-offset=\"0\" data-anchor-in-url=\"no\"><div class=\"su-spoiler-title\" tabindex=\"0\" role=\"button\"><span class=\"su-spoiler-icon\"><\/span>5. Radio-\/Fernsehabgabe (RTV) ab 2019<\/div><div class=\"su-spoiler-content su-u-clearfix su-u-trim\">\n<div class=\"su-row\"><div class=\"su-column su-column-size-4-5\"><div class=\"su-column-inner su-u-clearfix su-u-trim\">\nAb 1. Januar 2019 wird die ESTV bei den mehrwertsteuerpflichtigen Unternehmen mit einem weltweiten Umsatz ab CHF 500\u2018000 eine ger\u00e4te<u>unabh\u00e4ngige<\/u> Radio- und Fernsehabgabe mit sechs Tarifstufen erheben. Diese Abgabe ersetzt bei den Unternehmen die bislang durch die Billag AG erhobene empfangsger\u00e4te<u>abh\u00e4ngige<\/u> Abgabe. Der in den MWST-Abrechnungen deklarierte <u>weltweite<\/u> Jahresumsatz bildet die Grundlage f\u00fcr die<br \/>\nZuteilung in eine der sechs Tarifstufen. F\u00fcr MWST-Gruppen ist der Gesamtumsatz der MWST-Gruppe massgebend. Die Abgabe betr\u00e4gt zwischen CHF 365 und CHF 35\u2018590 pro Jahr. In der Schweiz f\u00fcr die MWST registrierte, <u>in- und ausl\u00e4ndische<\/u> Unternehmen unterliegen somit bei Erreichen der Umsatzgrenze der RTV. Sie erhalten von der ESTV automatisch und j\u00e4hrlich eine entsprechende Rechnung. Unternehmen in der untersten Tarifstufe mit einem Gewinn von weniger als CHF 3\u2018650 oder einem Verlust k\u00f6nnen die bereits bezahlte Abgabe zur\u00fcckfordern. Gruppen von mindestens 30 Unternehmen unter einheitlicher Leitung k\u00f6nnen sich f\u00fcr die RTV zu einer Unternehmensabgabegruppe zusammenschliessen. Die RTV f\u00fcr Privathaushalte wird ab gleichem Datum ebenfalls ger\u00e4teunabh\u00e4ngig erhoben, betr\u00e4gt j\u00e4hrlich CHF 365 und wird durch die Serafe AG eingezogen.<br \/>\n<\/div><\/div>\n<div class=\"su-column su-column-size-1-5\"><div class=\"su-column-inner su-u-clearfix su-u-trim\"><a href=\"https:\/\/www.ecovis.com\/switzerland\/ansprechpartner\/sven-gutbrod\/\"><img loading=\"lazy\" decoding=\"async\" src=\"https:\/\/www.ecovis.com\/switzerland\/wp-content\/uploads\/2020\/07\/gutbrod_sven.jpeg\" width=\"80\" height=\"105\" \/><small>Sven Gutbrod<\/small><\/a><\/div><\/div><\/div><\/div><\/div>\n<div class=\"su-spoiler su-spoiler-style-default su-spoiler-icon-plus su-spoiler-closed\" data-scroll-offset=\"0\" data-anchor-in-url=\"no\"><div class=\"su-spoiler-title\" tabindex=\"0\" role=\"button\"><span class=\"su-spoiler-icon\"><\/span>6. AHV-Beitr\u00e4ge von Nichterwerbst\u00e4tigen<\/div><div class=\"su-spoiler-content su-u-clearfix su-u-trim\">\nNichterwerbst\u00e4tige m\u00fcssen ab 1. Januar nach Vollendung des 20. Altersjahres Beitr\u00e4ge an die AHV, IV und EO entrichten. Die Beitragspflicht endet, wenn das ordentliche Rentenalter (M\u00e4nner mit 65 und Frauen mit 64 Jahren) erreicht ist. Die Beitr\u00e4ge sind l\u00fcckenlos zu bezahlen. Fehlende Beitragsjahre k\u00f6nnen zu einer K\u00fcrzung der Renten f\u00fchren. Ein vorzeitiger Bezug der AHV-Rente (1 oder 2 Jahre) entbindet die versicherte Person nicht von der Beitragspflicht.<\/p>\n<h5>Als nichterwerbst\u00e4tig gilt, wer kein oder nur ein geringes Erwerbseinkommen hat wie z.B. Studierende, Fr\u00fchpensionierte, Bez\u00fcgerinnen und Bez\u00fcger von IV-Renten, Anspruchsberechtigte von Kranken- und Unfalltaggeldern, Weltreisende, ausgesteuerte Arbeitslose, Geschiedene und Verwitwete, Ehepartner von Pensionierten sowie Arbeitnehmende mit einem Bruttojahreseinkommen unter CHF 4\u2018667. Des Weiteren werden unter bestimmten Voraussetzungen Personen als Nichterwerbst\u00e4tige betrachtet, die nicht dauernd voll erwerbst\u00e4tig sind. Dies sind Personen, die<\/h5>\n<ul>\n<li>w\u00e4hrend <strong>weniger als neun Monaten<\/strong> im Kalenderjahr <strong>erwerbst\u00e4tig<\/strong> sind und \u2013 allenfalls mit den Arbeitneh- merbeitr\u00e4gen \u2013 weniger als die H\u00e4lfte der Beitr\u00e4ge leisten, die sie als Nichterwerbst\u00e4tige bezahlen w\u00fcrden.<\/li>\n<li><strong>weniger als die H\u00e4lfte der \u00fcblichen Arbeitszeit erwerbst\u00e4tig<\/strong> sind und \u2013 allenfalls mit den Arbeitnehmerbeitr\u00e4- gen \u2013 weniger als die H\u00e4lfte der Beitr\u00e4ge leisten, die sie als Nichterwerbst\u00e4tige bezahlen w\u00fcrden.<\/li>\n<\/ul>\n<p>Als Grundlagen f\u00fcr die Berechnung der AHV\/IV\/EO-Beitr\u00e4ge dienen das Verm\u00f6gen und das 20-fache j\u00e4hrliche Renteneinkommen. Bei Verheirateten bzw. bei eingetragenen Partnerschaften bemessen sich die Beitr\u00e4ge, ungeachtet des G\u00fcterstands, auf der H\u00e4lfte des gemeinsamen Verm\u00f6gens und Renteneinkommens. Die Beitr\u00e4ge werden in der Regel auf Basis der letzten Steuererkl\u00e4rung festgesetzt. Es ist nicht m\u00f6glich, freiwillig h\u00f6here Beitr\u00e4ge zu bezahlen.<\/p>\n<p>Nichterwerbst\u00e4tige m\u00fcssen keine eigenen Beitr\u00e4ge bezahlen, wenn der Ehepartner im Sinne der AHV erwerbst\u00e4tig ist und mindestens Beitr\u00e4ge in der H\u00f6he von CHF 956 (doppelter Mindestbeitrag) entrichtet. Dasselbe gilt f\u00fcr Nichterwerbst\u00e4tige, die im Betrieb ihres Ehepartners mitarbeiten. Voraussetzung ist, dass die Ehe das ganze Jahr gedauert hat. Personen, die nur ein geringes Erwerbseinkommen erzielen, k\u00f6nnen bei der Berechnung der Beitr\u00e4ge als Nichterwerbst\u00e4tige verlangen, dass schon bezahlte Beitr\u00e4ge von ihrem Erwerbseinkommen angerechnet werden. Nichterwerbst\u00e4tige Studierende bis zum Alter von 25 Jahren bezahlen im Jahr eine Pauschale von CHF 478.<\/p>\n<p>Je nach Verm\u00f6gen und Renteneinkommen betragen die Beitr\u00e4ge zwischen CHF 478 und maximal CHF 23\u2018900. Zus\u00e4tzlich fallen Verwaltungskosten je nach Ausgleichskasse von h\u00f6chstens 5% der Beitr\u00e4ge an.<\/p>\n<\/div><\/div>\n<div class=\"su-spoiler su-spoiler-style-default su-spoiler-icon-plus su-spoiler-closed\" data-scroll-offset=\"0\" data-anchor-in-url=\"no\"><div class=\"su-spoiler-title\" tabindex=\"0\" role=\"button\"><span class=\"su-spoiler-icon\"><\/span>7. Topal Buchf\u00fchrungssoftware<\/div><div class=\"su-spoiler-content su-u-clearfix su-u-trim\">\nSeit Januar 2018 verf\u00fcgen wir mit TOPAL \u00fcber eine zus\u00e4tzliche Software f\u00fcr die Finanzbuchhaltung. Die Software wird von Topal Solutions AG in Volketswil entwickelt und ist besonders auf Treuh\u00e4nder und Berater sowie KMUs ausgerichtet. Die Software erm\u00f6glicht auch die automatisierte Verarbeitung von Eingangsrechnungen und die elektronische Ablage von Belegen. Das Modul TOPALINO erm\u00f6glicht unseren Kunden den Online-Zugang auf ihre Buchhaltung \u2013 sie k\u00f6nnen Buchungen auch selber erfassen oder jederzeit auf alle aktuellen Informationen und Kennzahlen des eigenen Unternehmens zugreifen. Mit der TOPAL WEBSOLUTION k\u00f6nnen sich unsere Kunden \u00fcber den Internet Browser direkt in ihre Buchhaltungsumgebung einloggen und auf ihre aktuellen Daten zugreifen \u2013 in Echtzeit unabh\u00e4ngig von Standort und Endger\u00e4t.<\/p>\n<\/div><\/div>\n<div class=\"su-spoiler su-spoiler-style-default su-spoiler-icon-plus su-spoiler-closed\" data-scroll-offset=\"0\" data-anchor-in-url=\"no\"><div class=\"su-spoiler-title\" tabindex=\"0\" role=\"button\"><span class=\"su-spoiler-icon\"><\/span>8. Personelles<\/div><div class=\"su-spoiler-content su-u-clearfix su-u-trim\">\n<div class=\"su-row\"><div class=\"su-column su-column-size-4-5\"><div class=\"su-column-inner su-u-clearfix su-u-trim\">\nSeit Januar 2018 ist Hua Mock als Mandatsleiterin Treuhand in unserem Unternehmen t\u00e4tig. Sie hat an der Universit\u00e4t im japanischen Fukushima den Master in Finanzbuchhaltung und den Master im Steuerwesen erworben und verf\u00fcgt \u00fcber den eidg. Fachausweis als Fachfrau im Finanz- und Rechnungswesen. Hua Mock spricht Deutsch und Englisch, aber auch ihre Muttersprachen Chinesisch und Japanisch.<\/p>\n<\/div><\/div>\n<div class=\"su-column su-column-size-1-5\"><div class=\"su-column-inner su-u-clearfix su-u-trim\"><small>Hua Mock<\/small><\/div><\/div><\/div><\/div><\/div><\/div>\n<ul>\n<li><a href=\"https:\/\/www.ecovis.com\/switzerland\/wp-content\/uploads\/2018\/07\/newsletter-20-sommer-2018.pdf\" target=\"_blank\" rel=\"noopener noreferrer\">Newsletter Sommer 2018 als PDF<\/a><\/li>\n<\/ul>\n","protected":false},"excerpt":{"rendered":"<p>Besteuerung von Kryptow\u00e4hrungen; \u00c4nderungen im Firmenrecht; Wer ist Importeur bei einer Lieferung mit Montage aus dem Ausland?; Mehrwertsteuer auf Kosten f\u00fcr Aus- und Weiterbildung; Radio-\/Fernsehabgabe (RTV) ab 2019; AHV-Beitr\u00e4ge von Nichterwerbst\u00e4tigen; Topal Buchf\u00fchrungssoftware<\/p>\n","protected":false},"author":10,"featured_media":0,"comment_status":"closed","ping_status":"open","sticky":false,"template":"","format":"standard","meta":{"_acf_changed":false,"footnotes":""},"categories":[29],"tags":[],"class_list":["post-2239","post","type-post","status-publish","format-standard","hentry","category-newsletter"],"acf":[],"yoast_head":"<!-- This site is optimized with the Yoast SEO plugin v27.4 - https:\/\/yoast.com\/product\/yoast-seo-wordpress\/ -->\n<title>Newsletter Sommer 2018 - Ecovis in der Schweiz<\/title>\n<meta name=\"robots\" content=\"index, follow, max-snippet:-1, max-image-preview:large, max-video-preview:-1\" \/>\n<link rel=\"canonical\" href=\"https:\/\/www.ecovis.com\/switzerland\/blog\/newsletter-sommer-2018\/\" \/>\n<meta property=\"og:locale\" content=\"de_DE\" \/>\n<meta property=\"og:type\" content=\"article\" \/>\n<meta property=\"og:title\" content=\"Newsletter Sommer 2018 - Ecovis in der Schweiz\" \/>\n<meta property=\"og:description\" content=\"Besteuerung von Kryptow\u00e4hrungen; \u00c4nderungen im Firmenrecht; Wer ist Importeur bei einer Lieferung mit Montage aus dem Ausland?; Mehrwertsteuer auf Kosten f\u00fcr Aus- und Weiterbildung; Radio-\/Fernsehabgabe (RTV) ab 2019; AHV-Beitr\u00e4ge von Nichterwerbst\u00e4tigen; Topal Buchf\u00fchrungssoftware\" \/>\n<meta property=\"og:url\" content=\"https:\/\/www.ecovis.com\/switzerland\/blog\/newsletter-sommer-2018\/\" \/>\n<meta property=\"og:site_name\" content=\"Ecovis in der Schweiz\" \/>\n<meta property=\"article:published_time\" content=\"2018-07-17T10:05:56+00:00\" \/>\n<meta property=\"article:modified_time\" content=\"2021-08-30T12:04:20+00:00\" \/>\n<meta property=\"og:image\" content=\"https:\/\/www.ecovis.com\/switzerland\/wp-content\/uploads\/2020\/08\/diethelm_claudia.jpeg\" \/>\n<meta name=\"author\" content=\"kh_switzerland\" \/>\n<meta name=\"twitter:card\" content=\"summary_large_image\" \/>\n<meta name=\"twitter:label1\" content=\"Verfasst von\" \/>\n\t<meta name=\"twitter:data1\" content=\"kh_switzerland\" \/>\n\t<meta name=\"twitter:label2\" content=\"Gesch\u00e4tzte Lesezeit\" \/>\n\t<meta name=\"twitter:data2\" content=\"11\u00a0Minuten\" \/>\n<script type=\"application\/ld+json\" class=\"yoast-schema-graph\">{\"@context\":\"https:\\\/\\\/schema.org\",\"@graph\":[{\"@type\":\"Article\",\"@id\":\"https:\\\/\\\/www.ecovis.com\\\/switzerland\\\/blog\\\/newsletter-sommer-2018\\\/#article\",\"isPartOf\":{\"@id\":\"https:\\\/\\\/www.ecovis.com\\\/switzerland\\\/blog\\\/newsletter-sommer-2018\\\/\"},\"author\":{\"name\":\"kh_switzerland\",\"@id\":\"https:\\\/\\\/www.ecovis.com\\\/switzerland\\\/#\\\/schema\\\/person\\\/44b7d7342883133fb7c8fbf30b74df0d\"},\"headline\":\"Newsletter Sommer 2018\",\"datePublished\":\"2018-07-17T10:05:56+00:00\",\"dateModified\":\"2021-08-30T12:04:20+00:00\",\"mainEntityOfPage\":{\"@id\":\"https:\\\/\\\/www.ecovis.com\\\/switzerland\\\/blog\\\/newsletter-sommer-2018\\\/\"},\"wordCount\":2131,\"image\":{\"@id\":\"https:\\\/\\\/www.ecovis.com\\\/switzerland\\\/blog\\\/newsletter-sommer-2018\\\/#primaryimage\"},\"thumbnailUrl\":\"https:\\\/\\\/www.ecovis.com\\\/switzerland\\\/wp-content\\\/uploads\\\/2020\\\/08\\\/diethelm_claudia.jpeg\",\"articleSection\":[\"Newsletter\"],\"inLanguage\":\"de\"},{\"@type\":\"WebPage\",\"@id\":\"https:\\\/\\\/www.ecovis.com\\\/switzerland\\\/blog\\\/newsletter-sommer-2018\\\/\",\"url\":\"https:\\\/\\\/www.ecovis.com\\\/switzerland\\\/blog\\\/newsletter-sommer-2018\\\/\",\"name\":\"Newsletter Sommer 2018 - Ecovis in der Schweiz\",\"isPartOf\":{\"@id\":\"https:\\\/\\\/www.ecovis.com\\\/switzerland\\\/#website\"},\"primaryImageOfPage\":{\"@id\":\"https:\\\/\\\/www.ecovis.com\\\/switzerland\\\/blog\\\/newsletter-sommer-2018\\\/#primaryimage\"},\"image\":{\"@id\":\"https:\\\/\\\/www.ecovis.com\\\/switzerland\\\/blog\\\/newsletter-sommer-2018\\\/#primaryimage\"},\"thumbnailUrl\":\"https:\\\/\\\/www.ecovis.com\\\/switzerland\\\/wp-content\\\/uploads\\\/2020\\\/08\\\/diethelm_claudia.jpeg\",\"datePublished\":\"2018-07-17T10:05:56+00:00\",\"dateModified\":\"2021-08-30T12:04:20+00:00\",\"author\":{\"@id\":\"https:\\\/\\\/www.ecovis.com\\\/switzerland\\\/#\\\/schema\\\/person\\\/44b7d7342883133fb7c8fbf30b74df0d\"},\"breadcrumb\":{\"@id\":\"https:\\\/\\\/www.ecovis.com\\\/switzerland\\\/blog\\\/newsletter-sommer-2018\\\/#breadcrumb\"},\"inLanguage\":\"de\",\"potentialAction\":[{\"@type\":\"ReadAction\",\"target\":[\"https:\\\/\\\/www.ecovis.com\\\/switzerland\\\/blog\\\/newsletter-sommer-2018\\\/\"]}]},{\"@type\":\"ImageObject\",\"inLanguage\":\"de\",\"@id\":\"https:\\\/\\\/www.ecovis.com\\\/switzerland\\\/blog\\\/newsletter-sommer-2018\\\/#primaryimage\",\"url\":\"https:\\\/\\\/www.ecovis.com\\\/switzerland\\\/wp-content\\\/uploads\\\/2020\\\/08\\\/diethelm_claudia.jpeg\",\"contentUrl\":\"https:\\\/\\\/www.ecovis.com\\\/switzerland\\\/wp-content\\\/uploads\\\/2020\\\/08\\\/diethelm_claudia.jpeg\",\"width\":80,\"height\":105},{\"@type\":\"BreadcrumbList\",\"@id\":\"https:\\\/\\\/www.ecovis.com\\\/switzerland\\\/blog\\\/newsletter-sommer-2018\\\/#breadcrumb\",\"itemListElement\":[{\"@type\":\"ListItem\",\"position\":1,\"name\":\"Ecovis Global\",\"item\":\"https:\\\/\\\/www.ecovis.com\\\/\"},{\"@type\":\"ListItem\",\"position\":2,\"name\":\"Startseite\",\"item\":\"https:\\\/\\\/www.ecovis.com\\\/switzerland\\\/\"},{\"@type\":\"ListItem\",\"position\":3,\"name\":\"Newsletter Sommer 2018\"}]},{\"@type\":\"WebSite\",\"@id\":\"https:\\\/\\\/www.ecovis.com\\\/switzerland\\\/#website\",\"url\":\"https:\\\/\\\/www.ecovis.com\\\/switzerland\\\/\",\"name\":\"Ecovis.com\",\"description\":\"\",\"potentialAction\":[{\"@type\":\"SearchAction\",\"target\":{\"@type\":\"EntryPoint\",\"urlTemplate\":\"https:\\\/\\\/www.ecovis.com\\\/switzerland\\\/?s={search_term_string}\"},\"query-input\":{\"@type\":\"PropertyValueSpecification\",\"valueRequired\":true,\"valueName\":\"search_term_string\"}}],\"inLanguage\":\"de\"},{\"@type\":\"Person\",\"@id\":\"https:\\\/\\\/www.ecovis.com\\\/switzerland\\\/#\\\/schema\\\/person\\\/44b7d7342883133fb7c8fbf30b74df0d\",\"name\":\"kh_switzerland\",\"image\":{\"@type\":\"ImageObject\",\"inLanguage\":\"de\",\"@id\":\"https:\\\/\\\/secure.gravatar.com\\\/avatar\\\/20fc5b1941615bd2ef01df044ac7c1c691e0ed89228b13cbc896af3a3bc81b27?s=96&d=mm&r=g\",\"url\":\"https:\\\/\\\/secure.gravatar.com\\\/avatar\\\/20fc5b1941615bd2ef01df044ac7c1c691e0ed89228b13cbc896af3a3bc81b27?s=96&d=mm&r=g\",\"contentUrl\":\"https:\\\/\\\/secure.gravatar.com\\\/avatar\\\/20fc5b1941615bd2ef01df044ac7c1c691e0ed89228b13cbc896af3a3bc81b27?s=96&d=mm&r=g\",\"caption\":\"kh_switzerland\"},\"url\":\"https:\\\/\\\/www.ecovis.com\\\/switzerland\\\/blog\\\/author\\\/kh_switzerland\\\/\"}]}<\/script>\n<!-- \/ Yoast SEO plugin. -->","yoast_head_json":{"title":"Newsletter Sommer 2018 - Ecovis in der Schweiz","robots":{"index":"index","follow":"follow","max-snippet":"max-snippet:-1","max-image-preview":"max-image-preview:large","max-video-preview":"max-video-preview:-1"},"canonical":"https:\/\/www.ecovis.com\/switzerland\/blog\/newsletter-sommer-2018\/","og_locale":"de_DE","og_type":"article","og_title":"Newsletter Sommer 2018 - Ecovis in der Schweiz","og_description":"Besteuerung von Kryptow\u00e4hrungen; \u00c4nderungen im Firmenrecht; Wer ist Importeur bei einer Lieferung mit Montage aus dem Ausland?; Mehrwertsteuer auf Kosten f\u00fcr Aus- und Weiterbildung; Radio-\/Fernsehabgabe (RTV) ab 2019; AHV-Beitr\u00e4ge von Nichterwerbst\u00e4tigen; Topal Buchf\u00fchrungssoftware","og_url":"https:\/\/www.ecovis.com\/switzerland\/blog\/newsletter-sommer-2018\/","og_site_name":"Ecovis in der Schweiz","article_published_time":"2018-07-17T10:05:56+00:00","article_modified_time":"2021-08-30T12:04:20+00:00","og_image":[{"url":"https:\/\/www.ecovis.com\/switzerland\/wp-content\/uploads\/2020\/08\/diethelm_claudia.jpeg","type":"","width":"","height":""}],"author":"kh_switzerland","twitter_card":"summary_large_image","twitter_misc":{"Verfasst von":"kh_switzerland","Gesch\u00e4tzte Lesezeit":"11\u00a0Minuten"},"schema":{"@context":"https:\/\/schema.org","@graph":[{"@type":"Article","@id":"https:\/\/www.ecovis.com\/switzerland\/blog\/newsletter-sommer-2018\/#article","isPartOf":{"@id":"https:\/\/www.ecovis.com\/switzerland\/blog\/newsletter-sommer-2018\/"},"author":{"name":"kh_switzerland","@id":"https:\/\/www.ecovis.com\/switzerland\/#\/schema\/person\/44b7d7342883133fb7c8fbf30b74df0d"},"headline":"Newsletter Sommer 2018","datePublished":"2018-07-17T10:05:56+00:00","dateModified":"2021-08-30T12:04:20+00:00","mainEntityOfPage":{"@id":"https:\/\/www.ecovis.com\/switzerland\/blog\/newsletter-sommer-2018\/"},"wordCount":2131,"image":{"@id":"https:\/\/www.ecovis.com\/switzerland\/blog\/newsletter-sommer-2018\/#primaryimage"},"thumbnailUrl":"https:\/\/www.ecovis.com\/switzerland\/wp-content\/uploads\/2020\/08\/diethelm_claudia.jpeg","articleSection":["Newsletter"],"inLanguage":"de"},{"@type":"WebPage","@id":"https:\/\/www.ecovis.com\/switzerland\/blog\/newsletter-sommer-2018\/","url":"https:\/\/www.ecovis.com\/switzerland\/blog\/newsletter-sommer-2018\/","name":"Newsletter Sommer 2018 - Ecovis in der Schweiz","isPartOf":{"@id":"https:\/\/www.ecovis.com\/switzerland\/#website"},"primaryImageOfPage":{"@id":"https:\/\/www.ecovis.com\/switzerland\/blog\/newsletter-sommer-2018\/#primaryimage"},"image":{"@id":"https:\/\/www.ecovis.com\/switzerland\/blog\/newsletter-sommer-2018\/#primaryimage"},"thumbnailUrl":"https:\/\/www.ecovis.com\/switzerland\/wp-content\/uploads\/2020\/08\/diethelm_claudia.jpeg","datePublished":"2018-07-17T10:05:56+00:00","dateModified":"2021-08-30T12:04:20+00:00","author":{"@id":"https:\/\/www.ecovis.com\/switzerland\/#\/schema\/person\/44b7d7342883133fb7c8fbf30b74df0d"},"breadcrumb":{"@id":"https:\/\/www.ecovis.com\/switzerland\/blog\/newsletter-sommer-2018\/#breadcrumb"},"inLanguage":"de","potentialAction":[{"@type":"ReadAction","target":["https:\/\/www.ecovis.com\/switzerland\/blog\/newsletter-sommer-2018\/"]}]},{"@type":"ImageObject","inLanguage":"de","@id":"https:\/\/www.ecovis.com\/switzerland\/blog\/newsletter-sommer-2018\/#primaryimage","url":"https:\/\/www.ecovis.com\/switzerland\/wp-content\/uploads\/2020\/08\/diethelm_claudia.jpeg","contentUrl":"https:\/\/www.ecovis.com\/switzerland\/wp-content\/uploads\/2020\/08\/diethelm_claudia.jpeg","width":80,"height":105},{"@type":"BreadcrumbList","@id":"https:\/\/www.ecovis.com\/switzerland\/blog\/newsletter-sommer-2018\/#breadcrumb","itemListElement":[{"@type":"ListItem","position":1,"name":"Ecovis Global","item":"https:\/\/www.ecovis.com\/"},{"@type":"ListItem","position":2,"name":"Startseite","item":"https:\/\/www.ecovis.com\/switzerland\/"},{"@type":"ListItem","position":3,"name":"Newsletter Sommer 2018"}]},{"@type":"WebSite","@id":"https:\/\/www.ecovis.com\/switzerland\/#website","url":"https:\/\/www.ecovis.com\/switzerland\/","name":"Ecovis.com","description":"","potentialAction":[{"@type":"SearchAction","target":{"@type":"EntryPoint","urlTemplate":"https:\/\/www.ecovis.com\/switzerland\/?s={search_term_string}"},"query-input":{"@type":"PropertyValueSpecification","valueRequired":true,"valueName":"search_term_string"}}],"inLanguage":"de"},{"@type":"Person","@id":"https:\/\/www.ecovis.com\/switzerland\/#\/schema\/person\/44b7d7342883133fb7c8fbf30b74df0d","name":"kh_switzerland","image":{"@type":"ImageObject","inLanguage":"de","@id":"https:\/\/secure.gravatar.com\/avatar\/20fc5b1941615bd2ef01df044ac7c1c691e0ed89228b13cbc896af3a3bc81b27?s=96&d=mm&r=g","url":"https:\/\/secure.gravatar.com\/avatar\/20fc5b1941615bd2ef01df044ac7c1c691e0ed89228b13cbc896af3a3bc81b27?s=96&d=mm&r=g","contentUrl":"https:\/\/secure.gravatar.com\/avatar\/20fc5b1941615bd2ef01df044ac7c1c691e0ed89228b13cbc896af3a3bc81b27?s=96&d=mm&r=g","caption":"kh_switzerland"},"url":"https:\/\/www.ecovis.com\/switzerland\/blog\/author\/kh_switzerland\/"}]}},"featured_image_url":"","featured_image_url_large":"","_links":{"self":[{"href":"https:\/\/www.ecovis.com\/switzerland\/wp-json\/wp\/v2\/posts\/2239","targetHints":{"allow":["GET"]}}],"collection":[{"href":"https:\/\/www.ecovis.com\/switzerland\/wp-json\/wp\/v2\/posts"}],"about":[{"href":"https:\/\/www.ecovis.com\/switzerland\/wp-json\/wp\/v2\/types\/post"}],"author":[{"embeddable":true,"href":"https:\/\/www.ecovis.com\/switzerland\/wp-json\/wp\/v2\/users\/10"}],"replies":[{"embeddable":true,"href":"https:\/\/www.ecovis.com\/switzerland\/wp-json\/wp\/v2\/comments?post=2239"}],"version-history":[{"count":6,"href":"https:\/\/www.ecovis.com\/switzerland\/wp-json\/wp\/v2\/posts\/2239\/revisions"}],"predecessor-version":[{"id":2446,"href":"https:\/\/www.ecovis.com\/switzerland\/wp-json\/wp\/v2\/posts\/2239\/revisions\/2446"}],"wp:attachment":[{"href":"https:\/\/www.ecovis.com\/switzerland\/wp-json\/wp\/v2\/media?parent=2239"}],"wp:term":[{"taxonomy":"category","embeddable":true,"href":"https:\/\/www.ecovis.com\/switzerland\/wp-json\/wp\/v2\/categories?post=2239"},{"taxonomy":"post_tag","embeddable":true,"href":"https:\/\/www.ecovis.com\/switzerland\/wp-json\/wp\/v2\/tags?post=2239"}],"curies":[{"name":"wp","href":"https:\/\/api.w.org\/{rel}","templated":true}]}}