{"id":2196,"date":"2020-01-06T10:40:33","date_gmt":"2020-01-06T09:40:33","guid":{"rendered":"https:\/\/www.ecovis.com\/switzerland\/?p=2196"},"modified":"2021-08-30T14:03:47","modified_gmt":"2021-08-30T12:03:47","slug":"newsletter-ecovis-aktuell-jahreswechsel-2019-2020","status":"publish","type":"post","link":"https:\/\/www.ecovis.com\/switzerland\/blog\/newsletter-ecovis-aktuell-jahreswechsel-2019-2020\/","title":{"rendered":"Newsletter ECOVIS Aktuell \/ Jahreswechsel 2019\/2020"},"content":{"rendered":"<p>Liebe Leserin, lieber Leser<\/p>\n<p>Zum Jahreswechsel bedienen wir Sie auch dieses Jahr gerne mit einer Auswahl von Themen aus unserem T\u00e4tigkeitsgebiet, die auch f\u00fcr Sie von Interesse sein k\u00f6nnten. Einzelheiten vertiefen wir gerne mit Ihnen im pers\u00f6nlichen Gespr\u00e4ch. Nehmen Sie Kontakt mit uns auf \u2013 wir sind gerne f\u00fcr Sie da und beraten Sie pers\u00f6nlich und kompetent.<\/p>\n<p>Bei dieser Gelegenheit danken wir Ihnen herzlich f\u00fcr die angenehme und konstruktive Zusammenarbeit und das Vertrauen, das Sie uns und unserem Unternehmen entgegenbringen. Wir w\u00fcnschen Ihnen einen guten Start in ein erfolgreiches Jahr 2020 mit vielen interessanten Begegnungen und Gespr\u00e4chen.<\/p>\n<p>Ihr ECOVIS-Team<\/p>\n<h3>Inhalt<\/h3>\n<div class=\"su-accordion su-u-trim\"><div class=\"su-spoiler su-spoiler-style-default su-spoiler-icon-plus su-spoiler-closed\" data-scroll-offset=\"0\" data-anchor-in-url=\"no\"><div class=\"su-spoiler-title\" tabindex=\"0\" role=\"button\"><span class=\"su-spoiler-icon\"><\/span>1. Neues Verj\u00e4hrungsrecht im Obligationenrecht \u2013 das Wichtigste in K\u00fcrze<\/div><div class=\"su-spoiler-content su-u-clearfix su-u-trim\">\n<div class=\"su-row\"><div class=\"su-column su-column-size-4-5\"><div class=\"su-column-inner su-u-clearfix su-u-trim\">\n<p style=\"text-align: justify\">Am <strong>1. Januar 2020<\/strong> tritt nach unbenutztem Ablauf der Referendumsfrist das revidierte Verj\u00e4hrungsrecht in Kraft. Das in der \u00d6ffentlichkeit breit und emotionsgeladen debattierte Gesetzesprojekt nahm \u00fcber ein Jahrzehnt in Anspruch. Die Diskussion war unter anderem deshalb ausgel\u00f6st worden, weil bei zahlreichen Asbestgesch\u00e4digten, deren asbestbedingte Krankheit oft erst viele Jahre nach dem sch\u00e4digenden Ereignis ausbrach, die Verj\u00e4hrung bereits eingetreten war. Die unbefriedigende Rechtslage fand Einzug in viele Medienberichterstattungen und f\u00fchrte schliesslich zur Verurteilung der Schweiz durch den Europ\u00e4ischen Gerichtshof f\u00fcr Menschenrechte wegen Verletzung des Rechts auf ein faires Verfahren gem\u00e4ss Art. 6 Abs. 1 EMRK (Urteil des EGMR vom 11. M\u00e4rz 2014, Howald Moor gegen Schweiz, Beschwerde Nr. 52067\/10 und 41072\/11).<\/p>\n<p style=\"text-align: justify\">Das Gesetz kennt eine relative sowie eine absolute Verj\u00e4hrungsfrist. Die <strong>relative Frist<\/strong> ist subjektiv bestimmt. Die Frist beginnt erst ab Kenntnis des Schadens und des Sch\u00e4digers zu laufen. Die absolute Frist ist demgegen\u00fcber objektiv bestimmt und beginnt bereits mit dem sch\u00e4digenden Verhalten bzw. dessen Ende. Ist die absolute Frist bereits verstrichen, ist der Anspruch verj\u00e4hrt, unabh\u00e4ngig davon, ob die relative Frist \u00fcberhaupt schon zu laufen begonnen hat.<\/p>\n<p style=\"text-align: justify\">Bisher betrug die relative Verj\u00e4hrungsfrist der Deliktshaftung ein Jahr (Art. 60 OR). Diese Frist wurde im Zuge der Revision neu auf drei Jahre ausgedehnt. Die absolute Verj\u00e4hrungsfrist dauert grunds\u00e4tzlich unver\u00e4ndert zehn Jahre. Bei Personensch\u00e4den, d.h. bei T\u00f6tung eines Menschen oder K\u00f6rperverletzung, wird sie neuerdings auf zwanzig Jahre verl\u00e4ngert. Die absolute Verj\u00e4hrungsfrist beginnt allerdings weiterhin im Zeitpunkt der Pflichtverletzung (resp. an dem Tag an dem das sch\u00e4digende Verhalten aufh\u00f6rte, was nunmehr im Gesetzestext klargestellt wurde) und nicht etwa im Zeitpunkt des erkennbaren Schadenseintritts. Dies bedeutet, dass eine Schadenersatzforderung also auch nach der Neuregelung bereits verj\u00e4hrt sein kann, noch bevor der Schaden \u00fcberhaupt in Erscheinung tritt. Ob die Revision mit Blick auf die Opfer von Langzeitsch\u00e4den wie beispielsweise Asbestgesch\u00e4digte gen\u00fcgt, erscheint daher fraglich.<\/p>\n<\/div><\/div>\n<div class=\"su-column su-column-size-1-5\"><div class=\"su-column-inner su-u-clearfix su-u-trim\"><img loading=\"lazy\" decoding=\"async\" src=\"https:\/\/www.ecovis.com\/switzerland\/wp-content\/uploads\/2020\/08\/pignatelli_chiara.jpg\" width=\"80\" height=\"105\" \/><br \/>\n<small>Chiara Pignatelli<\/small><\/div><\/div><\/div><\/div><\/div>\n<div class=\"su-spoiler su-spoiler-style-default su-spoiler-icon-plus su-spoiler-closed\" data-scroll-offset=\"0\" data-anchor-in-url=\"no\"><div class=\"su-spoiler-title\" tabindex=\"0\" role=\"button\"><span class=\"su-spoiler-icon\"><\/span>2. Sportliche Mehrwertsteuer<\/div><div class=\"su-spoiler-content su-u-clearfix su-u-trim\">\n<div class=\"su-row\"><div class=\"su-column su-column-size-4-5\"><div class=\"su-column-inner su-u-clearfix su-u-trim\">\n<p style=\"text-align: justify\">Seit dem 1. Januar 2018 ist der <u>weltweite Umsatz<\/u> f\u00fcr die Bestimmung der Mehrwertsteuerpflicht massgebend. Diese Regelung hat auch Auswirkungen auf die Welt des Sports. So k\u00f6nnen auch Sportler, Sportteams, Sportverb\u00e4nde, Sportvereine, Managementgesellschaften, Sportfunktion\u00e4re usw. (nachfolgend \u201eSportorganisationen\u201c) mehrwertsteuerpflichtig werden. Dies ist insbesondere dann der Fall, wenn sie an Veranstaltungen im Inland ein Preisgeld gewinnen, Start-\/Antritts- oder Leistungspr\u00e4mien erhalten und zugleich einen weltweiten steuerbaren und steuerbefreiten Umsatz von mindestens CHF 100\u2018000 erzielen (z.B. aus Sponsoringeinnahmen, Pr\u00e4mien und Preisgeldern, dem Verkauf von Sport-\/Fanartikeln oder anderen Gegenst\u00e4nden sowie durch die Vermietung von Gegenst\u00e4nden). Bei gemeinn\u00fctzigen Organisationen liegt die Schwelle des weltweiten Umsatzes bei CHF 150\u2018000.<\/p>\n<p style=\"text-align: justify\">Erf\u00fcllt ein Sportler oder eine Sportorganisation die genannten Voraussetzungen, ist eine Eintragung ins MWST-Register erforderlich. Somit unterliegen s\u00e4mtliche im Inland erzielten Preisgelder, Pr\u00e4mien sowie Verkaufs- und Vermietungsums\u00e4tze der Mehrwertsteuer. Ebenfalls sind Leistungen aus Sponsoring, Werbung und Ver\u00e4usserung von \u00dcbertragungsrechten sowohl von inl\u00e4ndischen als auch von ausl\u00e4ndischen Steuerpflichtigen an inl\u00e4ndische Empf\u00e4nger mit 7,7 % MWST zu fakturieren. Nicht der Steuer unterliegen hingegen Erl\u00f6se aus dem Verkauf von Eintrittstickets, Spenden und Leistungen aus Arbeitsvertrag.<\/p>\n<p style=\"text-align: justify\">Eine M\u00f6glichkeit zur Vereinfachung bei der Erfassung ausl\u00e4ndischer Steuerpflichtiger besteht, wenn sie im Inland lediglich Preisgelder oder Pr\u00e4mien erhalten. In diesem Fall kann der inl\u00e4ndische Veranstalter freiwillig die Mehrwertsteuer auf den von ihm ausgerichteten Leistungen im Namen des Sportlers abrechnen. Steuerschuldner bleibt jedoch immer der ausl\u00e4ndische Sportler resp. die ausl\u00e4ndische Sportorganisation.<\/p>\n<\/div><\/div>\n<div class=\"su-column su-column-size-1-5\"><div class=\"su-column-inner su-u-clearfix su-u-trim\"><a href=\"https:\/\/www.ecovis.com\/switzerland\/ansprechpartner\/marianne-esther-meier\/\"><img loading=\"lazy\" decoding=\"async\" src=\"https:\/\/www.ecovis.com\/switzerland\/wp-content\/uploads\/2020\/08\/meier_marianne.jpeg\" width=\"80\" height=\"105\" \/><small>Marianne Esther Meier<\/small><\/a><\/div><\/div><\/div><\/div><\/div>\n<div class=\"su-spoiler su-spoiler-style-default su-spoiler-icon-plus su-spoiler-closed\" data-scroll-offset=\"0\" data-anchor-in-url=\"no\"><div class=\"su-spoiler-title\" tabindex=\"0\" role=\"button\"><span class=\"su-spoiler-icon\"><\/span>3. Beitragss\u00e4tze, Leistungen und Grenzwerte der Sozialversicherungen<\/div><div class=\"su-spoiler-content su-u-clearfix su-u-trim\">\n<p style=\"text-align: justify\">Nachstehend eine \u00dcbersicht \u00fcber die wichtigsten Beitragss\u00e4tze, Leistungen und Grenzwerte der Sozialversicherungen. Mit der Inkraftsetzung des Bundesgesetzes \u00fcber die Steuerreform und die AHV-Finanzierung (STAF) auf den 1. Januar 2020 steigen die AHV-Beitr\u00e4ge erstmals seit 1975. Auch die Beitr\u00e4ge f\u00fcr Nichterwerbst\u00e4tige und Selbst\u00e4ndigerwerbende sind davon betroffen.<\/p>\n<p><img loading=\"lazy\" decoding=\"async\" class=\"alignnone wp-image-962\" src=\"https:\/\/www.ecovis.com\/switzerland\/wp-content\/uploads\/2020\/08\/tabelle_19-20-768x455-1.jpg\" alt=\"\" width=\"576\" height=\"342\" \/><\/p>\n<\/div><\/div>\n<div class=\"su-spoiler su-spoiler-style-default su-spoiler-icon-plus su-spoiler-closed\" data-scroll-offset=\"0\" data-anchor-in-url=\"no\"><div class=\"su-spoiler-title\" tabindex=\"0\" role=\"button\"><span class=\"su-spoiler-icon\"><\/span>4. Auswirkungen von STAF auf Privatpersonen<\/div><div class=\"su-spoiler-content su-u-clearfix su-u-trim\">\n<div class=\"su-row\"><div class=\"su-column su-column-size-4-5\"><div class=\"su-column-inner su-u-clearfix su-u-trim\">\n<p style=\"text-align: justify\">Nachdem bislang haupts\u00e4chlich \u00fcber die Auswirkungen von STAF auf die juristischen Personen berichtet wurde, fassen wir nachstehend kurz zusammen, wo auch nat\u00fcrliche Personen von dieser Gesetzesanpassung betroffen sein k\u00f6nnen (Fokus Kanton Z\u00fcrich).<\/p>\n<p style=\"text-align: justify\">Ohne weiter \u00fcber die Ausgestaltung der neu kreierten Patentbox oder des zus\u00e4tzlichen Abzugs f\u00fcr Forschung und Entwicklung einzugehen, gilt es zu beachten, dass diese Sven Gutbrod M\u00f6glichkeiten grunds\u00e4tzlich auch von <strong>Selbst\u00e4ndigerwerbenden<\/strong> genutzt werden k\u00f6nnen.<\/p>\n<p style=\"text-align: justify\">Im Bereich der privilegierten <strong>Dividendenbesteuerung<\/strong> (Beteiligungsquote von mindestens 10 %) \u00e4ndert der Kanton Z\u00fcrich vom Teilsatz- auf das Teilbesteuerungsverfahren und \u00fcbernimmt das bisherige Konzept der Direkten Bundessteuer. Der Kanton Z\u00fcrich besteuert ab 2020 50 % der Dividendenaussch\u00fcttung (Bund neu 70 %) und wird diese Quote voraussichtlich per 1. Januar 2023 auf 60 % erh\u00f6hen.<\/p>\n<p style=\"text-align: justify\">Die in den vergangenen Jahren bei b\u00f6rsenkotierten Schweizer Gesellschaften sehr beliebte und grunds\u00e4tzlich im Privatverm\u00f6gen nicht besteuerte <strong>R\u00fcckzahlung von Kapitaleinlagereserven<\/strong> erf\u00e4hrt dahingehend eine Einschr\u00e4nkung, dass neu eine steuerpflichtige Dividende in mindestens gleichem Umfang wie die R\u00fcckzahlung von Kapitaleinlagereserven ausbezahlt werden muss.<\/p>\n<p style=\"text-align: justify\">Eine <strong>Transponierung<\/strong> (\u00dcberf\u00fchrung von Beteiligungsrechten aus dem Privatverm\u00f6gen einer nat\u00fcrlichen Person in das Gesch\u00e4ftsverm\u00f6gen einer von dieser Person beherrschten juristischen Person oder Personenunternehmung) kann neu auch dann zu einem steuerbaren Verm\u00f6gensertrag f\u00fchren, wenn weniger als 5 % vom Grund- oder Stammkapital einer Kapitalgesellschaft oder Genossenschaft \u00fcbertragen werden. M\u00f6gliche negative Steuerfolgen sind deshalb nun selbst bei der \u00dcbertragung von Aktien im Streubesitz (bspw. in einem Bankdepot) zu beachten. \u00dcbersteigt der Erl\u00f6s aus der Beteiligungs\u00fcbertragung den Nennwert und die anteiligen Reserven aus Kapitaleinlagen der \u00fcbertragenen Beteiligung, stellt die Differenz steuerbaren Verm\u00f6gensertrag dar.<\/p>\n<p style=\"text-align: justify\">Die Besteuerung von <strong>Gratisaktien<\/strong> ist auf 2020 von allen Kantonen einzuf\u00fchren. Im Kanton Z\u00fcrich werden daraus resultierende Ertr\u00e4ge analog der Direkten Bundessteuer im Zeitpunkt der Ausgabe steuerbar.<\/p>\n<p style=\"text-align: justify\">Und nicht zu vergessen ist die Erh\u00f6hung der AHV-Beitr\u00e4ge, welche die Arbeitnehmenden zur H\u00e4lfte in Form eines h\u00f6heren Lohnabzugs mittragen. Bei den Selbst\u00e4ndigerwerbenden erh\u00f6ht sich der maximale Beitragssatz auf 9,95 % (bisher 9,65 %).<\/p>\n<\/div><\/div>\n<div class=\"su-column su-column-size-1-5\"><div class=\"su-column-inner su-u-clearfix su-u-trim\"><a href=\"https:\/\/www.ecovis.com\/switzerland\/ansprechpartner\/sven-gutbrod\/\"><img loading=\"lazy\" decoding=\"async\" src=\"https:\/\/www.ecovis.com\/switzerland\/wp-content\/uploads\/2020\/07\/gutbrod_sven.jpeg\" width=\"80\" height=\"105\" \/><small>Sven Gutbrod<\/small><\/a><\/div><\/div><\/div><\/div><\/div>\n<div class=\"su-spoiler su-spoiler-style-default su-spoiler-icon-plus su-spoiler-closed\" data-scroll-offset=\"0\" data-anchor-in-url=\"no\"><div class=\"su-spoiler-title\" tabindex=\"0\" role=\"button\"><span class=\"su-spoiler-icon\"><\/span>5 Die QR-Rechnung steht kurz vor der Einf\u00fchrung<\/div><div class=\"su-spoiler-content su-u-clearfix su-u-trim\">\n<div class=\"su-row\"><div class=\"su-column su-column-size-4-5\"><div class=\"su-column-inner su-u-clearfix su-u-trim\">\n<p style=\"text-align: justify\">Mit der Einf\u00fchrung der QR-Rechnung (Quick Response) am 30. Juni 2020 beginnt eine neue \u00c4ra im Zahlungsverkehr. Die QR-Rechnung ersetzt die roten und orangen Einzahlungsscheine und erm\u00f6glicht eine massive Effizienzsteigerung durch eine weitgehend automatisierte Verarbeitung. Die Einf\u00fchrung ist aber nicht nur f\u00fcr die Finanzinstitute anspruchsvoll, sondern auch die Rechnungssteller sind gefordert. Hard- und Software m\u00fcssen an die neuen Anforderungen angepasst werden, damit der Effizienzgewinn auch tats\u00e4chlich realisiert werden kann und die Umstellung nicht zu einem massiven Mehraufwand f\u00fchrt. Wir empfehlen eine rechtzeitige \u00dcberpr\u00fcfung der Infrastruktur und eine sorgf\u00e4ltige Vorbereitung auf die Umstellung.<\/p>\n<\/div><\/div>\n<div class=\"su-column su-column-size-1-5\"><div class=\"su-column-inner su-u-clearfix su-u-trim\"><a href=\"https:\/\/www.ecovis.com\/switzerland\/ansprechpartner\/marcel-p-de-boni\/\"><img loading=\"lazy\" decoding=\"async\" src=\"https:\/\/www.ecovis.com\/switzerland\/wp-content\/uploads\/2020\/07\/de-boni_marcel.jpeg\" width=\"80\" height=\"105\" \/><small>Marcel P. De Boni<\/small><\/a><\/div><\/div>\n<\/div>\n<\/div><\/div>\n<\/div>\n<ul>\n<li><a href=\"https:\/\/www.ecovis.com\/switzerland\/wp-content\/uploads\/2020\/01\/newsletter_jahreswechsel_2019-2020.pdf\" target=\"_blank\" rel=\"noopener noreferrer\">Newsletter ECOVIS Aktuell \/ Jahreswechsel 2019\/20 als PDF<\/a><\/li>\n<\/ul>\n","protected":false},"excerpt":{"rendered":"<p>Neues Verj\u00e4hrungsrecht im Obligationenrecht \u2013 das Wichtigste in K\u00fcrze; Sportliche Mehrwertsteuer; Beitragss\u00e4tze, Leistungen und Grenzwerte der Sozialversicherungen; Auswirkungen von STAF auf Privatpersonen; Die QR-Rechnung steht kurz vor der Einf\u00fchrung<\/p>\n","protected":false},"author":9,"featured_media":0,"comment_status":"closed","ping_status":"open","sticky":false,"template":"","format":"standard","meta":{"_acf_changed":false,"footnotes":""},"categories":[29],"tags":[],"class_list":["post-2196","post","type-post","status-publish","format-standard","hentry","category-newsletter"],"acf":[],"yoast_head":"<!-- This site is optimized with the Yoast SEO plugin v27.4 - https:\/\/yoast.com\/product\/yoast-seo-wordpress\/ -->\n<title>Newsletter ECOVIS Aktuell \/ Jahreswechsel 2019\/2020 - Ecovis in der Schweiz<\/title>\n<meta name=\"robots\" content=\"index, follow, max-snippet:-1, max-image-preview:large, max-video-preview:-1\" \/>\n<link rel=\"canonical\" href=\"https:\/\/www.ecovis.com\/switzerland\/blog\/newsletter-ecovis-aktuell-jahreswechsel-2019-2020\/\" \/>\n<meta property=\"og:locale\" content=\"de_DE\" \/>\n<meta property=\"og:type\" content=\"article\" \/>\n<meta property=\"og:title\" content=\"Newsletter ECOVIS Aktuell \/ Jahreswechsel 2019\/2020 - Ecovis in der Schweiz\" \/>\n<meta property=\"og:description\" content=\"Neues Verj\u00e4hrungsrecht im Obligationenrecht \u2013 das Wichtigste in K\u00fcrze; Sportliche Mehrwertsteuer; Beitragss\u00e4tze, Leistungen und Grenzwerte der Sozialversicherungen; Auswirkungen von STAF auf Privatpersonen; Die QR-Rechnung steht kurz vor der Einf\u00fchrung\" \/>\n<meta property=\"og:url\" content=\"https:\/\/www.ecovis.com\/switzerland\/blog\/newsletter-ecovis-aktuell-jahreswechsel-2019-2020\/\" \/>\n<meta property=\"og:site_name\" content=\"Ecovis in der Schweiz\" \/>\n<meta property=\"article:published_time\" content=\"2020-01-06T09:40:33+00:00\" \/>\n<meta property=\"article:modified_time\" content=\"2021-08-30T12:03:47+00:00\" \/>\n<meta property=\"og:image\" content=\"https:\/\/www.ecovis.com\/switzerland\/wp-content\/uploads\/2020\/08\/pignatelli_chiara.jpg\" \/>\n<meta name=\"author\" content=\"switz4admin\" \/>\n<meta name=\"twitter:card\" content=\"summary_large_image\" \/>\n<meta name=\"twitter:label1\" content=\"Verfasst von\" \/>\n\t<meta name=\"twitter:data1\" content=\"switz4admin\" \/>\n\t<meta name=\"twitter:label2\" content=\"Gesch\u00e4tzte Lesezeit\" \/>\n\t<meta name=\"twitter:data2\" content=\"7\u00a0Minuten\" \/>\n<script type=\"application\/ld+json\" class=\"yoast-schema-graph\">{\"@context\":\"https:\\\/\\\/schema.org\",\"@graph\":[{\"@type\":\"Article\",\"@id\":\"https:\\\/\\\/www.ecovis.com\\\/switzerland\\\/blog\\\/newsletter-ecovis-aktuell-jahreswechsel-2019-2020\\\/#article\",\"isPartOf\":{\"@id\":\"https:\\\/\\\/www.ecovis.com\\\/switzerland\\\/blog\\\/newsletter-ecovis-aktuell-jahreswechsel-2019-2020\\\/\"},\"author\":{\"name\":\"switz4admin\",\"@id\":\"https:\\\/\\\/www.ecovis.com\\\/switzerland\\\/#\\\/schema\\\/person\\\/1b237c0a701b72e6a446c8e39b92aeab\"},\"headline\":\"Newsletter ECOVIS Aktuell \\\/ Jahreswechsel 2019\\\/2020\",\"datePublished\":\"2020-01-06T09:40:33+00:00\",\"dateModified\":\"2021-08-30T12:03:47+00:00\",\"mainEntityOfPage\":{\"@id\":\"https:\\\/\\\/www.ecovis.com\\\/switzerland\\\/blog\\\/newsletter-ecovis-aktuell-jahreswechsel-2019-2020\\\/\"},\"wordCount\":1336,\"image\":{\"@id\":\"https:\\\/\\\/www.ecovis.com\\\/switzerland\\\/blog\\\/newsletter-ecovis-aktuell-jahreswechsel-2019-2020\\\/#primaryimage\"},\"thumbnailUrl\":\"https:\\\/\\\/www.ecovis.com\\\/switzerland\\\/wp-content\\\/uploads\\\/2020\\\/08\\\/pignatelli_chiara.jpg\",\"articleSection\":[\"Newsletter\"],\"inLanguage\":\"de\"},{\"@type\":\"WebPage\",\"@id\":\"https:\\\/\\\/www.ecovis.com\\\/switzerland\\\/blog\\\/newsletter-ecovis-aktuell-jahreswechsel-2019-2020\\\/\",\"url\":\"https:\\\/\\\/www.ecovis.com\\\/switzerland\\\/blog\\\/newsletter-ecovis-aktuell-jahreswechsel-2019-2020\\\/\",\"name\":\"Newsletter ECOVIS Aktuell \\\/ Jahreswechsel 2019\\\/2020 - Ecovis in der Schweiz\",\"isPartOf\":{\"@id\":\"https:\\\/\\\/www.ecovis.com\\\/switzerland\\\/#website\"},\"primaryImageOfPage\":{\"@id\":\"https:\\\/\\\/www.ecovis.com\\\/switzerland\\\/blog\\\/newsletter-ecovis-aktuell-jahreswechsel-2019-2020\\\/#primaryimage\"},\"image\":{\"@id\":\"https:\\\/\\\/www.ecovis.com\\\/switzerland\\\/blog\\\/newsletter-ecovis-aktuell-jahreswechsel-2019-2020\\\/#primaryimage\"},\"thumbnailUrl\":\"https:\\\/\\\/www.ecovis.com\\\/switzerland\\\/wp-content\\\/uploads\\\/2020\\\/08\\\/pignatelli_chiara.jpg\",\"datePublished\":\"2020-01-06T09:40:33+00:00\",\"dateModified\":\"2021-08-30T12:03:47+00:00\",\"author\":{\"@id\":\"https:\\\/\\\/www.ecovis.com\\\/switzerland\\\/#\\\/schema\\\/person\\\/1b237c0a701b72e6a446c8e39b92aeab\"},\"breadcrumb\":{\"@id\":\"https:\\\/\\\/www.ecovis.com\\\/switzerland\\\/blog\\\/newsletter-ecovis-aktuell-jahreswechsel-2019-2020\\\/#breadcrumb\"},\"inLanguage\":\"de\",\"potentialAction\":[{\"@type\":\"ReadAction\",\"target\":[\"https:\\\/\\\/www.ecovis.com\\\/switzerland\\\/blog\\\/newsletter-ecovis-aktuell-jahreswechsel-2019-2020\\\/\"]}]},{\"@type\":\"ImageObject\",\"inLanguage\":\"de\",\"@id\":\"https:\\\/\\\/www.ecovis.com\\\/switzerland\\\/blog\\\/newsletter-ecovis-aktuell-jahreswechsel-2019-2020\\\/#primaryimage\",\"url\":\"https:\\\/\\\/www.ecovis.com\\\/switzerland\\\/wp-content\\\/uploads\\\/2020\\\/08\\\/pignatelli_chiara.jpg\",\"contentUrl\":\"https:\\\/\\\/www.ecovis.com\\\/switzerland\\\/wp-content\\\/uploads\\\/2020\\\/08\\\/pignatelli_chiara.jpg\",\"width\":80,\"height\":105},{\"@type\":\"BreadcrumbList\",\"@id\":\"https:\\\/\\\/www.ecovis.com\\\/switzerland\\\/blog\\\/newsletter-ecovis-aktuell-jahreswechsel-2019-2020\\\/#breadcrumb\",\"itemListElement\":[{\"@type\":\"ListItem\",\"position\":1,\"name\":\"Ecovis Global\",\"item\":\"https:\\\/\\\/www.ecovis.com\\\/\"},{\"@type\":\"ListItem\",\"position\":2,\"name\":\"Startseite\",\"item\":\"https:\\\/\\\/www.ecovis.com\\\/switzerland\\\/\"},{\"@type\":\"ListItem\",\"position\":3,\"name\":\"Newsletter ECOVIS Aktuell \\\/ Jahreswechsel 2019\\\/2020\"}]},{\"@type\":\"WebSite\",\"@id\":\"https:\\\/\\\/www.ecovis.com\\\/switzerland\\\/#website\",\"url\":\"https:\\\/\\\/www.ecovis.com\\\/switzerland\\\/\",\"name\":\"Ecovis.com\",\"description\":\"\",\"potentialAction\":[{\"@type\":\"SearchAction\",\"target\":{\"@type\":\"EntryPoint\",\"urlTemplate\":\"https:\\\/\\\/www.ecovis.com\\\/switzerland\\\/?s={search_term_string}\"},\"query-input\":{\"@type\":\"PropertyValueSpecification\",\"valueRequired\":true,\"valueName\":\"search_term_string\"}}],\"inLanguage\":\"de\"},{\"@type\":\"Person\",\"@id\":\"https:\\\/\\\/www.ecovis.com\\\/switzerland\\\/#\\\/schema\\\/person\\\/1b237c0a701b72e6a446c8e39b92aeab\",\"name\":\"switz4admin\",\"image\":{\"@type\":\"ImageObject\",\"inLanguage\":\"de\",\"@id\":\"https:\\\/\\\/secure.gravatar.com\\\/avatar\\\/a72516e7c09a387bde3ffdf2cb401bab848239c93f1aeed9e62536d3534ec173?s=96&d=mm&r=g\",\"url\":\"https:\\\/\\\/secure.gravatar.com\\\/avatar\\\/a72516e7c09a387bde3ffdf2cb401bab848239c93f1aeed9e62536d3534ec173?s=96&d=mm&r=g\",\"contentUrl\":\"https:\\\/\\\/secure.gravatar.com\\\/avatar\\\/a72516e7c09a387bde3ffdf2cb401bab848239c93f1aeed9e62536d3534ec173?s=96&d=mm&r=g\",\"caption\":\"switz4admin\"},\"url\":\"https:\\\/\\\/www.ecovis.com\\\/switzerland\\\/blog\\\/author\\\/switz4admin\\\/\"}]}<\/script>\n<!-- \/ Yoast SEO plugin. -->","yoast_head_json":{"title":"Newsletter ECOVIS Aktuell \/ Jahreswechsel 2019\/2020 - Ecovis in der Schweiz","robots":{"index":"index","follow":"follow","max-snippet":"max-snippet:-1","max-image-preview":"max-image-preview:large","max-video-preview":"max-video-preview:-1"},"canonical":"https:\/\/www.ecovis.com\/switzerland\/blog\/newsletter-ecovis-aktuell-jahreswechsel-2019-2020\/","og_locale":"de_DE","og_type":"article","og_title":"Newsletter ECOVIS Aktuell \/ Jahreswechsel 2019\/2020 - Ecovis in der Schweiz","og_description":"Neues Verj\u00e4hrungsrecht im Obligationenrecht \u2013 das Wichtigste in K\u00fcrze; Sportliche Mehrwertsteuer; Beitragss\u00e4tze, Leistungen und Grenzwerte der Sozialversicherungen; Auswirkungen von STAF auf Privatpersonen; Die QR-Rechnung steht kurz vor der Einf\u00fchrung","og_url":"https:\/\/www.ecovis.com\/switzerland\/blog\/newsletter-ecovis-aktuell-jahreswechsel-2019-2020\/","og_site_name":"Ecovis in der Schweiz","article_published_time":"2020-01-06T09:40:33+00:00","article_modified_time":"2021-08-30T12:03:47+00:00","og_image":[{"url":"https:\/\/www.ecovis.com\/switzerland\/wp-content\/uploads\/2020\/08\/pignatelli_chiara.jpg","type":"","width":"","height":""}],"author":"switz4admin","twitter_card":"summary_large_image","twitter_misc":{"Verfasst von":"switz4admin","Gesch\u00e4tzte Lesezeit":"7\u00a0Minuten"},"schema":{"@context":"https:\/\/schema.org","@graph":[{"@type":"Article","@id":"https:\/\/www.ecovis.com\/switzerland\/blog\/newsletter-ecovis-aktuell-jahreswechsel-2019-2020\/#article","isPartOf":{"@id":"https:\/\/www.ecovis.com\/switzerland\/blog\/newsletter-ecovis-aktuell-jahreswechsel-2019-2020\/"},"author":{"name":"switz4admin","@id":"https:\/\/www.ecovis.com\/switzerland\/#\/schema\/person\/1b237c0a701b72e6a446c8e39b92aeab"},"headline":"Newsletter ECOVIS Aktuell \/ Jahreswechsel 2019\/2020","datePublished":"2020-01-06T09:40:33+00:00","dateModified":"2021-08-30T12:03:47+00:00","mainEntityOfPage":{"@id":"https:\/\/www.ecovis.com\/switzerland\/blog\/newsletter-ecovis-aktuell-jahreswechsel-2019-2020\/"},"wordCount":1336,"image":{"@id":"https:\/\/www.ecovis.com\/switzerland\/blog\/newsletter-ecovis-aktuell-jahreswechsel-2019-2020\/#primaryimage"},"thumbnailUrl":"https:\/\/www.ecovis.com\/switzerland\/wp-content\/uploads\/2020\/08\/pignatelli_chiara.jpg","articleSection":["Newsletter"],"inLanguage":"de"},{"@type":"WebPage","@id":"https:\/\/www.ecovis.com\/switzerland\/blog\/newsletter-ecovis-aktuell-jahreswechsel-2019-2020\/","url":"https:\/\/www.ecovis.com\/switzerland\/blog\/newsletter-ecovis-aktuell-jahreswechsel-2019-2020\/","name":"Newsletter ECOVIS Aktuell \/ Jahreswechsel 2019\/2020 - Ecovis in der Schweiz","isPartOf":{"@id":"https:\/\/www.ecovis.com\/switzerland\/#website"},"primaryImageOfPage":{"@id":"https:\/\/www.ecovis.com\/switzerland\/blog\/newsletter-ecovis-aktuell-jahreswechsel-2019-2020\/#primaryimage"},"image":{"@id":"https:\/\/www.ecovis.com\/switzerland\/blog\/newsletter-ecovis-aktuell-jahreswechsel-2019-2020\/#primaryimage"},"thumbnailUrl":"https:\/\/www.ecovis.com\/switzerland\/wp-content\/uploads\/2020\/08\/pignatelli_chiara.jpg","datePublished":"2020-01-06T09:40:33+00:00","dateModified":"2021-08-30T12:03:47+00:00","author":{"@id":"https:\/\/www.ecovis.com\/switzerland\/#\/schema\/person\/1b237c0a701b72e6a446c8e39b92aeab"},"breadcrumb":{"@id":"https:\/\/www.ecovis.com\/switzerland\/blog\/newsletter-ecovis-aktuell-jahreswechsel-2019-2020\/#breadcrumb"},"inLanguage":"de","potentialAction":[{"@type":"ReadAction","target":["https:\/\/www.ecovis.com\/switzerland\/blog\/newsletter-ecovis-aktuell-jahreswechsel-2019-2020\/"]}]},{"@type":"ImageObject","inLanguage":"de","@id":"https:\/\/www.ecovis.com\/switzerland\/blog\/newsletter-ecovis-aktuell-jahreswechsel-2019-2020\/#primaryimage","url":"https:\/\/www.ecovis.com\/switzerland\/wp-content\/uploads\/2020\/08\/pignatelli_chiara.jpg","contentUrl":"https:\/\/www.ecovis.com\/switzerland\/wp-content\/uploads\/2020\/08\/pignatelli_chiara.jpg","width":80,"height":105},{"@type":"BreadcrumbList","@id":"https:\/\/www.ecovis.com\/switzerland\/blog\/newsletter-ecovis-aktuell-jahreswechsel-2019-2020\/#breadcrumb","itemListElement":[{"@type":"ListItem","position":1,"name":"Ecovis Global","item":"https:\/\/www.ecovis.com\/"},{"@type":"ListItem","position":2,"name":"Startseite","item":"https:\/\/www.ecovis.com\/switzerland\/"},{"@type":"ListItem","position":3,"name":"Newsletter ECOVIS Aktuell \/ Jahreswechsel 2019\/2020"}]},{"@type":"WebSite","@id":"https:\/\/www.ecovis.com\/switzerland\/#website","url":"https:\/\/www.ecovis.com\/switzerland\/","name":"Ecovis.com","description":"","potentialAction":[{"@type":"SearchAction","target":{"@type":"EntryPoint","urlTemplate":"https:\/\/www.ecovis.com\/switzerland\/?s={search_term_string}"},"query-input":{"@type":"PropertyValueSpecification","valueRequired":true,"valueName":"search_term_string"}}],"inLanguage":"de"},{"@type":"Person","@id":"https:\/\/www.ecovis.com\/switzerland\/#\/schema\/person\/1b237c0a701b72e6a446c8e39b92aeab","name":"switz4admin","image":{"@type":"ImageObject","inLanguage":"de","@id":"https:\/\/secure.gravatar.com\/avatar\/a72516e7c09a387bde3ffdf2cb401bab848239c93f1aeed9e62536d3534ec173?s=96&d=mm&r=g","url":"https:\/\/secure.gravatar.com\/avatar\/a72516e7c09a387bde3ffdf2cb401bab848239c93f1aeed9e62536d3534ec173?s=96&d=mm&r=g","contentUrl":"https:\/\/secure.gravatar.com\/avatar\/a72516e7c09a387bde3ffdf2cb401bab848239c93f1aeed9e62536d3534ec173?s=96&d=mm&r=g","caption":"switz4admin"},"url":"https:\/\/www.ecovis.com\/switzerland\/blog\/author\/switz4admin\/"}]}},"featured_image_url":"","featured_image_url_large":"","_links":{"self":[{"href":"https:\/\/www.ecovis.com\/switzerland\/wp-json\/wp\/v2\/posts\/2196","targetHints":{"allow":["GET"]}}],"collection":[{"href":"https:\/\/www.ecovis.com\/switzerland\/wp-json\/wp\/v2\/posts"}],"about":[{"href":"https:\/\/www.ecovis.com\/switzerland\/wp-json\/wp\/v2\/types\/post"}],"author":[{"embeddable":true,"href":"https:\/\/www.ecovis.com\/switzerland\/wp-json\/wp\/v2\/users\/9"}],"replies":[{"embeddable":true,"href":"https:\/\/www.ecovis.com\/switzerland\/wp-json\/wp\/v2\/comments?post=2196"}],"version-history":[{"count":8,"href":"https:\/\/www.ecovis.com\/switzerland\/wp-json\/wp\/v2\/posts\/2196\/revisions"}],"predecessor-version":[{"id":2450,"href":"https:\/\/www.ecovis.com\/switzerland\/wp-json\/wp\/v2\/posts\/2196\/revisions\/2450"}],"wp:attachment":[{"href":"https:\/\/www.ecovis.com\/switzerland\/wp-json\/wp\/v2\/media?parent=2196"}],"wp:term":[{"taxonomy":"category","embeddable":true,"href":"https:\/\/www.ecovis.com\/switzerland\/wp-json\/wp\/v2\/categories?post=2196"},{"taxonomy":"post_tag","embeddable":true,"href":"https:\/\/www.ecovis.com\/switzerland\/wp-json\/wp\/v2\/tags?post=2196"}],"curies":[{"name":"wp","href":"https:\/\/api.w.org\/{rel}","templated":true}]}}