{"id":2301,"date":"2019-11-13T13:24:02","date_gmt":"2019-11-13T12:24:02","guid":{"rendered":"https:\/\/www.ecovis.com\/peru\/es\/?p=2301"},"modified":"2021-08-30T11:25:30","modified_gmt":"2021-08-30T09:25:30","slug":"seguridad-y-salud-del-trabajador","status":"publish","type":"post","link":"https:\/\/www.ecovis.com\/peru\/es\/blog\/2019\/11\/13\/seguridad-y-salud-del-trabajador\/","title":{"rendered":"Seguridad y salud del trabajador"},"content":{"rendered":"<p><strong>La Ley N\u00b0 29783, Ley de Seguridad y Salud en el Trabajo, tiene por objeto promover una cultura de prevenci\u00f3n de riesgos laborales en el pa\u00eds.<\/strong><\/p>\n<p><strong>Se aplica a todos los sectores econ\u00f3micos y de servicios que comprende a todos los empleadores y trabajadores del r\u00e9gimen laboral de la actividad privada en todo el territorio nacional, trabajadores y funcionarios del sector p\u00fablico, trabajadores de las Fuerzas Armadas y de la Polic\u00eda Nacional del Per\u00fa, y a trabajadores por cuenta propia.<\/strong><\/p>\n<h3>Medidas para prevenis riesgos laborales<\/h3>\n<p>El empleador se encuentra obligado a prevenir los riesgos laborales en el centro de trabajo con las siguientes medidas:<\/p>\n<ol>\n<li>Elaborar una Pol\u00edtica y un Programa Anual en materia de Seguridad y Salud en el Trabajo: El empleador debe exhibir dicha documentaci\u00f3n en un lugar visible dentro del centro de trabajo.<\/li>\n<li>Elaborar un Reglamento Interno de Seguridad y Salud en el Trabajo: si cuenta con 20 o m\u00e1s trabajadores. El empleador deber\u00e1 entregar una copia del reglamento a cada trabajador.<\/li>\n<li>Constituir un Comit\u00e9 de Seguridad y Salud en el Trabajo: si cuenta con 20 o m\u00e1s trabajadores. Debe estar conformado por igual n\u00famero de representantes por parte del empleador y de los trabajadores.<\/li>\n<li>Designar un Supervisor de Seguridad y Salud en el Trabajo: si cuenta con menos de 20 trabajadores. El supervisor es nombrado por los mismos trabajadores.<\/li>\n<li>Realizar capacitaciones al trabajador: El empleador deber\u00e1 realizar no menos de 04 capacitaciones al a\u00f1o en materia de seguridad y salud en el trabajo.<\/li>\n<li>Elaborar un Mapa de Riesgos: El mapa de riesgos se elaborar\u00e1 con la participaci\u00f3n de la organizaci\u00f3n sindical, representantes de los trabajadores, delegados y el comit\u00e9 de seguridad y salud en el trabajo, el mismo que debe exhibirse en un lugar visible.<\/li>\n<li>Implementar Registros del Sistema de Gesti\u00f3n de la Seguridad y Salud en el Trabajo: Los registros pueden ser llevados a trav\u00e9s de medios f\u00edsicos o electr\u00f3nicos y deben estar actualizados y a disposici\u00f3n de los trabajadores y de la autoridad competente. Estos registros deben contar con la informaci\u00f3n m\u00ednima establecida en los formatos del Ministerio de Trabajo y Promoci\u00f3n del Empleo. Los registros de Gesti\u00f3n de Seguridad y Salud en el trabajo (R\u00e9gimen General), son los siguientes:\n<ol>\n<li>Registro de accidentes de trabajo, enfermedades ocupacionales, incidentes peligrosos y otros incidentes, en el que debe constar la investigaci\u00f3n y las medidas correctivas.<\/li>\n<li>Registro de ex\u00e1menes m\u00e9dicos ocupacionales.<\/li>\n<li>Registro del monitoreo de agentes f\u00edsicos, qu\u00edmicos, biol\u00f3gicos, psicosociales y factores de riesgo disergon\u00f3micos.<\/li>\n<li>Registro de inspecciones internas de seguridad y salud en el trabajo.<\/li>\n<li>Registro de estad\u00edsticas de seguridad y salud.<\/li>\n<li>Registro de equipos de seguridad o emergencia.<\/li>\n<li>Registro de inducci\u00f3n, capacitaci\u00f3n, entrenamiento y simulacros de emergencia.<\/li>\n<li>Registro de auditor\u00edas.<\/li>\n<\/ol>\n<\/li>\n<\/ol>\n<p>En caso de que el empleador cuente con personal bajo modalidad formativa y que presten servicios de manera independiente, siempre que \u00e9stos desarrollen sus actividades total o parcialmente en sus instalaciones, ser\u00e1n registrados en los registros a que se refiere al inciso a).<\/p>\n<p>Las empresas que sean micro o peque\u00f1as empresas (MYPES) pueden optar por acogerse al Sistema Simplificado de dichos registros, es decir:<\/p>\n<ul>\n<li>Registro de accidentes de trabajo, enfermedades ocupacionales, incidentes peligrosos y otros incidentes.<\/li>\n<li>Registro de ex\u00e1menes m\u00e9dicos ocupacionales.<\/li>\n<li>Registro de inspecciones internas de seguridad y salud en el trabajo.<\/li>\n<\/ul>\n<h3>Documentaci\u00f3n des sistema de gesti\u00f3n de la seguridad en el trabajo<\/h3>\n<p>El empleador deber\u00e1 exhibir la siguiente documentaci\u00f3n ante una fiscalizaci\u00f3n de SUNAFIL:<\/p>\n<ul>\n<li>La pol\u00edtica y objetivos en materia de seguridad y salud en el trabajo.<\/li>\n<li>El Reglamento Interno de Seguridad y Salud en el Trabajo.<\/li>\n<li>La identificaci\u00f3n de peligros, evaluaci\u00f3n de riesgos y sus medidas de control.<\/li>\n<li>El mapa de riesgo.<\/li>\n<li>La planificaci\u00f3n de la actividad preventiva.<\/li>\n<li>El Programa Anual de Seguridad y Salud en el Trabajo.<\/li>\n<\/ul>\n<h3>Ex\u00e1menes m\u00e9dicos ocpacionales<\/h3>\n<p>El empleador deber\u00e1 practicar ex\u00e1menes m\u00e9dicos ocupacionales a sus trabajadores de la siguiente manera:<\/p>\n<ul>\n<li>Cada dos a\u00f1os debe practicarse ex\u00e1menes m\u00e9dicos ocupacionales a los trabajadores.<\/li>\n<li>Para el caso de nuevos trabajadores se debe tomar en cuenta su fecha de ingreso.<\/li>\n<li>Para el caso de los trabajadores con v\u00ednculo vigentes se debe tomar en cuenta la fecha del \u00faltimo examen m\u00e9dico.<\/li>\n<li>Los trabajadores o empleadores podr\u00e1n solicitar al t\u00e9rmino de la relaci\u00f3n laboral, la realizaci\u00f3n de un examen m\u00e9dico ocupacional de salida.<\/li>\n<\/ul>\n<p>Se debe tener en cuenta que lo mencionado no aplica a las empresas que realizan actividades de alto riesgo, ya que estas deben realizarlo antes, durante y al t\u00e9rmino de la relaci\u00f3n laboral.<\/p>\n<p>Asimismo, en ning\u00fan caso el costo del examen m\u00e9dico ser\u00e1 asumido por el trabajador.<\/p>\n<h3>Cuadro de infracciones<\/h3>\n<table class=\"ecovistable\">\n<tbody>\n<tr>\n<td>Infracciones Leves<\/td>\n<td>Infracciones Graves<\/td>\n<td>Infracciones Muy Graves<\/td>\n<\/tr>\n<tr>\n<td>Incumplimiento de obligaciones meramente formales<\/td>\n<td>Incumplimientos contrarios a los derechos de los trabajadores o cuando se trasciende lo meramente formal y las referidas a inspecciones.<\/td>\n<td>Incumplimientos de especial trascendencia, que afectan derechos o a los trabajadores especialmente protegidos.<\/td>\n<\/tr>\n<\/tbody>\n<\/table>\n","protected":false},"excerpt":{"rendered":"<p>La Ley N\u00b0 29783, Ley de Seguridad y Salud en el Trabajo, tiene por objeto promover una cultura de prevenci\u00f3n de riesgos laborales en el pa\u00eds. Se aplica a todos los sectores econ\u00f3micos y de servicios que comprende a todos los empleadores y trabajadores del r\u00e9gimen laboral de la actividad privada en todo el territorio [&hellip;]<\/p>\n","protected":false},"author":16,"featured_media":0,"comment_status":"closed","ping_status":"open","sticky":false,"template":"","format":"standard","meta":{"_acf_changed":false,"footnotes":""},"categories":[29],"tags":[],"class_list":["post-2301","post","type-post","status-publish","format-standard","hentry","category-noticias"],"acf":[],"yoast_head":"<!-- This site is optimized with the Yoast SEO plugin v27.4 - https:\/\/yoast.com\/product\/yoast-seo-wordpress\/ -->\n<title>Seguridad y salud del trabajador - Ecovis en Per\u00fa<\/title>\n<meta name=\"robots\" content=\"index, follow, max-snippet:-1, max-image-preview:large, max-video-preview:-1\" \/>\n<link rel=\"canonical\" href=\"https:\/\/www.ecovis.com\/peru\/es\/blog\/2019\/11\/13\/seguridad-y-salud-del-trabajador\/\" \/>\n<meta property=\"og:locale\" content=\"en_US\" \/>\n<meta property=\"og:type\" content=\"article\" \/>\n<meta property=\"og:title\" content=\"Seguridad y salud del trabajador - Ecovis en Per\u00fa\" \/>\n<meta property=\"og:description\" content=\"La Ley N\u00b0 29783, Ley de Seguridad y Salud en el Trabajo, tiene por objeto promover una cultura de prevenci\u00f3n de riesgos laborales en el pa\u00eds. Se aplica a todos los sectores econ\u00f3micos y de servicios que comprende a todos los empleadores y trabajadores del r\u00e9gimen laboral de la actividad privada en todo el territorio [&hellip;]\" \/>\n<meta property=\"og:url\" content=\"https:\/\/www.ecovis.com\/peru\/es\/blog\/2019\/11\/13\/seguridad-y-salud-del-trabajador\/\" \/>\n<meta property=\"og:site_name\" content=\"Ecovis en Per\u00fa\" \/>\n<meta property=\"article:published_time\" content=\"2019-11-13T12:24:02+00:00\" \/>\n<meta property=\"article:modified_time\" content=\"2021-08-30T09:25:30+00:00\" \/>\n<meta name=\"author\" content=\"fg_peru\" \/>\n<meta name=\"twitter:card\" content=\"summary_large_image\" \/>\n<meta name=\"twitter:label1\" content=\"Written by\" \/>\n\t<meta name=\"twitter:data1\" content=\"fg_peru\" \/>\n\t<meta name=\"twitter:label2\" content=\"Est. reading time\" \/>\n\t<meta name=\"twitter:data2\" content=\"4 minutes\" \/>\n<script type=\"application\/ld+json\" class=\"yoast-schema-graph\">{\"@context\":\"https:\\\/\\\/schema.org\",\"@graph\":[{\"@type\":\"Article\",\"@id\":\"https:\\\/\\\/www.ecovis.com\\\/peru\\\/es\\\/blog\\\/2019\\\/11\\\/13\\\/seguridad-y-salud-del-trabajador\\\/#article\",\"isPartOf\":{\"@id\":\"https:\\\/\\\/www.ecovis.com\\\/peru\\\/es\\\/blog\\\/2019\\\/11\\\/13\\\/seguridad-y-salud-del-trabajador\\\/\"},\"author\":{\"name\":\"fg_peru\",\"@id\":\"https:\\\/\\\/www.ecovis.com\\\/peru\\\/es\\\/#\\\/schema\\\/person\\\/e102ade7614af74ed7d7998c27a77120\"},\"headline\":\"Seguridad y salud del trabajador\",\"datePublished\":\"2019-11-13T12:24:02+00:00\",\"dateModified\":\"2021-08-30T09:25:30+00:00\",\"mainEntityOfPage\":{\"@id\":\"https:\\\/\\\/www.ecovis.com\\\/peru\\\/es\\\/blog\\\/2019\\\/11\\\/13\\\/seguridad-y-salud-del-trabajador\\\/\"},\"wordCount\":858,\"articleSection\":[\"Noticias\"],\"inLanguage\":\"en-US\"},{\"@type\":\"WebPage\",\"@id\":\"https:\\\/\\\/www.ecovis.com\\\/peru\\\/es\\\/blog\\\/2019\\\/11\\\/13\\\/seguridad-y-salud-del-trabajador\\\/\",\"url\":\"https:\\\/\\\/www.ecovis.com\\\/peru\\\/es\\\/blog\\\/2019\\\/11\\\/13\\\/seguridad-y-salud-del-trabajador\\\/\",\"name\":\"Seguridad y salud del trabajador - Ecovis en Per\u00fa\",\"isPartOf\":{\"@id\":\"https:\\\/\\\/www.ecovis.com\\\/peru\\\/es\\\/#website\"},\"datePublished\":\"2019-11-13T12:24:02+00:00\",\"dateModified\":\"2021-08-30T09:25:30+00:00\",\"author\":{\"@id\":\"https:\\\/\\\/www.ecovis.com\\\/peru\\\/es\\\/#\\\/schema\\\/person\\\/e102ade7614af74ed7d7998c27a77120\"},\"breadcrumb\":{\"@id\":\"https:\\\/\\\/www.ecovis.com\\\/peru\\\/es\\\/blog\\\/2019\\\/11\\\/13\\\/seguridad-y-salud-del-trabajador\\\/#breadcrumb\"},\"inLanguage\":\"en-US\",\"potentialAction\":[{\"@type\":\"ReadAction\",\"target\":[\"https:\\\/\\\/www.ecovis.com\\\/peru\\\/es\\\/blog\\\/2019\\\/11\\\/13\\\/seguridad-y-salud-del-trabajador\\\/\"]}]},{\"@type\":\"BreadcrumbList\",\"@id\":\"https:\\\/\\\/www.ecovis.com\\\/peru\\\/es\\\/blog\\\/2019\\\/11\\\/13\\\/seguridad-y-salud-del-trabajador\\\/#breadcrumb\",\"itemListElement\":[{\"@type\":\"ListItem\",\"position\":1,\"name\":\"Ecovis Global\",\"item\":\"https:\\\/\\\/www.ecovis.com\\\/\"},{\"@type\":\"ListItem\",\"position\":2,\"name\":\"Inicio\",\"item\":\"https:\\\/\\\/www.ecovis.com\\\/peru\\\/es\\\/\"},{\"@type\":\"ListItem\",\"position\":3,\"name\":\"Seguridad y salud del trabajador\"}]},{\"@type\":\"WebSite\",\"@id\":\"https:\\\/\\\/www.ecovis.com\\\/peru\\\/es\\\/#website\",\"url\":\"https:\\\/\\\/www.ecovis.com\\\/peru\\\/es\\\/\",\"name\":\"Ecovis.com\",\"description\":\"\",\"potentialAction\":[{\"@type\":\"SearchAction\",\"target\":{\"@type\":\"EntryPoint\",\"urlTemplate\":\"https:\\\/\\\/www.ecovis.com\\\/peru\\\/es\\\/?s={search_term_string}\"},\"query-input\":{\"@type\":\"PropertyValueSpecification\",\"valueRequired\":true,\"valueName\":\"search_term_string\"}}],\"inLanguage\":\"en-US\"},{\"@type\":\"Person\",\"@id\":\"https:\\\/\\\/www.ecovis.com\\\/peru\\\/es\\\/#\\\/schema\\\/person\\\/e102ade7614af74ed7d7998c27a77120\",\"name\":\"fg_peru\",\"image\":{\"@type\":\"ImageObject\",\"inLanguage\":\"en-US\",\"@id\":\"https:\\\/\\\/secure.gravatar.com\\\/avatar\\\/d8f8cdb8dedf4903b4419a5b22f1a43436ad0387b7c6d10390caed756603f27f?s=96&d=mm&r=g\",\"url\":\"https:\\\/\\\/secure.gravatar.com\\\/avatar\\\/d8f8cdb8dedf4903b4419a5b22f1a43436ad0387b7c6d10390caed756603f27f?s=96&d=mm&r=g\",\"contentUrl\":\"https:\\\/\\\/secure.gravatar.com\\\/avatar\\\/d8f8cdb8dedf4903b4419a5b22f1a43436ad0387b7c6d10390caed756603f27f?s=96&d=mm&r=g\",\"caption\":\"fg_peru\"},\"url\":\"https:\\\/\\\/www.ecovis.com\\\/peru\\\/es\\\/blog\\\/author\\\/fg_peru\\\/\"}]}<\/script>\n<!-- \/ Yoast SEO plugin. -->","yoast_head_json":{"title":"Seguridad y salud del trabajador - Ecovis en Per\u00fa","robots":{"index":"index","follow":"follow","max-snippet":"max-snippet:-1","max-image-preview":"max-image-preview:large","max-video-preview":"max-video-preview:-1"},"canonical":"https:\/\/www.ecovis.com\/peru\/es\/blog\/2019\/11\/13\/seguridad-y-salud-del-trabajador\/","og_locale":"en_US","og_type":"article","og_title":"Seguridad y salud del trabajador - Ecovis en Per\u00fa","og_description":"La Ley N\u00b0 29783, Ley de Seguridad y Salud en el Trabajo, tiene por objeto promover una cultura de prevenci\u00f3n de riesgos laborales en el pa\u00eds. Se aplica a todos los sectores econ\u00f3micos y de servicios que comprende a todos los empleadores y trabajadores del r\u00e9gimen laboral de la actividad privada en todo el territorio [&hellip;]","og_url":"https:\/\/www.ecovis.com\/peru\/es\/blog\/2019\/11\/13\/seguridad-y-salud-del-trabajador\/","og_site_name":"Ecovis en Per\u00fa","article_published_time":"2019-11-13T12:24:02+00:00","article_modified_time":"2021-08-30T09:25:30+00:00","author":"fg_peru","twitter_card":"summary_large_image","twitter_misc":{"Written by":"fg_peru","Est. reading time":"4 minutes"},"schema":{"@context":"https:\/\/schema.org","@graph":[{"@type":"Article","@id":"https:\/\/www.ecovis.com\/peru\/es\/blog\/2019\/11\/13\/seguridad-y-salud-del-trabajador\/#article","isPartOf":{"@id":"https:\/\/www.ecovis.com\/peru\/es\/blog\/2019\/11\/13\/seguridad-y-salud-del-trabajador\/"},"author":{"name":"fg_peru","@id":"https:\/\/www.ecovis.com\/peru\/es\/#\/schema\/person\/e102ade7614af74ed7d7998c27a77120"},"headline":"Seguridad y salud del trabajador","datePublished":"2019-11-13T12:24:02+00:00","dateModified":"2021-08-30T09:25:30+00:00","mainEntityOfPage":{"@id":"https:\/\/www.ecovis.com\/peru\/es\/blog\/2019\/11\/13\/seguridad-y-salud-del-trabajador\/"},"wordCount":858,"articleSection":["Noticias"],"inLanguage":"en-US"},{"@type":"WebPage","@id":"https:\/\/www.ecovis.com\/peru\/es\/blog\/2019\/11\/13\/seguridad-y-salud-del-trabajador\/","url":"https:\/\/www.ecovis.com\/peru\/es\/blog\/2019\/11\/13\/seguridad-y-salud-del-trabajador\/","name":"Seguridad y salud del trabajador - Ecovis en Per\u00fa","isPartOf":{"@id":"https:\/\/www.ecovis.com\/peru\/es\/#website"},"datePublished":"2019-11-13T12:24:02+00:00","dateModified":"2021-08-30T09:25:30+00:00","author":{"@id":"https:\/\/www.ecovis.com\/peru\/es\/#\/schema\/person\/e102ade7614af74ed7d7998c27a77120"},"breadcrumb":{"@id":"https:\/\/www.ecovis.com\/peru\/es\/blog\/2019\/11\/13\/seguridad-y-salud-del-trabajador\/#breadcrumb"},"inLanguage":"en-US","potentialAction":[{"@type":"ReadAction","target":["https:\/\/www.ecovis.com\/peru\/es\/blog\/2019\/11\/13\/seguridad-y-salud-del-trabajador\/"]}]},{"@type":"BreadcrumbList","@id":"https:\/\/www.ecovis.com\/peru\/es\/blog\/2019\/11\/13\/seguridad-y-salud-del-trabajador\/#breadcrumb","itemListElement":[{"@type":"ListItem","position":1,"name":"Ecovis Global","item":"https:\/\/www.ecovis.com\/"},{"@type":"ListItem","position":2,"name":"Inicio","item":"https:\/\/www.ecovis.com\/peru\/es\/"},{"@type":"ListItem","position":3,"name":"Seguridad y salud del trabajador"}]},{"@type":"WebSite","@id":"https:\/\/www.ecovis.com\/peru\/es\/#website","url":"https:\/\/www.ecovis.com\/peru\/es\/","name":"Ecovis.com","description":"","potentialAction":[{"@type":"SearchAction","target":{"@type":"EntryPoint","urlTemplate":"https:\/\/www.ecovis.com\/peru\/es\/?s={search_term_string}"},"query-input":{"@type":"PropertyValueSpecification","valueRequired":true,"valueName":"search_term_string"}}],"inLanguage":"en-US"},{"@type":"Person","@id":"https:\/\/www.ecovis.com\/peru\/es\/#\/schema\/person\/e102ade7614af74ed7d7998c27a77120","name":"fg_peru","image":{"@type":"ImageObject","inLanguage":"en-US","@id":"https:\/\/secure.gravatar.com\/avatar\/d8f8cdb8dedf4903b4419a5b22f1a43436ad0387b7c6d10390caed756603f27f?s=96&d=mm&r=g","url":"https:\/\/secure.gravatar.com\/avatar\/d8f8cdb8dedf4903b4419a5b22f1a43436ad0387b7c6d10390caed756603f27f?s=96&d=mm&r=g","contentUrl":"https:\/\/secure.gravatar.com\/avatar\/d8f8cdb8dedf4903b4419a5b22f1a43436ad0387b7c6d10390caed756603f27f?s=96&d=mm&r=g","caption":"fg_peru"},"url":"https:\/\/www.ecovis.com\/peru\/es\/blog\/author\/fg_peru\/"}]}},"featured_image_url":"","featured_image_url_large":"","_links":{"self":[{"href":"https:\/\/www.ecovis.com\/peru\/es\/wp-json\/wp\/v2\/posts\/2301","targetHints":{"allow":["GET"]}}],"collection":[{"href":"https:\/\/www.ecovis.com\/peru\/es\/wp-json\/wp\/v2\/posts"}],"about":[{"href":"https:\/\/www.ecovis.com\/peru\/es\/wp-json\/wp\/v2\/types\/post"}],"author":[{"embeddable":true,"href":"https:\/\/www.ecovis.com\/peru\/es\/wp-json\/wp\/v2\/users\/16"}],"replies":[{"embeddable":true,"href":"https:\/\/www.ecovis.com\/peru\/es\/wp-json\/wp\/v2\/comments?post=2301"}],"version-history":[{"count":6,"href":"https:\/\/www.ecovis.com\/peru\/es\/wp-json\/wp\/v2\/posts\/2301\/revisions"}],"predecessor-version":[{"id":2351,"href":"https:\/\/www.ecovis.com\/peru\/es\/wp-json\/wp\/v2\/posts\/2301\/revisions\/2351"}],"wp:attachment":[{"href":"https:\/\/www.ecovis.com\/peru\/es\/wp-json\/wp\/v2\/media?parent=2301"}],"wp:term":[{"taxonomy":"category","embeddable":true,"href":"https:\/\/www.ecovis.com\/peru\/es\/wp-json\/wp\/v2\/categories?post=2301"},{"taxonomy":"post_tag","embeddable":true,"href":"https:\/\/www.ecovis.com\/peru\/es\/wp-json\/wp\/v2\/tags?post=2301"}],"curies":[{"name":"wp","href":"https:\/\/api.w.org\/{rel}","templated":true}]}}