{"id":812,"date":"2019-03-04T14:40:55","date_gmt":"2019-03-04T13:40:55","guid":{"rendered":"https:\/\/www.ecovis.com\/dev-aschaffenburg\/?p=812"},"modified":"2021-08-30T16:29:03","modified_gmt":"2021-08-30T14:29:03","slug":"firmenwagen","status":"publish","type":"post","link":"https:\/\/www.ecovis.com\/nuernberg\/firmenwagen\/","title":{"rendered":"Firmenwagen"},"content":{"rendered":"","protected":false},"excerpt":{"rendered":"<p>Was Sie schon immer \u00fcber Fahrtenbuch oder 1-Prozent-Regel, \u00fcber Kauf oder Leasing wissen wollten. Welche Steuern muss man f\u00fcr einen Firmenwagen zahlen?<\/p>\n","protected":false},"author":8,"featured_media":2023,"comment_status":"closed","ping_status":"open","sticky":false,"template":"","format":"standard","meta":{"_acf_changed":false,"footnotes":""},"categories":[1],"tags":[],"class_list":["post-812","post","type-post","status-publish","format-standard","has-post-thumbnail","hentry","category-allgemein"],"acf":[],"yoast_head":"<!-- This site is optimized with the Yoast SEO plugin v26.2 - https:\/\/yoast.com\/wordpress\/plugins\/seo\/ -->\n<title>Firmenwagen - Ecovis N\u00fcrnberg<\/title>\n<meta name=\"robots\" content=\"index, follow, max-snippet:-1, max-image-preview:large, max-video-preview:-1\" \/>\n<link rel=\"canonical\" href=\"https:\/\/www.ecovis.com\/nuernberg\/firmenwagen\/\" \/>\n<meta property=\"og:locale\" content=\"de_DE\" \/>\n<meta property=\"og:type\" content=\"article\" \/>\n<meta property=\"og:title\" content=\"Firmenwagen - Ecovis N\u00fcrnberg\" \/>\n<meta property=\"og:description\" content=\"Was Sie schon immer \u00fcber Fahrtenbuch oder 1-Prozent-Regel, \u00fcber Kauf oder Leasing wissen wollten. Welche Steuern muss man f\u00fcr einen Firmenwagen zahlen?\" \/>\n<meta property=\"og:url\" content=\"https:\/\/www.ecovis.com\/nuernberg\/firmenwagen\/\" \/>\n<meta property=\"og:site_name\" content=\"Ecovis N\u00fcrnberg\" \/>\n<meta property=\"article:published_time\" content=\"2019-03-04T13:40:55+00:00\" \/>\n<meta property=\"article:modified_time\" content=\"2021-08-30T14:29:03+00:00\" \/>\n<meta property=\"og:image\" content=\"https:\/\/www.ecovis.com\/nuernberg\/wp-content\/uploads\/2019\/03\/firmenwagen-1.jpg\" \/>\n\t<meta property=\"og:image:width\" content=\"1280\" \/>\n\t<meta property=\"og:image:height\" content=\"500\" \/>\n\t<meta property=\"og:image:type\" content=\"image\/jpeg\" \/>\n<meta name=\"author\" content=\"nuernberg4admin\" \/>\n<meta name=\"twitter:card\" content=\"summary_large_image\" \/>\n<meta name=\"twitter:label1\" content=\"Verfasst von\" \/>\n\t<meta name=\"twitter:data1\" content=\"nuernberg4admin\" \/>\n<script type=\"application\/ld+json\" class=\"yoast-schema-graph\">{\"@context\":\"https:\/\/schema.org\",\"@graph\":[{\"@type\":\"WebPage\",\"@id\":\"https:\/\/www.ecovis.com\/nuernberg\/firmenwagen\/\",\"url\":\"https:\/\/www.ecovis.com\/nuernberg\/firmenwagen\/\",\"name\":\"Firmenwagen - Ecovis N\u00fcrnberg\",\"isPartOf\":{\"@id\":\"https:\/\/www.ecovis.com\/nuernberg\/#website\"},\"primaryImageOfPage\":{\"@id\":\"https:\/\/www.ecovis.com\/nuernberg\/firmenwagen\/#primaryimage\"},\"image\":{\"@id\":\"https:\/\/www.ecovis.com\/nuernberg\/firmenwagen\/#primaryimage\"},\"thumbnailUrl\":\"https:\/\/www.ecovis.com\/nuernberg\/wp-content\/uploads\/2019\/03\/firmenwagen-1.jpg\",\"datePublished\":\"2019-03-04T13:40:55+00:00\",\"dateModified\":\"2021-08-30T14:29:03+00:00\",\"author\":{\"@id\":\"https:\/\/www.ecovis.com\/nuernberg\/#\/schema\/person\/b53c6d4e74e44c28f7badcff3aa1c372\"},\"breadcrumb\":{\"@id\":\"https:\/\/www.ecovis.com\/nuernberg\/firmenwagen\/#breadcrumb\"},\"inLanguage\":\"de\",\"potentialAction\":[{\"@type\":\"ReadAction\",\"target\":[\"https:\/\/www.ecovis.com\/nuernberg\/firmenwagen\/\"]}]},{\"@type\":\"ImageObject\",\"inLanguage\":\"de\",\"@id\":\"https:\/\/www.ecovis.com\/nuernberg\/firmenwagen\/#primaryimage\",\"url\":\"https:\/\/www.ecovis.com\/nuernberg\/wp-content\/uploads\/2019\/03\/firmenwagen-1.jpg\",\"contentUrl\":\"https:\/\/www.ecovis.com\/nuernberg\/wp-content\/uploads\/2019\/03\/firmenwagen-1.jpg\",\"width\":1280,\"height\":500},{\"@type\":\"BreadcrumbList\",\"@id\":\"https:\/\/www.ecovis.com\/nuernberg\/firmenwagen\/#breadcrumb\",\"itemListElement\":[{\"@type\":\"ListItem\",\"position\":1,\"name\":\"Ecovis Global\",\"item\":\"https:\/\/www.ecovis.com\/\"},{\"@type\":\"ListItem\",\"position\":2,\"name\":\"Ecovis N\u00fcrnberg\",\"item\":\"https:\/\/www.ecovis.com\/nuernberg\/\"},{\"@type\":\"ListItem\",\"position\":3,\"name\":\"Firmenwagen\"}]},{\"@type\":\"WebSite\",\"@id\":\"https:\/\/www.ecovis.com\/nuernberg\/#website\",\"url\":\"https:\/\/www.ecovis.com\/nuernberg\/\",\"name\":\"Ecovis.com\",\"description\":\"\",\"potentialAction\":[{\"@type\":\"SearchAction\",\"target\":{\"@type\":\"EntryPoint\",\"urlTemplate\":\"https:\/\/www.ecovis.com\/nuernberg\/?s={search_term_string}\"},\"query-input\":{\"@type\":\"PropertyValueSpecification\",\"valueRequired\":true,\"valueName\":\"search_term_string\"}}],\"inLanguage\":\"de\"},{\"@type\":\"Person\",\"@id\":\"https:\/\/www.ecovis.com\/nuernberg\/#\/schema\/person\/b53c6d4e74e44c28f7badcff3aa1c372\",\"name\":\"nuernberg4admin\",\"image\":{\"@type\":\"ImageObject\",\"inLanguage\":\"de\",\"@id\":\"https:\/\/www.ecovis.com\/nuernberg\/#\/schema\/person\/image\/\",\"url\":\"https:\/\/secure.gravatar.com\/avatar\/a72516e7c09a387bde3ffdf2cb401bab848239c93f1aeed9e62536d3534ec173?s=96&d=mm&r=g\",\"contentUrl\":\"https:\/\/secure.gravatar.com\/avatar\/a72516e7c09a387bde3ffdf2cb401bab848239c93f1aeed9e62536d3534ec173?s=96&d=mm&r=g\",\"caption\":\"nuernberg4admin\"},\"url\":\"https:\/\/www.ecovis.com\/nuernberg\/author\/nuernberg4admin\/\"}]}<\/script>\n<!-- \/ Yoast SEO plugin. -->","yoast_head_json":{"title":"Firmenwagen - Ecovis N\u00fcrnberg","robots":{"index":"index","follow":"follow","max-snippet":"max-snippet:-1","max-image-preview":"max-image-preview:large","max-video-preview":"max-video-preview:-1"},"canonical":"https:\/\/www.ecovis.com\/nuernberg\/firmenwagen\/","og_locale":"de_DE","og_type":"article","og_title":"Firmenwagen - Ecovis N\u00fcrnberg","og_description":"Was Sie schon immer \u00fcber Fahrtenbuch oder 1-Prozent-Regel, \u00fcber Kauf oder Leasing wissen wollten. Welche Steuern muss man f\u00fcr einen Firmenwagen zahlen?","og_url":"https:\/\/www.ecovis.com\/nuernberg\/firmenwagen\/","og_site_name":"Ecovis N\u00fcrnberg","article_published_time":"2019-03-04T13:40:55+00:00","article_modified_time":"2021-08-30T14:29:03+00:00","og_image":[{"width":1280,"height":500,"url":"https:\/\/www.ecovis.com\/nuernberg\/wp-content\/uploads\/2019\/03\/firmenwagen-1.jpg","type":"image\/jpeg"}],"author":"nuernberg4admin","twitter_card":"summary_large_image","twitter_misc":{"Verfasst von":"nuernberg4admin"},"schema":{"@context":"https:\/\/schema.org","@graph":[{"@type":"WebPage","@id":"https:\/\/www.ecovis.com\/nuernberg\/firmenwagen\/","url":"https:\/\/www.ecovis.com\/nuernberg\/firmenwagen\/","name":"Firmenwagen - Ecovis N\u00fcrnberg","isPartOf":{"@id":"https:\/\/www.ecovis.com\/nuernberg\/#website"},"primaryImageOfPage":{"@id":"https:\/\/www.ecovis.com\/nuernberg\/firmenwagen\/#primaryimage"},"image":{"@id":"https:\/\/www.ecovis.com\/nuernberg\/firmenwagen\/#primaryimage"},"thumbnailUrl":"https:\/\/www.ecovis.com\/nuernberg\/wp-content\/uploads\/2019\/03\/firmenwagen-1.jpg","datePublished":"2019-03-04T13:40:55+00:00","dateModified":"2021-08-30T14:29:03+00:00","author":{"@id":"https:\/\/www.ecovis.com\/nuernberg\/#\/schema\/person\/b53c6d4e74e44c28f7badcff3aa1c372"},"breadcrumb":{"@id":"https:\/\/www.ecovis.com\/nuernberg\/firmenwagen\/#breadcrumb"},"inLanguage":"de","potentialAction":[{"@type":"ReadAction","target":["https:\/\/www.ecovis.com\/nuernberg\/firmenwagen\/"]}]},{"@type":"ImageObject","inLanguage":"de","@id":"https:\/\/www.ecovis.com\/nuernberg\/firmenwagen\/#primaryimage","url":"https:\/\/www.ecovis.com\/nuernberg\/wp-content\/uploads\/2019\/03\/firmenwagen-1.jpg","contentUrl":"https:\/\/www.ecovis.com\/nuernberg\/wp-content\/uploads\/2019\/03\/firmenwagen-1.jpg","width":1280,"height":500},{"@type":"BreadcrumbList","@id":"https:\/\/www.ecovis.com\/nuernberg\/firmenwagen\/#breadcrumb","itemListElement":[{"@type":"ListItem","position":1,"name":"Ecovis Global","item":"https:\/\/www.ecovis.com\/"},{"@type":"ListItem","position":2,"name":"Ecovis N\u00fcrnberg","item":"https:\/\/www.ecovis.com\/nuernberg\/"},{"@type":"ListItem","position":3,"name":"Firmenwagen"}]},{"@type":"WebSite","@id":"https:\/\/www.ecovis.com\/nuernberg\/#website","url":"https:\/\/www.ecovis.com\/nuernberg\/","name":"Ecovis.com","description":"","potentialAction":[{"@type":"SearchAction","target":{"@type":"EntryPoint","urlTemplate":"https:\/\/www.ecovis.com\/nuernberg\/?s={search_term_string}"},"query-input":{"@type":"PropertyValueSpecification","valueRequired":true,"valueName":"search_term_string"}}],"inLanguage":"de"},{"@type":"Person","@id":"https:\/\/www.ecovis.com\/nuernberg\/#\/schema\/person\/b53c6d4e74e44c28f7badcff3aa1c372","name":"nuernberg4admin","image":{"@type":"ImageObject","inLanguage":"de","@id":"https:\/\/www.ecovis.com\/nuernberg\/#\/schema\/person\/image\/","url":"https:\/\/secure.gravatar.com\/avatar\/a72516e7c09a387bde3ffdf2cb401bab848239c93f1aeed9e62536d3534ec173?s=96&d=mm&r=g","contentUrl":"https:\/\/secure.gravatar.com\/avatar\/a72516e7c09a387bde3ffdf2cb401bab848239c93f1aeed9e62536d3534ec173?s=96&d=mm&r=g","caption":"nuernberg4admin"},"url":"https:\/\/www.ecovis.com\/nuernberg\/author\/nuernberg4admin\/"}]}},"featured_image_url":"https:\/\/www.ecovis.com\/nuernberg\/wp-content\/uploads\/2019\/03\/firmenwagen-1-300x150.jpg","featured_image_url_large":"https:\/\/www.ecovis.com\/nuernberg\/wp-content\/uploads\/2019\/03\/firmenwagen-1-1280x500.jpg","_links":{"self":[{"href":"https:\/\/www.ecovis.com\/nuernberg\/wp-json\/wp\/v2\/posts\/812","targetHints":{"allow":["GET"]}}],"collection":[{"href":"https:\/\/www.ecovis.com\/nuernberg\/wp-json\/wp\/v2\/posts"}],"about":[{"href":"https:\/\/www.ecovis.com\/nuernberg\/wp-json\/wp\/v2\/types\/post"}],"author":[{"embeddable":true,"href":"https:\/\/www.ecovis.com\/nuernberg\/wp-json\/wp\/v2\/users\/8"}],"replies":[{"embeddable":true,"href":"https:\/\/www.ecovis.com\/nuernberg\/wp-json\/wp\/v2\/comments?post=812"}],"version-history":[{"count":11,"href":"https:\/\/www.ecovis.com\/nuernberg\/wp-json\/wp\/v2\/posts\/812\/revisions"}],"predecessor-version":[{"id":2226,"href":"https:\/\/www.ecovis.com\/nuernberg\/wp-json\/wp\/v2\/posts\/812\/revisions\/2226"}],"wp:featuredmedia":[{"embeddable":true,"href":"https:\/\/www.ecovis.com\/nuernberg\/wp-json\/wp\/v2\/media\/2023"}],"wp:attachment":[{"href":"https:\/\/www.ecovis.com\/nuernberg\/wp-json\/wp\/v2\/media?parent=812"}],"wp:term":[{"taxonomy":"category","embeddable":true,"href":"https:\/\/www.ecovis.com\/nuernberg\/wp-json\/wp\/v2\/categories?post=812"},{"taxonomy":"post_tag","embeddable":true,"href":"https:\/\/www.ecovis.com\/nuernberg\/wp-json\/wp\/v2\/tags?post=812"}],"curies":[{"name":"wp","href":"https:\/\/api.w.org\/{rel}","templated":true}]}}