{"id":4393,"date":"2025-08-25T17:04:38","date_gmt":"2025-08-25T15:04:38","guid":{"rendered":"https:\/\/www.ecovis.com\/magdeburg\/?p=4393"},"modified":"2025-08-25T17:04:38","modified_gmt":"2025-08-25T15:04:38","slug":"mandanten-sommerfest","status":"publish","type":"post","link":"https:\/\/www.ecovis.com\/magdeburg\/mandanten-sommerfest\/","title":{"rendered":"Mandanten Sommerfest"},"content":{"rendered":"<p>Am 14.08.2025 fand das allj\u00e4hrliche Sommerfest der Kanzlei ECOVIS Magdeburg statt.<\/p>\n<p>Bei Rekordtemperaturen von ca. 36\u00b0C hatten wir mit dem Neust\u00e4dter See den perfekten Ort gew\u00e4hlt. Ca. 50 Mandanten und Mitarbeitende genossen sommerliche Getr\u00e4nke und ein amerikanisches Grill-B\u00fcffet mit Blick auf die Wasserskianlage am Neust\u00e4dter See.<\/p>\n<p>Abgerundet wurde das Ganze von einem Musiker, der mit Gesang und Gitarre die passende Umrahmung bildete.<\/p>\n\n    <div class=\"ecovis-youtube-video\" data-youtube-link=\"https:\/\/youtu.be\/Liq_uT0TcXQ\" data-youtube-param=\"Liq_uT0TcXQ\" style=\"width: 100%; max-width: 640px; height: autopx\">\n        <div class=\"video-preview\">\n            <img decoding=\"async\" src=\"http:\/\/img.youtube.com\/vi\/Liq_uT0TcXQ\/0.jpg\">\n            <div class=\"video-content\">\n                <button class=\"play-video\"><i class=\"fab fa-youtube\"><\/i><\/button>\n            <\/div>\n        <\/div>\n    <\/div>\n    <div class=\"ecovis-youtube-privacy-claim\" style=\"width: 100%; max-width: 640px\"><\/div>\n","protected":false},"excerpt":{"rendered":"<p>Am 14.08.2025 fand das allj\u00e4hrliche Sommerfest der Kanzlei ECOVIS Magdeburg statt. Bei Rekordtemperaturen von ca. 36\u00b0C hatten wir mit dem Neust\u00e4dter See den perfekten Ort gew\u00e4hlt.<\/p>\n","protected":false},"author":29,"featured_media":4396,"comment_status":"closed","ping_status":"open","sticky":false,"template":"","format":"standard","meta":{"_acf_changed":false,"footnotes":""},"categories":[1],"tags":[],"class_list":["post-4393","post","type-post","status-publish","format-standard","has-post-thumbnail","hentry","category-allgemein"],"acf":[],"yoast_head":"<!-- This site is optimized with the Yoast SEO plugin v27.4 - https:\/\/yoast.com\/product\/yoast-seo-wordpress\/ -->\n<title>Mandanten Sommerfest - Ecovis Magdeburg<\/title>\n<meta name=\"robots\" content=\"index, follow, max-snippet:-1, max-image-preview:large, max-video-preview:-1\" \/>\n<link rel=\"canonical\" href=\"https:\/\/www.ecovis.com\/magdeburg\/mandanten-sommerfest\/\" \/>\n<meta property=\"og:locale\" content=\"de_DE\" \/>\n<meta property=\"og:type\" content=\"article\" \/>\n<meta property=\"og:title\" content=\"Mandanten Sommerfest - Ecovis Magdeburg\" \/>\n<meta property=\"og:description\" content=\"Am 14.08.2025 fand das allj\u00e4hrliche Sommerfest der Kanzlei ECOVIS Magdeburg statt. Bei Rekordtemperaturen von ca. 36\u00b0C hatten wir mit dem Neust\u00e4dter See den perfekten Ort gew\u00e4hlt.\" \/>\n<meta property=\"og:url\" content=\"https:\/\/www.ecovis.com\/magdeburg\/mandanten-sommerfest\/\" \/>\n<meta property=\"og:site_name\" content=\"Ecovis Magdeburg\" \/>\n<meta property=\"article:published_time\" content=\"2025-08-25T15:04:38+00:00\" \/>\n<meta property=\"og:image\" content=\"https:\/\/www.ecovis.com\/magdeburg\/wp-content\/uploads\/2025\/08\/magdeburg_sommerfest_2025.webp\" \/>\n\t<meta property=\"og:image:width\" content=\"1280\" \/>\n\t<meta property=\"og:image:height\" content=\"550\" \/>\n\t<meta property=\"og:image:type\" content=\"image\/webp\" \/>\n<meta name=\"author\" content=\"magdeburg25admin\" \/>\n<meta name=\"twitter:card\" content=\"summary_large_image\" \/>\n<meta name=\"twitter:label1\" content=\"Verfasst von\" \/>\n\t<meta name=\"twitter:data1\" content=\"magdeburg25admin\" \/>\n\t<meta name=\"twitter:label2\" content=\"Gesch\u00e4tzte Lesezeit\" \/>\n\t<meta name=\"twitter:data2\" content=\"1\u00a0Minute\" \/>\n<script type=\"application\/ld+json\" class=\"yoast-schema-graph\">{\"@context\":\"https:\\\/\\\/schema.org\",\"@graph\":[{\"@type\":\"Article\",\"@id\":\"https:\\\/\\\/www.ecovis.com\\\/magdeburg\\\/mandanten-sommerfest\\\/#article\",\"isPartOf\":{\"@id\":\"https:\\\/\\\/www.ecovis.com\\\/magdeburg\\\/mandanten-sommerfest\\\/\"},\"author\":{\"name\":\"magdeburg25admin\",\"@id\":\"https:\\\/\\\/www.ecovis.com\\\/magdeburg\\\/#\\\/schema\\\/person\\\/0bd8c4fa0a2c7ab3b038ecfbc4e25db4\"},\"headline\":\"Mandanten Sommerfest\",\"datePublished\":\"2025-08-25T15:04:38+00:00\",\"mainEntityOfPage\":{\"@id\":\"https:\\\/\\\/www.ecovis.com\\\/magdeburg\\\/mandanten-sommerfest\\\/\"},\"wordCount\":83,\"image\":{\"@id\":\"https:\\\/\\\/www.ecovis.com\\\/magdeburg\\\/mandanten-sommerfest\\\/#primaryimage\"},\"thumbnailUrl\":\"https:\\\/\\\/www.ecovis.com\\\/magdeburg\\\/wp-content\\\/uploads\\\/2025\\\/08\\\/magdeburg_sommerfest_2025.webp\",\"inLanguage\":\"de\"},{\"@type\":\"WebPage\",\"@id\":\"https:\\\/\\\/www.ecovis.com\\\/magdeburg\\\/mandanten-sommerfest\\\/\",\"url\":\"https:\\\/\\\/www.ecovis.com\\\/magdeburg\\\/mandanten-sommerfest\\\/\",\"name\":\"Mandanten Sommerfest - Ecovis Magdeburg\",\"isPartOf\":{\"@id\":\"https:\\\/\\\/www.ecovis.com\\\/magdeburg\\\/#website\"},\"primaryImageOfPage\":{\"@id\":\"https:\\\/\\\/www.ecovis.com\\\/magdeburg\\\/mandanten-sommerfest\\\/#primaryimage\"},\"image\":{\"@id\":\"https:\\\/\\\/www.ecovis.com\\\/magdeburg\\\/mandanten-sommerfest\\\/#primaryimage\"},\"thumbnailUrl\":\"https:\\\/\\\/www.ecovis.com\\\/magdeburg\\\/wp-content\\\/uploads\\\/2025\\\/08\\\/magdeburg_sommerfest_2025.webp\",\"datePublished\":\"2025-08-25T15:04:38+00:00\",\"author\":{\"@id\":\"https:\\\/\\\/www.ecovis.com\\\/magdeburg\\\/#\\\/schema\\\/person\\\/0bd8c4fa0a2c7ab3b038ecfbc4e25db4\"},\"breadcrumb\":{\"@id\":\"https:\\\/\\\/www.ecovis.com\\\/magdeburg\\\/mandanten-sommerfest\\\/#breadcrumb\"},\"inLanguage\":\"de\",\"potentialAction\":[{\"@type\":\"ReadAction\",\"target\":[\"https:\\\/\\\/www.ecovis.com\\\/magdeburg\\\/mandanten-sommerfest\\\/\"]}]},{\"@type\":\"ImageObject\",\"inLanguage\":\"de\",\"@id\":\"https:\\\/\\\/www.ecovis.com\\\/magdeburg\\\/mandanten-sommerfest\\\/#primaryimage\",\"url\":\"https:\\\/\\\/www.ecovis.com\\\/magdeburg\\\/wp-content\\\/uploads\\\/2025\\\/08\\\/magdeburg_sommerfest_2025.webp\",\"contentUrl\":\"https:\\\/\\\/www.ecovis.com\\\/magdeburg\\\/wp-content\\\/uploads\\\/2025\\\/08\\\/magdeburg_sommerfest_2025.webp\",\"width\":1280,\"height\":550},{\"@type\":\"BreadcrumbList\",\"@id\":\"https:\\\/\\\/www.ecovis.com\\\/magdeburg\\\/mandanten-sommerfest\\\/#breadcrumb\",\"itemListElement\":[{\"@type\":\"ListItem\",\"position\":1,\"name\":\"Ecovis Global\",\"item\":\"https:\\\/\\\/www.ecovis.com\\\/\"},{\"@type\":\"ListItem\",\"position\":2,\"name\":\"Home\",\"item\":\"https:\\\/\\\/www.ecovis.com\\\/magdeburg\\\/\"},{\"@type\":\"ListItem\",\"position\":3,\"name\":\"Mandanten Sommerfest\"}]},{\"@type\":\"WebSite\",\"@id\":\"https:\\\/\\\/www.ecovis.com\\\/magdeburg\\\/#website\",\"url\":\"https:\\\/\\\/www.ecovis.com\\\/magdeburg\\\/\",\"name\":\"Ecovis.com\",\"description\":\"\",\"potentialAction\":[{\"@type\":\"SearchAction\",\"target\":{\"@type\":\"EntryPoint\",\"urlTemplate\":\"https:\\\/\\\/www.ecovis.com\\\/magdeburg\\\/?s={search_term_string}\"},\"query-input\":{\"@type\":\"PropertyValueSpecification\",\"valueRequired\":true,\"valueName\":\"search_term_string\"}}],\"inLanguage\":\"de\"},{\"@type\":\"Person\",\"@id\":\"https:\\\/\\\/www.ecovis.com\\\/magdeburg\\\/#\\\/schema\\\/person\\\/0bd8c4fa0a2c7ab3b038ecfbc4e25db4\",\"name\":\"magdeburg25admin\",\"image\":{\"@type\":\"ImageObject\",\"inLanguage\":\"de\",\"@id\":\"https:\\\/\\\/secure.gravatar.com\\\/avatar\\\/47b8ca31cf057d46d170a19516100bedfc426d341f424710a192e796e94a8ce7?s=96&d=mm&r=g\",\"url\":\"https:\\\/\\\/secure.gravatar.com\\\/avatar\\\/47b8ca31cf057d46d170a19516100bedfc426d341f424710a192e796e94a8ce7?s=96&d=mm&r=g\",\"contentUrl\":\"https:\\\/\\\/secure.gravatar.com\\\/avatar\\\/47b8ca31cf057d46d170a19516100bedfc426d341f424710a192e796e94a8ce7?s=96&d=mm&r=g\",\"caption\":\"magdeburg25admin\"},\"url\":\"https:\\\/\\\/www.ecovis.com\\\/magdeburg\\\/author\\\/magdeburg25admin\\\/\"}]}<\/script>\n<!-- \/ Yoast SEO plugin. -->","yoast_head_json":{"title":"Mandanten Sommerfest - Ecovis Magdeburg","robots":{"index":"index","follow":"follow","max-snippet":"max-snippet:-1","max-image-preview":"max-image-preview:large","max-video-preview":"max-video-preview:-1"},"canonical":"https:\/\/www.ecovis.com\/magdeburg\/mandanten-sommerfest\/","og_locale":"de_DE","og_type":"article","og_title":"Mandanten Sommerfest - Ecovis Magdeburg","og_description":"Am 14.08.2025 fand das allj\u00e4hrliche Sommerfest der Kanzlei ECOVIS Magdeburg statt. Bei Rekordtemperaturen von ca. 36\u00b0C hatten wir mit dem Neust\u00e4dter See den perfekten Ort gew\u00e4hlt.","og_url":"https:\/\/www.ecovis.com\/magdeburg\/mandanten-sommerfest\/","og_site_name":"Ecovis Magdeburg","article_published_time":"2025-08-25T15:04:38+00:00","og_image":[{"width":1280,"height":550,"url":"https:\/\/www.ecovis.com\/magdeburg\/wp-content\/uploads\/2025\/08\/magdeburg_sommerfest_2025.webp","type":"image\/webp"}],"author":"magdeburg25admin","twitter_card":"summary_large_image","twitter_misc":{"Verfasst von":"magdeburg25admin","Gesch\u00e4tzte Lesezeit":"1\u00a0Minute"},"schema":{"@context":"https:\/\/schema.org","@graph":[{"@type":"Article","@id":"https:\/\/www.ecovis.com\/magdeburg\/mandanten-sommerfest\/#article","isPartOf":{"@id":"https:\/\/www.ecovis.com\/magdeburg\/mandanten-sommerfest\/"},"author":{"name":"magdeburg25admin","@id":"https:\/\/www.ecovis.com\/magdeburg\/#\/schema\/person\/0bd8c4fa0a2c7ab3b038ecfbc4e25db4"},"headline":"Mandanten Sommerfest","datePublished":"2025-08-25T15:04:38+00:00","mainEntityOfPage":{"@id":"https:\/\/www.ecovis.com\/magdeburg\/mandanten-sommerfest\/"},"wordCount":83,"image":{"@id":"https:\/\/www.ecovis.com\/magdeburg\/mandanten-sommerfest\/#primaryimage"},"thumbnailUrl":"https:\/\/www.ecovis.com\/magdeburg\/wp-content\/uploads\/2025\/08\/magdeburg_sommerfest_2025.webp","inLanguage":"de"},{"@type":"WebPage","@id":"https:\/\/www.ecovis.com\/magdeburg\/mandanten-sommerfest\/","url":"https:\/\/www.ecovis.com\/magdeburg\/mandanten-sommerfest\/","name":"Mandanten Sommerfest - Ecovis Magdeburg","isPartOf":{"@id":"https:\/\/www.ecovis.com\/magdeburg\/#website"},"primaryImageOfPage":{"@id":"https:\/\/www.ecovis.com\/magdeburg\/mandanten-sommerfest\/#primaryimage"},"image":{"@id":"https:\/\/www.ecovis.com\/magdeburg\/mandanten-sommerfest\/#primaryimage"},"thumbnailUrl":"https:\/\/www.ecovis.com\/magdeburg\/wp-content\/uploads\/2025\/08\/magdeburg_sommerfest_2025.webp","datePublished":"2025-08-25T15:04:38+00:00","author":{"@id":"https:\/\/www.ecovis.com\/magdeburg\/#\/schema\/person\/0bd8c4fa0a2c7ab3b038ecfbc4e25db4"},"breadcrumb":{"@id":"https:\/\/www.ecovis.com\/magdeburg\/mandanten-sommerfest\/#breadcrumb"},"inLanguage":"de","potentialAction":[{"@type":"ReadAction","target":["https:\/\/www.ecovis.com\/magdeburg\/mandanten-sommerfest\/"]}]},{"@type":"ImageObject","inLanguage":"de","@id":"https:\/\/www.ecovis.com\/magdeburg\/mandanten-sommerfest\/#primaryimage","url":"https:\/\/www.ecovis.com\/magdeburg\/wp-content\/uploads\/2025\/08\/magdeburg_sommerfest_2025.webp","contentUrl":"https:\/\/www.ecovis.com\/magdeburg\/wp-content\/uploads\/2025\/08\/magdeburg_sommerfest_2025.webp","width":1280,"height":550},{"@type":"BreadcrumbList","@id":"https:\/\/www.ecovis.com\/magdeburg\/mandanten-sommerfest\/#breadcrumb","itemListElement":[{"@type":"ListItem","position":1,"name":"Ecovis Global","item":"https:\/\/www.ecovis.com\/"},{"@type":"ListItem","position":2,"name":"Home","item":"https:\/\/www.ecovis.com\/magdeburg\/"},{"@type":"ListItem","position":3,"name":"Mandanten Sommerfest"}]},{"@type":"WebSite","@id":"https:\/\/www.ecovis.com\/magdeburg\/#website","url":"https:\/\/www.ecovis.com\/magdeburg\/","name":"Ecovis.com","description":"","potentialAction":[{"@type":"SearchAction","target":{"@type":"EntryPoint","urlTemplate":"https:\/\/www.ecovis.com\/magdeburg\/?s={search_term_string}"},"query-input":{"@type":"PropertyValueSpecification","valueRequired":true,"valueName":"search_term_string"}}],"inLanguage":"de"},{"@type":"Person","@id":"https:\/\/www.ecovis.com\/magdeburg\/#\/schema\/person\/0bd8c4fa0a2c7ab3b038ecfbc4e25db4","name":"magdeburg25admin","image":{"@type":"ImageObject","inLanguage":"de","@id":"https:\/\/secure.gravatar.com\/avatar\/47b8ca31cf057d46d170a19516100bedfc426d341f424710a192e796e94a8ce7?s=96&d=mm&r=g","url":"https:\/\/secure.gravatar.com\/avatar\/47b8ca31cf057d46d170a19516100bedfc426d341f424710a192e796e94a8ce7?s=96&d=mm&r=g","contentUrl":"https:\/\/secure.gravatar.com\/avatar\/47b8ca31cf057d46d170a19516100bedfc426d341f424710a192e796e94a8ce7?s=96&d=mm&r=g","caption":"magdeburg25admin"},"url":"https:\/\/www.ecovis.com\/magdeburg\/author\/magdeburg25admin\/"}]}},"_links":{"self":[{"href":"https:\/\/www.ecovis.com\/magdeburg\/wp-json\/wp\/v2\/posts\/4393","targetHints":{"allow":["GET"]}}],"collection":[{"href":"https:\/\/www.ecovis.com\/magdeburg\/wp-json\/wp\/v2\/posts"}],"about":[{"href":"https:\/\/www.ecovis.com\/magdeburg\/wp-json\/wp\/v2\/types\/post"}],"author":[{"embeddable":true,"href":"https:\/\/www.ecovis.com\/magdeburg\/wp-json\/wp\/v2\/users\/29"}],"replies":[{"embeddable":true,"href":"https:\/\/www.ecovis.com\/magdeburg\/wp-json\/wp\/v2\/comments?post=4393"}],"version-history":[{"count":2,"href":"https:\/\/www.ecovis.com\/magdeburg\/wp-json\/wp\/v2\/posts\/4393\/revisions"}],"predecessor-version":[{"id":4395,"href":"https:\/\/www.ecovis.com\/magdeburg\/wp-json\/wp\/v2\/posts\/4393\/revisions\/4395"}],"wp:featuredmedia":[{"embeddable":true,"href":"https:\/\/www.ecovis.com\/magdeburg\/wp-json\/wp\/v2\/media\/4396"}],"wp:attachment":[{"href":"https:\/\/www.ecovis.com\/magdeburg\/wp-json\/wp\/v2\/media?parent=4393"}],"wp:term":[{"taxonomy":"category","embeddable":true,"href":"https:\/\/www.ecovis.com\/magdeburg\/wp-json\/wp\/v2\/categories?post=4393"},{"taxonomy":"post_tag","embeddable":true,"href":"https:\/\/www.ecovis.com\/magdeburg\/wp-json\/wp\/v2\/tags?post=4393"}],"curies":[{"name":"wp","href":"https:\/\/api.w.org\/{rel}","templated":true}]}}