{"id":2214,"date":"2020-10-12T11:45:22","date_gmt":"2020-10-12T09:45:22","guid":{"rendered":"https:\/\/www.ecovis.com\/internacional\/?p=2214"},"modified":"2021-08-30T13:57:06","modified_gmt":"2021-08-30T11:57:06","slug":"reforma-fiscal-2021-mexico","status":"publish","type":"post","link":"https:\/\/www.ecovis.com\/internacional\/reforma-fiscal-2021-mexico\/","title":{"rendered":"Reforma Fiscal 2021 M\u00e9xico"},"content":{"rendered":"<p>Para la Reforma Fiscal del ejercicio fiscal de 2021, el Ejecutivo present\u00f3 el 8 de septiembre de 2020, al Congreso de la Uni\u00f3n, el Paquete Econ\u00f3mico respectivo, el cual incluye propuestas para la Miscel\u00e1nea fiscal en materia de Ley del Impuesto sobre la Renta (LISR), Ley del Impuesto al Valor Agregado (LIVA), Ley del Impuesto Especial sobre Producci\u00f3n y Servicios (IEPS) y el C\u00f3digo Fiscal de la Federaci\u00f3n (CFF).<\/p>\n<p>El paquete econ\u00f3mico est\u00e1 formulado como respuesta a un entorno econ\u00f3mico nacional e internacional de incertibumbre, donde las econom\u00edas globales se ven enfrentadas a la crisis de salud del coronavirus, resultando en la peor recesi\u00f3n desde 1932.<\/p>\n<p>Dentro de la rep\u00fablica mexicana, la econom\u00eda nacional se encuentra en su peor ca\u00edda de los \u00faltimos 100 a\u00f1os, donde se pronostica que la recuperaci\u00f3n ser\u00e1 lenta. La ca\u00edda en el PIB se condera en 8% en el 2020, y con una recuperaci\u00f3n de 4.6% en el 2021.<\/p>\n<p>Como respuesta a las implicaciones de la crisis econ\u00f3mica, el paquete econ\u00f3mico 2021 propone atacar la deuda p\u00fablica; los gastos de salud, educaci\u00f3n, pensi\u00f3n, energ\u00eda, seguridad, gasto en inversi\u00f3n y federalizado; ingresos presupuestarios, y por energ\u00eda.<\/p>\n<p>La propuesta del Paquete Econ\u00f3mico no incluye nuevos impuestos, pero si ajustes en las regulaciones aplicables relativos a cumplimiento de obligaciones y requisitos aumentando la fiscalizaci\u00f3n, con base en premisas sobre la simplificaci\u00f3n administrativa, seguridad jur\u00eddica, modernizaci\u00f3n, gesti\u00f3n tributaria, eficiencia recaudatoria, combate a la corrupci\u00f3n e impunidad y evasi\u00f3n y elusi\u00f3n fiscales.<\/p>\n<p>Una vez que el proyecto sea analizado por las C\u00e1maras del Congreso, \u00e9ste deber\u00e1 aprobarse a m\u00e1s tardar el 31 de octubre de 2020, para iniciar su vigencia en 2021.<\/p>\n<p>The Authors: Kennya Ramirez, Tax Consultant, &amp; Sabrina Gutierrez, Executive Assistant, ECOVIS Quibrera Salda\u00f1a<\/p>\n","protected":false},"excerpt":{"rendered":"<p>Para la Reforma Fiscal del ejercicio fiscal de 2021, el Ejecutivo present\u00f3 el 8 de septiembre de 2020, al Congreso de la Uni\u00f3n, el Paquete Econ\u00f3mico respectivo, el cual incluye propuestas para la Miscel\u00e1nea fiscal en materia de Ley del Impuesto sobre la Renta (LISR), Ley del Impuesto al Valor Agregado (LIVA), Ley del Impuesto [&hellip;]<\/p>\n","protected":false},"author":11,"featured_media":0,"comment_status":"closed","ping_status":"open","sticky":false,"template":"","format":"standard","meta":{"_acf_changed":false,"footnotes":""},"categories":[30,1],"tags":[],"class_list":["post-2214","post","type-post","status-publish","format-standard","hentry","category-mexico","category-noticias"],"acf":[],"featured_image_url":"","featured_image_url_large":"","_links":{"self":[{"href":"https:\/\/www.ecovis.com\/internacional\/wp-json\/wp\/v2\/posts\/2214","targetHints":{"allow":["GET"]}}],"collection":[{"href":"https:\/\/www.ecovis.com\/internacional\/wp-json\/wp\/v2\/posts"}],"about":[{"href":"https:\/\/www.ecovis.com\/internacional\/wp-json\/wp\/v2\/types\/post"}],"author":[{"embeddable":true,"href":"https:\/\/www.ecovis.com\/internacional\/wp-json\/wp\/v2\/users\/11"}],"replies":[{"embeddable":true,"href":"https:\/\/www.ecovis.com\/internacional\/wp-json\/wp\/v2\/comments?post=2214"}],"version-history":[{"count":2,"href":"https:\/\/www.ecovis.com\/internacional\/wp-json\/wp\/v2\/posts\/2214\/revisions"}],"predecessor-version":[{"id":2231,"href":"https:\/\/www.ecovis.com\/internacional\/wp-json\/wp\/v2\/posts\/2214\/revisions\/2231"}],"wp:attachment":[{"href":"https:\/\/www.ecovis.com\/internacional\/wp-json\/wp\/v2\/media?parent=2214"}],"wp:term":[{"taxonomy":"category","embeddable":true,"href":"https:\/\/www.ecovis.com\/internacional\/wp-json\/wp\/v2\/categories?post=2214"},{"taxonomy":"post_tag","embeddable":true,"href":"https:\/\/www.ecovis.com\/internacional\/wp-json\/wp\/v2\/tags?post=2214"}],"curies":[{"name":"wp","href":"https:\/\/api.w.org\/{rel}","templated":true}]}}