{"id":2295,"date":"2015-01-16T14:32:45","date_gmt":"2015-01-16T13:32:45","guid":{"rendered":"https:\/\/www.ecovis.com\/focus-tuerkei\/?p=2295"},"modified":"2021-09-03T14:33:31","modified_gmt":"2021-09-03T12:33:31","slug":"ministerpraesident-davutoglu-kuendigt-ein-neues-familien-paket-an-auswirkungen-auf-das-tuerkische-arbeitsrecht","status":"publish","type":"post","link":"https:\/\/www.ecovis.com\/focus-tuerkei\/ministerpraesident-davutoglu-kuendigt-ein-neues-familien-paket-an-auswirkungen-auf-das-tuerkische-arbeitsrecht\/","title":{"rendered":"Ministerpr\u00e4sident Davuto\u011flu k\u00fcndigt ein neues \u201eFamilien-Paket\u201c an \u2013 Auswirkungen auf das t\u00fcrkische Arbeitsrecht"},"content":{"rendered":"<p>Deutsche Investoren in der T\u00fcrkei haben einen regelm\u00e4\u00dfigen Beratungsbedarf im t\u00fcrkischen Arbeitsrecht, da Sie mit der Gr\u00fcndung eines Unternehmens oder einer Niederlassung in der T\u00fcrkei lokale Angestellte und Mitarbeiter besch\u00e4ftigen, deren Arbeitsverh\u00e4ltnisse dem t\u00fcrkischen Arbeitsrecht unterliegen.<\/p>\n<p>Das t\u00fcrkische Individualarbeitsrecht wird ma\u00dfgeblich durch das Arbeitsgesetz Nr. 4857 geregelt. Zwischen dem deutschen und dem t\u00fcrkischen Arbeitsrecht gibt es neben Gemeinsamkeiten und \u00dcbereinstimmungen auch viele entscheidende Unterschiede. Insbesondere sind die lokalen Regeln zur K\u00fcndigung und zur Abfindungszahlung zu beachten, um arbeitsgerichtliche Streitigkeiten vor t\u00fcrkischen Arbeitsgerichten zu vermeiden.<\/p>\n<h3>Das angek\u00fcndigte \u201eFamilien-Paket\u201c<\/h3>\n<p>Der t\u00fcrkische Ministerpr\u00e4sident Davuto\u011flu begann das Jahr 2015 mit einer Pressekonferenz, bei der er das geplante \u201eFamilien-Paket\u201c verk\u00fcndete. Das sogenannte Familien-Paket soll insbesondere dazu dienen, Besch\u00e4ftigungsanreize f\u00fcr Frauen zu schaffen sowie die Vereinbarkeit von Familie und Beruf zu gestalten.<\/p>\n<h3>Mutterschutzfristen (Besch\u00e4ftigungsverbote) im t\u00fcrkischen Arbeitsrecht<\/h3>\n<p>Gem\u00e4\u00df aktueller Rechtslage beginnt die Mutterschutzfrist (Besch\u00e4ftigungsverbot) acht Wochen vor dem errechneten Geburtstermin und endet acht Wochen nach der Entbindung. Nach dem Ende des Besch\u00e4ftigungsverbots folgen im Vergleich zum deutschen Arbeitsrecht keine entsprechenden Elternzeitregelungen, so dass die M\u00fctter nach dem Ende des Besch\u00e4ftigungsverbots ihre Besch\u00e4ftigungen wieder aufnehmen. Die Arbeitnehmerinnen sind aber nach dem Ende des Besch\u00e4ftigungsverbots auf eigenes Verlangen bis zu 6 Monate unbezahlt freizustellen.<\/p>\n<p>Das geplante Familien-Paket sieht unter anderem vor, dass M\u00fctter nach dem Ende des Besch\u00e4ftigungsverbots einen Anspruch auf Teilzeitarbeit genie\u00dfen sollen. Konkret soll die Regelung vorsehen, dass M\u00fctter t\u00e4glich 4 Stunden ihre Arbeitsleistung erbringen sollen, so dass die t\u00e4gliche Arbeitszeit auf die H\u00e4lfte reduziert wird. Die entscheidende Regelung zugunsten der Arbeitnehmerinnen soll darin liegen, dass den Arbeitnehmerinnen trotz der Reduzierung ihrer Arbeitsstunden durch einen staatlichen Zuschuss ein voller Gehaltsanspruch zustehen soll. Ein solcher voller Gehaltsanspruch soll sich auf einen Zeitraum von 8 Wochen nach dem Ende des Besch\u00e4ftigungsverbots erstrecken. Beim zweiten Kind soll sich dieser Anspruch auf 16 Wochen und beim dritten Kind auf 24 Wochen erweitern.<\/p>\n<p>Zus\u00e4tzlich soll mit einer Neuregelung besch\u00e4ftigten M\u00fcttern die grunds\u00e4tzliche M\u00f6glichkeit geschaffen werden, eine Teilzeitbesch\u00e4ftigung aus\u00fcben zu k\u00f6nnen, die aber 30 Arbeitsstunden w\u00f6chentlich nicht unterschreiten soll. Ein solcher Teilzeitarbeitsanspruch soll bis zum Eintritt der Schulpflicht des jeweiligen Kindes gelten.<\/p>\n<p>Ein gesetzlicher Anspruch auf Teilzeitarbeit besteht gem\u00e4\u00df aktueller Rechtslage nicht, so dass eine solche Vertragsgestaltung in der Praxis von der Einwilligung des Arbeitgebers abh\u00e4ngt. Das Konstrukt der Teilzeitarbeit ist der t\u00fcrkischen Arbeitswelt weitgehend unbekannt und entspricht keiner g\u00e4ngigen Praxis. Die geplante Einf\u00fchrung der Teilzeitbesch\u00e4ftigung wird folglich aus Arbeitgebersicht die Personalentwicklung beeinflussen und entsprechende betriebliche Strukturierungen erfordern.<\/p>\n","protected":false},"excerpt":{"rendered":"<p>Deutsche Investoren in der T\u00fcrkei haben einen regelm\u00e4\u00dfigen Beratungsbedarf im t\u00fcrkischen Arbeitsrecht, da Sie mit der Gr\u00fcndung eines Unternehmens oder einer Niederlassung in der T\u00fcrkei lokale Angestellte und Mitarbeiter besch\u00e4ftigen, deren Arbeitsverh\u00e4ltnisse dem t\u00fcrkischen Arbeitsrecht unterliegen. Das t\u00fcrkische Individualarbeitsrecht wird ma\u00dfgeblich durch das Arbeitsgesetz Nr. 4857 geregelt. Zwischen dem deutschen und dem t\u00fcrkischen Arbeitsrecht gibt [&hellip;]<\/p>\n","protected":false},"author":11,"featured_media":0,"comment_status":"closed","ping_status":"open","sticky":false,"template":"","format":"standard","meta":{"_acf_changed":false,"footnotes":""},"categories":[32],"tags":[99,100,101,102],"class_list":["post-2295","post","type-post","status-publish","format-standard","hentry","category-blog","tag-arbeitsrecht","tag-beschaeftigungsverbot","tag-familien-paket","tag-mutterschutz"],"acf":[],"yoast_head":"<!-- This site is optimized with the Yoast SEO plugin v27.4 - https:\/\/yoast.com\/product\/yoast-seo-wordpress\/ -->\n<title>Ministerpr\u00e4sident Davuto\u011flu k\u00fcndigt ein neues \u201eFamilien-Paket\u201c an \u2013 Auswirkungen auf das t\u00fcrkische Arbeitsrecht - Fokus T\u00fcrkei<\/title>\n<meta name=\"robots\" content=\"index, follow, max-snippet:-1, max-image-preview:large, max-video-preview:-1\" \/>\n<link rel=\"canonical\" href=\"https:\/\/www.ecovis.com\/focus-tuerkei\/ministerpraesident-davutoglu-kuendigt-ein-neues-familien-paket-an-auswirkungen-auf-das-tuerkische-arbeitsrecht\/\" \/>\n<meta property=\"og:locale\" content=\"de_DE\" \/>\n<meta property=\"og:type\" content=\"article\" \/>\n<meta property=\"og:title\" content=\"Ministerpr\u00e4sident Davuto\u011flu k\u00fcndigt ein neues \u201eFamilien-Paket\u201c an \u2013 Auswirkungen auf das t\u00fcrkische Arbeitsrecht - Fokus T\u00fcrkei\" \/>\n<meta property=\"og:description\" content=\"Deutsche Investoren in der T\u00fcrkei haben einen regelm\u00e4\u00dfigen Beratungsbedarf im t\u00fcrkischen Arbeitsrecht, da Sie mit der Gr\u00fcndung eines Unternehmens oder einer Niederlassung in der T\u00fcrkei lokale Angestellte und Mitarbeiter besch\u00e4ftigen, deren Arbeitsverh\u00e4ltnisse dem t\u00fcrkischen Arbeitsrecht unterliegen. Das t\u00fcrkische Individualarbeitsrecht wird ma\u00dfgeblich durch das Arbeitsgesetz Nr. 4857 geregelt. Zwischen dem deutschen und dem t\u00fcrkischen Arbeitsrecht gibt [&hellip;]\" \/>\n<meta property=\"og:url\" content=\"https:\/\/www.ecovis.com\/focus-tuerkei\/ministerpraesident-davutoglu-kuendigt-ein-neues-familien-paket-an-auswirkungen-auf-das-tuerkische-arbeitsrecht\/\" \/>\n<meta property=\"og:site_name\" content=\"Fokus T\u00fcrkei\" \/>\n<meta property=\"article:published_time\" content=\"2015-01-16T13:32:45+00:00\" \/>\n<meta property=\"article:modified_time\" content=\"2021-09-03T12:33:31+00:00\" \/>\n<meta name=\"author\" content=\"kh_focus-tuerkei\" \/>\n<meta name=\"twitter:card\" content=\"summary_large_image\" \/>\n<meta name=\"twitter:label1\" content=\"Verfasst von\" \/>\n\t<meta name=\"twitter:data1\" content=\"kh_focus-tuerkei\" \/>\n\t<meta name=\"twitter:label2\" content=\"Gesch\u00e4tzte Lesezeit\" \/>\n\t<meta name=\"twitter:data2\" content=\"2\u00a0Minuten\" \/>\n<script type=\"application\/ld+json\" class=\"yoast-schema-graph\">{\"@context\":\"https:\\\/\\\/schema.org\",\"@graph\":[{\"@type\":\"Article\",\"@id\":\"https:\\\/\\\/www.ecovis.com\\\/focus-tuerkei\\\/ministerpraesident-davutoglu-kuendigt-ein-neues-familien-paket-an-auswirkungen-auf-das-tuerkische-arbeitsrecht\\\/#article\",\"isPartOf\":{\"@id\":\"https:\\\/\\\/www.ecovis.com\\\/focus-tuerkei\\\/ministerpraesident-davutoglu-kuendigt-ein-neues-familien-paket-an-auswirkungen-auf-das-tuerkische-arbeitsrecht\\\/\"},\"author\":{\"name\":\"kh_focus-tuerkei\",\"@id\":\"https:\\\/\\\/www.ecovis.com\\\/focus-tuerkei\\\/#\\\/schema\\\/person\\\/b94a369ead80f55a535b019ad573b42b\"},\"headline\":\"Ministerpr\u00e4sident Davuto\u011flu k\u00fcndigt ein neues \u201eFamilien-Paket\u201c an \u2013 Auswirkungen auf das t\u00fcrkische Arbeitsrecht\",\"datePublished\":\"2015-01-16T13:32:45+00:00\",\"dateModified\":\"2021-09-03T12:33:31+00:00\",\"mainEntityOfPage\":{\"@id\":\"https:\\\/\\\/www.ecovis.com\\\/focus-tuerkei\\\/ministerpraesident-davutoglu-kuendigt-ein-neues-familien-paket-an-auswirkungen-auf-das-tuerkische-arbeitsrecht\\\/\"},\"wordCount\":454,\"keywords\":[\"Arbeitsrecht\",\"Besch\u00e4ftigungsverbot\",\"Familien-Paket\",\"Mutterschutz\"],\"articleSection\":[\"Beitr\u00e4ge mit Fokus T\u00fcrkei\"],\"inLanguage\":\"de\"},{\"@type\":\"WebPage\",\"@id\":\"https:\\\/\\\/www.ecovis.com\\\/focus-tuerkei\\\/ministerpraesident-davutoglu-kuendigt-ein-neues-familien-paket-an-auswirkungen-auf-das-tuerkische-arbeitsrecht\\\/\",\"url\":\"https:\\\/\\\/www.ecovis.com\\\/focus-tuerkei\\\/ministerpraesident-davutoglu-kuendigt-ein-neues-familien-paket-an-auswirkungen-auf-das-tuerkische-arbeitsrecht\\\/\",\"name\":\"Ministerpr\u00e4sident Davuto\u011flu k\u00fcndigt ein neues \u201eFamilien-Paket\u201c an \u2013 Auswirkungen auf das t\u00fcrkische Arbeitsrecht - Fokus T\u00fcrkei\",\"isPartOf\":{\"@id\":\"https:\\\/\\\/www.ecovis.com\\\/focus-tuerkei\\\/#website\"},\"datePublished\":\"2015-01-16T13:32:45+00:00\",\"dateModified\":\"2021-09-03T12:33:31+00:00\",\"author\":{\"@id\":\"https:\\\/\\\/www.ecovis.com\\\/focus-tuerkei\\\/#\\\/schema\\\/person\\\/b94a369ead80f55a535b019ad573b42b\"},\"breadcrumb\":{\"@id\":\"https:\\\/\\\/www.ecovis.com\\\/focus-tuerkei\\\/ministerpraesident-davutoglu-kuendigt-ein-neues-familien-paket-an-auswirkungen-auf-das-tuerkische-arbeitsrecht\\\/#breadcrumb\"},\"inLanguage\":\"de\",\"potentialAction\":[{\"@type\":\"ReadAction\",\"target\":[\"https:\\\/\\\/www.ecovis.com\\\/focus-tuerkei\\\/ministerpraesident-davutoglu-kuendigt-ein-neues-familien-paket-an-auswirkungen-auf-das-tuerkische-arbeitsrecht\\\/\"]}]},{\"@type\":\"BreadcrumbList\",\"@id\":\"https:\\\/\\\/www.ecovis.com\\\/focus-tuerkei\\\/ministerpraesident-davutoglu-kuendigt-ein-neues-familien-paket-an-auswirkungen-auf-das-tuerkische-arbeitsrecht\\\/#breadcrumb\",\"itemListElement\":[{\"@type\":\"ListItem\",\"position\":1,\"name\":\"Ecovis Global\",\"item\":\"https:\\\/\\\/www.ecovis.com\\\/\"},{\"@type\":\"ListItem\",\"position\":2,\"name\":\"Blog Fokus T\u00fcrkei\",\"item\":\"https:\\\/\\\/www.ecovis.com\\\/focus-tuerkei\\\/\"},{\"@type\":\"ListItem\",\"position\":3,\"name\":\"Ministerpr\u00e4sident Davuto\u011flu k\u00fcndigt ein neues \u201eFamilien-Paket\u201c an \u2013 Auswirkungen auf das t\u00fcrkische Arbeitsrecht\"}]},{\"@type\":\"WebSite\",\"@id\":\"https:\\\/\\\/www.ecovis.com\\\/focus-tuerkei\\\/#website\",\"url\":\"https:\\\/\\\/www.ecovis.com\\\/focus-tuerkei\\\/\",\"name\":\"Ecovis.com\",\"description\":\"\",\"potentialAction\":[{\"@type\":\"SearchAction\",\"target\":{\"@type\":\"EntryPoint\",\"urlTemplate\":\"https:\\\/\\\/www.ecovis.com\\\/focus-tuerkei\\\/?s={search_term_string}\"},\"query-input\":{\"@type\":\"PropertyValueSpecification\",\"valueRequired\":true,\"valueName\":\"search_term_string\"}}],\"inLanguage\":\"de\"},{\"@type\":\"Person\",\"@id\":\"https:\\\/\\\/www.ecovis.com\\\/focus-tuerkei\\\/#\\\/schema\\\/person\\\/b94a369ead80f55a535b019ad573b42b\",\"name\":\"kh_focus-tuerkei\",\"image\":{\"@type\":\"ImageObject\",\"inLanguage\":\"de\",\"@id\":\"https:\\\/\\\/secure.gravatar.com\\\/avatar\\\/b6ecda5d1aade4ea3b3249529c1bddf9bc259cc852a4c8ab7d6d299a5c3ab838?s=96&d=mm&r=g\",\"url\":\"https:\\\/\\\/secure.gravatar.com\\\/avatar\\\/b6ecda5d1aade4ea3b3249529c1bddf9bc259cc852a4c8ab7d6d299a5c3ab838?s=96&d=mm&r=g\",\"contentUrl\":\"https:\\\/\\\/secure.gravatar.com\\\/avatar\\\/b6ecda5d1aade4ea3b3249529c1bddf9bc259cc852a4c8ab7d6d299a5c3ab838?s=96&d=mm&r=g\",\"caption\":\"kh_focus-tuerkei\"},\"url\":\"https:\\\/\\\/www.ecovis.com\\\/focus-tuerkei\\\/author\\\/kh_focus-tuerkei\\\/\"}]}<\/script>\n<!-- \/ Yoast SEO plugin. -->","yoast_head_json":{"title":"Ministerpr\u00e4sident Davuto\u011flu k\u00fcndigt ein neues \u201eFamilien-Paket\u201c an \u2013 Auswirkungen auf das t\u00fcrkische Arbeitsrecht - Fokus T\u00fcrkei","robots":{"index":"index","follow":"follow","max-snippet":"max-snippet:-1","max-image-preview":"max-image-preview:large","max-video-preview":"max-video-preview:-1"},"canonical":"https:\/\/www.ecovis.com\/focus-tuerkei\/ministerpraesident-davutoglu-kuendigt-ein-neues-familien-paket-an-auswirkungen-auf-das-tuerkische-arbeitsrecht\/","og_locale":"de_DE","og_type":"article","og_title":"Ministerpr\u00e4sident Davuto\u011flu k\u00fcndigt ein neues \u201eFamilien-Paket\u201c an \u2013 Auswirkungen auf das t\u00fcrkische Arbeitsrecht - Fokus T\u00fcrkei","og_description":"Deutsche Investoren in der T\u00fcrkei haben einen regelm\u00e4\u00dfigen Beratungsbedarf im t\u00fcrkischen Arbeitsrecht, da Sie mit der Gr\u00fcndung eines Unternehmens oder einer Niederlassung in der T\u00fcrkei lokale Angestellte und Mitarbeiter besch\u00e4ftigen, deren Arbeitsverh\u00e4ltnisse dem t\u00fcrkischen Arbeitsrecht unterliegen. Das t\u00fcrkische Individualarbeitsrecht wird ma\u00dfgeblich durch das Arbeitsgesetz Nr. 4857 geregelt. Zwischen dem deutschen und dem t\u00fcrkischen Arbeitsrecht gibt [&hellip;]","og_url":"https:\/\/www.ecovis.com\/focus-tuerkei\/ministerpraesident-davutoglu-kuendigt-ein-neues-familien-paket-an-auswirkungen-auf-das-tuerkische-arbeitsrecht\/","og_site_name":"Fokus T\u00fcrkei","article_published_time":"2015-01-16T13:32:45+00:00","article_modified_time":"2021-09-03T12:33:31+00:00","author":"kh_focus-tuerkei","twitter_card":"summary_large_image","twitter_misc":{"Verfasst von":"kh_focus-tuerkei","Gesch\u00e4tzte Lesezeit":"2\u00a0Minuten"},"schema":{"@context":"https:\/\/schema.org","@graph":[{"@type":"Article","@id":"https:\/\/www.ecovis.com\/focus-tuerkei\/ministerpraesident-davutoglu-kuendigt-ein-neues-familien-paket-an-auswirkungen-auf-das-tuerkische-arbeitsrecht\/#article","isPartOf":{"@id":"https:\/\/www.ecovis.com\/focus-tuerkei\/ministerpraesident-davutoglu-kuendigt-ein-neues-familien-paket-an-auswirkungen-auf-das-tuerkische-arbeitsrecht\/"},"author":{"name":"kh_focus-tuerkei","@id":"https:\/\/www.ecovis.com\/focus-tuerkei\/#\/schema\/person\/b94a369ead80f55a535b019ad573b42b"},"headline":"Ministerpr\u00e4sident Davuto\u011flu k\u00fcndigt ein neues \u201eFamilien-Paket\u201c an \u2013 Auswirkungen auf das t\u00fcrkische Arbeitsrecht","datePublished":"2015-01-16T13:32:45+00:00","dateModified":"2021-09-03T12:33:31+00:00","mainEntityOfPage":{"@id":"https:\/\/www.ecovis.com\/focus-tuerkei\/ministerpraesident-davutoglu-kuendigt-ein-neues-familien-paket-an-auswirkungen-auf-das-tuerkische-arbeitsrecht\/"},"wordCount":454,"keywords":["Arbeitsrecht","Besch\u00e4ftigungsverbot","Familien-Paket","Mutterschutz"],"articleSection":["Beitr\u00e4ge mit Fokus T\u00fcrkei"],"inLanguage":"de"},{"@type":"WebPage","@id":"https:\/\/www.ecovis.com\/focus-tuerkei\/ministerpraesident-davutoglu-kuendigt-ein-neues-familien-paket-an-auswirkungen-auf-das-tuerkische-arbeitsrecht\/","url":"https:\/\/www.ecovis.com\/focus-tuerkei\/ministerpraesident-davutoglu-kuendigt-ein-neues-familien-paket-an-auswirkungen-auf-das-tuerkische-arbeitsrecht\/","name":"Ministerpr\u00e4sident Davuto\u011flu k\u00fcndigt ein neues \u201eFamilien-Paket\u201c an \u2013 Auswirkungen auf das t\u00fcrkische Arbeitsrecht - Fokus T\u00fcrkei","isPartOf":{"@id":"https:\/\/www.ecovis.com\/focus-tuerkei\/#website"},"datePublished":"2015-01-16T13:32:45+00:00","dateModified":"2021-09-03T12:33:31+00:00","author":{"@id":"https:\/\/www.ecovis.com\/focus-tuerkei\/#\/schema\/person\/b94a369ead80f55a535b019ad573b42b"},"breadcrumb":{"@id":"https:\/\/www.ecovis.com\/focus-tuerkei\/ministerpraesident-davutoglu-kuendigt-ein-neues-familien-paket-an-auswirkungen-auf-das-tuerkische-arbeitsrecht\/#breadcrumb"},"inLanguage":"de","potentialAction":[{"@type":"ReadAction","target":["https:\/\/www.ecovis.com\/focus-tuerkei\/ministerpraesident-davutoglu-kuendigt-ein-neues-familien-paket-an-auswirkungen-auf-das-tuerkische-arbeitsrecht\/"]}]},{"@type":"BreadcrumbList","@id":"https:\/\/www.ecovis.com\/focus-tuerkei\/ministerpraesident-davutoglu-kuendigt-ein-neues-familien-paket-an-auswirkungen-auf-das-tuerkische-arbeitsrecht\/#breadcrumb","itemListElement":[{"@type":"ListItem","position":1,"name":"Ecovis Global","item":"https:\/\/www.ecovis.com\/"},{"@type":"ListItem","position":2,"name":"Blog Fokus T\u00fcrkei","item":"https:\/\/www.ecovis.com\/focus-tuerkei\/"},{"@type":"ListItem","position":3,"name":"Ministerpr\u00e4sident Davuto\u011flu k\u00fcndigt ein neues \u201eFamilien-Paket\u201c an \u2013 Auswirkungen auf das t\u00fcrkische Arbeitsrecht"}]},{"@type":"WebSite","@id":"https:\/\/www.ecovis.com\/focus-tuerkei\/#website","url":"https:\/\/www.ecovis.com\/focus-tuerkei\/","name":"Ecovis.com","description":"","potentialAction":[{"@type":"SearchAction","target":{"@type":"EntryPoint","urlTemplate":"https:\/\/www.ecovis.com\/focus-tuerkei\/?s={search_term_string}"},"query-input":{"@type":"PropertyValueSpecification","valueRequired":true,"valueName":"search_term_string"}}],"inLanguage":"de"},{"@type":"Person","@id":"https:\/\/www.ecovis.com\/focus-tuerkei\/#\/schema\/person\/b94a369ead80f55a535b019ad573b42b","name":"kh_focus-tuerkei","image":{"@type":"ImageObject","inLanguage":"de","@id":"https:\/\/secure.gravatar.com\/avatar\/b6ecda5d1aade4ea3b3249529c1bddf9bc259cc852a4c8ab7d6d299a5c3ab838?s=96&d=mm&r=g","url":"https:\/\/secure.gravatar.com\/avatar\/b6ecda5d1aade4ea3b3249529c1bddf9bc259cc852a4c8ab7d6d299a5c3ab838?s=96&d=mm&r=g","contentUrl":"https:\/\/secure.gravatar.com\/avatar\/b6ecda5d1aade4ea3b3249529c1bddf9bc259cc852a4c8ab7d6d299a5c3ab838?s=96&d=mm&r=g","caption":"kh_focus-tuerkei"},"url":"https:\/\/www.ecovis.com\/focus-tuerkei\/author\/kh_focus-tuerkei\/"}]}},"featured_image_url":"","featured_image_url_large":"","_links":{"self":[{"href":"https:\/\/www.ecovis.com\/focus-tuerkei\/wp-json\/wp\/v2\/posts\/2295","targetHints":{"allow":["GET"]}}],"collection":[{"href":"https:\/\/www.ecovis.com\/focus-tuerkei\/wp-json\/wp\/v2\/posts"}],"about":[{"href":"https:\/\/www.ecovis.com\/focus-tuerkei\/wp-json\/wp\/v2\/types\/post"}],"author":[{"embeddable":true,"href":"https:\/\/www.ecovis.com\/focus-tuerkei\/wp-json\/wp\/v2\/users\/11"}],"replies":[{"embeddable":true,"href":"https:\/\/www.ecovis.com\/focus-tuerkei\/wp-json\/wp\/v2\/comments?post=2295"}],"version-history":[{"count":1,"href":"https:\/\/www.ecovis.com\/focus-tuerkei\/wp-json\/wp\/v2\/posts\/2295\/revisions"}],"predecessor-version":[{"id":2296,"href":"https:\/\/www.ecovis.com\/focus-tuerkei\/wp-json\/wp\/v2\/posts\/2295\/revisions\/2296"}],"wp:attachment":[{"href":"https:\/\/www.ecovis.com\/focus-tuerkei\/wp-json\/wp\/v2\/media?parent=2295"}],"wp:term":[{"taxonomy":"category","embeddable":true,"href":"https:\/\/www.ecovis.com\/focus-tuerkei\/wp-json\/wp\/v2\/categories?post=2295"},{"taxonomy":"post_tag","embeddable":true,"href":"https:\/\/www.ecovis.com\/focus-tuerkei\/wp-json\/wp\/v2\/tags?post=2295"}],"curies":[{"name":"wp","href":"https:\/\/api.w.org\/{rel}","templated":true}]}}