{"id":2285,"date":"2015-03-13T14:27:57","date_gmt":"2015-03-13T13:27:57","guid":{"rendered":"https:\/\/www.ecovis.com\/focus-tuerkei\/?p=2285"},"modified":"2021-09-03T14:29:18","modified_gmt":"2021-09-03T12:29:18","slug":"ecovis-tuerk-is-adamlarina-egitim-semineri-verdi","status":"publish","type":"post","link":"https:\/\/www.ecovis.com\/focus-tuerkei\/ecovis-tuerk-is-adamlarina-egitim-semineri-verdi\/","title":{"rendered":"Ecovis, T\u00fcrk I\u015f Adamlar\u0131na e\u011fitim semineri verdi."},"content":{"rendered":"<ul>\n<li><a href=\"https:\/\/www.ecovis.com\/focus-tuerkei\/wp-content\/uploads\/2021\/09\/SKMBT_C28015031214100-Kopie.pdf\" target=\"_blank\" rel=\"noopener\">Ecovis, T\u00fcrk I\u015f Adamlar\u0131na e\u011fitim semineri verdi.<\/a> (PDF)<\/li>\n<li><a href=\"http:\/\/zaman-online.de\/i%C5%9Fveren-yeni-%C3%A7%C4%B1kan-ticari-kanunlara-%C3%A7ok-dikkat-etmeli-217559\" target=\"_blank\" rel=\"noopener\">http:\/\/zaman-online.de<\/a><\/li>\n<\/ul>\n","protected":false},"excerpt":{"rendered":"<p>Ecovis, T\u00fcrk I\u015f Adamlar\u0131na e\u011fitim semineri verdi. (PDF) http:\/\/zaman-online.de<\/p>\n","protected":false},"author":11,"featured_media":0,"comment_status":"closed","ping_status":"open","sticky":false,"template":"","format":"standard","meta":{"_acf_changed":false,"footnotes":""},"categories":[32],"tags":[88,89,90,66,91,92,93],"class_list":["post-2285","post","type-post","status-publish","format-standard","hentry","category-blog","tag-alman-asgari-uecret-kanunu","tag-alman-ticaret-hukuku","tag-alman-ticaret-kanunu","tag-alman-vergi-hukuku","tag-exuv","tag-haber","tag-seminer"],"acf":[],"yoast_head":"<!-- This site is optimized with the Yoast SEO plugin v27.4 - https:\/\/yoast.com\/product\/yoast-seo-wordpress\/ -->\n<title>Ecovis, T\u00fcrk I\u015f Adamlar\u0131na e\u011fitim semineri verdi. - Fokus T\u00fcrkei<\/title>\n<meta name=\"robots\" content=\"index, follow, max-snippet:-1, max-image-preview:large, max-video-preview:-1\" \/>\n<link rel=\"canonical\" href=\"https:\/\/www.ecovis.com\/focus-tuerkei\/ecovis-tuerk-is-adamlarina-egitim-semineri-verdi\/\" \/>\n<meta property=\"og:locale\" content=\"de_DE\" \/>\n<meta property=\"og:type\" content=\"article\" \/>\n<meta property=\"og:title\" content=\"Ecovis, T\u00fcrk I\u015f Adamlar\u0131na e\u011fitim semineri verdi. - Fokus T\u00fcrkei\" \/>\n<meta property=\"og:description\" content=\"Ecovis, T\u00fcrk I\u015f Adamlar\u0131na e\u011fitim semineri verdi. (PDF) http:\/\/zaman-online.de\" \/>\n<meta property=\"og:url\" content=\"https:\/\/www.ecovis.com\/focus-tuerkei\/ecovis-tuerk-is-adamlarina-egitim-semineri-verdi\/\" \/>\n<meta property=\"og:site_name\" content=\"Fokus T\u00fcrkei\" \/>\n<meta property=\"article:published_time\" content=\"2015-03-13T13:27:57+00:00\" \/>\n<meta property=\"article:modified_time\" content=\"2021-09-03T12:29:18+00:00\" \/>\n<meta name=\"author\" content=\"kh_focus-tuerkei\" \/>\n<meta name=\"twitter:card\" content=\"summary_large_image\" \/>\n<meta name=\"twitter:label1\" content=\"Verfasst von\" \/>\n\t<meta name=\"twitter:data1\" content=\"kh_focus-tuerkei\" \/>\n\t<meta name=\"twitter:label2\" content=\"Gesch\u00e4tzte Lesezeit\" \/>\n\t<meta name=\"twitter:data2\" content=\"1\u00a0Minute\" \/>\n<script type=\"application\/ld+json\" class=\"yoast-schema-graph\">{\"@context\":\"https:\\\/\\\/schema.org\",\"@graph\":[{\"@type\":\"Article\",\"@id\":\"https:\\\/\\\/www.ecovis.com\\\/focus-tuerkei\\\/ecovis-tuerk-is-adamlarina-egitim-semineri-verdi\\\/#article\",\"isPartOf\":{\"@id\":\"https:\\\/\\\/www.ecovis.com\\\/focus-tuerkei\\\/ecovis-tuerk-is-adamlarina-egitim-semineri-verdi\\\/\"},\"author\":{\"name\":\"kh_focus-tuerkei\",\"@id\":\"https:\\\/\\\/www.ecovis.com\\\/focus-tuerkei\\\/#\\\/schema\\\/person\\\/b94a369ead80f55a535b019ad573b42b\"},\"headline\":\"Ecovis, T\u00fcrk I\u015f Adamlar\u0131na e\u011fitim semineri verdi.\",\"datePublished\":\"2015-03-13T13:27:57+00:00\",\"dateModified\":\"2021-09-03T12:29:18+00:00\",\"mainEntityOfPage\":{\"@id\":\"https:\\\/\\\/www.ecovis.com\\\/focus-tuerkei\\\/ecovis-tuerk-is-adamlarina-egitim-semineri-verdi\\\/\"},\"wordCount\":24,\"keywords\":[\"Alman Asgari \u00dccret Kanunu\",\"Alman Ticaret Hukuku\",\"Alman Ticaret Kanunu\",\"Alman Vergi Hukuku\",\"Exuv\",\"Haber\",\"Seminer\"],\"articleSection\":[\"Beitr\u00e4ge mit Fokus T\u00fcrkei\"],\"inLanguage\":\"de\"},{\"@type\":\"WebPage\",\"@id\":\"https:\\\/\\\/www.ecovis.com\\\/focus-tuerkei\\\/ecovis-tuerk-is-adamlarina-egitim-semineri-verdi\\\/\",\"url\":\"https:\\\/\\\/www.ecovis.com\\\/focus-tuerkei\\\/ecovis-tuerk-is-adamlarina-egitim-semineri-verdi\\\/\",\"name\":\"Ecovis, T\u00fcrk I\u015f Adamlar\u0131na e\u011fitim semineri verdi. - Fokus T\u00fcrkei\",\"isPartOf\":{\"@id\":\"https:\\\/\\\/www.ecovis.com\\\/focus-tuerkei\\\/#website\"},\"datePublished\":\"2015-03-13T13:27:57+00:00\",\"dateModified\":\"2021-09-03T12:29:18+00:00\",\"author\":{\"@id\":\"https:\\\/\\\/www.ecovis.com\\\/focus-tuerkei\\\/#\\\/schema\\\/person\\\/b94a369ead80f55a535b019ad573b42b\"},\"breadcrumb\":{\"@id\":\"https:\\\/\\\/www.ecovis.com\\\/focus-tuerkei\\\/ecovis-tuerk-is-adamlarina-egitim-semineri-verdi\\\/#breadcrumb\"},\"inLanguage\":\"de\",\"potentialAction\":[{\"@type\":\"ReadAction\",\"target\":[\"https:\\\/\\\/www.ecovis.com\\\/focus-tuerkei\\\/ecovis-tuerk-is-adamlarina-egitim-semineri-verdi\\\/\"]}]},{\"@type\":\"BreadcrumbList\",\"@id\":\"https:\\\/\\\/www.ecovis.com\\\/focus-tuerkei\\\/ecovis-tuerk-is-adamlarina-egitim-semineri-verdi\\\/#breadcrumb\",\"itemListElement\":[{\"@type\":\"ListItem\",\"position\":1,\"name\":\"Ecovis Global\",\"item\":\"https:\\\/\\\/www.ecovis.com\\\/\"},{\"@type\":\"ListItem\",\"position\":2,\"name\":\"Blog Fokus T\u00fcrkei\",\"item\":\"https:\\\/\\\/www.ecovis.com\\\/focus-tuerkei\\\/\"},{\"@type\":\"ListItem\",\"position\":3,\"name\":\"Ecovis, T\u00fcrk I\u015f Adamlar\u0131na e\u011fitim semineri verdi.\"}]},{\"@type\":\"WebSite\",\"@id\":\"https:\\\/\\\/www.ecovis.com\\\/focus-tuerkei\\\/#website\",\"url\":\"https:\\\/\\\/www.ecovis.com\\\/focus-tuerkei\\\/\",\"name\":\"Ecovis.com\",\"description\":\"\",\"potentialAction\":[{\"@type\":\"SearchAction\",\"target\":{\"@type\":\"EntryPoint\",\"urlTemplate\":\"https:\\\/\\\/www.ecovis.com\\\/focus-tuerkei\\\/?s={search_term_string}\"},\"query-input\":{\"@type\":\"PropertyValueSpecification\",\"valueRequired\":true,\"valueName\":\"search_term_string\"}}],\"inLanguage\":\"de\"},{\"@type\":\"Person\",\"@id\":\"https:\\\/\\\/www.ecovis.com\\\/focus-tuerkei\\\/#\\\/schema\\\/person\\\/b94a369ead80f55a535b019ad573b42b\",\"name\":\"kh_focus-tuerkei\",\"image\":{\"@type\":\"ImageObject\",\"inLanguage\":\"de\",\"@id\":\"https:\\\/\\\/secure.gravatar.com\\\/avatar\\\/b6ecda5d1aade4ea3b3249529c1bddf9bc259cc852a4c8ab7d6d299a5c3ab838?s=96&d=mm&r=g\",\"url\":\"https:\\\/\\\/secure.gravatar.com\\\/avatar\\\/b6ecda5d1aade4ea3b3249529c1bddf9bc259cc852a4c8ab7d6d299a5c3ab838?s=96&d=mm&r=g\",\"contentUrl\":\"https:\\\/\\\/secure.gravatar.com\\\/avatar\\\/b6ecda5d1aade4ea3b3249529c1bddf9bc259cc852a4c8ab7d6d299a5c3ab838?s=96&d=mm&r=g\",\"caption\":\"kh_focus-tuerkei\"},\"url\":\"https:\\\/\\\/www.ecovis.com\\\/focus-tuerkei\\\/author\\\/kh_focus-tuerkei\\\/\"}]}<\/script>\n<!-- \/ Yoast SEO plugin. -->","yoast_head_json":{"title":"Ecovis, T\u00fcrk I\u015f Adamlar\u0131na e\u011fitim semineri verdi. - Fokus T\u00fcrkei","robots":{"index":"index","follow":"follow","max-snippet":"max-snippet:-1","max-image-preview":"max-image-preview:large","max-video-preview":"max-video-preview:-1"},"canonical":"https:\/\/www.ecovis.com\/focus-tuerkei\/ecovis-tuerk-is-adamlarina-egitim-semineri-verdi\/","og_locale":"de_DE","og_type":"article","og_title":"Ecovis, T\u00fcrk I\u015f Adamlar\u0131na e\u011fitim semineri verdi. - Fokus T\u00fcrkei","og_description":"Ecovis, T\u00fcrk I\u015f Adamlar\u0131na e\u011fitim semineri verdi. (PDF) http:\/\/zaman-online.de","og_url":"https:\/\/www.ecovis.com\/focus-tuerkei\/ecovis-tuerk-is-adamlarina-egitim-semineri-verdi\/","og_site_name":"Fokus T\u00fcrkei","article_published_time":"2015-03-13T13:27:57+00:00","article_modified_time":"2021-09-03T12:29:18+00:00","author":"kh_focus-tuerkei","twitter_card":"summary_large_image","twitter_misc":{"Verfasst von":"kh_focus-tuerkei","Gesch\u00e4tzte Lesezeit":"1\u00a0Minute"},"schema":{"@context":"https:\/\/schema.org","@graph":[{"@type":"Article","@id":"https:\/\/www.ecovis.com\/focus-tuerkei\/ecovis-tuerk-is-adamlarina-egitim-semineri-verdi\/#article","isPartOf":{"@id":"https:\/\/www.ecovis.com\/focus-tuerkei\/ecovis-tuerk-is-adamlarina-egitim-semineri-verdi\/"},"author":{"name":"kh_focus-tuerkei","@id":"https:\/\/www.ecovis.com\/focus-tuerkei\/#\/schema\/person\/b94a369ead80f55a535b019ad573b42b"},"headline":"Ecovis, T\u00fcrk I\u015f Adamlar\u0131na e\u011fitim semineri verdi.","datePublished":"2015-03-13T13:27:57+00:00","dateModified":"2021-09-03T12:29:18+00:00","mainEntityOfPage":{"@id":"https:\/\/www.ecovis.com\/focus-tuerkei\/ecovis-tuerk-is-adamlarina-egitim-semineri-verdi\/"},"wordCount":24,"keywords":["Alman Asgari \u00dccret Kanunu","Alman Ticaret Hukuku","Alman Ticaret Kanunu","Alman Vergi Hukuku","Exuv","Haber","Seminer"],"articleSection":["Beitr\u00e4ge mit Fokus T\u00fcrkei"],"inLanguage":"de"},{"@type":"WebPage","@id":"https:\/\/www.ecovis.com\/focus-tuerkei\/ecovis-tuerk-is-adamlarina-egitim-semineri-verdi\/","url":"https:\/\/www.ecovis.com\/focus-tuerkei\/ecovis-tuerk-is-adamlarina-egitim-semineri-verdi\/","name":"Ecovis, T\u00fcrk I\u015f Adamlar\u0131na e\u011fitim semineri verdi. - Fokus T\u00fcrkei","isPartOf":{"@id":"https:\/\/www.ecovis.com\/focus-tuerkei\/#website"},"datePublished":"2015-03-13T13:27:57+00:00","dateModified":"2021-09-03T12:29:18+00:00","author":{"@id":"https:\/\/www.ecovis.com\/focus-tuerkei\/#\/schema\/person\/b94a369ead80f55a535b019ad573b42b"},"breadcrumb":{"@id":"https:\/\/www.ecovis.com\/focus-tuerkei\/ecovis-tuerk-is-adamlarina-egitim-semineri-verdi\/#breadcrumb"},"inLanguage":"de","potentialAction":[{"@type":"ReadAction","target":["https:\/\/www.ecovis.com\/focus-tuerkei\/ecovis-tuerk-is-adamlarina-egitim-semineri-verdi\/"]}]},{"@type":"BreadcrumbList","@id":"https:\/\/www.ecovis.com\/focus-tuerkei\/ecovis-tuerk-is-adamlarina-egitim-semineri-verdi\/#breadcrumb","itemListElement":[{"@type":"ListItem","position":1,"name":"Ecovis Global","item":"https:\/\/www.ecovis.com\/"},{"@type":"ListItem","position":2,"name":"Blog Fokus T\u00fcrkei","item":"https:\/\/www.ecovis.com\/focus-tuerkei\/"},{"@type":"ListItem","position":3,"name":"Ecovis, T\u00fcrk I\u015f Adamlar\u0131na e\u011fitim semineri verdi."}]},{"@type":"WebSite","@id":"https:\/\/www.ecovis.com\/focus-tuerkei\/#website","url":"https:\/\/www.ecovis.com\/focus-tuerkei\/","name":"Ecovis.com","description":"","potentialAction":[{"@type":"SearchAction","target":{"@type":"EntryPoint","urlTemplate":"https:\/\/www.ecovis.com\/focus-tuerkei\/?s={search_term_string}"},"query-input":{"@type":"PropertyValueSpecification","valueRequired":true,"valueName":"search_term_string"}}],"inLanguage":"de"},{"@type":"Person","@id":"https:\/\/www.ecovis.com\/focus-tuerkei\/#\/schema\/person\/b94a369ead80f55a535b019ad573b42b","name":"kh_focus-tuerkei","image":{"@type":"ImageObject","inLanguage":"de","@id":"https:\/\/secure.gravatar.com\/avatar\/b6ecda5d1aade4ea3b3249529c1bddf9bc259cc852a4c8ab7d6d299a5c3ab838?s=96&d=mm&r=g","url":"https:\/\/secure.gravatar.com\/avatar\/b6ecda5d1aade4ea3b3249529c1bddf9bc259cc852a4c8ab7d6d299a5c3ab838?s=96&d=mm&r=g","contentUrl":"https:\/\/secure.gravatar.com\/avatar\/b6ecda5d1aade4ea3b3249529c1bddf9bc259cc852a4c8ab7d6d299a5c3ab838?s=96&d=mm&r=g","caption":"kh_focus-tuerkei"},"url":"https:\/\/www.ecovis.com\/focus-tuerkei\/author\/kh_focus-tuerkei\/"}]}},"featured_image_url":"","featured_image_url_large":"","_links":{"self":[{"href":"https:\/\/www.ecovis.com\/focus-tuerkei\/wp-json\/wp\/v2\/posts\/2285","targetHints":{"allow":["GET"]}}],"collection":[{"href":"https:\/\/www.ecovis.com\/focus-tuerkei\/wp-json\/wp\/v2\/posts"}],"about":[{"href":"https:\/\/www.ecovis.com\/focus-tuerkei\/wp-json\/wp\/v2\/types\/post"}],"author":[{"embeddable":true,"href":"https:\/\/www.ecovis.com\/focus-tuerkei\/wp-json\/wp\/v2\/users\/11"}],"replies":[{"embeddable":true,"href":"https:\/\/www.ecovis.com\/focus-tuerkei\/wp-json\/wp\/v2\/comments?post=2285"}],"version-history":[{"count":1,"href":"https:\/\/www.ecovis.com\/focus-tuerkei\/wp-json\/wp\/v2\/posts\/2285\/revisions"}],"predecessor-version":[{"id":2289,"href":"https:\/\/www.ecovis.com\/focus-tuerkei\/wp-json\/wp\/v2\/posts\/2285\/revisions\/2289"}],"wp:attachment":[{"href":"https:\/\/www.ecovis.com\/focus-tuerkei\/wp-json\/wp\/v2\/media?parent=2285"}],"wp:term":[{"taxonomy":"category","embeddable":true,"href":"https:\/\/www.ecovis.com\/focus-tuerkei\/wp-json\/wp\/v2\/categories?post=2285"},{"taxonomy":"post_tag","embeddable":true,"href":"https:\/\/www.ecovis.com\/focus-tuerkei\/wp-json\/wp\/v2\/tags?post=2285"}],"curies":[{"name":"wp","href":"https:\/\/api.w.org\/{rel}","templated":true}]}}