{"id":2283,"date":"2015-03-13T14:26:34","date_gmt":"2015-03-13T13:26:34","guid":{"rendered":"https:\/\/www.ecovis.com\/focus-tuerkei\/?p=2283"},"modified":"2021-09-03T14:27:50","modified_gmt":"2021-09-03T12:27:50","slug":"veranstaltung-fuer-tuerkische-unternehmer-in-muenchen-und-augsburg","status":"publish","type":"post","link":"https:\/\/www.ecovis.com\/focus-tuerkei\/veranstaltung-fuer-tuerkische-unternehmer-in-muenchen-und-augsburg\/","title":{"rendered":"Veranstaltung f\u00fcr t\u00fcrkische Unternehmer in M\u00fcnchen und Augsburg"},"content":{"rendered":"<p>Zwei sehr gut besuchte Veranstaltungen in M\u00fcnchen und Augsburg<\/p>\n<p>Im letzten Monat k\u00f6nnen wir auf zwei erfolgreiche Veranstaltungen am 20. Februar in M\u00fcnchen und am 27. Februar in Augsburg zusammen mit dem Existenzgr\u00fcnder- und Unternehmerverein e.V. exuv zur\u00fcckblicken.<\/p>\n<p>Beide Veranstaltungen waren sehr gut besucht. Wir konnten bei beiden Veranstaltungen je rund 50 Unternehmer und Unternehmerinnen (von kleinen Betrieben und Einzelkaufleuten bis mittelst\u00e4ndische Unternehmen und Kapitalgesellschaften) begr\u00fc\u00dfen.<\/p>\n<p>Veranstaltung fu\u0308r tu\u0308rkische Unternehmer3Wir haben die G\u00e4ste insbesondere \u00fcber aktuelle rechtliche und steuerliche Aspekte informiert. Dabei ging es um die Vermeidung von Risiken und Fehlern bei Vertr\u00e4gen mit Mitarbeitern und Gesch\u00e4ftspartnern. Dabei haben wir f\u00fcr t\u00fcrkischen Unternehmer einen \u00fcbersichtlichen Einblick \u00fcber die rechtlichen Grundlagen im deutschen Vertragsrecht gegeben.<\/p>\n<p>Frau Yagci hat \u00fcber Besonderheiten im deutschen Steuerrecht informiert.<\/p>\n<p>Gro\u00dfes Interesse galt dem Mindestlohngesetz.<\/p>\n<p>Besonders gefreut haben wir uns \u00fcber die Geschenke, die wir als Dank f\u00fcr die Vortr\u00e4ge erhalten haben.<\/p>\n<p>Im Anschluss gab es Kaffee und einen Imbiss, der freundlicherweise vom Unternehmerverein organisiert wurde.<\/p>\n<p>\u00dcber zuk\u00fcnftige Veranstaltungen halten wir Sie gern auf dem Laufenden.<\/p>\n","protected":false},"excerpt":{"rendered":"<p>Zwei sehr gut besuchte Veranstaltungen in M\u00fcnchen und Augsburg Im letzten Monat k\u00f6nnen wir auf zwei erfolgreiche Veranstaltungen am 20. Februar in M\u00fcnchen und am 27. Februar in Augsburg zusammen mit dem Existenzgr\u00fcnder- und Unternehmerverein e.V. exuv zur\u00fcckblicken. Beide Veranstaltungen waren sehr gut besucht. Wir konnten bei beiden Veranstaltungen je rund 50 Unternehmer und Unternehmerinnen [&hellip;]<\/p>\n","protected":false},"author":11,"featured_media":0,"comment_status":"closed","ping_status":"open","sticky":false,"template":"","format":"standard","meta":{"_acf_changed":false,"footnotes":""},"categories":[32],"tags":[79,80,81,82,83,84,85,86,87],"class_list":["post-2283","post","type-post","status-publish","format-standard","hentry","category-blog","tag-augsburg","tag-mindestlohngesetz","tag-muenchen","tag-seminar","tag-steuerrecht","tag-tuerkische-unternehmer","tag-unternehmer","tag-veranstaltung","tag-vertragsrecht"],"acf":[],"yoast_head":"<!-- This site is optimized with the Yoast SEO plugin v27.4 - https:\/\/yoast.com\/product\/yoast-seo-wordpress\/ -->\n<title>Veranstaltung f\u00fcr t\u00fcrkische Unternehmer in M\u00fcnchen und Augsburg - Fokus T\u00fcrkei<\/title>\n<meta name=\"robots\" content=\"index, follow, max-snippet:-1, max-image-preview:large, max-video-preview:-1\" \/>\n<link rel=\"canonical\" href=\"https:\/\/www.ecovis.com\/focus-tuerkei\/veranstaltung-fuer-tuerkische-unternehmer-in-muenchen-und-augsburg\/\" \/>\n<meta property=\"og:locale\" content=\"de_DE\" \/>\n<meta property=\"og:type\" content=\"article\" \/>\n<meta property=\"og:title\" content=\"Veranstaltung f\u00fcr t\u00fcrkische Unternehmer in M\u00fcnchen und Augsburg - Fokus T\u00fcrkei\" \/>\n<meta property=\"og:description\" content=\"Zwei sehr gut besuchte Veranstaltungen in M\u00fcnchen und Augsburg Im letzten Monat k\u00f6nnen wir auf zwei erfolgreiche Veranstaltungen am 20. Februar in M\u00fcnchen und am 27. Februar in Augsburg zusammen mit dem Existenzgr\u00fcnder- und Unternehmerverein e.V. exuv zur\u00fcckblicken. Beide Veranstaltungen waren sehr gut besucht. Wir konnten bei beiden Veranstaltungen je rund 50 Unternehmer und Unternehmerinnen [&hellip;]\" \/>\n<meta property=\"og:url\" content=\"https:\/\/www.ecovis.com\/focus-tuerkei\/veranstaltung-fuer-tuerkische-unternehmer-in-muenchen-und-augsburg\/\" \/>\n<meta property=\"og:site_name\" content=\"Fokus T\u00fcrkei\" \/>\n<meta property=\"article:published_time\" content=\"2015-03-13T13:26:34+00:00\" \/>\n<meta property=\"article:modified_time\" content=\"2021-09-03T12:27:50+00:00\" \/>\n<meta name=\"author\" content=\"kh_focus-tuerkei\" \/>\n<meta name=\"twitter:card\" content=\"summary_large_image\" \/>\n<meta name=\"twitter:label1\" content=\"Verfasst von\" \/>\n\t<meta name=\"twitter:data1\" content=\"kh_focus-tuerkei\" \/>\n\t<meta name=\"twitter:label2\" content=\"Gesch\u00e4tzte Lesezeit\" \/>\n\t<meta name=\"twitter:data2\" content=\"1\u00a0Minute\" \/>\n<script type=\"application\/ld+json\" class=\"yoast-schema-graph\">{\"@context\":\"https:\\\/\\\/schema.org\",\"@graph\":[{\"@type\":\"Article\",\"@id\":\"https:\\\/\\\/www.ecovis.com\\\/focus-tuerkei\\\/veranstaltung-fuer-tuerkische-unternehmer-in-muenchen-und-augsburg\\\/#article\",\"isPartOf\":{\"@id\":\"https:\\\/\\\/www.ecovis.com\\\/focus-tuerkei\\\/veranstaltung-fuer-tuerkische-unternehmer-in-muenchen-und-augsburg\\\/\"},\"author\":{\"name\":\"kh_focus-tuerkei\",\"@id\":\"https:\\\/\\\/www.ecovis.com\\\/focus-tuerkei\\\/#\\\/schema\\\/person\\\/b94a369ead80f55a535b019ad573b42b\"},\"headline\":\"Veranstaltung f\u00fcr t\u00fcrkische Unternehmer in M\u00fcnchen und Augsburg\",\"datePublished\":\"2015-03-13T13:26:34+00:00\",\"dateModified\":\"2021-09-03T12:27:50+00:00\",\"mainEntityOfPage\":{\"@id\":\"https:\\\/\\\/www.ecovis.com\\\/focus-tuerkei\\\/veranstaltung-fuer-tuerkische-unternehmer-in-muenchen-und-augsburg\\\/\"},\"wordCount\":197,\"keywords\":[\"Augsburg\",\"Mindestlohngesetz\",\"M\u00fcnchen\",\"Seminar\",\"Steuerrecht\",\"t\u00fcrkische Unternehmer\",\"Unternehmer\",\"Veranstaltung\",\"Vertragsrecht\"],\"articleSection\":[\"Beitr\u00e4ge mit Fokus T\u00fcrkei\"],\"inLanguage\":\"de\"},{\"@type\":\"WebPage\",\"@id\":\"https:\\\/\\\/www.ecovis.com\\\/focus-tuerkei\\\/veranstaltung-fuer-tuerkische-unternehmer-in-muenchen-und-augsburg\\\/\",\"url\":\"https:\\\/\\\/www.ecovis.com\\\/focus-tuerkei\\\/veranstaltung-fuer-tuerkische-unternehmer-in-muenchen-und-augsburg\\\/\",\"name\":\"Veranstaltung f\u00fcr t\u00fcrkische Unternehmer in M\u00fcnchen und Augsburg - Fokus T\u00fcrkei\",\"isPartOf\":{\"@id\":\"https:\\\/\\\/www.ecovis.com\\\/focus-tuerkei\\\/#website\"},\"datePublished\":\"2015-03-13T13:26:34+00:00\",\"dateModified\":\"2021-09-03T12:27:50+00:00\",\"author\":{\"@id\":\"https:\\\/\\\/www.ecovis.com\\\/focus-tuerkei\\\/#\\\/schema\\\/person\\\/b94a369ead80f55a535b019ad573b42b\"},\"breadcrumb\":{\"@id\":\"https:\\\/\\\/www.ecovis.com\\\/focus-tuerkei\\\/veranstaltung-fuer-tuerkische-unternehmer-in-muenchen-und-augsburg\\\/#breadcrumb\"},\"inLanguage\":\"de\",\"potentialAction\":[{\"@type\":\"ReadAction\",\"target\":[\"https:\\\/\\\/www.ecovis.com\\\/focus-tuerkei\\\/veranstaltung-fuer-tuerkische-unternehmer-in-muenchen-und-augsburg\\\/\"]}]},{\"@type\":\"BreadcrumbList\",\"@id\":\"https:\\\/\\\/www.ecovis.com\\\/focus-tuerkei\\\/veranstaltung-fuer-tuerkische-unternehmer-in-muenchen-und-augsburg\\\/#breadcrumb\",\"itemListElement\":[{\"@type\":\"ListItem\",\"position\":1,\"name\":\"Ecovis Global\",\"item\":\"https:\\\/\\\/www.ecovis.com\\\/\"},{\"@type\":\"ListItem\",\"position\":2,\"name\":\"Blog Fokus T\u00fcrkei\",\"item\":\"https:\\\/\\\/www.ecovis.com\\\/focus-tuerkei\\\/\"},{\"@type\":\"ListItem\",\"position\":3,\"name\":\"Veranstaltung f\u00fcr t\u00fcrkische Unternehmer in M\u00fcnchen und Augsburg\"}]},{\"@type\":\"WebSite\",\"@id\":\"https:\\\/\\\/www.ecovis.com\\\/focus-tuerkei\\\/#website\",\"url\":\"https:\\\/\\\/www.ecovis.com\\\/focus-tuerkei\\\/\",\"name\":\"Ecovis.com\",\"description\":\"\",\"potentialAction\":[{\"@type\":\"SearchAction\",\"target\":{\"@type\":\"EntryPoint\",\"urlTemplate\":\"https:\\\/\\\/www.ecovis.com\\\/focus-tuerkei\\\/?s={search_term_string}\"},\"query-input\":{\"@type\":\"PropertyValueSpecification\",\"valueRequired\":true,\"valueName\":\"search_term_string\"}}],\"inLanguage\":\"de\"},{\"@type\":\"Person\",\"@id\":\"https:\\\/\\\/www.ecovis.com\\\/focus-tuerkei\\\/#\\\/schema\\\/person\\\/b94a369ead80f55a535b019ad573b42b\",\"name\":\"kh_focus-tuerkei\",\"image\":{\"@type\":\"ImageObject\",\"inLanguage\":\"de\",\"@id\":\"https:\\\/\\\/secure.gravatar.com\\\/avatar\\\/b6ecda5d1aade4ea3b3249529c1bddf9bc259cc852a4c8ab7d6d299a5c3ab838?s=96&d=mm&r=g\",\"url\":\"https:\\\/\\\/secure.gravatar.com\\\/avatar\\\/b6ecda5d1aade4ea3b3249529c1bddf9bc259cc852a4c8ab7d6d299a5c3ab838?s=96&d=mm&r=g\",\"contentUrl\":\"https:\\\/\\\/secure.gravatar.com\\\/avatar\\\/b6ecda5d1aade4ea3b3249529c1bddf9bc259cc852a4c8ab7d6d299a5c3ab838?s=96&d=mm&r=g\",\"caption\":\"kh_focus-tuerkei\"},\"url\":\"https:\\\/\\\/www.ecovis.com\\\/focus-tuerkei\\\/author\\\/kh_focus-tuerkei\\\/\"}]}<\/script>\n<!-- \/ Yoast SEO plugin. -->","yoast_head_json":{"title":"Veranstaltung f\u00fcr t\u00fcrkische Unternehmer in M\u00fcnchen und Augsburg - Fokus T\u00fcrkei","robots":{"index":"index","follow":"follow","max-snippet":"max-snippet:-1","max-image-preview":"max-image-preview:large","max-video-preview":"max-video-preview:-1"},"canonical":"https:\/\/www.ecovis.com\/focus-tuerkei\/veranstaltung-fuer-tuerkische-unternehmer-in-muenchen-und-augsburg\/","og_locale":"de_DE","og_type":"article","og_title":"Veranstaltung f\u00fcr t\u00fcrkische Unternehmer in M\u00fcnchen und Augsburg - Fokus T\u00fcrkei","og_description":"Zwei sehr gut besuchte Veranstaltungen in M\u00fcnchen und Augsburg Im letzten Monat k\u00f6nnen wir auf zwei erfolgreiche Veranstaltungen am 20. Februar in M\u00fcnchen und am 27. Februar in Augsburg zusammen mit dem Existenzgr\u00fcnder- und Unternehmerverein e.V. exuv zur\u00fcckblicken. Beide Veranstaltungen waren sehr gut besucht. Wir konnten bei beiden Veranstaltungen je rund 50 Unternehmer und Unternehmerinnen [&hellip;]","og_url":"https:\/\/www.ecovis.com\/focus-tuerkei\/veranstaltung-fuer-tuerkische-unternehmer-in-muenchen-und-augsburg\/","og_site_name":"Fokus T\u00fcrkei","article_published_time":"2015-03-13T13:26:34+00:00","article_modified_time":"2021-09-03T12:27:50+00:00","author":"kh_focus-tuerkei","twitter_card":"summary_large_image","twitter_misc":{"Verfasst von":"kh_focus-tuerkei","Gesch\u00e4tzte Lesezeit":"1\u00a0Minute"},"schema":{"@context":"https:\/\/schema.org","@graph":[{"@type":"Article","@id":"https:\/\/www.ecovis.com\/focus-tuerkei\/veranstaltung-fuer-tuerkische-unternehmer-in-muenchen-und-augsburg\/#article","isPartOf":{"@id":"https:\/\/www.ecovis.com\/focus-tuerkei\/veranstaltung-fuer-tuerkische-unternehmer-in-muenchen-und-augsburg\/"},"author":{"name":"kh_focus-tuerkei","@id":"https:\/\/www.ecovis.com\/focus-tuerkei\/#\/schema\/person\/b94a369ead80f55a535b019ad573b42b"},"headline":"Veranstaltung f\u00fcr t\u00fcrkische Unternehmer in M\u00fcnchen und Augsburg","datePublished":"2015-03-13T13:26:34+00:00","dateModified":"2021-09-03T12:27:50+00:00","mainEntityOfPage":{"@id":"https:\/\/www.ecovis.com\/focus-tuerkei\/veranstaltung-fuer-tuerkische-unternehmer-in-muenchen-und-augsburg\/"},"wordCount":197,"keywords":["Augsburg","Mindestlohngesetz","M\u00fcnchen","Seminar","Steuerrecht","t\u00fcrkische Unternehmer","Unternehmer","Veranstaltung","Vertragsrecht"],"articleSection":["Beitr\u00e4ge mit Fokus T\u00fcrkei"],"inLanguage":"de"},{"@type":"WebPage","@id":"https:\/\/www.ecovis.com\/focus-tuerkei\/veranstaltung-fuer-tuerkische-unternehmer-in-muenchen-und-augsburg\/","url":"https:\/\/www.ecovis.com\/focus-tuerkei\/veranstaltung-fuer-tuerkische-unternehmer-in-muenchen-und-augsburg\/","name":"Veranstaltung f\u00fcr t\u00fcrkische Unternehmer in M\u00fcnchen und Augsburg - Fokus T\u00fcrkei","isPartOf":{"@id":"https:\/\/www.ecovis.com\/focus-tuerkei\/#website"},"datePublished":"2015-03-13T13:26:34+00:00","dateModified":"2021-09-03T12:27:50+00:00","author":{"@id":"https:\/\/www.ecovis.com\/focus-tuerkei\/#\/schema\/person\/b94a369ead80f55a535b019ad573b42b"},"breadcrumb":{"@id":"https:\/\/www.ecovis.com\/focus-tuerkei\/veranstaltung-fuer-tuerkische-unternehmer-in-muenchen-und-augsburg\/#breadcrumb"},"inLanguage":"de","potentialAction":[{"@type":"ReadAction","target":["https:\/\/www.ecovis.com\/focus-tuerkei\/veranstaltung-fuer-tuerkische-unternehmer-in-muenchen-und-augsburg\/"]}]},{"@type":"BreadcrumbList","@id":"https:\/\/www.ecovis.com\/focus-tuerkei\/veranstaltung-fuer-tuerkische-unternehmer-in-muenchen-und-augsburg\/#breadcrumb","itemListElement":[{"@type":"ListItem","position":1,"name":"Ecovis Global","item":"https:\/\/www.ecovis.com\/"},{"@type":"ListItem","position":2,"name":"Blog Fokus T\u00fcrkei","item":"https:\/\/www.ecovis.com\/focus-tuerkei\/"},{"@type":"ListItem","position":3,"name":"Veranstaltung f\u00fcr t\u00fcrkische Unternehmer in M\u00fcnchen und Augsburg"}]},{"@type":"WebSite","@id":"https:\/\/www.ecovis.com\/focus-tuerkei\/#website","url":"https:\/\/www.ecovis.com\/focus-tuerkei\/","name":"Ecovis.com","description":"","potentialAction":[{"@type":"SearchAction","target":{"@type":"EntryPoint","urlTemplate":"https:\/\/www.ecovis.com\/focus-tuerkei\/?s={search_term_string}"},"query-input":{"@type":"PropertyValueSpecification","valueRequired":true,"valueName":"search_term_string"}}],"inLanguage":"de"},{"@type":"Person","@id":"https:\/\/www.ecovis.com\/focus-tuerkei\/#\/schema\/person\/b94a369ead80f55a535b019ad573b42b","name":"kh_focus-tuerkei","image":{"@type":"ImageObject","inLanguage":"de","@id":"https:\/\/secure.gravatar.com\/avatar\/b6ecda5d1aade4ea3b3249529c1bddf9bc259cc852a4c8ab7d6d299a5c3ab838?s=96&d=mm&r=g","url":"https:\/\/secure.gravatar.com\/avatar\/b6ecda5d1aade4ea3b3249529c1bddf9bc259cc852a4c8ab7d6d299a5c3ab838?s=96&d=mm&r=g","contentUrl":"https:\/\/secure.gravatar.com\/avatar\/b6ecda5d1aade4ea3b3249529c1bddf9bc259cc852a4c8ab7d6d299a5c3ab838?s=96&d=mm&r=g","caption":"kh_focus-tuerkei"},"url":"https:\/\/www.ecovis.com\/focus-tuerkei\/author\/kh_focus-tuerkei\/"}]}},"featured_image_url":"","featured_image_url_large":"","_links":{"self":[{"href":"https:\/\/www.ecovis.com\/focus-tuerkei\/wp-json\/wp\/v2\/posts\/2283","targetHints":{"allow":["GET"]}}],"collection":[{"href":"https:\/\/www.ecovis.com\/focus-tuerkei\/wp-json\/wp\/v2\/posts"}],"about":[{"href":"https:\/\/www.ecovis.com\/focus-tuerkei\/wp-json\/wp\/v2\/types\/post"}],"author":[{"embeddable":true,"href":"https:\/\/www.ecovis.com\/focus-tuerkei\/wp-json\/wp\/v2\/users\/11"}],"replies":[{"embeddable":true,"href":"https:\/\/www.ecovis.com\/focus-tuerkei\/wp-json\/wp\/v2\/comments?post=2283"}],"version-history":[{"count":1,"href":"https:\/\/www.ecovis.com\/focus-tuerkei\/wp-json\/wp\/v2\/posts\/2283\/revisions"}],"predecessor-version":[{"id":2284,"href":"https:\/\/www.ecovis.com\/focus-tuerkei\/wp-json\/wp\/v2\/posts\/2283\/revisions\/2284"}],"wp:attachment":[{"href":"https:\/\/www.ecovis.com\/focus-tuerkei\/wp-json\/wp\/v2\/media?parent=2283"}],"wp:term":[{"taxonomy":"category","embeddable":true,"href":"https:\/\/www.ecovis.com\/focus-tuerkei\/wp-json\/wp\/v2\/categories?post=2283"},{"taxonomy":"post_tag","embeddable":true,"href":"https:\/\/www.ecovis.com\/focus-tuerkei\/wp-json\/wp\/v2\/tags?post=2283"}],"curies":[{"name":"wp","href":"https:\/\/api.w.org\/{rel}","templated":true}]}}