{"id":2278,"date":"2015-05-04T14:18:43","date_gmt":"2015-05-04T12:18:43","guid":{"rendered":"https:\/\/www.ecovis.com\/focus-tuerkei\/?p=2278"},"modified":"2021-09-03T14:19:24","modified_gmt":"2021-09-03T12:19:24","slug":"almanyada-ithalat","status":"publish","type":"post","link":"https:\/\/www.ecovis.com\/focus-tuerkei\/almanyada-ithalat\/","title":{"rendered":"Almanya\u00b4da ithalat"},"content":{"rendered":"<p>thalat ve Ihracat vergisel a\u00e7\u0131dan \u00e7ok kapsaml\u0131 ve zordur.<br \/>\nAlmanya\u00b4ya avrupa \u00fclkeleri d\u0131\u015f\u0131nda di\u011fer \u00fclkelerden ithal edilen mallar g\u00fcmr\u00fck harc\u0131 ve g\u00fcmr\u00fck vergisine (\u201cEinfuhrumsatzsteuer\u201d) tabidir. \u201cEinfuhrumsatzsteuer\u201d bir kdv \u00e7e\u015fididir.<\/p>\n<p>G\u00fcmr\u00fck yasas\u0131 (\u201cZollrecht\u201d) \u201cZollkodex (ZK)\u201d ve \u201cZollkodex-Durchf\u00fchrungsverordnung (ZK-DVO)\u201d taraf\u0131ndan belirlenmektedir. \u201cEinfuhrumsatzsteuer\u201d ise avrupa ve alman vergi kanununu baz almaktad\u0131r.<\/p>\n<p>G\u00fcmr\u00fck yasas\u0131 mallar\u0131n Almanya\u00b4ya nakledilmesini \u015fart olarak ko\u015fmaktad\u0131r.<\/p>\n<p>G\u00fcmr\u00fck ba\u015fvurusu ki\u015fi veya temsilcisi tarafindan yap\u0131ld\u0131ktan ve ba\u015fvuru g\u00fcmr\u00fck idaresi tarafindan kabul edildikten sonra g\u00fcmr\u00fck harc\u0131 \u00f6denmek zorundad\u0131r. G\u00fcmr\u00fck harc\u0131 bildirisi geldikten sonra \u00f6denmek zorundad\u0131r. Ancak giri\u015fim sahibine veya temsilcisine g\u00fcmr\u00fck dairesi taraf\u0131ndan s\u00fcrekli \u00f6deme ertelemesi onaylandi ise, ayl\u0131k g\u00fcmr\u00fck har\u00e7lar\u0131 gelecek ay\u0131n 16.s\u0131na kadar \u00f6denilebilir. Bu durumda ki\u015finin kefalet olarak bir\u015fey g\u00f6stermesi gerekir. G\u00fcmr\u00fck har\u00e7lar\u0131 \u00f6dendikten ve mallar teslim edildikten sonra, ki\u015fi mallar \u00fczerinde serbest yetkiye sahip olur.<\/p>\n<p>\u201cEinfuhrumsatzsteuer\u201d (ithalat kdv\u00b4si) g\u00fcmr\u00fck har\u00e7lar\u0131yla birlikte \u00f6denmelidir.<br \/>\nKDV kanuna g\u00f6re ise mallar\u0131n \u00fczerinde yetkinin sa\u011flanmasi gerekmektedir. Bu durumda ithalat kdv\u00b4si de g\u00fcmr\u00fck ba\u015fvurusu g\u00fcmr\u00fck dairesi taraf\u0131ndan kabul edilip mallar\u0131n serbest piyasaya s\u00fcr\u00fclmesiyle birlikte \u00f6denmek zorundad\u0131r. B\u00fct\u00fcn formaliteler ger\u00e7ekle\u015fip har\u00e7 ve vergiler \u00f6dendi\u011fi takdirde, mallar avrupa birli\u011finde serbest piyasaya s\u00fcr\u00fclm\u00fc\u015f say\u0131l\u0131r.<\/p>\n<p>Ithalat kdv\u00b4si g\u00fcmr\u00fck har\u00e7lar\u0131yla ve gerekirse baz\u0131 t\u00fcketim vergileri ile birlikte bir bildiride belirlenir. Ithalat kdv\u00b4si har\u00e7larda oldu\u011fu gibi s\u00fcrekli \u00f6deme ertelemesi yap\u0131labilir. Bu durumda kefalet gerekmeyebilir. Ithalat kdv\u00b4si mallarin Almanya\u00b4da bulunmas\u0131 ve i\u015fyeri i\u00e7in kullan\u0131ld\u0131\u011f\u0131 (veya i\u015fyeri i\u00e7in gelir edilmesi) gibi, ithalat kdv\u00b4sinin ger\u00e7ek olmas\u0131 ve ki\u015fi taraf\u0131ndan \u00f6denildi\u011fi takdirde Almanya\u00b4da kdv\u00b4den d\u00fc\u015f\u00fclebilir. Bu durumda \u00f6denilen ithalat kdv\u00b4sinin direkt d\u00fc\u015f\u00fcr\u00fclmesi sa\u011flanmaktad\u0131r. \u00d6nemli olan ki\u015finin veya temsilcisinin (\u00f6rne\u011fin nakliye \u015firketi) ki\u015fi ad\u0131na \u00fcr\u00fcnleri ithal etmi\u015f olmas\u0131d\u0131r.<\/p>\n<p>Ithalat kdv\u00b4si i\u00e7in delil olarak g\u00fcmr\u00fckten resmi belge bildiri \u015feklinde veya yedek belge olarak olmal\u0131d\u0131r. Genelde bilgisayar y\u00f6ntemi ATLAS (otomatik tarife ve y\u00f6rel g\u00fcmr\u00fck sistemi) \u00fczerinede ithalatlar ger\u00e7ekle\u015fti\u011finden, belge olarak elektronik bildiri \u00e7\u0131kt\u0131s\u0131 kullan\u0131labilir.<\/p>\n<p>Ithalat kdv\u00b4sine y\u00f6nelikte baz\u0131 istisnalar bulunmaktadir, \u00f6rne\u011fin: uluslararas\u0131 demiryolu-kargo trafi\u011fine y\u00f6nelik, ana hizmet d\u0131\u015f\u0131ndaki ek hizmetlerde (\u00f6rne\u011fin tartmak, \u00f6l\u00e7mek gibi), bazi mallar\u0131n ithalat\u0131, gaz ve elektri\u011fin ithalat\u0131 gibi. K\u00fc\u00e7\u00fck kapsamda olan sevkiyatlar ithalata tabi tutulmayabilir. Ge\u00e7ici bir s\u00fcre i\u00e7in Almanya\u00b4da bulunan mallarda (6 ve 24 ay arasi olabilir, duruma g\u00f6re de\u011fi\u015fmekte) ithalat vergisine tabi tutulmaz.<\/p>\n<p>Ayn\u0131 ithalat Almanya d\u0131\u015f\u0131nda di\u011fer avrupa \u00fclkelerindende ger\u00e7ekle\u015fti\u011fi takdirde ithalat\u00b4\u0131n vergisel a\u00e7\u0131dan nerede ger\u00e7ekle\u015fti\u011fine dair detayl\u0131 bir analiz gerekmektedir ve bu bazda faturalarda bile farkl\u0131l\u0131klara dikkat etmek gerekir.<\/p>\n<p>G\u00fcmr\u00fck har\u00e7lar\u0131 ve ithalat kdv\u00b4si ayn\u0131 ki\u015fi taraf\u0131ndan beyan edilir.<\/p>\n","protected":false},"excerpt":{"rendered":"<p>thalat ve Ihracat vergisel a\u00e7\u0131dan \u00e7ok kapsaml\u0131 ve zordur. Almanya\u00b4ya avrupa \u00fclkeleri d\u0131\u015f\u0131nda di\u011fer \u00fclkelerden ithal edilen mallar g\u00fcmr\u00fck harc\u0131 ve g\u00fcmr\u00fck vergisine (\u201cEinfuhrumsatzsteuer\u201d) tabidir. \u201cEinfuhrumsatzsteuer\u201d bir kdv \u00e7e\u015fididir. G\u00fcmr\u00fck yasas\u0131 (\u201cZollrecht\u201d) \u201cZollkodex (ZK)\u201d ve \u201cZollkodex-Durchf\u00fchrungsverordnung (ZK-DVO)\u201d taraf\u0131ndan belirlenmektedir. \u201cEinfuhrumsatzsteuer\u201d ise avrupa ve alman vergi kanununu baz almaktad\u0131r. G\u00fcmr\u00fck yasas\u0131 mallar\u0131n Almanya\u00b4ya nakledilmesini \u015fart olarak [&hellip;]<\/p>\n","protected":false},"author":11,"featured_media":0,"comment_status":"closed","ping_status":"open","sticky":false,"template":"","format":"standard","meta":{"_acf_changed":false,"footnotes":""},"categories":[32],"tags":[67,70,71,72,73,45,74,75,76,77,78],"class_list":["post-2278","post","type-post","status-publish","format-standard","hentry","category-blog","tag-almanya","tag-aussenwirtschaft","tag-ausfuhr","tag-einfuhr","tag-export","tag-ihracat","tag-import","tag-internationaler-handel","tag-ithalat","tag-zoll","tag-zollrecht"],"acf":[],"yoast_head":"<!-- This site is optimized with the Yoast SEO plugin v27.4 - https:\/\/yoast.com\/product\/yoast-seo-wordpress\/ -->\n<title>Almanya\u00b4da ithalat - Fokus T\u00fcrkei<\/title>\n<meta name=\"robots\" content=\"index, follow, max-snippet:-1, max-image-preview:large, max-video-preview:-1\" \/>\n<link rel=\"canonical\" href=\"https:\/\/www.ecovis.com\/focus-tuerkei\/almanyada-ithalat\/\" \/>\n<meta property=\"og:locale\" content=\"de_DE\" \/>\n<meta property=\"og:type\" content=\"article\" \/>\n<meta property=\"og:title\" content=\"Almanya\u00b4da ithalat - Fokus T\u00fcrkei\" \/>\n<meta property=\"og:description\" content=\"thalat ve Ihracat vergisel a\u00e7\u0131dan \u00e7ok kapsaml\u0131 ve zordur. Almanya\u00b4ya avrupa \u00fclkeleri d\u0131\u015f\u0131nda di\u011fer \u00fclkelerden ithal edilen mallar g\u00fcmr\u00fck harc\u0131 ve g\u00fcmr\u00fck vergisine (\u201cEinfuhrumsatzsteuer\u201d) tabidir. \u201cEinfuhrumsatzsteuer\u201d bir kdv \u00e7e\u015fididir. G\u00fcmr\u00fck yasas\u0131 (\u201cZollrecht\u201d) \u201cZollkodex (ZK)\u201d ve \u201cZollkodex-Durchf\u00fchrungsverordnung (ZK-DVO)\u201d taraf\u0131ndan belirlenmektedir. \u201cEinfuhrumsatzsteuer\u201d ise avrupa ve alman vergi kanununu baz almaktad\u0131r. G\u00fcmr\u00fck yasas\u0131 mallar\u0131n Almanya\u00b4ya nakledilmesini \u015fart olarak [&hellip;]\" \/>\n<meta property=\"og:url\" content=\"https:\/\/www.ecovis.com\/focus-tuerkei\/almanyada-ithalat\/\" \/>\n<meta property=\"og:site_name\" content=\"Fokus T\u00fcrkei\" \/>\n<meta property=\"article:published_time\" content=\"2015-05-04T12:18:43+00:00\" \/>\n<meta property=\"article:modified_time\" content=\"2021-09-03T12:19:24+00:00\" \/>\n<meta name=\"author\" content=\"kh_focus-tuerkei\" \/>\n<meta name=\"twitter:card\" content=\"summary_large_image\" \/>\n<meta name=\"twitter:label1\" content=\"Verfasst von\" \/>\n\t<meta name=\"twitter:data1\" content=\"kh_focus-tuerkei\" \/>\n\t<meta name=\"twitter:label2\" content=\"Gesch\u00e4tzte Lesezeit\" \/>\n\t<meta name=\"twitter:data2\" content=\"3\u00a0Minuten\" \/>\n<script type=\"application\/ld+json\" class=\"yoast-schema-graph\">{\"@context\":\"https:\\\/\\\/schema.org\",\"@graph\":[{\"@type\":\"Article\",\"@id\":\"https:\\\/\\\/www.ecovis.com\\\/focus-tuerkei\\\/almanyada-ithalat\\\/#article\",\"isPartOf\":{\"@id\":\"https:\\\/\\\/www.ecovis.com\\\/focus-tuerkei\\\/almanyada-ithalat\\\/\"},\"author\":{\"name\":\"kh_focus-tuerkei\",\"@id\":\"https:\\\/\\\/www.ecovis.com\\\/focus-tuerkei\\\/#\\\/schema\\\/person\\\/b94a369ead80f55a535b019ad573b42b\"},\"headline\":\"Almanya\u00b4da ithalat\",\"datePublished\":\"2015-05-04T12:18:43+00:00\",\"dateModified\":\"2021-09-03T12:19:24+00:00\",\"mainEntityOfPage\":{\"@id\":\"https:\\\/\\\/www.ecovis.com\\\/focus-tuerkei\\\/almanyada-ithalat\\\/\"},\"wordCount\":551,\"keywords\":[\"Almanya\",\"Au\u00dfenwirtschaft\",\"Ausfuhr\",\"Einfuhr\",\"Export\",\"ihracat\",\"Import\",\"Internationaler Handel\",\"ithalat\",\"Zoll\",\"Zollrecht\"],\"articleSection\":[\"Beitr\u00e4ge mit Fokus T\u00fcrkei\"],\"inLanguage\":\"de\"},{\"@type\":\"WebPage\",\"@id\":\"https:\\\/\\\/www.ecovis.com\\\/focus-tuerkei\\\/almanyada-ithalat\\\/\",\"url\":\"https:\\\/\\\/www.ecovis.com\\\/focus-tuerkei\\\/almanyada-ithalat\\\/\",\"name\":\"Almanya\u00b4da ithalat - Fokus T\u00fcrkei\",\"isPartOf\":{\"@id\":\"https:\\\/\\\/www.ecovis.com\\\/focus-tuerkei\\\/#website\"},\"datePublished\":\"2015-05-04T12:18:43+00:00\",\"dateModified\":\"2021-09-03T12:19:24+00:00\",\"author\":{\"@id\":\"https:\\\/\\\/www.ecovis.com\\\/focus-tuerkei\\\/#\\\/schema\\\/person\\\/b94a369ead80f55a535b019ad573b42b\"},\"breadcrumb\":{\"@id\":\"https:\\\/\\\/www.ecovis.com\\\/focus-tuerkei\\\/almanyada-ithalat\\\/#breadcrumb\"},\"inLanguage\":\"de\",\"potentialAction\":[{\"@type\":\"ReadAction\",\"target\":[\"https:\\\/\\\/www.ecovis.com\\\/focus-tuerkei\\\/almanyada-ithalat\\\/\"]}]},{\"@type\":\"BreadcrumbList\",\"@id\":\"https:\\\/\\\/www.ecovis.com\\\/focus-tuerkei\\\/almanyada-ithalat\\\/#breadcrumb\",\"itemListElement\":[{\"@type\":\"ListItem\",\"position\":1,\"name\":\"Ecovis Global\",\"item\":\"https:\\\/\\\/www.ecovis.com\\\/\"},{\"@type\":\"ListItem\",\"position\":2,\"name\":\"Blog Fokus T\u00fcrkei\",\"item\":\"https:\\\/\\\/www.ecovis.com\\\/focus-tuerkei\\\/\"},{\"@type\":\"ListItem\",\"position\":3,\"name\":\"Almanya\u00b4da ithalat\"}]},{\"@type\":\"WebSite\",\"@id\":\"https:\\\/\\\/www.ecovis.com\\\/focus-tuerkei\\\/#website\",\"url\":\"https:\\\/\\\/www.ecovis.com\\\/focus-tuerkei\\\/\",\"name\":\"Ecovis.com\",\"description\":\"\",\"potentialAction\":[{\"@type\":\"SearchAction\",\"target\":{\"@type\":\"EntryPoint\",\"urlTemplate\":\"https:\\\/\\\/www.ecovis.com\\\/focus-tuerkei\\\/?s={search_term_string}\"},\"query-input\":{\"@type\":\"PropertyValueSpecification\",\"valueRequired\":true,\"valueName\":\"search_term_string\"}}],\"inLanguage\":\"de\"},{\"@type\":\"Person\",\"@id\":\"https:\\\/\\\/www.ecovis.com\\\/focus-tuerkei\\\/#\\\/schema\\\/person\\\/b94a369ead80f55a535b019ad573b42b\",\"name\":\"kh_focus-tuerkei\",\"image\":{\"@type\":\"ImageObject\",\"inLanguage\":\"de\",\"@id\":\"https:\\\/\\\/secure.gravatar.com\\\/avatar\\\/b6ecda5d1aade4ea3b3249529c1bddf9bc259cc852a4c8ab7d6d299a5c3ab838?s=96&d=mm&r=g\",\"url\":\"https:\\\/\\\/secure.gravatar.com\\\/avatar\\\/b6ecda5d1aade4ea3b3249529c1bddf9bc259cc852a4c8ab7d6d299a5c3ab838?s=96&d=mm&r=g\",\"contentUrl\":\"https:\\\/\\\/secure.gravatar.com\\\/avatar\\\/b6ecda5d1aade4ea3b3249529c1bddf9bc259cc852a4c8ab7d6d299a5c3ab838?s=96&d=mm&r=g\",\"caption\":\"kh_focus-tuerkei\"},\"url\":\"https:\\\/\\\/www.ecovis.com\\\/focus-tuerkei\\\/author\\\/kh_focus-tuerkei\\\/\"}]}<\/script>\n<!-- \/ Yoast SEO plugin. -->","yoast_head_json":{"title":"Almanya\u00b4da ithalat - Fokus T\u00fcrkei","robots":{"index":"index","follow":"follow","max-snippet":"max-snippet:-1","max-image-preview":"max-image-preview:large","max-video-preview":"max-video-preview:-1"},"canonical":"https:\/\/www.ecovis.com\/focus-tuerkei\/almanyada-ithalat\/","og_locale":"de_DE","og_type":"article","og_title":"Almanya\u00b4da ithalat - Fokus T\u00fcrkei","og_description":"thalat ve Ihracat vergisel a\u00e7\u0131dan \u00e7ok kapsaml\u0131 ve zordur. Almanya\u00b4ya avrupa \u00fclkeleri d\u0131\u015f\u0131nda di\u011fer \u00fclkelerden ithal edilen mallar g\u00fcmr\u00fck harc\u0131 ve g\u00fcmr\u00fck vergisine (\u201cEinfuhrumsatzsteuer\u201d) tabidir. \u201cEinfuhrumsatzsteuer\u201d bir kdv \u00e7e\u015fididir. G\u00fcmr\u00fck yasas\u0131 (\u201cZollrecht\u201d) \u201cZollkodex (ZK)\u201d ve \u201cZollkodex-Durchf\u00fchrungsverordnung (ZK-DVO)\u201d taraf\u0131ndan belirlenmektedir. \u201cEinfuhrumsatzsteuer\u201d ise avrupa ve alman vergi kanununu baz almaktad\u0131r. G\u00fcmr\u00fck yasas\u0131 mallar\u0131n Almanya\u00b4ya nakledilmesini \u015fart olarak [&hellip;]","og_url":"https:\/\/www.ecovis.com\/focus-tuerkei\/almanyada-ithalat\/","og_site_name":"Fokus T\u00fcrkei","article_published_time":"2015-05-04T12:18:43+00:00","article_modified_time":"2021-09-03T12:19:24+00:00","author":"kh_focus-tuerkei","twitter_card":"summary_large_image","twitter_misc":{"Verfasst von":"kh_focus-tuerkei","Gesch\u00e4tzte Lesezeit":"3\u00a0Minuten"},"schema":{"@context":"https:\/\/schema.org","@graph":[{"@type":"Article","@id":"https:\/\/www.ecovis.com\/focus-tuerkei\/almanyada-ithalat\/#article","isPartOf":{"@id":"https:\/\/www.ecovis.com\/focus-tuerkei\/almanyada-ithalat\/"},"author":{"name":"kh_focus-tuerkei","@id":"https:\/\/www.ecovis.com\/focus-tuerkei\/#\/schema\/person\/b94a369ead80f55a535b019ad573b42b"},"headline":"Almanya\u00b4da ithalat","datePublished":"2015-05-04T12:18:43+00:00","dateModified":"2021-09-03T12:19:24+00:00","mainEntityOfPage":{"@id":"https:\/\/www.ecovis.com\/focus-tuerkei\/almanyada-ithalat\/"},"wordCount":551,"keywords":["Almanya","Au\u00dfenwirtschaft","Ausfuhr","Einfuhr","Export","ihracat","Import","Internationaler Handel","ithalat","Zoll","Zollrecht"],"articleSection":["Beitr\u00e4ge mit Fokus T\u00fcrkei"],"inLanguage":"de"},{"@type":"WebPage","@id":"https:\/\/www.ecovis.com\/focus-tuerkei\/almanyada-ithalat\/","url":"https:\/\/www.ecovis.com\/focus-tuerkei\/almanyada-ithalat\/","name":"Almanya\u00b4da ithalat - Fokus T\u00fcrkei","isPartOf":{"@id":"https:\/\/www.ecovis.com\/focus-tuerkei\/#website"},"datePublished":"2015-05-04T12:18:43+00:00","dateModified":"2021-09-03T12:19:24+00:00","author":{"@id":"https:\/\/www.ecovis.com\/focus-tuerkei\/#\/schema\/person\/b94a369ead80f55a535b019ad573b42b"},"breadcrumb":{"@id":"https:\/\/www.ecovis.com\/focus-tuerkei\/almanyada-ithalat\/#breadcrumb"},"inLanguage":"de","potentialAction":[{"@type":"ReadAction","target":["https:\/\/www.ecovis.com\/focus-tuerkei\/almanyada-ithalat\/"]}]},{"@type":"BreadcrumbList","@id":"https:\/\/www.ecovis.com\/focus-tuerkei\/almanyada-ithalat\/#breadcrumb","itemListElement":[{"@type":"ListItem","position":1,"name":"Ecovis Global","item":"https:\/\/www.ecovis.com\/"},{"@type":"ListItem","position":2,"name":"Blog Fokus T\u00fcrkei","item":"https:\/\/www.ecovis.com\/focus-tuerkei\/"},{"@type":"ListItem","position":3,"name":"Almanya\u00b4da ithalat"}]},{"@type":"WebSite","@id":"https:\/\/www.ecovis.com\/focus-tuerkei\/#website","url":"https:\/\/www.ecovis.com\/focus-tuerkei\/","name":"Ecovis.com","description":"","potentialAction":[{"@type":"SearchAction","target":{"@type":"EntryPoint","urlTemplate":"https:\/\/www.ecovis.com\/focus-tuerkei\/?s={search_term_string}"},"query-input":{"@type":"PropertyValueSpecification","valueRequired":true,"valueName":"search_term_string"}}],"inLanguage":"de"},{"@type":"Person","@id":"https:\/\/www.ecovis.com\/focus-tuerkei\/#\/schema\/person\/b94a369ead80f55a535b019ad573b42b","name":"kh_focus-tuerkei","image":{"@type":"ImageObject","inLanguage":"de","@id":"https:\/\/secure.gravatar.com\/avatar\/b6ecda5d1aade4ea3b3249529c1bddf9bc259cc852a4c8ab7d6d299a5c3ab838?s=96&d=mm&r=g","url":"https:\/\/secure.gravatar.com\/avatar\/b6ecda5d1aade4ea3b3249529c1bddf9bc259cc852a4c8ab7d6d299a5c3ab838?s=96&d=mm&r=g","contentUrl":"https:\/\/secure.gravatar.com\/avatar\/b6ecda5d1aade4ea3b3249529c1bddf9bc259cc852a4c8ab7d6d299a5c3ab838?s=96&d=mm&r=g","caption":"kh_focus-tuerkei"},"url":"https:\/\/www.ecovis.com\/focus-tuerkei\/author\/kh_focus-tuerkei\/"}]}},"featured_image_url":"","featured_image_url_large":"","_links":{"self":[{"href":"https:\/\/www.ecovis.com\/focus-tuerkei\/wp-json\/wp\/v2\/posts\/2278","targetHints":{"allow":["GET"]}}],"collection":[{"href":"https:\/\/www.ecovis.com\/focus-tuerkei\/wp-json\/wp\/v2\/posts"}],"about":[{"href":"https:\/\/www.ecovis.com\/focus-tuerkei\/wp-json\/wp\/v2\/types\/post"}],"author":[{"embeddable":true,"href":"https:\/\/www.ecovis.com\/focus-tuerkei\/wp-json\/wp\/v2\/users\/11"}],"replies":[{"embeddable":true,"href":"https:\/\/www.ecovis.com\/focus-tuerkei\/wp-json\/wp\/v2\/comments?post=2278"}],"version-history":[{"count":1,"href":"https:\/\/www.ecovis.com\/focus-tuerkei\/wp-json\/wp\/v2\/posts\/2278\/revisions"}],"predecessor-version":[{"id":2279,"href":"https:\/\/www.ecovis.com\/focus-tuerkei\/wp-json\/wp\/v2\/posts\/2278\/revisions\/2279"}],"wp:attachment":[{"href":"https:\/\/www.ecovis.com\/focus-tuerkei\/wp-json\/wp\/v2\/media?parent=2278"}],"wp:term":[{"taxonomy":"category","embeddable":true,"href":"https:\/\/www.ecovis.com\/focus-tuerkei\/wp-json\/wp\/v2\/categories?post=2278"},{"taxonomy":"post_tag","embeddable":true,"href":"https:\/\/www.ecovis.com\/focus-tuerkei\/wp-json\/wp\/v2\/tags?post=2278"}],"curies":[{"name":"wp","href":"https:\/\/api.w.org\/{rel}","templated":true}]}}