{"id":2270,"date":"2015-05-22T14:09:18","date_gmt":"2015-05-22T12:09:18","guid":{"rendered":"https:\/\/www.ecovis.com\/focus-tuerkei\/?p=2270"},"modified":"2021-09-03T14:18:33","modified_gmt":"2021-09-03T12:18:33","slug":"kuecuek-oelcekli-sirketlerde-oezel-amortismanlar","status":"publish","type":"post","link":"https:\/\/www.ecovis.com\/focus-tuerkei\/kuecuek-oelcekli-sirketlerde-oezel-amortismanlar\/","title":{"rendered":"K\u00fc\u00e7\u00fck \u00f6l\u00e7ekli \u015firketler\u2019de \u00f6zel amortismanlar"},"content":{"rendered":"<p>Alman vergi kanuna g\u00f6re belirli b\u00fcy\u00fckl\u00fc\u011f\u00fc ge\u00e7meyen k\u00fc\u00e7\u00fck \u00f6l\u00e7ekli \u015firketlerde \u00f6zel amortismanlar vergiden d\u00fc\u015f\u00fcr\u00fclebilir. S\u00f6z konusu bu amortismanlar be\u015f y\u0131l i\u00e7erisinde kullan\u0131labilir ve toplam olarak sat\u0131n al\u0131m fiyat\u0131n\u0131n y\u00fczde 20\u00b4sidir.<\/p>\n<p>Ayr\u0131ca belirli kriterler i\u00e7erisinde bu t\u00fcr ticari mallar\u0131n \u00fcretilmesi veya sat\u0131n al\u0131nmas\u0131 ciddi bir \u015fekilde g\u00f6zden ge\u00e7irilmi\u015f ve bunun i\u00e7in \u00f6rne\u011fin teklifler al\u0131nm\u0131\u015f ise, \u00f6nceki y\u0131lda \u00fcr\u00fcn fiyat\u0131n\u0131n y\u00fczde 40\u2019lik miktar\u0131 vergiden d\u00fc\u015f\u00fcr\u00fclebilir. Mal\u0131n al\u0131nd\u0131\u011f\u0131 senede ise vergiden d\u00fc\u015f\u00fcr\u00fclen y\u00fczde 40\u00b4l\u0131k miktar vergiye dahil edilmektedir. Bu durumda vergisel a\u00e7\u0131dan avantaj sa\u011flanabilmesi i\u00e7in kazanc\u0131n y\u00fcksek ve d\u00fc\u015f\u00fck oldu\u011fu iki ayr\u0131 senede bu t\u00fcr imkanlardan faydalanmak m\u00fcmk\u00fcnd\u00fcr.<\/p>\n<p>Ancak \u00fcr\u00fcn gelecek \u00fc\u00e7 y\u0131l i\u00e7erisinde sat\u0131n al\u0131nmak zorundad\u0131r. Aksi takdirde ge\u00e7mi\u015f senenin kazanc\u0131na d\u00fc\u015f\u00fcr\u00fclen y\u00fczde 40\u00b4l\u0131k miktar eklenip  y\u00fczde 6\u2019l\u0131k faiz oran\u0131yla  vergilendirmek zorunlu\u011fu bulunmaktat\u0131r.<\/p>\n","protected":false},"excerpt":{"rendered":"<p>Alman vergi kanuna g\u00f6re belirli b\u00fcy\u00fckl\u00fc\u011f\u00fc ge\u00e7meyen k\u00fc\u00e7\u00fck \u00f6l\u00e7ekli \u015firketlerde \u00f6zel amortismanlar vergiden d\u00fc\u015f\u00fcr\u00fclebilir. S\u00f6z konusu bu amortismanlar be\u015f y\u0131l i\u00e7erisinde kullan\u0131labilir ve toplam olarak sat\u0131n al\u0131m fiyat\u0131n\u0131n y\u00fczde 20\u00b4sidir. Ayr\u0131ca belirli kriterler i\u00e7erisinde bu t\u00fcr ticari mallar\u0131n \u00fcretilmesi veya sat\u0131n al\u0131nmas\u0131 ciddi bir \u015fekilde g\u00f6zden ge\u00e7irilmi\u015f ve bunun i\u00e7in \u00f6rne\u011fin teklifler al\u0131nm\u0131\u015f ise, \u00f6nceki [&hellip;]<\/p>\n","protected":false},"author":11,"featured_media":0,"comment_status":"closed","ping_status":"open","sticky":false,"template":"","format":"standard","meta":{"_acf_changed":false,"footnotes":""},"categories":[32],"tags":[66,67,41,68,69],"class_list":["post-2270","post","type-post","status-publish","format-standard","hentry","category-blog","tag-alman-vergi-hukuku","tag-almanya","tag-amortisman","tag-kuecuek-oelcekli-sirketler","tag-vergi-danismanligi"],"acf":[],"yoast_head":"<!-- This site is optimized with the Yoast SEO plugin v27.4 - https:\/\/yoast.com\/product\/yoast-seo-wordpress\/ -->\n<title>K\u00fc\u00e7\u00fck \u00f6l\u00e7ekli \u015firketler\u2019de \u00f6zel amortismanlar - Fokus T\u00fcrkei<\/title>\n<meta name=\"robots\" content=\"index, follow, max-snippet:-1, max-image-preview:large, max-video-preview:-1\" \/>\n<link rel=\"canonical\" href=\"https:\/\/www.ecovis.com\/focus-tuerkei\/kuecuek-oelcekli-sirketlerde-oezel-amortismanlar\/\" \/>\n<meta property=\"og:locale\" content=\"de_DE\" \/>\n<meta property=\"og:type\" content=\"article\" \/>\n<meta property=\"og:title\" content=\"K\u00fc\u00e7\u00fck \u00f6l\u00e7ekli \u015firketler\u2019de \u00f6zel amortismanlar - Fokus T\u00fcrkei\" \/>\n<meta property=\"og:description\" content=\"Alman vergi kanuna g\u00f6re belirli b\u00fcy\u00fckl\u00fc\u011f\u00fc ge\u00e7meyen k\u00fc\u00e7\u00fck \u00f6l\u00e7ekli \u015firketlerde \u00f6zel amortismanlar vergiden d\u00fc\u015f\u00fcr\u00fclebilir. S\u00f6z konusu bu amortismanlar be\u015f y\u0131l i\u00e7erisinde kullan\u0131labilir ve toplam olarak sat\u0131n al\u0131m fiyat\u0131n\u0131n y\u00fczde 20\u00b4sidir. Ayr\u0131ca belirli kriterler i\u00e7erisinde bu t\u00fcr ticari mallar\u0131n \u00fcretilmesi veya sat\u0131n al\u0131nmas\u0131 ciddi bir \u015fekilde g\u00f6zden ge\u00e7irilmi\u015f ve bunun i\u00e7in \u00f6rne\u011fin teklifler al\u0131nm\u0131\u015f ise, \u00f6nceki [&hellip;]\" \/>\n<meta property=\"og:url\" content=\"https:\/\/www.ecovis.com\/focus-tuerkei\/kuecuek-oelcekli-sirketlerde-oezel-amortismanlar\/\" \/>\n<meta property=\"og:site_name\" content=\"Fokus T\u00fcrkei\" \/>\n<meta property=\"article:published_time\" content=\"2015-05-22T12:09:18+00:00\" \/>\n<meta property=\"article:modified_time\" content=\"2021-09-03T12:18:33+00:00\" \/>\n<meta name=\"author\" content=\"kh_focus-tuerkei\" \/>\n<meta name=\"twitter:card\" content=\"summary_large_image\" \/>\n<meta name=\"twitter:label1\" content=\"Verfasst von\" \/>\n\t<meta name=\"twitter:data1\" content=\"kh_focus-tuerkei\" \/>\n\t<meta name=\"twitter:label2\" content=\"Gesch\u00e4tzte Lesezeit\" \/>\n\t<meta name=\"twitter:data2\" content=\"1\u00a0Minute\" \/>\n<script type=\"application\/ld+json\" class=\"yoast-schema-graph\">{\"@context\":\"https:\\\/\\\/schema.org\",\"@graph\":[{\"@type\":\"Article\",\"@id\":\"https:\\\/\\\/www.ecovis.com\\\/focus-tuerkei\\\/kuecuek-oelcekli-sirketlerde-oezel-amortismanlar\\\/#article\",\"isPartOf\":{\"@id\":\"https:\\\/\\\/www.ecovis.com\\\/focus-tuerkei\\\/kuecuek-oelcekli-sirketlerde-oezel-amortismanlar\\\/\"},\"author\":{\"name\":\"kh_focus-tuerkei\",\"@id\":\"https:\\\/\\\/www.ecovis.com\\\/focus-tuerkei\\\/#\\\/schema\\\/person\\\/b94a369ead80f55a535b019ad573b42b\"},\"headline\":\"K\u00fc\u00e7\u00fck \u00f6l\u00e7ekli \u015firketler\u2019de \u00f6zel amortismanlar\",\"datePublished\":\"2015-05-22T12:09:18+00:00\",\"dateModified\":\"2021-09-03T12:18:33+00:00\",\"mainEntityOfPage\":{\"@id\":\"https:\\\/\\\/www.ecovis.com\\\/focus-tuerkei\\\/kuecuek-oelcekli-sirketlerde-oezel-amortismanlar\\\/\"},\"wordCount\":197,\"keywords\":[\"Alman Vergi Hukuku\",\"Almanya\",\"Amortisman\",\"K\u00fc\u00e7\u00fck \u00f6l\u00e7ekli \u015firketler\",\"Vergi Dan\u0131\u015fmanl\u0131\u011f\u0131\"],\"articleSection\":[\"Beitr\u00e4ge mit Fokus T\u00fcrkei\"],\"inLanguage\":\"de\"},{\"@type\":\"WebPage\",\"@id\":\"https:\\\/\\\/www.ecovis.com\\\/focus-tuerkei\\\/kuecuek-oelcekli-sirketlerde-oezel-amortismanlar\\\/\",\"url\":\"https:\\\/\\\/www.ecovis.com\\\/focus-tuerkei\\\/kuecuek-oelcekli-sirketlerde-oezel-amortismanlar\\\/\",\"name\":\"K\u00fc\u00e7\u00fck \u00f6l\u00e7ekli \u015firketler\u2019de \u00f6zel amortismanlar - Fokus T\u00fcrkei\",\"isPartOf\":{\"@id\":\"https:\\\/\\\/www.ecovis.com\\\/focus-tuerkei\\\/#website\"},\"datePublished\":\"2015-05-22T12:09:18+00:00\",\"dateModified\":\"2021-09-03T12:18:33+00:00\",\"author\":{\"@id\":\"https:\\\/\\\/www.ecovis.com\\\/focus-tuerkei\\\/#\\\/schema\\\/person\\\/b94a369ead80f55a535b019ad573b42b\"},\"breadcrumb\":{\"@id\":\"https:\\\/\\\/www.ecovis.com\\\/focus-tuerkei\\\/kuecuek-oelcekli-sirketlerde-oezel-amortismanlar\\\/#breadcrumb\"},\"inLanguage\":\"de\",\"potentialAction\":[{\"@type\":\"ReadAction\",\"target\":[\"https:\\\/\\\/www.ecovis.com\\\/focus-tuerkei\\\/kuecuek-oelcekli-sirketlerde-oezel-amortismanlar\\\/\"]}]},{\"@type\":\"BreadcrumbList\",\"@id\":\"https:\\\/\\\/www.ecovis.com\\\/focus-tuerkei\\\/kuecuek-oelcekli-sirketlerde-oezel-amortismanlar\\\/#breadcrumb\",\"itemListElement\":[{\"@type\":\"ListItem\",\"position\":1,\"name\":\"Ecovis Global\",\"item\":\"https:\\\/\\\/www.ecovis.com\\\/\"},{\"@type\":\"ListItem\",\"position\":2,\"name\":\"Blog Fokus T\u00fcrkei\",\"item\":\"https:\\\/\\\/www.ecovis.com\\\/focus-tuerkei\\\/\"},{\"@type\":\"ListItem\",\"position\":3,\"name\":\"K\u00fc\u00e7\u00fck \u00f6l\u00e7ekli \u015firketler\u2019de \u00f6zel amortismanlar\"}]},{\"@type\":\"WebSite\",\"@id\":\"https:\\\/\\\/www.ecovis.com\\\/focus-tuerkei\\\/#website\",\"url\":\"https:\\\/\\\/www.ecovis.com\\\/focus-tuerkei\\\/\",\"name\":\"Ecovis.com\",\"description\":\"\",\"potentialAction\":[{\"@type\":\"SearchAction\",\"target\":{\"@type\":\"EntryPoint\",\"urlTemplate\":\"https:\\\/\\\/www.ecovis.com\\\/focus-tuerkei\\\/?s={search_term_string}\"},\"query-input\":{\"@type\":\"PropertyValueSpecification\",\"valueRequired\":true,\"valueName\":\"search_term_string\"}}],\"inLanguage\":\"de\"},{\"@type\":\"Person\",\"@id\":\"https:\\\/\\\/www.ecovis.com\\\/focus-tuerkei\\\/#\\\/schema\\\/person\\\/b94a369ead80f55a535b019ad573b42b\",\"name\":\"kh_focus-tuerkei\",\"image\":{\"@type\":\"ImageObject\",\"inLanguage\":\"de\",\"@id\":\"https:\\\/\\\/secure.gravatar.com\\\/avatar\\\/b6ecda5d1aade4ea3b3249529c1bddf9bc259cc852a4c8ab7d6d299a5c3ab838?s=96&d=mm&r=g\",\"url\":\"https:\\\/\\\/secure.gravatar.com\\\/avatar\\\/b6ecda5d1aade4ea3b3249529c1bddf9bc259cc852a4c8ab7d6d299a5c3ab838?s=96&d=mm&r=g\",\"contentUrl\":\"https:\\\/\\\/secure.gravatar.com\\\/avatar\\\/b6ecda5d1aade4ea3b3249529c1bddf9bc259cc852a4c8ab7d6d299a5c3ab838?s=96&d=mm&r=g\",\"caption\":\"kh_focus-tuerkei\"},\"url\":\"https:\\\/\\\/www.ecovis.com\\\/focus-tuerkei\\\/author\\\/kh_focus-tuerkei\\\/\"}]}<\/script>\n<!-- \/ Yoast SEO plugin. -->","yoast_head_json":{"title":"K\u00fc\u00e7\u00fck \u00f6l\u00e7ekli \u015firketler\u2019de \u00f6zel amortismanlar - Fokus T\u00fcrkei","robots":{"index":"index","follow":"follow","max-snippet":"max-snippet:-1","max-image-preview":"max-image-preview:large","max-video-preview":"max-video-preview:-1"},"canonical":"https:\/\/www.ecovis.com\/focus-tuerkei\/kuecuek-oelcekli-sirketlerde-oezel-amortismanlar\/","og_locale":"de_DE","og_type":"article","og_title":"K\u00fc\u00e7\u00fck \u00f6l\u00e7ekli \u015firketler\u2019de \u00f6zel amortismanlar - Fokus T\u00fcrkei","og_description":"Alman vergi kanuna g\u00f6re belirli b\u00fcy\u00fckl\u00fc\u011f\u00fc ge\u00e7meyen k\u00fc\u00e7\u00fck \u00f6l\u00e7ekli \u015firketlerde \u00f6zel amortismanlar vergiden d\u00fc\u015f\u00fcr\u00fclebilir. S\u00f6z konusu bu amortismanlar be\u015f y\u0131l i\u00e7erisinde kullan\u0131labilir ve toplam olarak sat\u0131n al\u0131m fiyat\u0131n\u0131n y\u00fczde 20\u00b4sidir. Ayr\u0131ca belirli kriterler i\u00e7erisinde bu t\u00fcr ticari mallar\u0131n \u00fcretilmesi veya sat\u0131n al\u0131nmas\u0131 ciddi bir \u015fekilde g\u00f6zden ge\u00e7irilmi\u015f ve bunun i\u00e7in \u00f6rne\u011fin teklifler al\u0131nm\u0131\u015f ise, \u00f6nceki [&hellip;]","og_url":"https:\/\/www.ecovis.com\/focus-tuerkei\/kuecuek-oelcekli-sirketlerde-oezel-amortismanlar\/","og_site_name":"Fokus T\u00fcrkei","article_published_time":"2015-05-22T12:09:18+00:00","article_modified_time":"2021-09-03T12:18:33+00:00","author":"kh_focus-tuerkei","twitter_card":"summary_large_image","twitter_misc":{"Verfasst von":"kh_focus-tuerkei","Gesch\u00e4tzte Lesezeit":"1\u00a0Minute"},"schema":{"@context":"https:\/\/schema.org","@graph":[{"@type":"Article","@id":"https:\/\/www.ecovis.com\/focus-tuerkei\/kuecuek-oelcekli-sirketlerde-oezel-amortismanlar\/#article","isPartOf":{"@id":"https:\/\/www.ecovis.com\/focus-tuerkei\/kuecuek-oelcekli-sirketlerde-oezel-amortismanlar\/"},"author":{"name":"kh_focus-tuerkei","@id":"https:\/\/www.ecovis.com\/focus-tuerkei\/#\/schema\/person\/b94a369ead80f55a535b019ad573b42b"},"headline":"K\u00fc\u00e7\u00fck \u00f6l\u00e7ekli \u015firketler\u2019de \u00f6zel amortismanlar","datePublished":"2015-05-22T12:09:18+00:00","dateModified":"2021-09-03T12:18:33+00:00","mainEntityOfPage":{"@id":"https:\/\/www.ecovis.com\/focus-tuerkei\/kuecuek-oelcekli-sirketlerde-oezel-amortismanlar\/"},"wordCount":197,"keywords":["Alman Vergi Hukuku","Almanya","Amortisman","K\u00fc\u00e7\u00fck \u00f6l\u00e7ekli \u015firketler","Vergi Dan\u0131\u015fmanl\u0131\u011f\u0131"],"articleSection":["Beitr\u00e4ge mit Fokus T\u00fcrkei"],"inLanguage":"de"},{"@type":"WebPage","@id":"https:\/\/www.ecovis.com\/focus-tuerkei\/kuecuek-oelcekli-sirketlerde-oezel-amortismanlar\/","url":"https:\/\/www.ecovis.com\/focus-tuerkei\/kuecuek-oelcekli-sirketlerde-oezel-amortismanlar\/","name":"K\u00fc\u00e7\u00fck \u00f6l\u00e7ekli \u015firketler\u2019de \u00f6zel amortismanlar - Fokus T\u00fcrkei","isPartOf":{"@id":"https:\/\/www.ecovis.com\/focus-tuerkei\/#website"},"datePublished":"2015-05-22T12:09:18+00:00","dateModified":"2021-09-03T12:18:33+00:00","author":{"@id":"https:\/\/www.ecovis.com\/focus-tuerkei\/#\/schema\/person\/b94a369ead80f55a535b019ad573b42b"},"breadcrumb":{"@id":"https:\/\/www.ecovis.com\/focus-tuerkei\/kuecuek-oelcekli-sirketlerde-oezel-amortismanlar\/#breadcrumb"},"inLanguage":"de","potentialAction":[{"@type":"ReadAction","target":["https:\/\/www.ecovis.com\/focus-tuerkei\/kuecuek-oelcekli-sirketlerde-oezel-amortismanlar\/"]}]},{"@type":"BreadcrumbList","@id":"https:\/\/www.ecovis.com\/focus-tuerkei\/kuecuek-oelcekli-sirketlerde-oezel-amortismanlar\/#breadcrumb","itemListElement":[{"@type":"ListItem","position":1,"name":"Ecovis Global","item":"https:\/\/www.ecovis.com\/"},{"@type":"ListItem","position":2,"name":"Blog Fokus T\u00fcrkei","item":"https:\/\/www.ecovis.com\/focus-tuerkei\/"},{"@type":"ListItem","position":3,"name":"K\u00fc\u00e7\u00fck \u00f6l\u00e7ekli \u015firketler\u2019de \u00f6zel amortismanlar"}]},{"@type":"WebSite","@id":"https:\/\/www.ecovis.com\/focus-tuerkei\/#website","url":"https:\/\/www.ecovis.com\/focus-tuerkei\/","name":"Ecovis.com","description":"","potentialAction":[{"@type":"SearchAction","target":{"@type":"EntryPoint","urlTemplate":"https:\/\/www.ecovis.com\/focus-tuerkei\/?s={search_term_string}"},"query-input":{"@type":"PropertyValueSpecification","valueRequired":true,"valueName":"search_term_string"}}],"inLanguage":"de"},{"@type":"Person","@id":"https:\/\/www.ecovis.com\/focus-tuerkei\/#\/schema\/person\/b94a369ead80f55a535b019ad573b42b","name":"kh_focus-tuerkei","image":{"@type":"ImageObject","inLanguage":"de","@id":"https:\/\/secure.gravatar.com\/avatar\/b6ecda5d1aade4ea3b3249529c1bddf9bc259cc852a4c8ab7d6d299a5c3ab838?s=96&d=mm&r=g","url":"https:\/\/secure.gravatar.com\/avatar\/b6ecda5d1aade4ea3b3249529c1bddf9bc259cc852a4c8ab7d6d299a5c3ab838?s=96&d=mm&r=g","contentUrl":"https:\/\/secure.gravatar.com\/avatar\/b6ecda5d1aade4ea3b3249529c1bddf9bc259cc852a4c8ab7d6d299a5c3ab838?s=96&d=mm&r=g","caption":"kh_focus-tuerkei"},"url":"https:\/\/www.ecovis.com\/focus-tuerkei\/author\/kh_focus-tuerkei\/"}]}},"featured_image_url":"","featured_image_url_large":"","_links":{"self":[{"href":"https:\/\/www.ecovis.com\/focus-tuerkei\/wp-json\/wp\/v2\/posts\/2270","targetHints":{"allow":["GET"]}}],"collection":[{"href":"https:\/\/www.ecovis.com\/focus-tuerkei\/wp-json\/wp\/v2\/posts"}],"about":[{"href":"https:\/\/www.ecovis.com\/focus-tuerkei\/wp-json\/wp\/v2\/types\/post"}],"author":[{"embeddable":true,"href":"https:\/\/www.ecovis.com\/focus-tuerkei\/wp-json\/wp\/v2\/users\/11"}],"replies":[{"embeddable":true,"href":"https:\/\/www.ecovis.com\/focus-tuerkei\/wp-json\/wp\/v2\/comments?post=2270"}],"version-history":[{"count":1,"href":"https:\/\/www.ecovis.com\/focus-tuerkei\/wp-json\/wp\/v2\/posts\/2270\/revisions"}],"predecessor-version":[{"id":2271,"href":"https:\/\/www.ecovis.com\/focus-tuerkei\/wp-json\/wp\/v2\/posts\/2270\/revisions\/2271"}],"wp:attachment":[{"href":"https:\/\/www.ecovis.com\/focus-tuerkei\/wp-json\/wp\/v2\/media?parent=2270"}],"wp:term":[{"taxonomy":"category","embeddable":true,"href":"https:\/\/www.ecovis.com\/focus-tuerkei\/wp-json\/wp\/v2\/categories?post=2270"},{"taxonomy":"post_tag","embeddable":true,"href":"https:\/\/www.ecovis.com\/focus-tuerkei\/wp-json\/wp\/v2\/tags?post=2270"}],"curies":[{"name":"wp","href":"https:\/\/api.w.org\/{rel}","templated":true}]}}