{"id":2268,"date":"2015-05-19T14:08:51","date_gmt":"2015-05-19T12:08:51","guid":{"rendered":"https:\/\/www.ecovis.com\/focus-tuerkei\/?p=2268"},"modified":"2021-09-03T14:11:35","modified_gmt":"2021-09-03T12:11:35","slug":"wirtschaftsfoerderung-in-der-tuerkei","status":"publish","type":"post","link":"https:\/\/www.ecovis.com\/focus-tuerkei\/wirtschaftsfoerderung-in-der-tuerkei\/","title":{"rendered":"Wirtschaftsf\u00f6rderung in der T\u00fcrkei"},"content":{"rendered":"<p>Die seit l\u00e4ngerem erwartete Novelierung der Wirtschaftsf\u00f6rderung in der T\u00fcrkei ist nun ver\u00f6ffentlicht worden. Mit der neuen Regulierung sind die bisher f\u00fcr Investitionen bis zum 31.12.2014 geltenden steuerlichen und versicherungsrechtlichen Vorteile f\u00fcr Investitionen bis zum 31.12.2015 verl\u00e4ngert worden. Auch f\u00fcr Investitionen im Jahr 2016 sind noch erhebliche Erleichterungen vorgesehen.<\/p>\n<p>Die steuerlichen Vorteile wirken sich sowohl auf die t\u00fcrkische Einkommensteuer als auch auf die t\u00fcrkische K\u00f6rperschaftsteuer aus, so dass sowohl Einzelunternehmer als auch Gesellschaften hiervon profitieren k\u00f6nnen.<\/p>\n<p>Zweck der F\u00f6rderung ist das Wirtschaftswachstum in der T\u00fcrkei weiter anzukurbeln und im internationalen Markt die Wettbewerbsf\u00e4higkeit zu steigern.<br \/>\nUnterschieden wird dabei in gr\u00f6\u00dfere und regionale Investitionen, die mit unterschiedlichen Steuerminderungen beg\u00fcnstigt werden.<\/p>\n<p>Bei Investitionsabsichten k\u00f6nnen Sie sich gerne an uns wenden.<\/p>\n","protected":false},"excerpt":{"rendered":"<p>Die seit l\u00e4ngerem erwartete Novelierung der Wirtschaftsf\u00f6rderung in der T\u00fcrkei ist nun ver\u00f6ffentlicht worden. Mit der neuen Regulierung sind die bisher f\u00fcr Investitionen bis zum 31.12.2014 geltenden steuerlichen und versicherungsrechtlichen Vorteile f\u00fcr Investitionen bis zum 31.12.2015 verl\u00e4ngert worden. Auch f\u00fcr Investitionen im Jahr 2016 sind noch erhebliche Erleichterungen vorgesehen. Die steuerlichen Vorteile wirken sich sowohl [&hellip;]<\/p>\n","protected":false},"author":11,"featured_media":0,"comment_status":"closed","ping_status":"open","sticky":false,"template":"","format":"standard","meta":{"_acf_changed":false,"footnotes":""},"categories":[32],"tags":[62,63,64,65],"class_list":["post-2268","post","type-post","status-publish","format-standard","hentry","category-blog","tag-investitionen-tuerkei","tag-steuern-investitionen-tuerkei","tag-wirtschaftsfoerderung-tuerkei","tag-yatirim-tesviki-tuerkiye"],"acf":[],"yoast_head":"<!-- This site is optimized with the Yoast SEO plugin v27.4 - https:\/\/yoast.com\/product\/yoast-seo-wordpress\/ -->\n<title>Wirtschaftsf\u00f6rderung in der T\u00fcrkei - Fokus T\u00fcrkei<\/title>\n<meta name=\"robots\" content=\"index, follow, max-snippet:-1, max-image-preview:large, max-video-preview:-1\" \/>\n<link rel=\"canonical\" href=\"https:\/\/www.ecovis.com\/focus-tuerkei\/wirtschaftsfoerderung-in-der-tuerkei\/\" \/>\n<meta property=\"og:locale\" content=\"de_DE\" \/>\n<meta property=\"og:type\" content=\"article\" \/>\n<meta property=\"og:title\" content=\"Wirtschaftsf\u00f6rderung in der T\u00fcrkei - Fokus T\u00fcrkei\" \/>\n<meta property=\"og:description\" content=\"Die seit l\u00e4ngerem erwartete Novelierung der Wirtschaftsf\u00f6rderung in der T\u00fcrkei ist nun ver\u00f6ffentlicht worden. Mit der neuen Regulierung sind die bisher f\u00fcr Investitionen bis zum 31.12.2014 geltenden steuerlichen und versicherungsrechtlichen Vorteile f\u00fcr Investitionen bis zum 31.12.2015 verl\u00e4ngert worden. Auch f\u00fcr Investitionen im Jahr 2016 sind noch erhebliche Erleichterungen vorgesehen. Die steuerlichen Vorteile wirken sich sowohl [&hellip;]\" \/>\n<meta property=\"og:url\" content=\"https:\/\/www.ecovis.com\/focus-tuerkei\/wirtschaftsfoerderung-in-der-tuerkei\/\" \/>\n<meta property=\"og:site_name\" content=\"Fokus T\u00fcrkei\" \/>\n<meta property=\"article:published_time\" content=\"2015-05-19T12:08:51+00:00\" \/>\n<meta property=\"article:modified_time\" content=\"2021-09-03T12:11:35+00:00\" \/>\n<meta name=\"author\" content=\"kh_focus-tuerkei\" \/>\n<meta name=\"twitter:card\" content=\"summary_large_image\" \/>\n<meta name=\"twitter:label1\" content=\"Verfasst von\" \/>\n\t<meta name=\"twitter:data1\" content=\"kh_focus-tuerkei\" \/>\n\t<meta name=\"twitter:label2\" content=\"Gesch\u00e4tzte Lesezeit\" \/>\n\t<meta name=\"twitter:data2\" content=\"1\u00a0Minute\" \/>\n<script type=\"application\/ld+json\" class=\"yoast-schema-graph\">{\"@context\":\"https:\\\/\\\/schema.org\",\"@graph\":[{\"@type\":\"Article\",\"@id\":\"https:\\\/\\\/www.ecovis.com\\\/focus-tuerkei\\\/wirtschaftsfoerderung-in-der-tuerkei\\\/#article\",\"isPartOf\":{\"@id\":\"https:\\\/\\\/www.ecovis.com\\\/focus-tuerkei\\\/wirtschaftsfoerderung-in-der-tuerkei\\\/\"},\"author\":{\"name\":\"kh_focus-tuerkei\",\"@id\":\"https:\\\/\\\/www.ecovis.com\\\/focus-tuerkei\\\/#\\\/schema\\\/person\\\/b94a369ead80f55a535b019ad573b42b\"},\"headline\":\"Wirtschaftsf\u00f6rderung in der T\u00fcrkei\",\"datePublished\":\"2015-05-19T12:08:51+00:00\",\"dateModified\":\"2021-09-03T12:11:35+00:00\",\"mainEntityOfPage\":{\"@id\":\"https:\\\/\\\/www.ecovis.com\\\/focus-tuerkei\\\/wirtschaftsfoerderung-in-der-tuerkei\\\/\"},\"wordCount\":139,\"keywords\":[\"Investitionen T\u00fcrkei\",\"Steuern Investitionen T\u00fcrkei\",\"Wirtschaftsf\u00f6rderung T\u00fcrkei\",\"yat\u0131r\u0131m te\u015fviki T\u00fcrkiye\"],\"articleSection\":[\"Beitr\u00e4ge mit Fokus T\u00fcrkei\"],\"inLanguage\":\"de\"},{\"@type\":\"WebPage\",\"@id\":\"https:\\\/\\\/www.ecovis.com\\\/focus-tuerkei\\\/wirtschaftsfoerderung-in-der-tuerkei\\\/\",\"url\":\"https:\\\/\\\/www.ecovis.com\\\/focus-tuerkei\\\/wirtschaftsfoerderung-in-der-tuerkei\\\/\",\"name\":\"Wirtschaftsf\u00f6rderung in der T\u00fcrkei - Fokus T\u00fcrkei\",\"isPartOf\":{\"@id\":\"https:\\\/\\\/www.ecovis.com\\\/focus-tuerkei\\\/#website\"},\"datePublished\":\"2015-05-19T12:08:51+00:00\",\"dateModified\":\"2021-09-03T12:11:35+00:00\",\"author\":{\"@id\":\"https:\\\/\\\/www.ecovis.com\\\/focus-tuerkei\\\/#\\\/schema\\\/person\\\/b94a369ead80f55a535b019ad573b42b\"},\"breadcrumb\":{\"@id\":\"https:\\\/\\\/www.ecovis.com\\\/focus-tuerkei\\\/wirtschaftsfoerderung-in-der-tuerkei\\\/#breadcrumb\"},\"inLanguage\":\"de\",\"potentialAction\":[{\"@type\":\"ReadAction\",\"target\":[\"https:\\\/\\\/www.ecovis.com\\\/focus-tuerkei\\\/wirtschaftsfoerderung-in-der-tuerkei\\\/\"]}]},{\"@type\":\"BreadcrumbList\",\"@id\":\"https:\\\/\\\/www.ecovis.com\\\/focus-tuerkei\\\/wirtschaftsfoerderung-in-der-tuerkei\\\/#breadcrumb\",\"itemListElement\":[{\"@type\":\"ListItem\",\"position\":1,\"name\":\"Ecovis Global\",\"item\":\"https:\\\/\\\/www.ecovis.com\\\/\"},{\"@type\":\"ListItem\",\"position\":2,\"name\":\"Blog Fokus T\u00fcrkei\",\"item\":\"https:\\\/\\\/www.ecovis.com\\\/focus-tuerkei\\\/\"},{\"@type\":\"ListItem\",\"position\":3,\"name\":\"Wirtschaftsf\u00f6rderung in der T\u00fcrkei\"}]},{\"@type\":\"WebSite\",\"@id\":\"https:\\\/\\\/www.ecovis.com\\\/focus-tuerkei\\\/#website\",\"url\":\"https:\\\/\\\/www.ecovis.com\\\/focus-tuerkei\\\/\",\"name\":\"Ecovis.com\",\"description\":\"\",\"potentialAction\":[{\"@type\":\"SearchAction\",\"target\":{\"@type\":\"EntryPoint\",\"urlTemplate\":\"https:\\\/\\\/www.ecovis.com\\\/focus-tuerkei\\\/?s={search_term_string}\"},\"query-input\":{\"@type\":\"PropertyValueSpecification\",\"valueRequired\":true,\"valueName\":\"search_term_string\"}}],\"inLanguage\":\"de\"},{\"@type\":\"Person\",\"@id\":\"https:\\\/\\\/www.ecovis.com\\\/focus-tuerkei\\\/#\\\/schema\\\/person\\\/b94a369ead80f55a535b019ad573b42b\",\"name\":\"kh_focus-tuerkei\",\"image\":{\"@type\":\"ImageObject\",\"inLanguage\":\"de\",\"@id\":\"https:\\\/\\\/secure.gravatar.com\\\/avatar\\\/b6ecda5d1aade4ea3b3249529c1bddf9bc259cc852a4c8ab7d6d299a5c3ab838?s=96&d=mm&r=g\",\"url\":\"https:\\\/\\\/secure.gravatar.com\\\/avatar\\\/b6ecda5d1aade4ea3b3249529c1bddf9bc259cc852a4c8ab7d6d299a5c3ab838?s=96&d=mm&r=g\",\"contentUrl\":\"https:\\\/\\\/secure.gravatar.com\\\/avatar\\\/b6ecda5d1aade4ea3b3249529c1bddf9bc259cc852a4c8ab7d6d299a5c3ab838?s=96&d=mm&r=g\",\"caption\":\"kh_focus-tuerkei\"},\"url\":\"https:\\\/\\\/www.ecovis.com\\\/focus-tuerkei\\\/author\\\/kh_focus-tuerkei\\\/\"}]}<\/script>\n<!-- \/ Yoast SEO plugin. -->","yoast_head_json":{"title":"Wirtschaftsf\u00f6rderung in der T\u00fcrkei - Fokus T\u00fcrkei","robots":{"index":"index","follow":"follow","max-snippet":"max-snippet:-1","max-image-preview":"max-image-preview:large","max-video-preview":"max-video-preview:-1"},"canonical":"https:\/\/www.ecovis.com\/focus-tuerkei\/wirtschaftsfoerderung-in-der-tuerkei\/","og_locale":"de_DE","og_type":"article","og_title":"Wirtschaftsf\u00f6rderung in der T\u00fcrkei - Fokus T\u00fcrkei","og_description":"Die seit l\u00e4ngerem erwartete Novelierung der Wirtschaftsf\u00f6rderung in der T\u00fcrkei ist nun ver\u00f6ffentlicht worden. Mit der neuen Regulierung sind die bisher f\u00fcr Investitionen bis zum 31.12.2014 geltenden steuerlichen und versicherungsrechtlichen Vorteile f\u00fcr Investitionen bis zum 31.12.2015 verl\u00e4ngert worden. Auch f\u00fcr Investitionen im Jahr 2016 sind noch erhebliche Erleichterungen vorgesehen. Die steuerlichen Vorteile wirken sich sowohl [&hellip;]","og_url":"https:\/\/www.ecovis.com\/focus-tuerkei\/wirtschaftsfoerderung-in-der-tuerkei\/","og_site_name":"Fokus T\u00fcrkei","article_published_time":"2015-05-19T12:08:51+00:00","article_modified_time":"2021-09-03T12:11:35+00:00","author":"kh_focus-tuerkei","twitter_card":"summary_large_image","twitter_misc":{"Verfasst von":"kh_focus-tuerkei","Gesch\u00e4tzte Lesezeit":"1\u00a0Minute"},"schema":{"@context":"https:\/\/schema.org","@graph":[{"@type":"Article","@id":"https:\/\/www.ecovis.com\/focus-tuerkei\/wirtschaftsfoerderung-in-der-tuerkei\/#article","isPartOf":{"@id":"https:\/\/www.ecovis.com\/focus-tuerkei\/wirtschaftsfoerderung-in-der-tuerkei\/"},"author":{"name":"kh_focus-tuerkei","@id":"https:\/\/www.ecovis.com\/focus-tuerkei\/#\/schema\/person\/b94a369ead80f55a535b019ad573b42b"},"headline":"Wirtschaftsf\u00f6rderung in der T\u00fcrkei","datePublished":"2015-05-19T12:08:51+00:00","dateModified":"2021-09-03T12:11:35+00:00","mainEntityOfPage":{"@id":"https:\/\/www.ecovis.com\/focus-tuerkei\/wirtschaftsfoerderung-in-der-tuerkei\/"},"wordCount":139,"keywords":["Investitionen T\u00fcrkei","Steuern Investitionen T\u00fcrkei","Wirtschaftsf\u00f6rderung T\u00fcrkei","yat\u0131r\u0131m te\u015fviki T\u00fcrkiye"],"articleSection":["Beitr\u00e4ge mit Fokus T\u00fcrkei"],"inLanguage":"de"},{"@type":"WebPage","@id":"https:\/\/www.ecovis.com\/focus-tuerkei\/wirtschaftsfoerderung-in-der-tuerkei\/","url":"https:\/\/www.ecovis.com\/focus-tuerkei\/wirtschaftsfoerderung-in-der-tuerkei\/","name":"Wirtschaftsf\u00f6rderung in der T\u00fcrkei - Fokus T\u00fcrkei","isPartOf":{"@id":"https:\/\/www.ecovis.com\/focus-tuerkei\/#website"},"datePublished":"2015-05-19T12:08:51+00:00","dateModified":"2021-09-03T12:11:35+00:00","author":{"@id":"https:\/\/www.ecovis.com\/focus-tuerkei\/#\/schema\/person\/b94a369ead80f55a535b019ad573b42b"},"breadcrumb":{"@id":"https:\/\/www.ecovis.com\/focus-tuerkei\/wirtschaftsfoerderung-in-der-tuerkei\/#breadcrumb"},"inLanguage":"de","potentialAction":[{"@type":"ReadAction","target":["https:\/\/www.ecovis.com\/focus-tuerkei\/wirtschaftsfoerderung-in-der-tuerkei\/"]}]},{"@type":"BreadcrumbList","@id":"https:\/\/www.ecovis.com\/focus-tuerkei\/wirtschaftsfoerderung-in-der-tuerkei\/#breadcrumb","itemListElement":[{"@type":"ListItem","position":1,"name":"Ecovis Global","item":"https:\/\/www.ecovis.com\/"},{"@type":"ListItem","position":2,"name":"Blog Fokus T\u00fcrkei","item":"https:\/\/www.ecovis.com\/focus-tuerkei\/"},{"@type":"ListItem","position":3,"name":"Wirtschaftsf\u00f6rderung in der T\u00fcrkei"}]},{"@type":"WebSite","@id":"https:\/\/www.ecovis.com\/focus-tuerkei\/#website","url":"https:\/\/www.ecovis.com\/focus-tuerkei\/","name":"Ecovis.com","description":"","potentialAction":[{"@type":"SearchAction","target":{"@type":"EntryPoint","urlTemplate":"https:\/\/www.ecovis.com\/focus-tuerkei\/?s={search_term_string}"},"query-input":{"@type":"PropertyValueSpecification","valueRequired":true,"valueName":"search_term_string"}}],"inLanguage":"de"},{"@type":"Person","@id":"https:\/\/www.ecovis.com\/focus-tuerkei\/#\/schema\/person\/b94a369ead80f55a535b019ad573b42b","name":"kh_focus-tuerkei","image":{"@type":"ImageObject","inLanguage":"de","@id":"https:\/\/secure.gravatar.com\/avatar\/b6ecda5d1aade4ea3b3249529c1bddf9bc259cc852a4c8ab7d6d299a5c3ab838?s=96&d=mm&r=g","url":"https:\/\/secure.gravatar.com\/avatar\/b6ecda5d1aade4ea3b3249529c1bddf9bc259cc852a4c8ab7d6d299a5c3ab838?s=96&d=mm&r=g","contentUrl":"https:\/\/secure.gravatar.com\/avatar\/b6ecda5d1aade4ea3b3249529c1bddf9bc259cc852a4c8ab7d6d299a5c3ab838?s=96&d=mm&r=g","caption":"kh_focus-tuerkei"},"url":"https:\/\/www.ecovis.com\/focus-tuerkei\/author\/kh_focus-tuerkei\/"}]}},"featured_image_url":"","featured_image_url_large":"","_links":{"self":[{"href":"https:\/\/www.ecovis.com\/focus-tuerkei\/wp-json\/wp\/v2\/posts\/2268","targetHints":{"allow":["GET"]}}],"collection":[{"href":"https:\/\/www.ecovis.com\/focus-tuerkei\/wp-json\/wp\/v2\/posts"}],"about":[{"href":"https:\/\/www.ecovis.com\/focus-tuerkei\/wp-json\/wp\/v2\/types\/post"}],"author":[{"embeddable":true,"href":"https:\/\/www.ecovis.com\/focus-tuerkei\/wp-json\/wp\/v2\/users\/11"}],"replies":[{"embeddable":true,"href":"https:\/\/www.ecovis.com\/focus-tuerkei\/wp-json\/wp\/v2\/comments?post=2268"}],"version-history":[{"count":1,"href":"https:\/\/www.ecovis.com\/focus-tuerkei\/wp-json\/wp\/v2\/posts\/2268\/revisions"}],"predecessor-version":[{"id":2269,"href":"https:\/\/www.ecovis.com\/focus-tuerkei\/wp-json\/wp\/v2\/posts\/2268\/revisions\/2269"}],"wp:attachment":[{"href":"https:\/\/www.ecovis.com\/focus-tuerkei\/wp-json\/wp\/v2\/media?parent=2268"}],"wp:term":[{"taxonomy":"category","embeddable":true,"href":"https:\/\/www.ecovis.com\/focus-tuerkei\/wp-json\/wp\/v2\/categories?post=2268"},{"taxonomy":"post_tag","embeddable":true,"href":"https:\/\/www.ecovis.com\/focus-tuerkei\/wp-json\/wp\/v2\/tags?post=2268"}],"curies":[{"name":"wp","href":"https:\/\/api.w.org\/{rel}","templated":true}]}}