{"id":2265,"date":"2015-05-29T14:06:01","date_gmt":"2015-05-29T12:06:01","guid":{"rendered":"https:\/\/www.ecovis.com\/focus-tuerkei\/?p=2265"},"modified":"2021-09-03T14:06:35","modified_gmt":"2021-09-03T12:06:35","slug":"aktueel-yasa-tasarilari","status":"publish","type":"post","link":"https:\/\/www.ecovis.com\/focus-tuerkei\/aktueel-yasa-tasarilari\/","title":{"rendered":"Akt\u00fcel Yasa Tasar\u0131lar\u0131"},"content":{"rendered":"<p>Almanya\u00b4da \u015fu s\u0131ralar ailevi konularda sunulmu\u015f olan yeni yasa tasar\u0131lar\u0131 tart\u0131\u015f\u0131lmaktad\u0131r. Yasa tasar\u0131m\u0131 \u00f6zellikle bo\u015fanm\u0131s olan ve yaln\u0131z \u00e7ocuk yeti\u015ftiren \u015fah\u0131slar\u0131n vergi y\u00fck\u00fcn\u00fc hafifletmek ad\u0131na vergisel a\u00e7\u0131dan kolayl\u0131klar\u0131n sa\u011flanmas\u0131n\u0131 hedeflemektedir ve ayr\u0131ca \u00e7ocuk paras\u0131da ele al\u0131nmaktad\u0131r.<\/p>\n<p>Ayr\u0131ca genel anlamda b\u00fcrokrasiyi hafifletmek ad\u0131na yasa tasar\u0131lar\u0131 bulunmaktad\u0131r.<\/p>\n<p>\u00d6rne\u011fin \u00f6zelikle serbest \u00e7al\u0131\u015fanlar veya ticaretle ilgilenenler i\u00e7inde faturalar a\u00e7\u0131s\u0131ndan de\u011fi\u015fiklikler beklenmektedir:<br \/>\nGenelde ufak \u00e7aptaki faturalarda, yani 150 Euro\u2019yu ge\u00e7meyen faturalarda KDV\u00b4nin d\u00fc\u015f\u00fcr\u00fclebilmesi i\u00e7in fatura bilgileri a\u00e7\u0131s\u0131ndan sa\u011flanan kolayl\u0131klar\u0131n bundan b\u00f6yle daha y\u00fcksek miktardaki faturalar i\u00e7inde ge\u00e7erli olmas\u0131 beklenmektedir<\/p>\n<p>Geli\u015fmeler hakk\u0131nda bize dan\u0131\u015fabilirsiniz.<\/p>\n","protected":false},"excerpt":{"rendered":"<p>Almanya\u00b4da \u015fu s\u0131ralar ailevi konularda sunulmu\u015f olan yeni yasa tasar\u0131lar\u0131 tart\u0131\u015f\u0131lmaktad\u0131r. Yasa tasar\u0131m\u0131 \u00f6zellikle bo\u015fanm\u0131s olan ve yaln\u0131z \u00e7ocuk yeti\u015ftiren \u015fah\u0131slar\u0131n vergi y\u00fck\u00fcn\u00fc hafifletmek ad\u0131na vergisel a\u00e7\u0131dan kolayl\u0131klar\u0131n sa\u011flanmas\u0131n\u0131 hedeflemektedir ve ayr\u0131ca \u00e7ocuk paras\u0131da ele al\u0131nmaktad\u0131r. Ayr\u0131ca genel anlamda b\u00fcrokrasiyi hafifletmek ad\u0131na yasa tasar\u0131lar\u0131 bulunmaktad\u0131r. \u00d6rne\u011fin \u00f6zelikle serbest \u00e7al\u0131\u015fanlar veya ticaretle ilgilenenler i\u00e7inde faturalar a\u00e7\u0131s\u0131ndan [&hellip;]<\/p>\n","protected":false},"author":11,"featured_media":0,"comment_status":"closed","ping_status":"open","sticky":false,"template":"","format":"standard","meta":{"_acf_changed":false,"footnotes":""},"categories":[32],"tags":[],"class_list":["post-2265","post","type-post","status-publish","format-standard","hentry","category-blog"],"acf":[],"yoast_head":"<!-- This site is optimized with the Yoast SEO plugin v27.4 - https:\/\/yoast.com\/product\/yoast-seo-wordpress\/ -->\n<title>Akt\u00fcel Yasa Tasar\u0131lar\u0131 - Fokus T\u00fcrkei<\/title>\n<meta name=\"robots\" content=\"index, follow, max-snippet:-1, max-image-preview:large, max-video-preview:-1\" \/>\n<link rel=\"canonical\" href=\"https:\/\/www.ecovis.com\/focus-tuerkei\/aktueel-yasa-tasarilari\/\" \/>\n<meta property=\"og:locale\" content=\"de_DE\" \/>\n<meta property=\"og:type\" content=\"article\" \/>\n<meta property=\"og:title\" content=\"Akt\u00fcel Yasa Tasar\u0131lar\u0131 - Fokus T\u00fcrkei\" \/>\n<meta property=\"og:description\" content=\"Almanya\u00b4da \u015fu s\u0131ralar ailevi konularda sunulmu\u015f olan yeni yasa tasar\u0131lar\u0131 tart\u0131\u015f\u0131lmaktad\u0131r. Yasa tasar\u0131m\u0131 \u00f6zellikle bo\u015fanm\u0131s olan ve yaln\u0131z \u00e7ocuk yeti\u015ftiren \u015fah\u0131slar\u0131n vergi y\u00fck\u00fcn\u00fc hafifletmek ad\u0131na vergisel a\u00e7\u0131dan kolayl\u0131klar\u0131n sa\u011flanmas\u0131n\u0131 hedeflemektedir ve ayr\u0131ca \u00e7ocuk paras\u0131da ele al\u0131nmaktad\u0131r. Ayr\u0131ca genel anlamda b\u00fcrokrasiyi hafifletmek ad\u0131na yasa tasar\u0131lar\u0131 bulunmaktad\u0131r. \u00d6rne\u011fin \u00f6zelikle serbest \u00e7al\u0131\u015fanlar veya ticaretle ilgilenenler i\u00e7inde faturalar a\u00e7\u0131s\u0131ndan [&hellip;]\" \/>\n<meta property=\"og:url\" content=\"https:\/\/www.ecovis.com\/focus-tuerkei\/aktueel-yasa-tasarilari\/\" \/>\n<meta property=\"og:site_name\" content=\"Fokus T\u00fcrkei\" \/>\n<meta property=\"article:published_time\" content=\"2015-05-29T12:06:01+00:00\" \/>\n<meta property=\"article:modified_time\" content=\"2021-09-03T12:06:35+00:00\" \/>\n<meta name=\"author\" content=\"kh_focus-tuerkei\" \/>\n<meta name=\"twitter:card\" content=\"summary_large_image\" \/>\n<meta name=\"twitter:label1\" content=\"Verfasst von\" \/>\n\t<meta name=\"twitter:data1\" content=\"kh_focus-tuerkei\" \/>\n\t<meta name=\"twitter:label2\" content=\"Gesch\u00e4tzte Lesezeit\" \/>\n\t<meta name=\"twitter:data2\" content=\"1\u00a0Minute\" \/>\n<script type=\"application\/ld+json\" class=\"yoast-schema-graph\">{\"@context\":\"https:\\\/\\\/schema.org\",\"@graph\":[{\"@type\":\"Article\",\"@id\":\"https:\\\/\\\/www.ecovis.com\\\/focus-tuerkei\\\/aktueel-yasa-tasarilari\\\/#article\",\"isPartOf\":{\"@id\":\"https:\\\/\\\/www.ecovis.com\\\/focus-tuerkei\\\/aktueel-yasa-tasarilari\\\/\"},\"author\":{\"name\":\"kh_focus-tuerkei\",\"@id\":\"https:\\\/\\\/www.ecovis.com\\\/focus-tuerkei\\\/#\\\/schema\\\/person\\\/b94a369ead80f55a535b019ad573b42b\"},\"headline\":\"Akt\u00fcel Yasa Tasar\u0131lar\u0131\",\"datePublished\":\"2015-05-29T12:06:01+00:00\",\"dateModified\":\"2021-09-03T12:06:35+00:00\",\"mainEntityOfPage\":{\"@id\":\"https:\\\/\\\/www.ecovis.com\\\/focus-tuerkei\\\/aktueel-yasa-tasarilari\\\/\"},\"wordCount\":146,\"articleSection\":[\"Beitr\u00e4ge mit Fokus T\u00fcrkei\"],\"inLanguage\":\"de\"},{\"@type\":\"WebPage\",\"@id\":\"https:\\\/\\\/www.ecovis.com\\\/focus-tuerkei\\\/aktueel-yasa-tasarilari\\\/\",\"url\":\"https:\\\/\\\/www.ecovis.com\\\/focus-tuerkei\\\/aktueel-yasa-tasarilari\\\/\",\"name\":\"Akt\u00fcel Yasa Tasar\u0131lar\u0131 - Fokus T\u00fcrkei\",\"isPartOf\":{\"@id\":\"https:\\\/\\\/www.ecovis.com\\\/focus-tuerkei\\\/#website\"},\"datePublished\":\"2015-05-29T12:06:01+00:00\",\"dateModified\":\"2021-09-03T12:06:35+00:00\",\"author\":{\"@id\":\"https:\\\/\\\/www.ecovis.com\\\/focus-tuerkei\\\/#\\\/schema\\\/person\\\/b94a369ead80f55a535b019ad573b42b\"},\"breadcrumb\":{\"@id\":\"https:\\\/\\\/www.ecovis.com\\\/focus-tuerkei\\\/aktueel-yasa-tasarilari\\\/#breadcrumb\"},\"inLanguage\":\"de\",\"potentialAction\":[{\"@type\":\"ReadAction\",\"target\":[\"https:\\\/\\\/www.ecovis.com\\\/focus-tuerkei\\\/aktueel-yasa-tasarilari\\\/\"]}]},{\"@type\":\"BreadcrumbList\",\"@id\":\"https:\\\/\\\/www.ecovis.com\\\/focus-tuerkei\\\/aktueel-yasa-tasarilari\\\/#breadcrumb\",\"itemListElement\":[{\"@type\":\"ListItem\",\"position\":1,\"name\":\"Ecovis Global\",\"item\":\"https:\\\/\\\/www.ecovis.com\\\/\"},{\"@type\":\"ListItem\",\"position\":2,\"name\":\"Blog Fokus T\u00fcrkei\",\"item\":\"https:\\\/\\\/www.ecovis.com\\\/focus-tuerkei\\\/\"},{\"@type\":\"ListItem\",\"position\":3,\"name\":\"Akt\u00fcel Yasa Tasar\u0131lar\u0131\"}]},{\"@type\":\"WebSite\",\"@id\":\"https:\\\/\\\/www.ecovis.com\\\/focus-tuerkei\\\/#website\",\"url\":\"https:\\\/\\\/www.ecovis.com\\\/focus-tuerkei\\\/\",\"name\":\"Ecovis.com\",\"description\":\"\",\"potentialAction\":[{\"@type\":\"SearchAction\",\"target\":{\"@type\":\"EntryPoint\",\"urlTemplate\":\"https:\\\/\\\/www.ecovis.com\\\/focus-tuerkei\\\/?s={search_term_string}\"},\"query-input\":{\"@type\":\"PropertyValueSpecification\",\"valueRequired\":true,\"valueName\":\"search_term_string\"}}],\"inLanguage\":\"de\"},{\"@type\":\"Person\",\"@id\":\"https:\\\/\\\/www.ecovis.com\\\/focus-tuerkei\\\/#\\\/schema\\\/person\\\/b94a369ead80f55a535b019ad573b42b\",\"name\":\"kh_focus-tuerkei\",\"image\":{\"@type\":\"ImageObject\",\"inLanguage\":\"de\",\"@id\":\"https:\\\/\\\/secure.gravatar.com\\\/avatar\\\/b6ecda5d1aade4ea3b3249529c1bddf9bc259cc852a4c8ab7d6d299a5c3ab838?s=96&d=mm&r=g\",\"url\":\"https:\\\/\\\/secure.gravatar.com\\\/avatar\\\/b6ecda5d1aade4ea3b3249529c1bddf9bc259cc852a4c8ab7d6d299a5c3ab838?s=96&d=mm&r=g\",\"contentUrl\":\"https:\\\/\\\/secure.gravatar.com\\\/avatar\\\/b6ecda5d1aade4ea3b3249529c1bddf9bc259cc852a4c8ab7d6d299a5c3ab838?s=96&d=mm&r=g\",\"caption\":\"kh_focus-tuerkei\"},\"url\":\"https:\\\/\\\/www.ecovis.com\\\/focus-tuerkei\\\/author\\\/kh_focus-tuerkei\\\/\"}]}<\/script>\n<!-- \/ Yoast SEO plugin. -->","yoast_head_json":{"title":"Akt\u00fcel Yasa Tasar\u0131lar\u0131 - Fokus T\u00fcrkei","robots":{"index":"index","follow":"follow","max-snippet":"max-snippet:-1","max-image-preview":"max-image-preview:large","max-video-preview":"max-video-preview:-1"},"canonical":"https:\/\/www.ecovis.com\/focus-tuerkei\/aktueel-yasa-tasarilari\/","og_locale":"de_DE","og_type":"article","og_title":"Akt\u00fcel Yasa Tasar\u0131lar\u0131 - Fokus T\u00fcrkei","og_description":"Almanya\u00b4da \u015fu s\u0131ralar ailevi konularda sunulmu\u015f olan yeni yasa tasar\u0131lar\u0131 tart\u0131\u015f\u0131lmaktad\u0131r. Yasa tasar\u0131m\u0131 \u00f6zellikle bo\u015fanm\u0131s olan ve yaln\u0131z \u00e7ocuk yeti\u015ftiren \u015fah\u0131slar\u0131n vergi y\u00fck\u00fcn\u00fc hafifletmek ad\u0131na vergisel a\u00e7\u0131dan kolayl\u0131klar\u0131n sa\u011flanmas\u0131n\u0131 hedeflemektedir ve ayr\u0131ca \u00e7ocuk paras\u0131da ele al\u0131nmaktad\u0131r. Ayr\u0131ca genel anlamda b\u00fcrokrasiyi hafifletmek ad\u0131na yasa tasar\u0131lar\u0131 bulunmaktad\u0131r. \u00d6rne\u011fin \u00f6zelikle serbest \u00e7al\u0131\u015fanlar veya ticaretle ilgilenenler i\u00e7inde faturalar a\u00e7\u0131s\u0131ndan [&hellip;]","og_url":"https:\/\/www.ecovis.com\/focus-tuerkei\/aktueel-yasa-tasarilari\/","og_site_name":"Fokus T\u00fcrkei","article_published_time":"2015-05-29T12:06:01+00:00","article_modified_time":"2021-09-03T12:06:35+00:00","author":"kh_focus-tuerkei","twitter_card":"summary_large_image","twitter_misc":{"Verfasst von":"kh_focus-tuerkei","Gesch\u00e4tzte Lesezeit":"1\u00a0Minute"},"schema":{"@context":"https:\/\/schema.org","@graph":[{"@type":"Article","@id":"https:\/\/www.ecovis.com\/focus-tuerkei\/aktueel-yasa-tasarilari\/#article","isPartOf":{"@id":"https:\/\/www.ecovis.com\/focus-tuerkei\/aktueel-yasa-tasarilari\/"},"author":{"name":"kh_focus-tuerkei","@id":"https:\/\/www.ecovis.com\/focus-tuerkei\/#\/schema\/person\/b94a369ead80f55a535b019ad573b42b"},"headline":"Akt\u00fcel Yasa Tasar\u0131lar\u0131","datePublished":"2015-05-29T12:06:01+00:00","dateModified":"2021-09-03T12:06:35+00:00","mainEntityOfPage":{"@id":"https:\/\/www.ecovis.com\/focus-tuerkei\/aktueel-yasa-tasarilari\/"},"wordCount":146,"articleSection":["Beitr\u00e4ge mit Fokus T\u00fcrkei"],"inLanguage":"de"},{"@type":"WebPage","@id":"https:\/\/www.ecovis.com\/focus-tuerkei\/aktueel-yasa-tasarilari\/","url":"https:\/\/www.ecovis.com\/focus-tuerkei\/aktueel-yasa-tasarilari\/","name":"Akt\u00fcel Yasa Tasar\u0131lar\u0131 - Fokus T\u00fcrkei","isPartOf":{"@id":"https:\/\/www.ecovis.com\/focus-tuerkei\/#website"},"datePublished":"2015-05-29T12:06:01+00:00","dateModified":"2021-09-03T12:06:35+00:00","author":{"@id":"https:\/\/www.ecovis.com\/focus-tuerkei\/#\/schema\/person\/b94a369ead80f55a535b019ad573b42b"},"breadcrumb":{"@id":"https:\/\/www.ecovis.com\/focus-tuerkei\/aktueel-yasa-tasarilari\/#breadcrumb"},"inLanguage":"de","potentialAction":[{"@type":"ReadAction","target":["https:\/\/www.ecovis.com\/focus-tuerkei\/aktueel-yasa-tasarilari\/"]}]},{"@type":"BreadcrumbList","@id":"https:\/\/www.ecovis.com\/focus-tuerkei\/aktueel-yasa-tasarilari\/#breadcrumb","itemListElement":[{"@type":"ListItem","position":1,"name":"Ecovis Global","item":"https:\/\/www.ecovis.com\/"},{"@type":"ListItem","position":2,"name":"Blog Fokus T\u00fcrkei","item":"https:\/\/www.ecovis.com\/focus-tuerkei\/"},{"@type":"ListItem","position":3,"name":"Akt\u00fcel Yasa Tasar\u0131lar\u0131"}]},{"@type":"WebSite","@id":"https:\/\/www.ecovis.com\/focus-tuerkei\/#website","url":"https:\/\/www.ecovis.com\/focus-tuerkei\/","name":"Ecovis.com","description":"","potentialAction":[{"@type":"SearchAction","target":{"@type":"EntryPoint","urlTemplate":"https:\/\/www.ecovis.com\/focus-tuerkei\/?s={search_term_string}"},"query-input":{"@type":"PropertyValueSpecification","valueRequired":true,"valueName":"search_term_string"}}],"inLanguage":"de"},{"@type":"Person","@id":"https:\/\/www.ecovis.com\/focus-tuerkei\/#\/schema\/person\/b94a369ead80f55a535b019ad573b42b","name":"kh_focus-tuerkei","image":{"@type":"ImageObject","inLanguage":"de","@id":"https:\/\/secure.gravatar.com\/avatar\/b6ecda5d1aade4ea3b3249529c1bddf9bc259cc852a4c8ab7d6d299a5c3ab838?s=96&d=mm&r=g","url":"https:\/\/secure.gravatar.com\/avatar\/b6ecda5d1aade4ea3b3249529c1bddf9bc259cc852a4c8ab7d6d299a5c3ab838?s=96&d=mm&r=g","contentUrl":"https:\/\/secure.gravatar.com\/avatar\/b6ecda5d1aade4ea3b3249529c1bddf9bc259cc852a4c8ab7d6d299a5c3ab838?s=96&d=mm&r=g","caption":"kh_focus-tuerkei"},"url":"https:\/\/www.ecovis.com\/focus-tuerkei\/author\/kh_focus-tuerkei\/"}]}},"featured_image_url":"","featured_image_url_large":"","_links":{"self":[{"href":"https:\/\/www.ecovis.com\/focus-tuerkei\/wp-json\/wp\/v2\/posts\/2265","targetHints":{"allow":["GET"]}}],"collection":[{"href":"https:\/\/www.ecovis.com\/focus-tuerkei\/wp-json\/wp\/v2\/posts"}],"about":[{"href":"https:\/\/www.ecovis.com\/focus-tuerkei\/wp-json\/wp\/v2\/types\/post"}],"author":[{"embeddable":true,"href":"https:\/\/www.ecovis.com\/focus-tuerkei\/wp-json\/wp\/v2\/users\/11"}],"replies":[{"embeddable":true,"href":"https:\/\/www.ecovis.com\/focus-tuerkei\/wp-json\/wp\/v2\/comments?post=2265"}],"version-history":[{"count":1,"href":"https:\/\/www.ecovis.com\/focus-tuerkei\/wp-json\/wp\/v2\/posts\/2265\/revisions"}],"predecessor-version":[{"id":2267,"href":"https:\/\/www.ecovis.com\/focus-tuerkei\/wp-json\/wp\/v2\/posts\/2265\/revisions\/2267"}],"wp:attachment":[{"href":"https:\/\/www.ecovis.com\/focus-tuerkei\/wp-json\/wp\/v2\/media?parent=2265"}],"wp:term":[{"taxonomy":"category","embeddable":true,"href":"https:\/\/www.ecovis.com\/focus-tuerkei\/wp-json\/wp\/v2\/categories?post=2265"},{"taxonomy":"post_tag","embeddable":true,"href":"https:\/\/www.ecovis.com\/focus-tuerkei\/wp-json\/wp\/v2\/tags?post=2265"}],"curies":[{"name":"wp","href":"https:\/\/api.w.org\/{rel}","templated":true}]}}