{"id":2263,"date":"2015-06-22T14:05:29","date_gmt":"2015-06-22T12:05:29","guid":{"rendered":"https:\/\/www.ecovis.com\/focus-tuerkei\/?p=2263"},"modified":"2021-09-03T14:05:55","modified_gmt":"2021-09-03T12:05:55","slug":"katma-deger-vergisi-kdv","status":"publish","type":"post","link":"https:\/\/www.ecovis.com\/focus-tuerkei\/katma-deger-vergisi-kdv\/","title":{"rendered":"Katma De\u011fer vergisi (KDV)"},"content":{"rendered":"<p>Almanya\u00b4da KDV mevzuat\u0131 olduk\u00e7a kapsaml\u0131 ve detayl\u0131 bir \u015fekilde anlat\u0131ld\u0131\u011f\u0131ndan ve bir\u00e7ok istisnai uygulamalara tabii tutuldu\u011fundan faturaland\u0131rmada bir\u00e7ok unsura dikkat etmek gerekmektedir. Faturalarda \u00f6denilen KDV\u00b4nin d\u00fc\u015f\u00fcr\u00fclmesi i\u00e7in (\u201cVorsteuer\u201d) gereken biligiler mutlaka do\u011fru \u015fekilde ve eksiksiz tanzim edilip i\u015fleme al\u0131nmas\u0131 gerekmektedir.<\/p>\n<p>Ayr\u0131ca KDV\u00b4den muaf olan gelirler mevcut ise (\u00f6rne\u011fin sa\u011flik sekt\u00f6r\u00fcndeki  veya arazi sat\u0131\u015flar\u0131nda varolan muafiyetler) bunlarla ba\u011flant\u0131l\u0131 olan giderlerdeki KDV \u00f6demelerden d\u00fc\u015f\u00fcr\u00fclemez.<\/p>\n<p>Ancak baz\u0131 giderler gelirlerin muafiyetine ra\u011fmen yinede KDV\u00b4den d\u00fc\u015f\u00fcr\u00fclebilir. Bu giderler detayl\u0131 bir \u015fekilde Vergi Kanunun\u00b4da bulunmaktad\u0131r.<\/p>\n","protected":false},"excerpt":{"rendered":"<p>Almanya\u00b4da KDV mevzuat\u0131 olduk\u00e7a kapsaml\u0131 ve detayl\u0131 bir \u015fekilde anlat\u0131ld\u0131\u011f\u0131ndan ve bir\u00e7ok istisnai uygulamalara tabii tutuldu\u011fundan faturaland\u0131rmada bir\u00e7ok unsura dikkat etmek gerekmektedir. Faturalarda \u00f6denilen KDV\u00b4nin d\u00fc\u015f\u00fcr\u00fclmesi i\u00e7in (\u201cVorsteuer\u201d) gereken biligiler mutlaka do\u011fru \u015fekilde ve eksiksiz tanzim edilip i\u015fleme al\u0131nmas\u0131 gerekmektedir. Ayr\u0131ca KDV\u00b4den muaf olan gelirler mevcut ise (\u00f6rne\u011fin sa\u011flik sekt\u00f6r\u00fcndeki veya arazi sat\u0131\u015flar\u0131nda varolan muafiyetler) [&hellip;]<\/p>\n","protected":false},"author":11,"featured_media":0,"comment_status":"closed","ping_status":"open","sticky":false,"template":"","format":"standard","meta":{"_acf_changed":false,"footnotes":""},"categories":[32],"tags":[60,47,61,48],"class_list":["post-2263","post","type-post","status-publish","format-standard","hentry","category-blog","tag-fatura","tag-kdv","tag-rechnung","tag-umsatzsteuer"],"acf":[],"yoast_head":"<!-- This site is optimized with the Yoast SEO plugin v27.4 - https:\/\/yoast.com\/product\/yoast-seo-wordpress\/ -->\n<title>Katma De\u011fer vergisi (KDV) - Fokus T\u00fcrkei<\/title>\n<meta name=\"robots\" content=\"index, follow, max-snippet:-1, max-image-preview:large, max-video-preview:-1\" \/>\n<link rel=\"canonical\" href=\"https:\/\/www.ecovis.com\/focus-tuerkei\/katma-deger-vergisi-kdv\/\" \/>\n<meta property=\"og:locale\" content=\"de_DE\" \/>\n<meta property=\"og:type\" content=\"article\" \/>\n<meta property=\"og:title\" content=\"Katma De\u011fer vergisi (KDV) - Fokus T\u00fcrkei\" \/>\n<meta property=\"og:description\" content=\"Almanya\u00b4da KDV mevzuat\u0131 olduk\u00e7a kapsaml\u0131 ve detayl\u0131 bir \u015fekilde anlat\u0131ld\u0131\u011f\u0131ndan ve bir\u00e7ok istisnai uygulamalara tabii tutuldu\u011fundan faturaland\u0131rmada bir\u00e7ok unsura dikkat etmek gerekmektedir. Faturalarda \u00f6denilen KDV\u00b4nin d\u00fc\u015f\u00fcr\u00fclmesi i\u00e7in (\u201cVorsteuer\u201d) gereken biligiler mutlaka do\u011fru \u015fekilde ve eksiksiz tanzim edilip i\u015fleme al\u0131nmas\u0131 gerekmektedir. Ayr\u0131ca KDV\u00b4den muaf olan gelirler mevcut ise (\u00f6rne\u011fin sa\u011flik sekt\u00f6r\u00fcndeki veya arazi sat\u0131\u015flar\u0131nda varolan muafiyetler) [&hellip;]\" \/>\n<meta property=\"og:url\" content=\"https:\/\/www.ecovis.com\/focus-tuerkei\/katma-deger-vergisi-kdv\/\" \/>\n<meta property=\"og:site_name\" content=\"Fokus T\u00fcrkei\" \/>\n<meta property=\"article:published_time\" content=\"2015-06-22T12:05:29+00:00\" \/>\n<meta property=\"article:modified_time\" content=\"2021-09-03T12:05:55+00:00\" \/>\n<meta name=\"author\" content=\"kh_focus-tuerkei\" \/>\n<meta name=\"twitter:card\" content=\"summary_large_image\" \/>\n<meta name=\"twitter:label1\" content=\"Verfasst von\" \/>\n\t<meta name=\"twitter:data1\" content=\"kh_focus-tuerkei\" \/>\n\t<meta name=\"twitter:label2\" content=\"Gesch\u00e4tzte Lesezeit\" \/>\n\t<meta name=\"twitter:data2\" content=\"1\u00a0Minute\" \/>\n<script type=\"application\/ld+json\" class=\"yoast-schema-graph\">{\"@context\":\"https:\\\/\\\/schema.org\",\"@graph\":[{\"@type\":\"Article\",\"@id\":\"https:\\\/\\\/www.ecovis.com\\\/focus-tuerkei\\\/katma-deger-vergisi-kdv\\\/#article\",\"isPartOf\":{\"@id\":\"https:\\\/\\\/www.ecovis.com\\\/focus-tuerkei\\\/katma-deger-vergisi-kdv\\\/\"},\"author\":{\"name\":\"kh_focus-tuerkei\",\"@id\":\"https:\\\/\\\/www.ecovis.com\\\/focus-tuerkei\\\/#\\\/schema\\\/person\\\/b94a369ead80f55a535b019ad573b42b\"},\"headline\":\"Katma De\u011fer vergisi (KDV)\",\"datePublished\":\"2015-06-22T12:05:29+00:00\",\"dateModified\":\"2021-09-03T12:05:55+00:00\",\"mainEntityOfPage\":{\"@id\":\"https:\\\/\\\/www.ecovis.com\\\/focus-tuerkei\\\/katma-deger-vergisi-kdv\\\/\"},\"wordCount\":117,\"keywords\":[\"fatura\",\"kdv\",\"Rechnung\",\"Umsatzsteuer\"],\"articleSection\":[\"Beitr\u00e4ge mit Fokus T\u00fcrkei\"],\"inLanguage\":\"de\"},{\"@type\":\"WebPage\",\"@id\":\"https:\\\/\\\/www.ecovis.com\\\/focus-tuerkei\\\/katma-deger-vergisi-kdv\\\/\",\"url\":\"https:\\\/\\\/www.ecovis.com\\\/focus-tuerkei\\\/katma-deger-vergisi-kdv\\\/\",\"name\":\"Katma De\u011fer vergisi (KDV) - Fokus T\u00fcrkei\",\"isPartOf\":{\"@id\":\"https:\\\/\\\/www.ecovis.com\\\/focus-tuerkei\\\/#website\"},\"datePublished\":\"2015-06-22T12:05:29+00:00\",\"dateModified\":\"2021-09-03T12:05:55+00:00\",\"author\":{\"@id\":\"https:\\\/\\\/www.ecovis.com\\\/focus-tuerkei\\\/#\\\/schema\\\/person\\\/b94a369ead80f55a535b019ad573b42b\"},\"breadcrumb\":{\"@id\":\"https:\\\/\\\/www.ecovis.com\\\/focus-tuerkei\\\/katma-deger-vergisi-kdv\\\/#breadcrumb\"},\"inLanguage\":\"de\",\"potentialAction\":[{\"@type\":\"ReadAction\",\"target\":[\"https:\\\/\\\/www.ecovis.com\\\/focus-tuerkei\\\/katma-deger-vergisi-kdv\\\/\"]}]},{\"@type\":\"BreadcrumbList\",\"@id\":\"https:\\\/\\\/www.ecovis.com\\\/focus-tuerkei\\\/katma-deger-vergisi-kdv\\\/#breadcrumb\",\"itemListElement\":[{\"@type\":\"ListItem\",\"position\":1,\"name\":\"Ecovis Global\",\"item\":\"https:\\\/\\\/www.ecovis.com\\\/\"},{\"@type\":\"ListItem\",\"position\":2,\"name\":\"Blog Fokus T\u00fcrkei\",\"item\":\"https:\\\/\\\/www.ecovis.com\\\/focus-tuerkei\\\/\"},{\"@type\":\"ListItem\",\"position\":3,\"name\":\"Katma De\u011fer vergisi (KDV)\"}]},{\"@type\":\"WebSite\",\"@id\":\"https:\\\/\\\/www.ecovis.com\\\/focus-tuerkei\\\/#website\",\"url\":\"https:\\\/\\\/www.ecovis.com\\\/focus-tuerkei\\\/\",\"name\":\"Ecovis.com\",\"description\":\"\",\"potentialAction\":[{\"@type\":\"SearchAction\",\"target\":{\"@type\":\"EntryPoint\",\"urlTemplate\":\"https:\\\/\\\/www.ecovis.com\\\/focus-tuerkei\\\/?s={search_term_string}\"},\"query-input\":{\"@type\":\"PropertyValueSpecification\",\"valueRequired\":true,\"valueName\":\"search_term_string\"}}],\"inLanguage\":\"de\"},{\"@type\":\"Person\",\"@id\":\"https:\\\/\\\/www.ecovis.com\\\/focus-tuerkei\\\/#\\\/schema\\\/person\\\/b94a369ead80f55a535b019ad573b42b\",\"name\":\"kh_focus-tuerkei\",\"image\":{\"@type\":\"ImageObject\",\"inLanguage\":\"de\",\"@id\":\"https:\\\/\\\/secure.gravatar.com\\\/avatar\\\/b6ecda5d1aade4ea3b3249529c1bddf9bc259cc852a4c8ab7d6d299a5c3ab838?s=96&d=mm&r=g\",\"url\":\"https:\\\/\\\/secure.gravatar.com\\\/avatar\\\/b6ecda5d1aade4ea3b3249529c1bddf9bc259cc852a4c8ab7d6d299a5c3ab838?s=96&d=mm&r=g\",\"contentUrl\":\"https:\\\/\\\/secure.gravatar.com\\\/avatar\\\/b6ecda5d1aade4ea3b3249529c1bddf9bc259cc852a4c8ab7d6d299a5c3ab838?s=96&d=mm&r=g\",\"caption\":\"kh_focus-tuerkei\"},\"url\":\"https:\\\/\\\/www.ecovis.com\\\/focus-tuerkei\\\/author\\\/kh_focus-tuerkei\\\/\"}]}<\/script>\n<!-- \/ Yoast SEO plugin. -->","yoast_head_json":{"title":"Katma De\u011fer vergisi (KDV) - Fokus T\u00fcrkei","robots":{"index":"index","follow":"follow","max-snippet":"max-snippet:-1","max-image-preview":"max-image-preview:large","max-video-preview":"max-video-preview:-1"},"canonical":"https:\/\/www.ecovis.com\/focus-tuerkei\/katma-deger-vergisi-kdv\/","og_locale":"de_DE","og_type":"article","og_title":"Katma De\u011fer vergisi (KDV) - Fokus T\u00fcrkei","og_description":"Almanya\u00b4da KDV mevzuat\u0131 olduk\u00e7a kapsaml\u0131 ve detayl\u0131 bir \u015fekilde anlat\u0131ld\u0131\u011f\u0131ndan ve bir\u00e7ok istisnai uygulamalara tabii tutuldu\u011fundan faturaland\u0131rmada bir\u00e7ok unsura dikkat etmek gerekmektedir. Faturalarda \u00f6denilen KDV\u00b4nin d\u00fc\u015f\u00fcr\u00fclmesi i\u00e7in (\u201cVorsteuer\u201d) gereken biligiler mutlaka do\u011fru \u015fekilde ve eksiksiz tanzim edilip i\u015fleme al\u0131nmas\u0131 gerekmektedir. Ayr\u0131ca KDV\u00b4den muaf olan gelirler mevcut ise (\u00f6rne\u011fin sa\u011flik sekt\u00f6r\u00fcndeki veya arazi sat\u0131\u015flar\u0131nda varolan muafiyetler) [&hellip;]","og_url":"https:\/\/www.ecovis.com\/focus-tuerkei\/katma-deger-vergisi-kdv\/","og_site_name":"Fokus T\u00fcrkei","article_published_time":"2015-06-22T12:05:29+00:00","article_modified_time":"2021-09-03T12:05:55+00:00","author":"kh_focus-tuerkei","twitter_card":"summary_large_image","twitter_misc":{"Verfasst von":"kh_focus-tuerkei","Gesch\u00e4tzte Lesezeit":"1\u00a0Minute"},"schema":{"@context":"https:\/\/schema.org","@graph":[{"@type":"Article","@id":"https:\/\/www.ecovis.com\/focus-tuerkei\/katma-deger-vergisi-kdv\/#article","isPartOf":{"@id":"https:\/\/www.ecovis.com\/focus-tuerkei\/katma-deger-vergisi-kdv\/"},"author":{"name":"kh_focus-tuerkei","@id":"https:\/\/www.ecovis.com\/focus-tuerkei\/#\/schema\/person\/b94a369ead80f55a535b019ad573b42b"},"headline":"Katma De\u011fer vergisi (KDV)","datePublished":"2015-06-22T12:05:29+00:00","dateModified":"2021-09-03T12:05:55+00:00","mainEntityOfPage":{"@id":"https:\/\/www.ecovis.com\/focus-tuerkei\/katma-deger-vergisi-kdv\/"},"wordCount":117,"keywords":["fatura","kdv","Rechnung","Umsatzsteuer"],"articleSection":["Beitr\u00e4ge mit Fokus T\u00fcrkei"],"inLanguage":"de"},{"@type":"WebPage","@id":"https:\/\/www.ecovis.com\/focus-tuerkei\/katma-deger-vergisi-kdv\/","url":"https:\/\/www.ecovis.com\/focus-tuerkei\/katma-deger-vergisi-kdv\/","name":"Katma De\u011fer vergisi (KDV) - Fokus T\u00fcrkei","isPartOf":{"@id":"https:\/\/www.ecovis.com\/focus-tuerkei\/#website"},"datePublished":"2015-06-22T12:05:29+00:00","dateModified":"2021-09-03T12:05:55+00:00","author":{"@id":"https:\/\/www.ecovis.com\/focus-tuerkei\/#\/schema\/person\/b94a369ead80f55a535b019ad573b42b"},"breadcrumb":{"@id":"https:\/\/www.ecovis.com\/focus-tuerkei\/katma-deger-vergisi-kdv\/#breadcrumb"},"inLanguage":"de","potentialAction":[{"@type":"ReadAction","target":["https:\/\/www.ecovis.com\/focus-tuerkei\/katma-deger-vergisi-kdv\/"]}]},{"@type":"BreadcrumbList","@id":"https:\/\/www.ecovis.com\/focus-tuerkei\/katma-deger-vergisi-kdv\/#breadcrumb","itemListElement":[{"@type":"ListItem","position":1,"name":"Ecovis Global","item":"https:\/\/www.ecovis.com\/"},{"@type":"ListItem","position":2,"name":"Blog Fokus T\u00fcrkei","item":"https:\/\/www.ecovis.com\/focus-tuerkei\/"},{"@type":"ListItem","position":3,"name":"Katma De\u011fer vergisi (KDV)"}]},{"@type":"WebSite","@id":"https:\/\/www.ecovis.com\/focus-tuerkei\/#website","url":"https:\/\/www.ecovis.com\/focus-tuerkei\/","name":"Ecovis.com","description":"","potentialAction":[{"@type":"SearchAction","target":{"@type":"EntryPoint","urlTemplate":"https:\/\/www.ecovis.com\/focus-tuerkei\/?s={search_term_string}"},"query-input":{"@type":"PropertyValueSpecification","valueRequired":true,"valueName":"search_term_string"}}],"inLanguage":"de"},{"@type":"Person","@id":"https:\/\/www.ecovis.com\/focus-tuerkei\/#\/schema\/person\/b94a369ead80f55a535b019ad573b42b","name":"kh_focus-tuerkei","image":{"@type":"ImageObject","inLanguage":"de","@id":"https:\/\/secure.gravatar.com\/avatar\/b6ecda5d1aade4ea3b3249529c1bddf9bc259cc852a4c8ab7d6d299a5c3ab838?s=96&d=mm&r=g","url":"https:\/\/secure.gravatar.com\/avatar\/b6ecda5d1aade4ea3b3249529c1bddf9bc259cc852a4c8ab7d6d299a5c3ab838?s=96&d=mm&r=g","contentUrl":"https:\/\/secure.gravatar.com\/avatar\/b6ecda5d1aade4ea3b3249529c1bddf9bc259cc852a4c8ab7d6d299a5c3ab838?s=96&d=mm&r=g","caption":"kh_focus-tuerkei"},"url":"https:\/\/www.ecovis.com\/focus-tuerkei\/author\/kh_focus-tuerkei\/"}]}},"featured_image_url":"","featured_image_url_large":"","_links":{"self":[{"href":"https:\/\/www.ecovis.com\/focus-tuerkei\/wp-json\/wp\/v2\/posts\/2263","targetHints":{"allow":["GET"]}}],"collection":[{"href":"https:\/\/www.ecovis.com\/focus-tuerkei\/wp-json\/wp\/v2\/posts"}],"about":[{"href":"https:\/\/www.ecovis.com\/focus-tuerkei\/wp-json\/wp\/v2\/types\/post"}],"author":[{"embeddable":true,"href":"https:\/\/www.ecovis.com\/focus-tuerkei\/wp-json\/wp\/v2\/users\/11"}],"replies":[{"embeddable":true,"href":"https:\/\/www.ecovis.com\/focus-tuerkei\/wp-json\/wp\/v2\/comments?post=2263"}],"version-history":[{"count":1,"href":"https:\/\/www.ecovis.com\/focus-tuerkei\/wp-json\/wp\/v2\/posts\/2263\/revisions"}],"predecessor-version":[{"id":2264,"href":"https:\/\/www.ecovis.com\/focus-tuerkei\/wp-json\/wp\/v2\/posts\/2263\/revisions\/2264"}],"wp:attachment":[{"href":"https:\/\/www.ecovis.com\/focus-tuerkei\/wp-json\/wp\/v2\/media?parent=2263"}],"wp:term":[{"taxonomy":"category","embeddable":true,"href":"https:\/\/www.ecovis.com\/focus-tuerkei\/wp-json\/wp\/v2\/categories?post=2263"},{"taxonomy":"post_tag","embeddable":true,"href":"https:\/\/www.ecovis.com\/focus-tuerkei\/wp-json\/wp\/v2\/tags?post=2263"}],"curies":[{"name":"wp","href":"https:\/\/api.w.org\/{rel}","templated":true}]}}