{"id":2261,"date":"2015-08-31T14:04:53","date_gmt":"2015-08-31T12:04:53","guid":{"rendered":"https:\/\/www.ecovis.com\/focus-tuerkei\/?p=2261"},"modified":"2021-09-03T14:05:22","modified_gmt":"2021-09-03T12:05:22","slug":"kdvde-farkli-vergilendirme-tueccarlar","status":"publish","type":"post","link":"https:\/\/www.ecovis.com\/focus-tuerkei\/kdvde-farkli-vergilendirme-tueccarlar\/","title":{"rendered":"KDV\u00b4de farkl\u0131 vergilendirme: t\u00fcccarlar"},"content":{"rendered":"<p>Almanya\u00b4da Katma De\u011fer vergisinde t\u00fcccarlar i\u00e7in \u00f6zel vergilendirme sistemi m\u00fcmk\u00fcnd\u00fcr. Buna g\u00f6re t\u00fcccarlar al\u0131nan baz\u0131 ticari mallarda KDV\u00b4yi vergiden d\u00fc\u015femez, ancak \u00fcr\u00fcn\u00fc satarken sadece sat\u0131\u015f ve al\u0131\u015f fiyat\u0131 arasindaki fark\u0131 KDV\u00b4ye tabii tutmas\u0131 gerekmektedir.<br \/>\n\u00d6rne\u011fin \u00f6zellikle kullan\u0131lm\u0131\u015f ara\u00e7 satan t\u00fcccarlarda bu t\u00fcr KDV vergilendirmesi m\u00fcmk\u00fcnd\u00fcr. Bu durumda ara\u00e7\u0131n sat\u0131\u015f fiyat\u0131  2.000 Euro ve al\u0131\u015f fiyat\u0131 1.200 Euro ise, KDV aradaki 800 Euro\u00b4luk fark \u00fczerinden y\u00fczde 19 oran\u0131nda  127,74 Euro olarak \u00f6denmek zorundad\u0131r.<\/p>\n<p>Yaln\u0131z bu kanun sadece s\u00fcrekli al\u0131m sat\u0131m ile ilgili olan t\u00fcccarlar i\u00e7in ge\u00e7erlidir. Ayr\u0131ca sadece belirli \u00fcr\u00fcnler i\u00e7in m\u00fcmk\u00fcnd\u00fcr. Bu durumda \u00f6rne\u011fin bilgisayar programlar\u0131nda s\u00f6z konusu vergilendirme \u00e7e\u015fidi m\u00fcmk\u00fcn de\u011fildir.<\/p>\n<p>Bunun d\u0131\u015f\u0131nda \u00fcr\u00fcnlerin Avrupa Birli\u011fi i\u00e7erisinde sat\u0131n al\u0131nm\u0131\u015f olmas\u0131 gerekmektedir. Yani T\u00fcrkiye\u00b4den al\u0131nan \u00fcr\u00fcnler\u00b4de \u00f6denen ithalat KDV\u00b4si vergiden d\u00fc\u015f\u00fcr\u00fclebildi\u011finden, T\u00fcrkiye i\u00e7in bu vergilendirme sistemi ge\u00e7ersizdir.<\/p>\n<p>Ayr\u0131ca kolayl\u0131k olarak, bir y\u0131l i\u00e7erisinde sat\u0131lan \u00fcr\u00fcnlerin toplam olarak al\u0131\u015f fiyatlar\u0131 500 Euro\u00b4yu ge\u00e7medi\u011fi takdirde, toplam fark\u0131n vergilendirmesi m\u00fcmk\u00fcnd\u00fcr.\u2028T\u00fcccarlar bu t\u00fcr vergilendirmeyi se\u00e7tikleri takdirde iki sene boyunca s\u00fcrd\u00fcrmek zorundad\u0131rlar.<br \/>\nBu durumda \u00f6zellikle faturaland\u0131rmalarda KDV\u00b4nin g\u00f6sterilmemesine dikkat edilmesi gerekmektedir. Aksi takdirde g\u00f6sterilen KDV\u00b4nin \u00f6denme mecburiyeti bulunmaktad\u0131r.<\/p>\n","protected":false},"excerpt":{"rendered":"<p>Almanya\u00b4da Katma De\u011fer vergisinde t\u00fcccarlar i\u00e7in \u00f6zel vergilendirme sistemi m\u00fcmk\u00fcnd\u00fcr. Buna g\u00f6re t\u00fcccarlar al\u0131nan baz\u0131 ticari mallarda KDV\u00b4yi vergiden d\u00fc\u015femez, ancak \u00fcr\u00fcn\u00fc satarken sadece sat\u0131\u015f ve al\u0131\u015f fiyat\u0131 arasindaki fark\u0131 KDV\u00b4ye tabii tutmas\u0131 gerekmektedir. \u00d6rne\u011fin \u00f6zellikle kullan\u0131lm\u0131\u015f ara\u00e7 satan t\u00fcccarlarda bu t\u00fcr KDV vergilendirmesi m\u00fcmk\u00fcnd\u00fcr. Bu durumda ara\u00e7\u0131n sat\u0131\u015f fiyat\u0131 2.000 Euro ve al\u0131\u015f fiyat\u0131 [&hellip;]<\/p>\n","protected":false},"author":11,"featured_media":0,"comment_status":"closed","ping_status":"open","sticky":false,"template":"","format":"standard","meta":{"_acf_changed":false,"footnotes":""},"categories":[32],"tags":[56,57,47,58,48,59],"class_list":["post-2261","post","type-post","status-publish","format-standard","hentry","category-blog","tag-arac","tag-differenzbesteuerung","tag-kdv","tag-tueccar","tag-umsatzsteuer","tag-wiederverkaeufer"],"acf":[],"yoast_head":"<!-- This site is optimized with the Yoast SEO plugin v27.4 - https:\/\/yoast.com\/product\/yoast-seo-wordpress\/ -->\n<title>KDV\u00b4de farkl\u0131 vergilendirme: t\u00fcccarlar - Fokus T\u00fcrkei<\/title>\n<meta name=\"robots\" content=\"index, follow, max-snippet:-1, max-image-preview:large, max-video-preview:-1\" \/>\n<link rel=\"canonical\" href=\"https:\/\/www.ecovis.com\/focus-tuerkei\/kdvde-farkli-vergilendirme-tueccarlar\/\" \/>\n<meta property=\"og:locale\" content=\"de_DE\" \/>\n<meta property=\"og:type\" content=\"article\" \/>\n<meta property=\"og:title\" content=\"KDV\u00b4de farkl\u0131 vergilendirme: t\u00fcccarlar - Fokus T\u00fcrkei\" \/>\n<meta property=\"og:description\" content=\"Almanya\u00b4da Katma De\u011fer vergisinde t\u00fcccarlar i\u00e7in \u00f6zel vergilendirme sistemi m\u00fcmk\u00fcnd\u00fcr. Buna g\u00f6re t\u00fcccarlar al\u0131nan baz\u0131 ticari mallarda KDV\u00b4yi vergiden d\u00fc\u015femez, ancak \u00fcr\u00fcn\u00fc satarken sadece sat\u0131\u015f ve al\u0131\u015f fiyat\u0131 arasindaki fark\u0131 KDV\u00b4ye tabii tutmas\u0131 gerekmektedir. \u00d6rne\u011fin \u00f6zellikle kullan\u0131lm\u0131\u015f ara\u00e7 satan t\u00fcccarlarda bu t\u00fcr KDV vergilendirmesi m\u00fcmk\u00fcnd\u00fcr. Bu durumda ara\u00e7\u0131n sat\u0131\u015f fiyat\u0131 2.000 Euro ve al\u0131\u015f fiyat\u0131 [&hellip;]\" \/>\n<meta property=\"og:url\" content=\"https:\/\/www.ecovis.com\/focus-tuerkei\/kdvde-farkli-vergilendirme-tueccarlar\/\" \/>\n<meta property=\"og:site_name\" content=\"Fokus T\u00fcrkei\" \/>\n<meta property=\"article:published_time\" content=\"2015-08-31T12:04:53+00:00\" \/>\n<meta property=\"article:modified_time\" content=\"2021-09-03T12:05:22+00:00\" \/>\n<meta name=\"author\" content=\"kh_focus-tuerkei\" \/>\n<meta name=\"twitter:card\" content=\"summary_large_image\" \/>\n<meta name=\"twitter:label1\" content=\"Verfasst von\" \/>\n\t<meta name=\"twitter:data1\" content=\"kh_focus-tuerkei\" \/>\n\t<meta name=\"twitter:label2\" content=\"Gesch\u00e4tzte Lesezeit\" \/>\n\t<meta name=\"twitter:data2\" content=\"1\u00a0Minute\" \/>\n<script type=\"application\/ld+json\" class=\"yoast-schema-graph\">{\"@context\":\"https:\\\/\\\/schema.org\",\"@graph\":[{\"@type\":\"Article\",\"@id\":\"https:\\\/\\\/www.ecovis.com\\\/focus-tuerkei\\\/kdvde-farkli-vergilendirme-tueccarlar\\\/#article\",\"isPartOf\":{\"@id\":\"https:\\\/\\\/www.ecovis.com\\\/focus-tuerkei\\\/kdvde-farkli-vergilendirme-tueccarlar\\\/\"},\"author\":{\"name\":\"kh_focus-tuerkei\",\"@id\":\"https:\\\/\\\/www.ecovis.com\\\/focus-tuerkei\\\/#\\\/schema\\\/person\\\/b94a369ead80f55a535b019ad573b42b\"},\"headline\":\"KDV\u00b4de farkl\u0131 vergilendirme: t\u00fcccarlar\",\"datePublished\":\"2015-08-31T12:04:53+00:00\",\"dateModified\":\"2021-09-03T12:05:22+00:00\",\"mainEntityOfPage\":{\"@id\":\"https:\\\/\\\/www.ecovis.com\\\/focus-tuerkei\\\/kdvde-farkli-vergilendirme-tueccarlar\\\/\"},\"wordCount\":263,\"keywords\":[\"arac\",\"Differenzbesteuerung\",\"kdv\",\"t\u00fcccar\",\"Umsatzsteuer\",\"Wiederverk\u00e4ufer\"],\"articleSection\":[\"Beitr\u00e4ge mit Fokus T\u00fcrkei\"],\"inLanguage\":\"de\"},{\"@type\":\"WebPage\",\"@id\":\"https:\\\/\\\/www.ecovis.com\\\/focus-tuerkei\\\/kdvde-farkli-vergilendirme-tueccarlar\\\/\",\"url\":\"https:\\\/\\\/www.ecovis.com\\\/focus-tuerkei\\\/kdvde-farkli-vergilendirme-tueccarlar\\\/\",\"name\":\"KDV\u00b4de farkl\u0131 vergilendirme: t\u00fcccarlar - Fokus T\u00fcrkei\",\"isPartOf\":{\"@id\":\"https:\\\/\\\/www.ecovis.com\\\/focus-tuerkei\\\/#website\"},\"datePublished\":\"2015-08-31T12:04:53+00:00\",\"dateModified\":\"2021-09-03T12:05:22+00:00\",\"author\":{\"@id\":\"https:\\\/\\\/www.ecovis.com\\\/focus-tuerkei\\\/#\\\/schema\\\/person\\\/b94a369ead80f55a535b019ad573b42b\"},\"breadcrumb\":{\"@id\":\"https:\\\/\\\/www.ecovis.com\\\/focus-tuerkei\\\/kdvde-farkli-vergilendirme-tueccarlar\\\/#breadcrumb\"},\"inLanguage\":\"de\",\"potentialAction\":[{\"@type\":\"ReadAction\",\"target\":[\"https:\\\/\\\/www.ecovis.com\\\/focus-tuerkei\\\/kdvde-farkli-vergilendirme-tueccarlar\\\/\"]}]},{\"@type\":\"BreadcrumbList\",\"@id\":\"https:\\\/\\\/www.ecovis.com\\\/focus-tuerkei\\\/kdvde-farkli-vergilendirme-tueccarlar\\\/#breadcrumb\",\"itemListElement\":[{\"@type\":\"ListItem\",\"position\":1,\"name\":\"Ecovis Global\",\"item\":\"https:\\\/\\\/www.ecovis.com\\\/\"},{\"@type\":\"ListItem\",\"position\":2,\"name\":\"Blog Fokus T\u00fcrkei\",\"item\":\"https:\\\/\\\/www.ecovis.com\\\/focus-tuerkei\\\/\"},{\"@type\":\"ListItem\",\"position\":3,\"name\":\"KDV\u00b4de farkl\u0131 vergilendirme: t\u00fcccarlar\"}]},{\"@type\":\"WebSite\",\"@id\":\"https:\\\/\\\/www.ecovis.com\\\/focus-tuerkei\\\/#website\",\"url\":\"https:\\\/\\\/www.ecovis.com\\\/focus-tuerkei\\\/\",\"name\":\"Ecovis.com\",\"description\":\"\",\"potentialAction\":[{\"@type\":\"SearchAction\",\"target\":{\"@type\":\"EntryPoint\",\"urlTemplate\":\"https:\\\/\\\/www.ecovis.com\\\/focus-tuerkei\\\/?s={search_term_string}\"},\"query-input\":{\"@type\":\"PropertyValueSpecification\",\"valueRequired\":true,\"valueName\":\"search_term_string\"}}],\"inLanguage\":\"de\"},{\"@type\":\"Person\",\"@id\":\"https:\\\/\\\/www.ecovis.com\\\/focus-tuerkei\\\/#\\\/schema\\\/person\\\/b94a369ead80f55a535b019ad573b42b\",\"name\":\"kh_focus-tuerkei\",\"image\":{\"@type\":\"ImageObject\",\"inLanguage\":\"de\",\"@id\":\"https:\\\/\\\/secure.gravatar.com\\\/avatar\\\/b6ecda5d1aade4ea3b3249529c1bddf9bc259cc852a4c8ab7d6d299a5c3ab838?s=96&d=mm&r=g\",\"url\":\"https:\\\/\\\/secure.gravatar.com\\\/avatar\\\/b6ecda5d1aade4ea3b3249529c1bddf9bc259cc852a4c8ab7d6d299a5c3ab838?s=96&d=mm&r=g\",\"contentUrl\":\"https:\\\/\\\/secure.gravatar.com\\\/avatar\\\/b6ecda5d1aade4ea3b3249529c1bddf9bc259cc852a4c8ab7d6d299a5c3ab838?s=96&d=mm&r=g\",\"caption\":\"kh_focus-tuerkei\"},\"url\":\"https:\\\/\\\/www.ecovis.com\\\/focus-tuerkei\\\/author\\\/kh_focus-tuerkei\\\/\"}]}<\/script>\n<!-- \/ Yoast SEO plugin. -->","yoast_head_json":{"title":"KDV\u00b4de farkl\u0131 vergilendirme: t\u00fcccarlar - Fokus T\u00fcrkei","robots":{"index":"index","follow":"follow","max-snippet":"max-snippet:-1","max-image-preview":"max-image-preview:large","max-video-preview":"max-video-preview:-1"},"canonical":"https:\/\/www.ecovis.com\/focus-tuerkei\/kdvde-farkli-vergilendirme-tueccarlar\/","og_locale":"de_DE","og_type":"article","og_title":"KDV\u00b4de farkl\u0131 vergilendirme: t\u00fcccarlar - Fokus T\u00fcrkei","og_description":"Almanya\u00b4da Katma De\u011fer vergisinde t\u00fcccarlar i\u00e7in \u00f6zel vergilendirme sistemi m\u00fcmk\u00fcnd\u00fcr. Buna g\u00f6re t\u00fcccarlar al\u0131nan baz\u0131 ticari mallarda KDV\u00b4yi vergiden d\u00fc\u015femez, ancak \u00fcr\u00fcn\u00fc satarken sadece sat\u0131\u015f ve al\u0131\u015f fiyat\u0131 arasindaki fark\u0131 KDV\u00b4ye tabii tutmas\u0131 gerekmektedir. \u00d6rne\u011fin \u00f6zellikle kullan\u0131lm\u0131\u015f ara\u00e7 satan t\u00fcccarlarda bu t\u00fcr KDV vergilendirmesi m\u00fcmk\u00fcnd\u00fcr. Bu durumda ara\u00e7\u0131n sat\u0131\u015f fiyat\u0131 2.000 Euro ve al\u0131\u015f fiyat\u0131 [&hellip;]","og_url":"https:\/\/www.ecovis.com\/focus-tuerkei\/kdvde-farkli-vergilendirme-tueccarlar\/","og_site_name":"Fokus T\u00fcrkei","article_published_time":"2015-08-31T12:04:53+00:00","article_modified_time":"2021-09-03T12:05:22+00:00","author":"kh_focus-tuerkei","twitter_card":"summary_large_image","twitter_misc":{"Verfasst von":"kh_focus-tuerkei","Gesch\u00e4tzte Lesezeit":"1\u00a0Minute"},"schema":{"@context":"https:\/\/schema.org","@graph":[{"@type":"Article","@id":"https:\/\/www.ecovis.com\/focus-tuerkei\/kdvde-farkli-vergilendirme-tueccarlar\/#article","isPartOf":{"@id":"https:\/\/www.ecovis.com\/focus-tuerkei\/kdvde-farkli-vergilendirme-tueccarlar\/"},"author":{"name":"kh_focus-tuerkei","@id":"https:\/\/www.ecovis.com\/focus-tuerkei\/#\/schema\/person\/b94a369ead80f55a535b019ad573b42b"},"headline":"KDV\u00b4de farkl\u0131 vergilendirme: t\u00fcccarlar","datePublished":"2015-08-31T12:04:53+00:00","dateModified":"2021-09-03T12:05:22+00:00","mainEntityOfPage":{"@id":"https:\/\/www.ecovis.com\/focus-tuerkei\/kdvde-farkli-vergilendirme-tueccarlar\/"},"wordCount":263,"keywords":["arac","Differenzbesteuerung","kdv","t\u00fcccar","Umsatzsteuer","Wiederverk\u00e4ufer"],"articleSection":["Beitr\u00e4ge mit Fokus T\u00fcrkei"],"inLanguage":"de"},{"@type":"WebPage","@id":"https:\/\/www.ecovis.com\/focus-tuerkei\/kdvde-farkli-vergilendirme-tueccarlar\/","url":"https:\/\/www.ecovis.com\/focus-tuerkei\/kdvde-farkli-vergilendirme-tueccarlar\/","name":"KDV\u00b4de farkl\u0131 vergilendirme: t\u00fcccarlar - Fokus T\u00fcrkei","isPartOf":{"@id":"https:\/\/www.ecovis.com\/focus-tuerkei\/#website"},"datePublished":"2015-08-31T12:04:53+00:00","dateModified":"2021-09-03T12:05:22+00:00","author":{"@id":"https:\/\/www.ecovis.com\/focus-tuerkei\/#\/schema\/person\/b94a369ead80f55a535b019ad573b42b"},"breadcrumb":{"@id":"https:\/\/www.ecovis.com\/focus-tuerkei\/kdvde-farkli-vergilendirme-tueccarlar\/#breadcrumb"},"inLanguage":"de","potentialAction":[{"@type":"ReadAction","target":["https:\/\/www.ecovis.com\/focus-tuerkei\/kdvde-farkli-vergilendirme-tueccarlar\/"]}]},{"@type":"BreadcrumbList","@id":"https:\/\/www.ecovis.com\/focus-tuerkei\/kdvde-farkli-vergilendirme-tueccarlar\/#breadcrumb","itemListElement":[{"@type":"ListItem","position":1,"name":"Ecovis Global","item":"https:\/\/www.ecovis.com\/"},{"@type":"ListItem","position":2,"name":"Blog Fokus T\u00fcrkei","item":"https:\/\/www.ecovis.com\/focus-tuerkei\/"},{"@type":"ListItem","position":3,"name":"KDV\u00b4de farkl\u0131 vergilendirme: t\u00fcccarlar"}]},{"@type":"WebSite","@id":"https:\/\/www.ecovis.com\/focus-tuerkei\/#website","url":"https:\/\/www.ecovis.com\/focus-tuerkei\/","name":"Ecovis.com","description":"","potentialAction":[{"@type":"SearchAction","target":{"@type":"EntryPoint","urlTemplate":"https:\/\/www.ecovis.com\/focus-tuerkei\/?s={search_term_string}"},"query-input":{"@type":"PropertyValueSpecification","valueRequired":true,"valueName":"search_term_string"}}],"inLanguage":"de"},{"@type":"Person","@id":"https:\/\/www.ecovis.com\/focus-tuerkei\/#\/schema\/person\/b94a369ead80f55a535b019ad573b42b","name":"kh_focus-tuerkei","image":{"@type":"ImageObject","inLanguage":"de","@id":"https:\/\/secure.gravatar.com\/avatar\/b6ecda5d1aade4ea3b3249529c1bddf9bc259cc852a4c8ab7d6d299a5c3ab838?s=96&d=mm&r=g","url":"https:\/\/secure.gravatar.com\/avatar\/b6ecda5d1aade4ea3b3249529c1bddf9bc259cc852a4c8ab7d6d299a5c3ab838?s=96&d=mm&r=g","contentUrl":"https:\/\/secure.gravatar.com\/avatar\/b6ecda5d1aade4ea3b3249529c1bddf9bc259cc852a4c8ab7d6d299a5c3ab838?s=96&d=mm&r=g","caption":"kh_focus-tuerkei"},"url":"https:\/\/www.ecovis.com\/focus-tuerkei\/author\/kh_focus-tuerkei\/"}]}},"featured_image_url":"","featured_image_url_large":"","_links":{"self":[{"href":"https:\/\/www.ecovis.com\/focus-tuerkei\/wp-json\/wp\/v2\/posts\/2261","targetHints":{"allow":["GET"]}}],"collection":[{"href":"https:\/\/www.ecovis.com\/focus-tuerkei\/wp-json\/wp\/v2\/posts"}],"about":[{"href":"https:\/\/www.ecovis.com\/focus-tuerkei\/wp-json\/wp\/v2\/types\/post"}],"author":[{"embeddable":true,"href":"https:\/\/www.ecovis.com\/focus-tuerkei\/wp-json\/wp\/v2\/users\/11"}],"replies":[{"embeddable":true,"href":"https:\/\/www.ecovis.com\/focus-tuerkei\/wp-json\/wp\/v2\/comments?post=2261"}],"version-history":[{"count":1,"href":"https:\/\/www.ecovis.com\/focus-tuerkei\/wp-json\/wp\/v2\/posts\/2261\/revisions"}],"predecessor-version":[{"id":2262,"href":"https:\/\/www.ecovis.com\/focus-tuerkei\/wp-json\/wp\/v2\/posts\/2261\/revisions\/2262"}],"wp:attachment":[{"href":"https:\/\/www.ecovis.com\/focus-tuerkei\/wp-json\/wp\/v2\/media?parent=2261"}],"wp:term":[{"taxonomy":"category","embeddable":true,"href":"https:\/\/www.ecovis.com\/focus-tuerkei\/wp-json\/wp\/v2\/categories?post=2261"},{"taxonomy":"post_tag","embeddable":true,"href":"https:\/\/www.ecovis.com\/focus-tuerkei\/wp-json\/wp\/v2\/tags?post=2261"}],"curies":[{"name":"wp","href":"https:\/\/api.w.org\/{rel}","templated":true}]}}