{"id":2259,"date":"2015-09-15T14:04:32","date_gmt":"2015-09-15T12:04:32","guid":{"rendered":"https:\/\/www.ecovis.com\/focus-tuerkei\/?p=2259"},"modified":"2021-09-03T14:04:45","modified_gmt":"2021-09-03T12:04:45","slug":"mueltecilere-sunulan-konaklamalardaki-kdv-imkanlari","status":"publish","type":"post","link":"https:\/\/www.ecovis.com\/focus-tuerkei\/mueltecilere-sunulan-konaklamalardaki-kdv-imkanlari\/","title":{"rendered":"M\u00fcltecilere sunulan konaklamalardaki KDV imkanlar\u0131"},"content":{"rendered":"<p>Son zamanlarda artan sava\u015f ma\u011fdurlar\u0131yla birlikte y\u00fckselen m\u00fclteci say\u0131s\u0131n\u0131n \u00e7\u00f6z\u00fcm\u00fc i\u00e7in kurumsal ve \u00f6zel \u015firketlerin arac\u0131l\u0131\u011f\u0131yla sunulan konaklama imkanlar\u0131nda vergisel a\u00e7\u0131dan dikkat edilmesi gereken unsurlar bulunmaktad\u0131r.<\/p>\n<p>\u00d6ncelikle kurumsal veya \u00f6zel \u015firketlere kiralanan konaklamalarda uzun veya k\u0131sa vadeli olup olmad\u0131\u011f\u0131 belirlenmesi gerekmektedir. Genel olarak uzun vadeli kiralama ortalama 6 ay\u0131n \u00fczerinde olunca kabul edilmektedir.<\/p>\n<p>Uzun vadeli kira gelirleri KDV\u00b4ye tabii tutulmaz. Ancak mevcut alan ba\u015fka bir \u015firkete kendi \u015firketi i\u00e7in kiraland\u0131\u011f\u0131 takdirde KDV\u00b4ye dahil olmas\u0131 i\u00e7in ba\u015fvuruda bulunulabilir. Bu durumda yap\u0131lan masraflarda \u00f6denilen KDV de vergiden d\u00fc\u015f\u00fclebilir (\u00f6rne\u011fin evin yenilenmesi i\u00e7in yap\u0131lan masraflar i\u00e7in \u00f6denilen KDV vergi dairesinden geri al\u0131nabilir).<br \/>\nYaln\u0131z alan devlete kiraland\u0131\u011f\u0131 takdirde bu m\u00fcmk\u00fcn de\u011fildir.<\/p>\n<p>K\u0131sa vadeli ev kiralamalar\u0131nda ise kira gelirleri KDV\u00b4ye tabii tutulmak zorundadir, ancak KDV oran\u0131 y\u00fczde 7 dir.<\/p>\n","protected":false},"excerpt":{"rendered":"<p>Son zamanlarda artan sava\u015f ma\u011fdurlar\u0131yla birlikte y\u00fckselen m\u00fclteci say\u0131s\u0131n\u0131n \u00e7\u00f6z\u00fcm\u00fc i\u00e7in kurumsal ve \u00f6zel \u015firketlerin arac\u0131l\u0131\u011f\u0131yla sunulan konaklama imkanlar\u0131nda vergisel a\u00e7\u0131dan dikkat edilmesi gereken unsurlar bulunmaktad\u0131r. \u00d6ncelikle kurumsal veya \u00f6zel \u015firketlere kiralanan konaklamalarda uzun veya k\u0131sa vadeli olup olmad\u0131\u011f\u0131 belirlenmesi gerekmektedir. Genel olarak uzun vadeli kiralama ortalama 6 ay\u0131n \u00fczerinde olunca kabul edilmektedir. Uzun vadeli [&hellip;]<\/p>\n","protected":false},"author":11,"featured_media":0,"comment_status":"closed","ping_status":"open","sticky":false,"template":"","format":"standard","meta":{"_acf_changed":false,"footnotes":""},"categories":[32],"tags":[47,53,54,48,55],"class_list":["post-2259","post","type-post","status-publish","format-standard","hentry","category-blog","tag-kdv","tag-kira","tag-muelteci","tag-umsatzsteuer","tag-vermietung"],"acf":[],"yoast_head":"<!-- This site is optimized with the Yoast SEO plugin v27.4 - https:\/\/yoast.com\/product\/yoast-seo-wordpress\/ -->\n<title>M\u00fcltecilere sunulan konaklamalardaki KDV imkanlar\u0131 - Fokus T\u00fcrkei<\/title>\n<meta name=\"robots\" content=\"index, follow, max-snippet:-1, max-image-preview:large, max-video-preview:-1\" \/>\n<link rel=\"canonical\" href=\"https:\/\/www.ecovis.com\/focus-tuerkei\/mueltecilere-sunulan-konaklamalardaki-kdv-imkanlari\/\" \/>\n<meta property=\"og:locale\" content=\"de_DE\" \/>\n<meta property=\"og:type\" content=\"article\" \/>\n<meta property=\"og:title\" content=\"M\u00fcltecilere sunulan konaklamalardaki KDV imkanlar\u0131 - Fokus T\u00fcrkei\" \/>\n<meta property=\"og:description\" content=\"Son zamanlarda artan sava\u015f ma\u011fdurlar\u0131yla birlikte y\u00fckselen m\u00fclteci say\u0131s\u0131n\u0131n \u00e7\u00f6z\u00fcm\u00fc i\u00e7in kurumsal ve \u00f6zel \u015firketlerin arac\u0131l\u0131\u011f\u0131yla sunulan konaklama imkanlar\u0131nda vergisel a\u00e7\u0131dan dikkat edilmesi gereken unsurlar bulunmaktad\u0131r. \u00d6ncelikle kurumsal veya \u00f6zel \u015firketlere kiralanan konaklamalarda uzun veya k\u0131sa vadeli olup olmad\u0131\u011f\u0131 belirlenmesi gerekmektedir. Genel olarak uzun vadeli kiralama ortalama 6 ay\u0131n \u00fczerinde olunca kabul edilmektedir. Uzun vadeli [&hellip;]\" \/>\n<meta property=\"og:url\" content=\"https:\/\/www.ecovis.com\/focus-tuerkei\/mueltecilere-sunulan-konaklamalardaki-kdv-imkanlari\/\" \/>\n<meta property=\"og:site_name\" content=\"Fokus T\u00fcrkei\" \/>\n<meta property=\"article:published_time\" content=\"2015-09-15T12:04:32+00:00\" \/>\n<meta property=\"article:modified_time\" content=\"2021-09-03T12:04:45+00:00\" \/>\n<meta name=\"author\" content=\"kh_focus-tuerkei\" \/>\n<meta name=\"twitter:card\" content=\"summary_large_image\" \/>\n<meta name=\"twitter:label1\" content=\"Verfasst von\" \/>\n\t<meta name=\"twitter:data1\" content=\"kh_focus-tuerkei\" \/>\n\t<meta name=\"twitter:label2\" content=\"Gesch\u00e4tzte Lesezeit\" \/>\n\t<meta name=\"twitter:data2\" content=\"1\u00a0Minute\" \/>\n<script type=\"application\/ld+json\" class=\"yoast-schema-graph\">{\"@context\":\"https:\\\/\\\/schema.org\",\"@graph\":[{\"@type\":\"Article\",\"@id\":\"https:\\\/\\\/www.ecovis.com\\\/focus-tuerkei\\\/mueltecilere-sunulan-konaklamalardaki-kdv-imkanlari\\\/#article\",\"isPartOf\":{\"@id\":\"https:\\\/\\\/www.ecovis.com\\\/focus-tuerkei\\\/mueltecilere-sunulan-konaklamalardaki-kdv-imkanlari\\\/\"},\"author\":{\"name\":\"kh_focus-tuerkei\",\"@id\":\"https:\\\/\\\/www.ecovis.com\\\/focus-tuerkei\\\/#\\\/schema\\\/person\\\/b94a369ead80f55a535b019ad573b42b\"},\"headline\":\"M\u00fcltecilere sunulan konaklamalardaki KDV imkanlar\u0131\",\"datePublished\":\"2015-09-15T12:04:32+00:00\",\"dateModified\":\"2021-09-03T12:04:45+00:00\",\"mainEntityOfPage\":{\"@id\":\"https:\\\/\\\/www.ecovis.com\\\/focus-tuerkei\\\/mueltecilere-sunulan-konaklamalardaki-kdv-imkanlari\\\/\"},\"wordCount\":165,\"keywords\":[\"kdv\",\"kira\",\"m\u00fclteci\",\"Umsatzsteuer\",\"Vermietung\"],\"articleSection\":[\"Beitr\u00e4ge mit Fokus T\u00fcrkei\"],\"inLanguage\":\"de\"},{\"@type\":\"WebPage\",\"@id\":\"https:\\\/\\\/www.ecovis.com\\\/focus-tuerkei\\\/mueltecilere-sunulan-konaklamalardaki-kdv-imkanlari\\\/\",\"url\":\"https:\\\/\\\/www.ecovis.com\\\/focus-tuerkei\\\/mueltecilere-sunulan-konaklamalardaki-kdv-imkanlari\\\/\",\"name\":\"M\u00fcltecilere sunulan konaklamalardaki KDV imkanlar\u0131 - Fokus T\u00fcrkei\",\"isPartOf\":{\"@id\":\"https:\\\/\\\/www.ecovis.com\\\/focus-tuerkei\\\/#website\"},\"datePublished\":\"2015-09-15T12:04:32+00:00\",\"dateModified\":\"2021-09-03T12:04:45+00:00\",\"author\":{\"@id\":\"https:\\\/\\\/www.ecovis.com\\\/focus-tuerkei\\\/#\\\/schema\\\/person\\\/b94a369ead80f55a535b019ad573b42b\"},\"breadcrumb\":{\"@id\":\"https:\\\/\\\/www.ecovis.com\\\/focus-tuerkei\\\/mueltecilere-sunulan-konaklamalardaki-kdv-imkanlari\\\/#breadcrumb\"},\"inLanguage\":\"de\",\"potentialAction\":[{\"@type\":\"ReadAction\",\"target\":[\"https:\\\/\\\/www.ecovis.com\\\/focus-tuerkei\\\/mueltecilere-sunulan-konaklamalardaki-kdv-imkanlari\\\/\"]}]},{\"@type\":\"BreadcrumbList\",\"@id\":\"https:\\\/\\\/www.ecovis.com\\\/focus-tuerkei\\\/mueltecilere-sunulan-konaklamalardaki-kdv-imkanlari\\\/#breadcrumb\",\"itemListElement\":[{\"@type\":\"ListItem\",\"position\":1,\"name\":\"Ecovis Global\",\"item\":\"https:\\\/\\\/www.ecovis.com\\\/\"},{\"@type\":\"ListItem\",\"position\":2,\"name\":\"Blog Fokus T\u00fcrkei\",\"item\":\"https:\\\/\\\/www.ecovis.com\\\/focus-tuerkei\\\/\"},{\"@type\":\"ListItem\",\"position\":3,\"name\":\"M\u00fcltecilere sunulan konaklamalardaki KDV imkanlar\u0131\"}]},{\"@type\":\"WebSite\",\"@id\":\"https:\\\/\\\/www.ecovis.com\\\/focus-tuerkei\\\/#website\",\"url\":\"https:\\\/\\\/www.ecovis.com\\\/focus-tuerkei\\\/\",\"name\":\"Ecovis.com\",\"description\":\"\",\"potentialAction\":[{\"@type\":\"SearchAction\",\"target\":{\"@type\":\"EntryPoint\",\"urlTemplate\":\"https:\\\/\\\/www.ecovis.com\\\/focus-tuerkei\\\/?s={search_term_string}\"},\"query-input\":{\"@type\":\"PropertyValueSpecification\",\"valueRequired\":true,\"valueName\":\"search_term_string\"}}],\"inLanguage\":\"de\"},{\"@type\":\"Person\",\"@id\":\"https:\\\/\\\/www.ecovis.com\\\/focus-tuerkei\\\/#\\\/schema\\\/person\\\/b94a369ead80f55a535b019ad573b42b\",\"name\":\"kh_focus-tuerkei\",\"image\":{\"@type\":\"ImageObject\",\"inLanguage\":\"de\",\"@id\":\"https:\\\/\\\/secure.gravatar.com\\\/avatar\\\/b6ecda5d1aade4ea3b3249529c1bddf9bc259cc852a4c8ab7d6d299a5c3ab838?s=96&d=mm&r=g\",\"url\":\"https:\\\/\\\/secure.gravatar.com\\\/avatar\\\/b6ecda5d1aade4ea3b3249529c1bddf9bc259cc852a4c8ab7d6d299a5c3ab838?s=96&d=mm&r=g\",\"contentUrl\":\"https:\\\/\\\/secure.gravatar.com\\\/avatar\\\/b6ecda5d1aade4ea3b3249529c1bddf9bc259cc852a4c8ab7d6d299a5c3ab838?s=96&d=mm&r=g\",\"caption\":\"kh_focus-tuerkei\"},\"url\":\"https:\\\/\\\/www.ecovis.com\\\/focus-tuerkei\\\/author\\\/kh_focus-tuerkei\\\/\"}]}<\/script>\n<!-- \/ Yoast SEO plugin. -->","yoast_head_json":{"title":"M\u00fcltecilere sunulan konaklamalardaki KDV imkanlar\u0131 - Fokus T\u00fcrkei","robots":{"index":"index","follow":"follow","max-snippet":"max-snippet:-1","max-image-preview":"max-image-preview:large","max-video-preview":"max-video-preview:-1"},"canonical":"https:\/\/www.ecovis.com\/focus-tuerkei\/mueltecilere-sunulan-konaklamalardaki-kdv-imkanlari\/","og_locale":"de_DE","og_type":"article","og_title":"M\u00fcltecilere sunulan konaklamalardaki KDV imkanlar\u0131 - Fokus T\u00fcrkei","og_description":"Son zamanlarda artan sava\u015f ma\u011fdurlar\u0131yla birlikte y\u00fckselen m\u00fclteci say\u0131s\u0131n\u0131n \u00e7\u00f6z\u00fcm\u00fc i\u00e7in kurumsal ve \u00f6zel \u015firketlerin arac\u0131l\u0131\u011f\u0131yla sunulan konaklama imkanlar\u0131nda vergisel a\u00e7\u0131dan dikkat edilmesi gereken unsurlar bulunmaktad\u0131r. \u00d6ncelikle kurumsal veya \u00f6zel \u015firketlere kiralanan konaklamalarda uzun veya k\u0131sa vadeli olup olmad\u0131\u011f\u0131 belirlenmesi gerekmektedir. Genel olarak uzun vadeli kiralama ortalama 6 ay\u0131n \u00fczerinde olunca kabul edilmektedir. Uzun vadeli [&hellip;]","og_url":"https:\/\/www.ecovis.com\/focus-tuerkei\/mueltecilere-sunulan-konaklamalardaki-kdv-imkanlari\/","og_site_name":"Fokus T\u00fcrkei","article_published_time":"2015-09-15T12:04:32+00:00","article_modified_time":"2021-09-03T12:04:45+00:00","author":"kh_focus-tuerkei","twitter_card":"summary_large_image","twitter_misc":{"Verfasst von":"kh_focus-tuerkei","Gesch\u00e4tzte Lesezeit":"1\u00a0Minute"},"schema":{"@context":"https:\/\/schema.org","@graph":[{"@type":"Article","@id":"https:\/\/www.ecovis.com\/focus-tuerkei\/mueltecilere-sunulan-konaklamalardaki-kdv-imkanlari\/#article","isPartOf":{"@id":"https:\/\/www.ecovis.com\/focus-tuerkei\/mueltecilere-sunulan-konaklamalardaki-kdv-imkanlari\/"},"author":{"name":"kh_focus-tuerkei","@id":"https:\/\/www.ecovis.com\/focus-tuerkei\/#\/schema\/person\/b94a369ead80f55a535b019ad573b42b"},"headline":"M\u00fcltecilere sunulan konaklamalardaki KDV imkanlar\u0131","datePublished":"2015-09-15T12:04:32+00:00","dateModified":"2021-09-03T12:04:45+00:00","mainEntityOfPage":{"@id":"https:\/\/www.ecovis.com\/focus-tuerkei\/mueltecilere-sunulan-konaklamalardaki-kdv-imkanlari\/"},"wordCount":165,"keywords":["kdv","kira","m\u00fclteci","Umsatzsteuer","Vermietung"],"articleSection":["Beitr\u00e4ge mit Fokus T\u00fcrkei"],"inLanguage":"de"},{"@type":"WebPage","@id":"https:\/\/www.ecovis.com\/focus-tuerkei\/mueltecilere-sunulan-konaklamalardaki-kdv-imkanlari\/","url":"https:\/\/www.ecovis.com\/focus-tuerkei\/mueltecilere-sunulan-konaklamalardaki-kdv-imkanlari\/","name":"M\u00fcltecilere sunulan konaklamalardaki KDV imkanlar\u0131 - Fokus T\u00fcrkei","isPartOf":{"@id":"https:\/\/www.ecovis.com\/focus-tuerkei\/#website"},"datePublished":"2015-09-15T12:04:32+00:00","dateModified":"2021-09-03T12:04:45+00:00","author":{"@id":"https:\/\/www.ecovis.com\/focus-tuerkei\/#\/schema\/person\/b94a369ead80f55a535b019ad573b42b"},"breadcrumb":{"@id":"https:\/\/www.ecovis.com\/focus-tuerkei\/mueltecilere-sunulan-konaklamalardaki-kdv-imkanlari\/#breadcrumb"},"inLanguage":"de","potentialAction":[{"@type":"ReadAction","target":["https:\/\/www.ecovis.com\/focus-tuerkei\/mueltecilere-sunulan-konaklamalardaki-kdv-imkanlari\/"]}]},{"@type":"BreadcrumbList","@id":"https:\/\/www.ecovis.com\/focus-tuerkei\/mueltecilere-sunulan-konaklamalardaki-kdv-imkanlari\/#breadcrumb","itemListElement":[{"@type":"ListItem","position":1,"name":"Ecovis Global","item":"https:\/\/www.ecovis.com\/"},{"@type":"ListItem","position":2,"name":"Blog Fokus T\u00fcrkei","item":"https:\/\/www.ecovis.com\/focus-tuerkei\/"},{"@type":"ListItem","position":3,"name":"M\u00fcltecilere sunulan konaklamalardaki KDV imkanlar\u0131"}]},{"@type":"WebSite","@id":"https:\/\/www.ecovis.com\/focus-tuerkei\/#website","url":"https:\/\/www.ecovis.com\/focus-tuerkei\/","name":"Ecovis.com","description":"","potentialAction":[{"@type":"SearchAction","target":{"@type":"EntryPoint","urlTemplate":"https:\/\/www.ecovis.com\/focus-tuerkei\/?s={search_term_string}"},"query-input":{"@type":"PropertyValueSpecification","valueRequired":true,"valueName":"search_term_string"}}],"inLanguage":"de"},{"@type":"Person","@id":"https:\/\/www.ecovis.com\/focus-tuerkei\/#\/schema\/person\/b94a369ead80f55a535b019ad573b42b","name":"kh_focus-tuerkei","image":{"@type":"ImageObject","inLanguage":"de","@id":"https:\/\/secure.gravatar.com\/avatar\/b6ecda5d1aade4ea3b3249529c1bddf9bc259cc852a4c8ab7d6d299a5c3ab838?s=96&d=mm&r=g","url":"https:\/\/secure.gravatar.com\/avatar\/b6ecda5d1aade4ea3b3249529c1bddf9bc259cc852a4c8ab7d6d299a5c3ab838?s=96&d=mm&r=g","contentUrl":"https:\/\/secure.gravatar.com\/avatar\/b6ecda5d1aade4ea3b3249529c1bddf9bc259cc852a4c8ab7d6d299a5c3ab838?s=96&d=mm&r=g","caption":"kh_focus-tuerkei"},"url":"https:\/\/www.ecovis.com\/focus-tuerkei\/author\/kh_focus-tuerkei\/"}]}},"featured_image_url":"","featured_image_url_large":"","_links":{"self":[{"href":"https:\/\/www.ecovis.com\/focus-tuerkei\/wp-json\/wp\/v2\/posts\/2259","targetHints":{"allow":["GET"]}}],"collection":[{"href":"https:\/\/www.ecovis.com\/focus-tuerkei\/wp-json\/wp\/v2\/posts"}],"about":[{"href":"https:\/\/www.ecovis.com\/focus-tuerkei\/wp-json\/wp\/v2\/types\/post"}],"author":[{"embeddable":true,"href":"https:\/\/www.ecovis.com\/focus-tuerkei\/wp-json\/wp\/v2\/users\/11"}],"replies":[{"embeddable":true,"href":"https:\/\/www.ecovis.com\/focus-tuerkei\/wp-json\/wp\/v2\/comments?post=2259"}],"version-history":[{"count":1,"href":"https:\/\/www.ecovis.com\/focus-tuerkei\/wp-json\/wp\/v2\/posts\/2259\/revisions"}],"predecessor-version":[{"id":2260,"href":"https:\/\/www.ecovis.com\/focus-tuerkei\/wp-json\/wp\/v2\/posts\/2259\/revisions\/2260"}],"wp:attachment":[{"href":"https:\/\/www.ecovis.com\/focus-tuerkei\/wp-json\/wp\/v2\/media?parent=2259"}],"wp:term":[{"taxonomy":"category","embeddable":true,"href":"https:\/\/www.ecovis.com\/focus-tuerkei\/wp-json\/wp\/v2\/categories?post=2259"},{"taxonomy":"post_tag","embeddable":true,"href":"https:\/\/www.ecovis.com\/focus-tuerkei\/wp-json\/wp\/v2\/tags?post=2259"}],"curies":[{"name":"wp","href":"https:\/\/api.w.org\/{rel}","templated":true}]}}