{"id":2255,"date":"2016-01-22T14:02:13","date_gmt":"2016-01-22T13:02:13","guid":{"rendered":"https:\/\/www.ecovis.com\/focus-tuerkei\/?p=2255"},"modified":"2021-09-03T14:02:46","modified_gmt":"2021-09-03T12:02:46","slug":"almanyada-veraset-vergisi","status":"publish","type":"post","link":"https:\/\/www.ecovis.com\/focus-tuerkei\/almanyada-veraset-vergisi\/","title":{"rendered":"Almanya\u00b4da Veraset Vergisi"},"content":{"rendered":"<p>Alman Veraset Vergi Kanununa g\u00f6re Veraset Vergisi \u00f6ncellikle vefat eden kisinin veya miras sahibinin Almanya\u00b4da ikamet etmesini yeterli k\u0131lmaktad\u0131r. Ayr\u0131ca Alman vatanda\u015flar\u0131 yurt d\u0131\u015f\u0131nda be\u015f y\u0131ldan fazla s\u00fcrekli olarak bulunmad\u0131ysa veya s\u00fcreye dikkat etmeksizin yurt d\u0131\u015f\u0131nda kamu g\u00f6revlisi olarak \u00e7al\u0131\u015ft\u0131 ise b\u00fct\u00fcn miras\u0131 ile vergilendirilir.<\/p>\n<p>\u00d6ncellikle elde edilen mal varl\u0131\u011f\u0131, sermaye, \u015firket, hisseler, para ve di\u011fer elde edilen miras \u00e7e\u015fitleri De\u011ferlendirme Kanuna g\u00f6re piyasa de\u011feri ile veya bu de\u011fere yak\u0131n bir miktarla belirlenir.<\/p>\n<p>Birtak\u0131m miras \u00e7e\u015fitleri i\u00e7in vergi istisnalar\u0131 bulunmaktad\u0131r. \u00d6rne\u011fin ailenin di\u011fer \u00fcyerlerinin oturulan evin mirastan sonrada ara vermeksizin on y\u0131l boyunca ayn\u0131 evde oturmas\u0131, evin vergiye tabi tutulmamas\u0131n\u0131 getirmektedir. Ancak bu durumda miras\u0131n \u00f6nce ve sonras\u0131ndaki s\u00fcrece \u00e7ok dikkat etmek gerekmektedir.<br \/>\nBir ba\u015fka \u00f6rnek \u015firket veya hisselerde de belirli kriterlere dikkat edilirse Vergi istisnalar\u0131 mevcuttur.<br \/>\nVeraset Vergi Kanunu miras\u0131 elde eden ki\u015fileri farkl\u0131 Vergi S\u0131n\u0131flar\u0131na g\u00f6re kategorize etmektedir. Buna g\u00f6re \u00f6ncellikle e\u015fler, \u00e7ocuklar ve torunlar Birinci Vergi S\u0131n\u0131f\u0131na g\u00f6re vergilendirilmektedirler.<\/p>\n<p>Elde edilen miras de\u011ferinden istisnalar \u00e7\u0131kar\u0131ld\u0131ktan sonra bu miktardan e\u015fler i\u00e7in EUR 500.000, \u00e7ocuklar i\u00e7in EUR 400.000 ve torunlar i\u00e7in ebeveynlerinin ya\u015fay\u0131p ya\u015famamas\u0131na g\u00f6re farkl\u0131 miktarlar d\u00fc\u015f\u00fcl\u00fcr. Bunun d\u0131\u015f\u0131nda e\u015fler i\u00e7in ayr\u0131ca EUR 256.000 ve \u00e7ocuklar i\u00e7in ya\u015flar\u0131na g\u00f6re farkl\u0131 miktarlar d\u00fc\u015f\u00fclebilir.<br \/>\nKalan miktardan Birinci Vergi S\u0131n\u0131f\u0131na ait olan \u015fah\u0131slardan, kalan miktara g\u00f6re (EUR 75.000 den 26 milyon EUR\u00b4ya kadar) Vergi oran\u0131 y\u00fczde 7 ve 30 aras\u0131nda de\u011fi\u015fmektedir. Di\u011fer Vergi S\u0131n\u0131flar\u0131nda bulunan \u015fah\u0131slar i\u00e7in bu oran y\u00fczde 15\u00b4ten 50\u00b4ye kadar varmaktad\u0131r.<\/p>\n<p>Hediye edilen mal varl\u0131klar\u0131 ve servetlerde Veraset Kanuna g\u00f6re belirlenir. Ancak vergilendirmede ve ki\u015fi i\u00e7in d\u00fc\u015f\u00fclen miktarlarda baz\u0131 farkl\u0131l\u0131klar bulunmaktad\u0131r.<br \/>\nDikkat edilmesi gereken di\u011fer unsur ise on y\u0131l i\u00e7erisinde elde edilen birden fazla mirasdaki vergilendirmenin bir miras olarak hesaplanmas\u0131 ve bu durumda Veraset Vergisinin daha y\u00fcksek olmas\u0131d\u0131r.<\/p>\n","protected":false},"excerpt":{"rendered":"<p>Alman Veraset Vergi Kanununa g\u00f6re Veraset Vergisi \u00f6ncellikle vefat eden kisinin veya miras sahibinin Almanya\u00b4da ikamet etmesini yeterli k\u0131lmaktad\u0131r. Ayr\u0131ca Alman vatanda\u015flar\u0131 yurt d\u0131\u015f\u0131nda be\u015f y\u0131ldan fazla s\u00fcrekli olarak bulunmad\u0131ysa veya s\u00fcreye dikkat etmeksizin yurt d\u0131\u015f\u0131nda kamu g\u00f6revlisi olarak \u00e7al\u0131\u015ft\u0131 ise b\u00fct\u00fcn miras\u0131 ile vergilendirilir. \u00d6ncellikle elde edilen mal varl\u0131\u011f\u0131, sermaye, \u015firket, hisseler, para ve [&hellip;]<\/p>\n","protected":false},"author":11,"featured_media":0,"comment_status":"closed","ping_status":"open","sticky":false,"template":"","format":"standard","meta":{"_acf_changed":false,"footnotes":""},"categories":[32],"tags":[49,50,51,52],"class_list":["post-2255","post","type-post","status-publish","format-standard","hentry","category-blog","tag-erbfall","tag-erbschaftsteuer","tag-miras","tag-veraset-vergisi"],"acf":[],"yoast_head":"<!-- This site is optimized with the Yoast SEO plugin v27.4 - https:\/\/yoast.com\/product\/yoast-seo-wordpress\/ -->\n<title>Almanya\u00b4da Veraset Vergisi - Fokus T\u00fcrkei<\/title>\n<meta name=\"robots\" content=\"index, follow, max-snippet:-1, max-image-preview:large, max-video-preview:-1\" \/>\n<link rel=\"canonical\" href=\"https:\/\/www.ecovis.com\/focus-tuerkei\/almanyada-veraset-vergisi\/\" \/>\n<meta property=\"og:locale\" content=\"de_DE\" \/>\n<meta property=\"og:type\" content=\"article\" \/>\n<meta property=\"og:title\" content=\"Almanya\u00b4da Veraset Vergisi - Fokus T\u00fcrkei\" \/>\n<meta property=\"og:description\" content=\"Alman Veraset Vergi Kanununa g\u00f6re Veraset Vergisi \u00f6ncellikle vefat eden kisinin veya miras sahibinin Almanya\u00b4da ikamet etmesini yeterli k\u0131lmaktad\u0131r. Ayr\u0131ca Alman vatanda\u015flar\u0131 yurt d\u0131\u015f\u0131nda be\u015f y\u0131ldan fazla s\u00fcrekli olarak bulunmad\u0131ysa veya s\u00fcreye dikkat etmeksizin yurt d\u0131\u015f\u0131nda kamu g\u00f6revlisi olarak \u00e7al\u0131\u015ft\u0131 ise b\u00fct\u00fcn miras\u0131 ile vergilendirilir. \u00d6ncellikle elde edilen mal varl\u0131\u011f\u0131, sermaye, \u015firket, hisseler, para ve [&hellip;]\" \/>\n<meta property=\"og:url\" content=\"https:\/\/www.ecovis.com\/focus-tuerkei\/almanyada-veraset-vergisi\/\" \/>\n<meta property=\"og:site_name\" content=\"Fokus T\u00fcrkei\" \/>\n<meta property=\"article:published_time\" content=\"2016-01-22T13:02:13+00:00\" \/>\n<meta property=\"article:modified_time\" content=\"2021-09-03T12:02:46+00:00\" \/>\n<meta name=\"author\" content=\"kh_focus-tuerkei\" \/>\n<meta name=\"twitter:card\" content=\"summary_large_image\" \/>\n<meta name=\"twitter:label1\" content=\"Verfasst von\" \/>\n\t<meta name=\"twitter:data1\" content=\"kh_focus-tuerkei\" \/>\n\t<meta name=\"twitter:label2\" content=\"Gesch\u00e4tzte Lesezeit\" \/>\n\t<meta name=\"twitter:data2\" content=\"2\u00a0Minuten\" \/>\n<script type=\"application\/ld+json\" class=\"yoast-schema-graph\">{\"@context\":\"https:\\\/\\\/schema.org\",\"@graph\":[{\"@type\":\"Article\",\"@id\":\"https:\\\/\\\/www.ecovis.com\\\/focus-tuerkei\\\/almanyada-veraset-vergisi\\\/#article\",\"isPartOf\":{\"@id\":\"https:\\\/\\\/www.ecovis.com\\\/focus-tuerkei\\\/almanyada-veraset-vergisi\\\/\"},\"author\":{\"name\":\"kh_focus-tuerkei\",\"@id\":\"https:\\\/\\\/www.ecovis.com\\\/focus-tuerkei\\\/#\\\/schema\\\/person\\\/b94a369ead80f55a535b019ad573b42b\"},\"headline\":\"Almanya\u00b4da Veraset Vergisi\",\"datePublished\":\"2016-01-22T13:02:13+00:00\",\"dateModified\":\"2021-09-03T12:02:46+00:00\",\"mainEntityOfPage\":{\"@id\":\"https:\\\/\\\/www.ecovis.com\\\/focus-tuerkei\\\/almanyada-veraset-vergisi\\\/\"},\"wordCount\":378,\"keywords\":[\"Erbfall\",\"Erbschaftsteuer\",\"miras\",\"Veraset Vergisi\"],\"articleSection\":[\"Beitr\u00e4ge mit Fokus T\u00fcrkei\"],\"inLanguage\":\"de\"},{\"@type\":\"WebPage\",\"@id\":\"https:\\\/\\\/www.ecovis.com\\\/focus-tuerkei\\\/almanyada-veraset-vergisi\\\/\",\"url\":\"https:\\\/\\\/www.ecovis.com\\\/focus-tuerkei\\\/almanyada-veraset-vergisi\\\/\",\"name\":\"Almanya\u00b4da Veraset Vergisi - Fokus T\u00fcrkei\",\"isPartOf\":{\"@id\":\"https:\\\/\\\/www.ecovis.com\\\/focus-tuerkei\\\/#website\"},\"datePublished\":\"2016-01-22T13:02:13+00:00\",\"dateModified\":\"2021-09-03T12:02:46+00:00\",\"author\":{\"@id\":\"https:\\\/\\\/www.ecovis.com\\\/focus-tuerkei\\\/#\\\/schema\\\/person\\\/b94a369ead80f55a535b019ad573b42b\"},\"breadcrumb\":{\"@id\":\"https:\\\/\\\/www.ecovis.com\\\/focus-tuerkei\\\/almanyada-veraset-vergisi\\\/#breadcrumb\"},\"inLanguage\":\"de\",\"potentialAction\":[{\"@type\":\"ReadAction\",\"target\":[\"https:\\\/\\\/www.ecovis.com\\\/focus-tuerkei\\\/almanyada-veraset-vergisi\\\/\"]}]},{\"@type\":\"BreadcrumbList\",\"@id\":\"https:\\\/\\\/www.ecovis.com\\\/focus-tuerkei\\\/almanyada-veraset-vergisi\\\/#breadcrumb\",\"itemListElement\":[{\"@type\":\"ListItem\",\"position\":1,\"name\":\"Ecovis Global\",\"item\":\"https:\\\/\\\/www.ecovis.com\\\/\"},{\"@type\":\"ListItem\",\"position\":2,\"name\":\"Blog Fokus T\u00fcrkei\",\"item\":\"https:\\\/\\\/www.ecovis.com\\\/focus-tuerkei\\\/\"},{\"@type\":\"ListItem\",\"position\":3,\"name\":\"Almanya\u00b4da Veraset Vergisi\"}]},{\"@type\":\"WebSite\",\"@id\":\"https:\\\/\\\/www.ecovis.com\\\/focus-tuerkei\\\/#website\",\"url\":\"https:\\\/\\\/www.ecovis.com\\\/focus-tuerkei\\\/\",\"name\":\"Ecovis.com\",\"description\":\"\",\"potentialAction\":[{\"@type\":\"SearchAction\",\"target\":{\"@type\":\"EntryPoint\",\"urlTemplate\":\"https:\\\/\\\/www.ecovis.com\\\/focus-tuerkei\\\/?s={search_term_string}\"},\"query-input\":{\"@type\":\"PropertyValueSpecification\",\"valueRequired\":true,\"valueName\":\"search_term_string\"}}],\"inLanguage\":\"de\"},{\"@type\":\"Person\",\"@id\":\"https:\\\/\\\/www.ecovis.com\\\/focus-tuerkei\\\/#\\\/schema\\\/person\\\/b94a369ead80f55a535b019ad573b42b\",\"name\":\"kh_focus-tuerkei\",\"image\":{\"@type\":\"ImageObject\",\"inLanguage\":\"de\",\"@id\":\"https:\\\/\\\/secure.gravatar.com\\\/avatar\\\/b6ecda5d1aade4ea3b3249529c1bddf9bc259cc852a4c8ab7d6d299a5c3ab838?s=96&d=mm&r=g\",\"url\":\"https:\\\/\\\/secure.gravatar.com\\\/avatar\\\/b6ecda5d1aade4ea3b3249529c1bddf9bc259cc852a4c8ab7d6d299a5c3ab838?s=96&d=mm&r=g\",\"contentUrl\":\"https:\\\/\\\/secure.gravatar.com\\\/avatar\\\/b6ecda5d1aade4ea3b3249529c1bddf9bc259cc852a4c8ab7d6d299a5c3ab838?s=96&d=mm&r=g\",\"caption\":\"kh_focus-tuerkei\"},\"url\":\"https:\\\/\\\/www.ecovis.com\\\/focus-tuerkei\\\/author\\\/kh_focus-tuerkei\\\/\"}]}<\/script>\n<!-- \/ Yoast SEO plugin. -->","yoast_head_json":{"title":"Almanya\u00b4da Veraset Vergisi - Fokus T\u00fcrkei","robots":{"index":"index","follow":"follow","max-snippet":"max-snippet:-1","max-image-preview":"max-image-preview:large","max-video-preview":"max-video-preview:-1"},"canonical":"https:\/\/www.ecovis.com\/focus-tuerkei\/almanyada-veraset-vergisi\/","og_locale":"de_DE","og_type":"article","og_title":"Almanya\u00b4da Veraset Vergisi - Fokus T\u00fcrkei","og_description":"Alman Veraset Vergi Kanununa g\u00f6re Veraset Vergisi \u00f6ncellikle vefat eden kisinin veya miras sahibinin Almanya\u00b4da ikamet etmesini yeterli k\u0131lmaktad\u0131r. Ayr\u0131ca Alman vatanda\u015flar\u0131 yurt d\u0131\u015f\u0131nda be\u015f y\u0131ldan fazla s\u00fcrekli olarak bulunmad\u0131ysa veya s\u00fcreye dikkat etmeksizin yurt d\u0131\u015f\u0131nda kamu g\u00f6revlisi olarak \u00e7al\u0131\u015ft\u0131 ise b\u00fct\u00fcn miras\u0131 ile vergilendirilir. \u00d6ncellikle elde edilen mal varl\u0131\u011f\u0131, sermaye, \u015firket, hisseler, para ve [&hellip;]","og_url":"https:\/\/www.ecovis.com\/focus-tuerkei\/almanyada-veraset-vergisi\/","og_site_name":"Fokus T\u00fcrkei","article_published_time":"2016-01-22T13:02:13+00:00","article_modified_time":"2021-09-03T12:02:46+00:00","author":"kh_focus-tuerkei","twitter_card":"summary_large_image","twitter_misc":{"Verfasst von":"kh_focus-tuerkei","Gesch\u00e4tzte Lesezeit":"2\u00a0Minuten"},"schema":{"@context":"https:\/\/schema.org","@graph":[{"@type":"Article","@id":"https:\/\/www.ecovis.com\/focus-tuerkei\/almanyada-veraset-vergisi\/#article","isPartOf":{"@id":"https:\/\/www.ecovis.com\/focus-tuerkei\/almanyada-veraset-vergisi\/"},"author":{"name":"kh_focus-tuerkei","@id":"https:\/\/www.ecovis.com\/focus-tuerkei\/#\/schema\/person\/b94a369ead80f55a535b019ad573b42b"},"headline":"Almanya\u00b4da Veraset Vergisi","datePublished":"2016-01-22T13:02:13+00:00","dateModified":"2021-09-03T12:02:46+00:00","mainEntityOfPage":{"@id":"https:\/\/www.ecovis.com\/focus-tuerkei\/almanyada-veraset-vergisi\/"},"wordCount":378,"keywords":["Erbfall","Erbschaftsteuer","miras","Veraset Vergisi"],"articleSection":["Beitr\u00e4ge mit Fokus T\u00fcrkei"],"inLanguage":"de"},{"@type":"WebPage","@id":"https:\/\/www.ecovis.com\/focus-tuerkei\/almanyada-veraset-vergisi\/","url":"https:\/\/www.ecovis.com\/focus-tuerkei\/almanyada-veraset-vergisi\/","name":"Almanya\u00b4da Veraset Vergisi - Fokus T\u00fcrkei","isPartOf":{"@id":"https:\/\/www.ecovis.com\/focus-tuerkei\/#website"},"datePublished":"2016-01-22T13:02:13+00:00","dateModified":"2021-09-03T12:02:46+00:00","author":{"@id":"https:\/\/www.ecovis.com\/focus-tuerkei\/#\/schema\/person\/b94a369ead80f55a535b019ad573b42b"},"breadcrumb":{"@id":"https:\/\/www.ecovis.com\/focus-tuerkei\/almanyada-veraset-vergisi\/#breadcrumb"},"inLanguage":"de","potentialAction":[{"@type":"ReadAction","target":["https:\/\/www.ecovis.com\/focus-tuerkei\/almanyada-veraset-vergisi\/"]}]},{"@type":"BreadcrumbList","@id":"https:\/\/www.ecovis.com\/focus-tuerkei\/almanyada-veraset-vergisi\/#breadcrumb","itemListElement":[{"@type":"ListItem","position":1,"name":"Ecovis Global","item":"https:\/\/www.ecovis.com\/"},{"@type":"ListItem","position":2,"name":"Blog Fokus T\u00fcrkei","item":"https:\/\/www.ecovis.com\/focus-tuerkei\/"},{"@type":"ListItem","position":3,"name":"Almanya\u00b4da Veraset Vergisi"}]},{"@type":"WebSite","@id":"https:\/\/www.ecovis.com\/focus-tuerkei\/#website","url":"https:\/\/www.ecovis.com\/focus-tuerkei\/","name":"Ecovis.com","description":"","potentialAction":[{"@type":"SearchAction","target":{"@type":"EntryPoint","urlTemplate":"https:\/\/www.ecovis.com\/focus-tuerkei\/?s={search_term_string}"},"query-input":{"@type":"PropertyValueSpecification","valueRequired":true,"valueName":"search_term_string"}}],"inLanguage":"de"},{"@type":"Person","@id":"https:\/\/www.ecovis.com\/focus-tuerkei\/#\/schema\/person\/b94a369ead80f55a535b019ad573b42b","name":"kh_focus-tuerkei","image":{"@type":"ImageObject","inLanguage":"de","@id":"https:\/\/secure.gravatar.com\/avatar\/b6ecda5d1aade4ea3b3249529c1bddf9bc259cc852a4c8ab7d6d299a5c3ab838?s=96&d=mm&r=g","url":"https:\/\/secure.gravatar.com\/avatar\/b6ecda5d1aade4ea3b3249529c1bddf9bc259cc852a4c8ab7d6d299a5c3ab838?s=96&d=mm&r=g","contentUrl":"https:\/\/secure.gravatar.com\/avatar\/b6ecda5d1aade4ea3b3249529c1bddf9bc259cc852a4c8ab7d6d299a5c3ab838?s=96&d=mm&r=g","caption":"kh_focus-tuerkei"},"url":"https:\/\/www.ecovis.com\/focus-tuerkei\/author\/kh_focus-tuerkei\/"}]}},"featured_image_url":"","featured_image_url_large":"","_links":{"self":[{"href":"https:\/\/www.ecovis.com\/focus-tuerkei\/wp-json\/wp\/v2\/posts\/2255","targetHints":{"allow":["GET"]}}],"collection":[{"href":"https:\/\/www.ecovis.com\/focus-tuerkei\/wp-json\/wp\/v2\/posts"}],"about":[{"href":"https:\/\/www.ecovis.com\/focus-tuerkei\/wp-json\/wp\/v2\/types\/post"}],"author":[{"embeddable":true,"href":"https:\/\/www.ecovis.com\/focus-tuerkei\/wp-json\/wp\/v2\/users\/11"}],"replies":[{"embeddable":true,"href":"https:\/\/www.ecovis.com\/focus-tuerkei\/wp-json\/wp\/v2\/comments?post=2255"}],"version-history":[{"count":1,"href":"https:\/\/www.ecovis.com\/focus-tuerkei\/wp-json\/wp\/v2\/posts\/2255\/revisions"}],"predecessor-version":[{"id":2256,"href":"https:\/\/www.ecovis.com\/focus-tuerkei\/wp-json\/wp\/v2\/posts\/2255\/revisions\/2256"}],"wp:attachment":[{"href":"https:\/\/www.ecovis.com\/focus-tuerkei\/wp-json\/wp\/v2\/media?parent=2255"}],"wp:term":[{"taxonomy":"category","embeddable":true,"href":"https:\/\/www.ecovis.com\/focus-tuerkei\/wp-json\/wp\/v2\/categories?post=2255"},{"taxonomy":"post_tag","embeddable":true,"href":"https:\/\/www.ecovis.com\/focus-tuerkei\/wp-json\/wp\/v2\/tags?post=2255"}],"curies":[{"name":"wp","href":"https:\/\/api.w.org\/{rel}","templated":true}]}}