{"id":2252,"date":"2016-03-11T14:01:37","date_gmt":"2016-03-11T13:01:37","guid":{"rendered":"https:\/\/www.ecovis.com\/focus-tuerkei\/?p=2252"},"modified":"2021-09-03T14:02:07","modified_gmt":"2021-09-03T12:02:07","slug":"almanyadan-avrupa-uelkelerine-ihracat","status":"publish","type":"post","link":"https:\/\/www.ecovis.com\/focus-tuerkei\/almanyadan-avrupa-uelkelerine-ihracat\/","title":{"rendered":"Almanya\u00b4dan Avrupa \u00fclkelerine ihracat"},"content":{"rendered":"<p>Almanya\u00b4dan di\u011fer Avrupa \u00fclkelerindeki \u015firketlere ihrac edilen mallar belirli unsurlar\u0131n yerine getirildi\u011fi takdirde Almanya i\u00e7erisnde KDV\u00b4den muaft\u0131r. En \u00f6nemli unsurlardan birtanesi uluslarasaras\u0131 ticarette gerekli olan \u201cUSt-Identifikations\u201d-numaras\u0131n\u0131n do\u011frulu\u011funu KDV i\u00e7in sorumlu olan \u201cBundeszentralamt f\u00fcr Steuern\u201d \u00fczerinden tespit edilmesidir. Bu tespit olduk\u00e7a basit bir \u015fekilde internet \u00fczerinden www.bzst.bund.de uygulan\u0131labilmektedir.<\/p>\n<p>Di\u011fer \u00f6nemli kriterlerden birtanesi ise mallar\u0131n di\u011fer Avrupa \u00fclkelerine g\u00f6nderildiklerine dair ula\u015f\u0131m a\u00e7\u0131s\u0131ndan bir belge olmas\u0131d\u0131r. Bu belge i\u00e7erisinde \u00fcr\u00fcnleri alan \u015firketin ihrac edilen mallar\u0131n di\u011fer Avrupa \u00fclkesine g\u00f6nderildi\u011fine dair onay\u0131n olmas\u0131 gerekmektedir. Aksi takdirde, ihrac eden \u015firkette bu \u015fekilde bir belge bulunmaz ise, ihrac i\u00e7in KDV \u00f6demek zorundad\u0131r.<\/p>\n<p>Daha detayli bilgiler i\u00e7in bizlere ba\u015fvurabilirsiniz.<\/p>\n","protected":false},"excerpt":{"rendered":"<p>Almanya\u00b4dan di\u011fer Avrupa \u00fclkelerindeki \u015firketlere ihrac edilen mallar belirli unsurlar\u0131n yerine getirildi\u011fi takdirde Almanya i\u00e7erisnde KDV\u00b4den muaft\u0131r. En \u00f6nemli unsurlardan birtanesi uluslarasaras\u0131 ticarette gerekli olan \u201cUSt-Identifikations\u201d-numaras\u0131n\u0131n do\u011frulu\u011funu KDV i\u00e7in sorumlu olan \u201cBundeszentralamt f\u00fcr Steuern\u201d \u00fczerinden tespit edilmesidir. Bu tespit olduk\u00e7a basit bir \u015fekilde internet \u00fczerinden www.bzst.bund.de uygulan\u0131labilmektedir. Di\u011fer \u00f6nemli kriterlerden birtanesi ise mallar\u0131n di\u011fer Avrupa [&hellip;]<\/p>\n","protected":false},"author":11,"featured_media":0,"comment_status":"closed","ping_status":"open","sticky":false,"template":"","format":"standard","meta":{"_acf_changed":false,"footnotes":""},"categories":[32],"tags":[44,45,46,47,48],"class_list":["post-2252","post","type-post","status-publish","format-standard","hentry","category-blog","tag-gelangensbestaetigung","tag-ihracat","tag-innergemeinschaftliche-lieferung","tag-kdv","tag-umsatzsteuer"],"acf":[],"yoast_head":"<!-- This site is optimized with the Yoast SEO plugin v27.4 - https:\/\/yoast.com\/product\/yoast-seo-wordpress\/ -->\n<title>Almanya\u00b4dan Avrupa \u00fclkelerine ihracat - Fokus T\u00fcrkei<\/title>\n<meta name=\"robots\" content=\"index, follow, max-snippet:-1, max-image-preview:large, max-video-preview:-1\" \/>\n<link rel=\"canonical\" href=\"https:\/\/www.ecovis.com\/focus-tuerkei\/almanyadan-avrupa-uelkelerine-ihracat\/\" \/>\n<meta property=\"og:locale\" content=\"de_DE\" \/>\n<meta property=\"og:type\" content=\"article\" \/>\n<meta property=\"og:title\" content=\"Almanya\u00b4dan Avrupa \u00fclkelerine ihracat - Fokus T\u00fcrkei\" \/>\n<meta property=\"og:description\" content=\"Almanya\u00b4dan di\u011fer Avrupa \u00fclkelerindeki \u015firketlere ihrac edilen mallar belirli unsurlar\u0131n yerine getirildi\u011fi takdirde Almanya i\u00e7erisnde KDV\u00b4den muaft\u0131r. En \u00f6nemli unsurlardan birtanesi uluslarasaras\u0131 ticarette gerekli olan \u201cUSt-Identifikations\u201d-numaras\u0131n\u0131n do\u011frulu\u011funu KDV i\u00e7in sorumlu olan \u201cBundeszentralamt f\u00fcr Steuern\u201d \u00fczerinden tespit edilmesidir. Bu tespit olduk\u00e7a basit bir \u015fekilde internet \u00fczerinden www.bzst.bund.de uygulan\u0131labilmektedir. Di\u011fer \u00f6nemli kriterlerden birtanesi ise mallar\u0131n di\u011fer Avrupa [&hellip;]\" \/>\n<meta property=\"og:url\" content=\"https:\/\/www.ecovis.com\/focus-tuerkei\/almanyadan-avrupa-uelkelerine-ihracat\/\" \/>\n<meta property=\"og:site_name\" content=\"Fokus T\u00fcrkei\" \/>\n<meta property=\"article:published_time\" content=\"2016-03-11T13:01:37+00:00\" \/>\n<meta property=\"article:modified_time\" content=\"2021-09-03T12:02:07+00:00\" \/>\n<meta name=\"author\" content=\"kh_focus-tuerkei\" \/>\n<meta name=\"twitter:card\" content=\"summary_large_image\" \/>\n<meta name=\"twitter:label1\" content=\"Verfasst von\" \/>\n\t<meta name=\"twitter:data1\" content=\"kh_focus-tuerkei\" \/>\n\t<meta name=\"twitter:label2\" content=\"Gesch\u00e4tzte Lesezeit\" \/>\n\t<meta name=\"twitter:data2\" content=\"1\u00a0Minute\" \/>\n<script type=\"application\/ld+json\" class=\"yoast-schema-graph\">{\"@context\":\"https:\\\/\\\/schema.org\",\"@graph\":[{\"@type\":\"Article\",\"@id\":\"https:\\\/\\\/www.ecovis.com\\\/focus-tuerkei\\\/almanyadan-avrupa-uelkelerine-ihracat\\\/#article\",\"isPartOf\":{\"@id\":\"https:\\\/\\\/www.ecovis.com\\\/focus-tuerkei\\\/almanyadan-avrupa-uelkelerine-ihracat\\\/\"},\"author\":{\"name\":\"kh_focus-tuerkei\",\"@id\":\"https:\\\/\\\/www.ecovis.com\\\/focus-tuerkei\\\/#\\\/schema\\\/person\\\/b94a369ead80f55a535b019ad573b42b\"},\"headline\":\"Almanya\u00b4dan Avrupa \u00fclkelerine ihracat\",\"datePublished\":\"2016-03-11T13:01:37+00:00\",\"dateModified\":\"2021-09-03T12:02:07+00:00\",\"mainEntityOfPage\":{\"@id\":\"https:\\\/\\\/www.ecovis.com\\\/focus-tuerkei\\\/almanyadan-avrupa-uelkelerine-ihracat\\\/\"},\"wordCount\":146,\"keywords\":[\"Gelangensbest\u00e4tigung\",\"ihracat\",\"innergemeinschaftliche Lieferung\",\"kdv\",\"Umsatzsteuer\"],\"articleSection\":[\"Beitr\u00e4ge mit Fokus T\u00fcrkei\"],\"inLanguage\":\"de\"},{\"@type\":\"WebPage\",\"@id\":\"https:\\\/\\\/www.ecovis.com\\\/focus-tuerkei\\\/almanyadan-avrupa-uelkelerine-ihracat\\\/\",\"url\":\"https:\\\/\\\/www.ecovis.com\\\/focus-tuerkei\\\/almanyadan-avrupa-uelkelerine-ihracat\\\/\",\"name\":\"Almanya\u00b4dan Avrupa \u00fclkelerine ihracat - Fokus T\u00fcrkei\",\"isPartOf\":{\"@id\":\"https:\\\/\\\/www.ecovis.com\\\/focus-tuerkei\\\/#website\"},\"datePublished\":\"2016-03-11T13:01:37+00:00\",\"dateModified\":\"2021-09-03T12:02:07+00:00\",\"author\":{\"@id\":\"https:\\\/\\\/www.ecovis.com\\\/focus-tuerkei\\\/#\\\/schema\\\/person\\\/b94a369ead80f55a535b019ad573b42b\"},\"breadcrumb\":{\"@id\":\"https:\\\/\\\/www.ecovis.com\\\/focus-tuerkei\\\/almanyadan-avrupa-uelkelerine-ihracat\\\/#breadcrumb\"},\"inLanguage\":\"de\",\"potentialAction\":[{\"@type\":\"ReadAction\",\"target\":[\"https:\\\/\\\/www.ecovis.com\\\/focus-tuerkei\\\/almanyadan-avrupa-uelkelerine-ihracat\\\/\"]}]},{\"@type\":\"BreadcrumbList\",\"@id\":\"https:\\\/\\\/www.ecovis.com\\\/focus-tuerkei\\\/almanyadan-avrupa-uelkelerine-ihracat\\\/#breadcrumb\",\"itemListElement\":[{\"@type\":\"ListItem\",\"position\":1,\"name\":\"Ecovis Global\",\"item\":\"https:\\\/\\\/www.ecovis.com\\\/\"},{\"@type\":\"ListItem\",\"position\":2,\"name\":\"Blog Fokus T\u00fcrkei\",\"item\":\"https:\\\/\\\/www.ecovis.com\\\/focus-tuerkei\\\/\"},{\"@type\":\"ListItem\",\"position\":3,\"name\":\"Almanya\u00b4dan Avrupa \u00fclkelerine ihracat\"}]},{\"@type\":\"WebSite\",\"@id\":\"https:\\\/\\\/www.ecovis.com\\\/focus-tuerkei\\\/#website\",\"url\":\"https:\\\/\\\/www.ecovis.com\\\/focus-tuerkei\\\/\",\"name\":\"Ecovis.com\",\"description\":\"\",\"potentialAction\":[{\"@type\":\"SearchAction\",\"target\":{\"@type\":\"EntryPoint\",\"urlTemplate\":\"https:\\\/\\\/www.ecovis.com\\\/focus-tuerkei\\\/?s={search_term_string}\"},\"query-input\":{\"@type\":\"PropertyValueSpecification\",\"valueRequired\":true,\"valueName\":\"search_term_string\"}}],\"inLanguage\":\"de\"},{\"@type\":\"Person\",\"@id\":\"https:\\\/\\\/www.ecovis.com\\\/focus-tuerkei\\\/#\\\/schema\\\/person\\\/b94a369ead80f55a535b019ad573b42b\",\"name\":\"kh_focus-tuerkei\",\"image\":{\"@type\":\"ImageObject\",\"inLanguage\":\"de\",\"@id\":\"https:\\\/\\\/secure.gravatar.com\\\/avatar\\\/b6ecda5d1aade4ea3b3249529c1bddf9bc259cc852a4c8ab7d6d299a5c3ab838?s=96&d=mm&r=g\",\"url\":\"https:\\\/\\\/secure.gravatar.com\\\/avatar\\\/b6ecda5d1aade4ea3b3249529c1bddf9bc259cc852a4c8ab7d6d299a5c3ab838?s=96&d=mm&r=g\",\"contentUrl\":\"https:\\\/\\\/secure.gravatar.com\\\/avatar\\\/b6ecda5d1aade4ea3b3249529c1bddf9bc259cc852a4c8ab7d6d299a5c3ab838?s=96&d=mm&r=g\",\"caption\":\"kh_focus-tuerkei\"},\"url\":\"https:\\\/\\\/www.ecovis.com\\\/focus-tuerkei\\\/author\\\/kh_focus-tuerkei\\\/\"}]}<\/script>\n<!-- \/ Yoast SEO plugin. -->","yoast_head_json":{"title":"Almanya\u00b4dan Avrupa \u00fclkelerine ihracat - Fokus T\u00fcrkei","robots":{"index":"index","follow":"follow","max-snippet":"max-snippet:-1","max-image-preview":"max-image-preview:large","max-video-preview":"max-video-preview:-1"},"canonical":"https:\/\/www.ecovis.com\/focus-tuerkei\/almanyadan-avrupa-uelkelerine-ihracat\/","og_locale":"de_DE","og_type":"article","og_title":"Almanya\u00b4dan Avrupa \u00fclkelerine ihracat - Fokus T\u00fcrkei","og_description":"Almanya\u00b4dan di\u011fer Avrupa \u00fclkelerindeki \u015firketlere ihrac edilen mallar belirli unsurlar\u0131n yerine getirildi\u011fi takdirde Almanya i\u00e7erisnde KDV\u00b4den muaft\u0131r. En \u00f6nemli unsurlardan birtanesi uluslarasaras\u0131 ticarette gerekli olan \u201cUSt-Identifikations\u201d-numaras\u0131n\u0131n do\u011frulu\u011funu KDV i\u00e7in sorumlu olan \u201cBundeszentralamt f\u00fcr Steuern\u201d \u00fczerinden tespit edilmesidir. Bu tespit olduk\u00e7a basit bir \u015fekilde internet \u00fczerinden www.bzst.bund.de uygulan\u0131labilmektedir. Di\u011fer \u00f6nemli kriterlerden birtanesi ise mallar\u0131n di\u011fer Avrupa [&hellip;]","og_url":"https:\/\/www.ecovis.com\/focus-tuerkei\/almanyadan-avrupa-uelkelerine-ihracat\/","og_site_name":"Fokus T\u00fcrkei","article_published_time":"2016-03-11T13:01:37+00:00","article_modified_time":"2021-09-03T12:02:07+00:00","author":"kh_focus-tuerkei","twitter_card":"summary_large_image","twitter_misc":{"Verfasst von":"kh_focus-tuerkei","Gesch\u00e4tzte Lesezeit":"1\u00a0Minute"},"schema":{"@context":"https:\/\/schema.org","@graph":[{"@type":"Article","@id":"https:\/\/www.ecovis.com\/focus-tuerkei\/almanyadan-avrupa-uelkelerine-ihracat\/#article","isPartOf":{"@id":"https:\/\/www.ecovis.com\/focus-tuerkei\/almanyadan-avrupa-uelkelerine-ihracat\/"},"author":{"name":"kh_focus-tuerkei","@id":"https:\/\/www.ecovis.com\/focus-tuerkei\/#\/schema\/person\/b94a369ead80f55a535b019ad573b42b"},"headline":"Almanya\u00b4dan Avrupa \u00fclkelerine ihracat","datePublished":"2016-03-11T13:01:37+00:00","dateModified":"2021-09-03T12:02:07+00:00","mainEntityOfPage":{"@id":"https:\/\/www.ecovis.com\/focus-tuerkei\/almanyadan-avrupa-uelkelerine-ihracat\/"},"wordCount":146,"keywords":["Gelangensbest\u00e4tigung","ihracat","innergemeinschaftliche Lieferung","kdv","Umsatzsteuer"],"articleSection":["Beitr\u00e4ge mit Fokus T\u00fcrkei"],"inLanguage":"de"},{"@type":"WebPage","@id":"https:\/\/www.ecovis.com\/focus-tuerkei\/almanyadan-avrupa-uelkelerine-ihracat\/","url":"https:\/\/www.ecovis.com\/focus-tuerkei\/almanyadan-avrupa-uelkelerine-ihracat\/","name":"Almanya\u00b4dan Avrupa \u00fclkelerine ihracat - Fokus T\u00fcrkei","isPartOf":{"@id":"https:\/\/www.ecovis.com\/focus-tuerkei\/#website"},"datePublished":"2016-03-11T13:01:37+00:00","dateModified":"2021-09-03T12:02:07+00:00","author":{"@id":"https:\/\/www.ecovis.com\/focus-tuerkei\/#\/schema\/person\/b94a369ead80f55a535b019ad573b42b"},"breadcrumb":{"@id":"https:\/\/www.ecovis.com\/focus-tuerkei\/almanyadan-avrupa-uelkelerine-ihracat\/#breadcrumb"},"inLanguage":"de","potentialAction":[{"@type":"ReadAction","target":["https:\/\/www.ecovis.com\/focus-tuerkei\/almanyadan-avrupa-uelkelerine-ihracat\/"]}]},{"@type":"BreadcrumbList","@id":"https:\/\/www.ecovis.com\/focus-tuerkei\/almanyadan-avrupa-uelkelerine-ihracat\/#breadcrumb","itemListElement":[{"@type":"ListItem","position":1,"name":"Ecovis Global","item":"https:\/\/www.ecovis.com\/"},{"@type":"ListItem","position":2,"name":"Blog Fokus T\u00fcrkei","item":"https:\/\/www.ecovis.com\/focus-tuerkei\/"},{"@type":"ListItem","position":3,"name":"Almanya\u00b4dan Avrupa \u00fclkelerine ihracat"}]},{"@type":"WebSite","@id":"https:\/\/www.ecovis.com\/focus-tuerkei\/#website","url":"https:\/\/www.ecovis.com\/focus-tuerkei\/","name":"Ecovis.com","description":"","potentialAction":[{"@type":"SearchAction","target":{"@type":"EntryPoint","urlTemplate":"https:\/\/www.ecovis.com\/focus-tuerkei\/?s={search_term_string}"},"query-input":{"@type":"PropertyValueSpecification","valueRequired":true,"valueName":"search_term_string"}}],"inLanguage":"de"},{"@type":"Person","@id":"https:\/\/www.ecovis.com\/focus-tuerkei\/#\/schema\/person\/b94a369ead80f55a535b019ad573b42b","name":"kh_focus-tuerkei","image":{"@type":"ImageObject","inLanguage":"de","@id":"https:\/\/secure.gravatar.com\/avatar\/b6ecda5d1aade4ea3b3249529c1bddf9bc259cc852a4c8ab7d6d299a5c3ab838?s=96&d=mm&r=g","url":"https:\/\/secure.gravatar.com\/avatar\/b6ecda5d1aade4ea3b3249529c1bddf9bc259cc852a4c8ab7d6d299a5c3ab838?s=96&d=mm&r=g","contentUrl":"https:\/\/secure.gravatar.com\/avatar\/b6ecda5d1aade4ea3b3249529c1bddf9bc259cc852a4c8ab7d6d299a5c3ab838?s=96&d=mm&r=g","caption":"kh_focus-tuerkei"},"url":"https:\/\/www.ecovis.com\/focus-tuerkei\/author\/kh_focus-tuerkei\/"}]}},"featured_image_url":"","featured_image_url_large":"","_links":{"self":[{"href":"https:\/\/www.ecovis.com\/focus-tuerkei\/wp-json\/wp\/v2\/posts\/2252","targetHints":{"allow":["GET"]}}],"collection":[{"href":"https:\/\/www.ecovis.com\/focus-tuerkei\/wp-json\/wp\/v2\/posts"}],"about":[{"href":"https:\/\/www.ecovis.com\/focus-tuerkei\/wp-json\/wp\/v2\/types\/post"}],"author":[{"embeddable":true,"href":"https:\/\/www.ecovis.com\/focus-tuerkei\/wp-json\/wp\/v2\/users\/11"}],"replies":[{"embeddable":true,"href":"https:\/\/www.ecovis.com\/focus-tuerkei\/wp-json\/wp\/v2\/comments?post=2252"}],"version-history":[{"count":1,"href":"https:\/\/www.ecovis.com\/focus-tuerkei\/wp-json\/wp\/v2\/posts\/2252\/revisions"}],"predecessor-version":[{"id":2254,"href":"https:\/\/www.ecovis.com\/focus-tuerkei\/wp-json\/wp\/v2\/posts\/2252\/revisions\/2254"}],"wp:attachment":[{"href":"https:\/\/www.ecovis.com\/focus-tuerkei\/wp-json\/wp\/v2\/media?parent=2252"}],"wp:term":[{"taxonomy":"category","embeddable":true,"href":"https:\/\/www.ecovis.com\/focus-tuerkei\/wp-json\/wp\/v2\/categories?post=2252"},{"taxonomy":"post_tag","embeddable":true,"href":"https:\/\/www.ecovis.com\/focus-tuerkei\/wp-json\/wp\/v2\/tags?post=2252"}],"curies":[{"name":"wp","href":"https:\/\/api.w.org\/{rel}","templated":true}]}}