{"id":2250,"date":"2016-04-29T14:01:03","date_gmt":"2016-04-29T12:01:03","guid":{"rendered":"https:\/\/www.ecovis.com\/focus-tuerkei\/?p=2250"},"modified":"2021-09-03T14:01:31","modified_gmt":"2021-09-03T12:01:31","slug":"oezel-amortismanla-ilgili-yeni-yasa-tasarisi","status":"publish","type":"post","link":"https:\/\/www.ecovis.com\/focus-tuerkei\/oezel-amortismanla-ilgili-yeni-yasa-tasarisi\/","title":{"rendered":"\u00d6zel Amortismanla ilgili yeni Yasa Tasar\u0131s\u0131"},"content":{"rendered":"<p>Almanya\u00b4da \u015fu s\u0131ralar gayrimenkul yap\u0131m\u0131n\u0131 te\u015fvik etmek a\u00e7\u0131s\u0131ndan yeni yap\u0131lan daireler i\u00e7in ge\u00e7ici bir s\u00fcreli\u011fine \u00f6zel amortisman ile ilgili yeni Yasa Tasar\u0131s\u0131haz\u0131rlanmakta.<\/p>\n<p>Bu \u00f6zel amortisman sat\u0131n alma veya \u00fcretim maliyetlerinin toplam iki kez y\u00fczde on ve bir kez y\u00fczde dokuz olarak belirlenecektir. Bu \u015fekilde di\u011fer genel olarak d\u00fc\u015f\u00fclen amortisman ile birlikte ilk \u00fc\u00e7 senede y\u00fczde otuzbe\u015f d\u00fc\u015f\u00fclebilir. Yaln\u0131z dairelerin fiyat\u0131 metre kare olarak belirli y\u00fcksekli\u011fi ge\u00e7memelidir. Ayr\u0131ca bu yeni amortismandan faydalanabilmek i\u00e7in sadece belirli b\u00f6lgelerde bulunmal\u0131, belirli kira y\u00fcksekli\u011fi ge\u00e7ilmemeli ve dairelerin yap\u0131m\u0131n\u0131n ba\u015flang\u0131c\u0131 2016 ve 2018 aras\u0131nda olmak zorundad\u0131r.<\/p>\n<p>Geli\u015fmeler hakk\u0131nda bize dan\u0131\u015fabilirsiniz.<\/p>\n","protected":false},"excerpt":{"rendered":"<p>Almanya\u00b4da \u015fu s\u0131ralar gayrimenkul yap\u0131m\u0131n\u0131 te\u015fvik etmek a\u00e7\u0131s\u0131ndan yeni yap\u0131lan daireler i\u00e7in ge\u00e7ici bir s\u00fcreli\u011fine \u00f6zel amortisman ile ilgili yeni Yasa Tasar\u0131s\u0131haz\u0131rlanmakta. Bu \u00f6zel amortisman sat\u0131n alma veya \u00fcretim maliyetlerinin toplam iki kez y\u00fczde on ve bir kez y\u00fczde dokuz olarak belirlenecektir. Bu \u015fekilde di\u011fer genel olarak d\u00fc\u015f\u00fclen amortisman ile birlikte ilk \u00fc\u00e7 senede y\u00fczde [&hellip;]<\/p>\n","protected":false},"author":11,"featured_media":0,"comment_status":"closed","ping_status":"open","sticky":false,"template":"","format":"standard","meta":{"_acf_changed":false,"footnotes":""},"categories":[32],"tags":[41,42,43],"class_list":["post-2250","post","type-post","status-publish","format-standard","hentry","category-blog","tag-amortisman","tag-sonderabschreibung","tag-yasa-tasarilari"],"acf":[],"yoast_head":"<!-- This site is optimized with the Yoast SEO plugin v27.4 - https:\/\/yoast.com\/product\/yoast-seo-wordpress\/ -->\n<title>\u00d6zel Amortismanla ilgili yeni Yasa Tasar\u0131s\u0131 - Fokus T\u00fcrkei<\/title>\n<meta name=\"robots\" content=\"index, follow, max-snippet:-1, max-image-preview:large, max-video-preview:-1\" \/>\n<link rel=\"canonical\" href=\"https:\/\/www.ecovis.com\/focus-tuerkei\/oezel-amortismanla-ilgili-yeni-yasa-tasarisi\/\" \/>\n<meta property=\"og:locale\" content=\"de_DE\" \/>\n<meta property=\"og:type\" content=\"article\" \/>\n<meta property=\"og:title\" content=\"\u00d6zel Amortismanla ilgili yeni Yasa Tasar\u0131s\u0131 - Fokus T\u00fcrkei\" \/>\n<meta property=\"og:description\" content=\"Almanya\u00b4da \u015fu s\u0131ralar gayrimenkul yap\u0131m\u0131n\u0131 te\u015fvik etmek a\u00e7\u0131s\u0131ndan yeni yap\u0131lan daireler i\u00e7in ge\u00e7ici bir s\u00fcreli\u011fine \u00f6zel amortisman ile ilgili yeni Yasa Tasar\u0131s\u0131haz\u0131rlanmakta. Bu \u00f6zel amortisman sat\u0131n alma veya \u00fcretim maliyetlerinin toplam iki kez y\u00fczde on ve bir kez y\u00fczde dokuz olarak belirlenecektir. Bu \u015fekilde di\u011fer genel olarak d\u00fc\u015f\u00fclen amortisman ile birlikte ilk \u00fc\u00e7 senede y\u00fczde [&hellip;]\" \/>\n<meta property=\"og:url\" content=\"https:\/\/www.ecovis.com\/focus-tuerkei\/oezel-amortismanla-ilgili-yeni-yasa-tasarisi\/\" \/>\n<meta property=\"og:site_name\" content=\"Fokus T\u00fcrkei\" \/>\n<meta property=\"article:published_time\" content=\"2016-04-29T12:01:03+00:00\" \/>\n<meta property=\"article:modified_time\" content=\"2021-09-03T12:01:31+00:00\" \/>\n<meta name=\"author\" content=\"kh_focus-tuerkei\" \/>\n<meta name=\"twitter:card\" content=\"summary_large_image\" \/>\n<meta name=\"twitter:label1\" content=\"Verfasst von\" \/>\n\t<meta name=\"twitter:data1\" content=\"kh_focus-tuerkei\" \/>\n\t<meta name=\"twitter:label2\" content=\"Gesch\u00e4tzte Lesezeit\" \/>\n\t<meta name=\"twitter:data2\" content=\"1\u00a0Minute\" \/>\n<script type=\"application\/ld+json\" class=\"yoast-schema-graph\">{\"@context\":\"https:\\\/\\\/schema.org\",\"@graph\":[{\"@type\":\"Article\",\"@id\":\"https:\\\/\\\/www.ecovis.com\\\/focus-tuerkei\\\/oezel-amortismanla-ilgili-yeni-yasa-tasarisi\\\/#article\",\"isPartOf\":{\"@id\":\"https:\\\/\\\/www.ecovis.com\\\/focus-tuerkei\\\/oezel-amortismanla-ilgili-yeni-yasa-tasarisi\\\/\"},\"author\":{\"name\":\"kh_focus-tuerkei\",\"@id\":\"https:\\\/\\\/www.ecovis.com\\\/focus-tuerkei\\\/#\\\/schema\\\/person\\\/b94a369ead80f55a535b019ad573b42b\"},\"headline\":\"\u00d6zel Amortismanla ilgili yeni Yasa Tasar\u0131s\u0131\",\"datePublished\":\"2016-04-29T12:01:03+00:00\",\"dateModified\":\"2021-09-03T12:01:31+00:00\",\"mainEntityOfPage\":{\"@id\":\"https:\\\/\\\/www.ecovis.com\\\/focus-tuerkei\\\/oezel-amortismanla-ilgili-yeni-yasa-tasarisi\\\/\"},\"wordCount\":140,\"keywords\":[\"Amortisman\",\"Sonderabschreibung\",\"Yasa tasarilari\"],\"articleSection\":[\"Beitr\u00e4ge mit Fokus T\u00fcrkei\"],\"inLanguage\":\"de\"},{\"@type\":\"WebPage\",\"@id\":\"https:\\\/\\\/www.ecovis.com\\\/focus-tuerkei\\\/oezel-amortismanla-ilgili-yeni-yasa-tasarisi\\\/\",\"url\":\"https:\\\/\\\/www.ecovis.com\\\/focus-tuerkei\\\/oezel-amortismanla-ilgili-yeni-yasa-tasarisi\\\/\",\"name\":\"\u00d6zel Amortismanla ilgili yeni Yasa Tasar\u0131s\u0131 - Fokus T\u00fcrkei\",\"isPartOf\":{\"@id\":\"https:\\\/\\\/www.ecovis.com\\\/focus-tuerkei\\\/#website\"},\"datePublished\":\"2016-04-29T12:01:03+00:00\",\"dateModified\":\"2021-09-03T12:01:31+00:00\",\"author\":{\"@id\":\"https:\\\/\\\/www.ecovis.com\\\/focus-tuerkei\\\/#\\\/schema\\\/person\\\/b94a369ead80f55a535b019ad573b42b\"},\"breadcrumb\":{\"@id\":\"https:\\\/\\\/www.ecovis.com\\\/focus-tuerkei\\\/oezel-amortismanla-ilgili-yeni-yasa-tasarisi\\\/#breadcrumb\"},\"inLanguage\":\"de\",\"potentialAction\":[{\"@type\":\"ReadAction\",\"target\":[\"https:\\\/\\\/www.ecovis.com\\\/focus-tuerkei\\\/oezel-amortismanla-ilgili-yeni-yasa-tasarisi\\\/\"]}]},{\"@type\":\"BreadcrumbList\",\"@id\":\"https:\\\/\\\/www.ecovis.com\\\/focus-tuerkei\\\/oezel-amortismanla-ilgili-yeni-yasa-tasarisi\\\/#breadcrumb\",\"itemListElement\":[{\"@type\":\"ListItem\",\"position\":1,\"name\":\"Ecovis Global\",\"item\":\"https:\\\/\\\/www.ecovis.com\\\/\"},{\"@type\":\"ListItem\",\"position\":2,\"name\":\"Blog Fokus T\u00fcrkei\",\"item\":\"https:\\\/\\\/www.ecovis.com\\\/focus-tuerkei\\\/\"},{\"@type\":\"ListItem\",\"position\":3,\"name\":\"\u00d6zel Amortismanla ilgili yeni Yasa Tasar\u0131s\u0131\"}]},{\"@type\":\"WebSite\",\"@id\":\"https:\\\/\\\/www.ecovis.com\\\/focus-tuerkei\\\/#website\",\"url\":\"https:\\\/\\\/www.ecovis.com\\\/focus-tuerkei\\\/\",\"name\":\"Ecovis.com\",\"description\":\"\",\"potentialAction\":[{\"@type\":\"SearchAction\",\"target\":{\"@type\":\"EntryPoint\",\"urlTemplate\":\"https:\\\/\\\/www.ecovis.com\\\/focus-tuerkei\\\/?s={search_term_string}\"},\"query-input\":{\"@type\":\"PropertyValueSpecification\",\"valueRequired\":true,\"valueName\":\"search_term_string\"}}],\"inLanguage\":\"de\"},{\"@type\":\"Person\",\"@id\":\"https:\\\/\\\/www.ecovis.com\\\/focus-tuerkei\\\/#\\\/schema\\\/person\\\/b94a369ead80f55a535b019ad573b42b\",\"name\":\"kh_focus-tuerkei\",\"image\":{\"@type\":\"ImageObject\",\"inLanguage\":\"de\",\"@id\":\"https:\\\/\\\/secure.gravatar.com\\\/avatar\\\/b6ecda5d1aade4ea3b3249529c1bddf9bc259cc852a4c8ab7d6d299a5c3ab838?s=96&d=mm&r=g\",\"url\":\"https:\\\/\\\/secure.gravatar.com\\\/avatar\\\/b6ecda5d1aade4ea3b3249529c1bddf9bc259cc852a4c8ab7d6d299a5c3ab838?s=96&d=mm&r=g\",\"contentUrl\":\"https:\\\/\\\/secure.gravatar.com\\\/avatar\\\/b6ecda5d1aade4ea3b3249529c1bddf9bc259cc852a4c8ab7d6d299a5c3ab838?s=96&d=mm&r=g\",\"caption\":\"kh_focus-tuerkei\"},\"url\":\"https:\\\/\\\/www.ecovis.com\\\/focus-tuerkei\\\/author\\\/kh_focus-tuerkei\\\/\"}]}<\/script>\n<!-- \/ Yoast SEO plugin. -->","yoast_head_json":{"title":"\u00d6zel Amortismanla ilgili yeni Yasa Tasar\u0131s\u0131 - Fokus T\u00fcrkei","robots":{"index":"index","follow":"follow","max-snippet":"max-snippet:-1","max-image-preview":"max-image-preview:large","max-video-preview":"max-video-preview:-1"},"canonical":"https:\/\/www.ecovis.com\/focus-tuerkei\/oezel-amortismanla-ilgili-yeni-yasa-tasarisi\/","og_locale":"de_DE","og_type":"article","og_title":"\u00d6zel Amortismanla ilgili yeni Yasa Tasar\u0131s\u0131 - Fokus T\u00fcrkei","og_description":"Almanya\u00b4da \u015fu s\u0131ralar gayrimenkul yap\u0131m\u0131n\u0131 te\u015fvik etmek a\u00e7\u0131s\u0131ndan yeni yap\u0131lan daireler i\u00e7in ge\u00e7ici bir s\u00fcreli\u011fine \u00f6zel amortisman ile ilgili yeni Yasa Tasar\u0131s\u0131haz\u0131rlanmakta. Bu \u00f6zel amortisman sat\u0131n alma veya \u00fcretim maliyetlerinin toplam iki kez y\u00fczde on ve bir kez y\u00fczde dokuz olarak belirlenecektir. Bu \u015fekilde di\u011fer genel olarak d\u00fc\u015f\u00fclen amortisman ile birlikte ilk \u00fc\u00e7 senede y\u00fczde [&hellip;]","og_url":"https:\/\/www.ecovis.com\/focus-tuerkei\/oezel-amortismanla-ilgili-yeni-yasa-tasarisi\/","og_site_name":"Fokus T\u00fcrkei","article_published_time":"2016-04-29T12:01:03+00:00","article_modified_time":"2021-09-03T12:01:31+00:00","author":"kh_focus-tuerkei","twitter_card":"summary_large_image","twitter_misc":{"Verfasst von":"kh_focus-tuerkei","Gesch\u00e4tzte Lesezeit":"1\u00a0Minute"},"schema":{"@context":"https:\/\/schema.org","@graph":[{"@type":"Article","@id":"https:\/\/www.ecovis.com\/focus-tuerkei\/oezel-amortismanla-ilgili-yeni-yasa-tasarisi\/#article","isPartOf":{"@id":"https:\/\/www.ecovis.com\/focus-tuerkei\/oezel-amortismanla-ilgili-yeni-yasa-tasarisi\/"},"author":{"name":"kh_focus-tuerkei","@id":"https:\/\/www.ecovis.com\/focus-tuerkei\/#\/schema\/person\/b94a369ead80f55a535b019ad573b42b"},"headline":"\u00d6zel Amortismanla ilgili yeni Yasa Tasar\u0131s\u0131","datePublished":"2016-04-29T12:01:03+00:00","dateModified":"2021-09-03T12:01:31+00:00","mainEntityOfPage":{"@id":"https:\/\/www.ecovis.com\/focus-tuerkei\/oezel-amortismanla-ilgili-yeni-yasa-tasarisi\/"},"wordCount":140,"keywords":["Amortisman","Sonderabschreibung","Yasa tasarilari"],"articleSection":["Beitr\u00e4ge mit Fokus T\u00fcrkei"],"inLanguage":"de"},{"@type":"WebPage","@id":"https:\/\/www.ecovis.com\/focus-tuerkei\/oezel-amortismanla-ilgili-yeni-yasa-tasarisi\/","url":"https:\/\/www.ecovis.com\/focus-tuerkei\/oezel-amortismanla-ilgili-yeni-yasa-tasarisi\/","name":"\u00d6zel Amortismanla ilgili yeni Yasa Tasar\u0131s\u0131 - Fokus T\u00fcrkei","isPartOf":{"@id":"https:\/\/www.ecovis.com\/focus-tuerkei\/#website"},"datePublished":"2016-04-29T12:01:03+00:00","dateModified":"2021-09-03T12:01:31+00:00","author":{"@id":"https:\/\/www.ecovis.com\/focus-tuerkei\/#\/schema\/person\/b94a369ead80f55a535b019ad573b42b"},"breadcrumb":{"@id":"https:\/\/www.ecovis.com\/focus-tuerkei\/oezel-amortismanla-ilgili-yeni-yasa-tasarisi\/#breadcrumb"},"inLanguage":"de","potentialAction":[{"@type":"ReadAction","target":["https:\/\/www.ecovis.com\/focus-tuerkei\/oezel-amortismanla-ilgili-yeni-yasa-tasarisi\/"]}]},{"@type":"BreadcrumbList","@id":"https:\/\/www.ecovis.com\/focus-tuerkei\/oezel-amortismanla-ilgili-yeni-yasa-tasarisi\/#breadcrumb","itemListElement":[{"@type":"ListItem","position":1,"name":"Ecovis Global","item":"https:\/\/www.ecovis.com\/"},{"@type":"ListItem","position":2,"name":"Blog Fokus T\u00fcrkei","item":"https:\/\/www.ecovis.com\/focus-tuerkei\/"},{"@type":"ListItem","position":3,"name":"\u00d6zel Amortismanla ilgili yeni Yasa Tasar\u0131s\u0131"}]},{"@type":"WebSite","@id":"https:\/\/www.ecovis.com\/focus-tuerkei\/#website","url":"https:\/\/www.ecovis.com\/focus-tuerkei\/","name":"Ecovis.com","description":"","potentialAction":[{"@type":"SearchAction","target":{"@type":"EntryPoint","urlTemplate":"https:\/\/www.ecovis.com\/focus-tuerkei\/?s={search_term_string}"},"query-input":{"@type":"PropertyValueSpecification","valueRequired":true,"valueName":"search_term_string"}}],"inLanguage":"de"},{"@type":"Person","@id":"https:\/\/www.ecovis.com\/focus-tuerkei\/#\/schema\/person\/b94a369ead80f55a535b019ad573b42b","name":"kh_focus-tuerkei","image":{"@type":"ImageObject","inLanguage":"de","@id":"https:\/\/secure.gravatar.com\/avatar\/b6ecda5d1aade4ea3b3249529c1bddf9bc259cc852a4c8ab7d6d299a5c3ab838?s=96&d=mm&r=g","url":"https:\/\/secure.gravatar.com\/avatar\/b6ecda5d1aade4ea3b3249529c1bddf9bc259cc852a4c8ab7d6d299a5c3ab838?s=96&d=mm&r=g","contentUrl":"https:\/\/secure.gravatar.com\/avatar\/b6ecda5d1aade4ea3b3249529c1bddf9bc259cc852a4c8ab7d6d299a5c3ab838?s=96&d=mm&r=g","caption":"kh_focus-tuerkei"},"url":"https:\/\/www.ecovis.com\/focus-tuerkei\/author\/kh_focus-tuerkei\/"}]}},"featured_image_url":"","featured_image_url_large":"","_links":{"self":[{"href":"https:\/\/www.ecovis.com\/focus-tuerkei\/wp-json\/wp\/v2\/posts\/2250","targetHints":{"allow":["GET"]}}],"collection":[{"href":"https:\/\/www.ecovis.com\/focus-tuerkei\/wp-json\/wp\/v2\/posts"}],"about":[{"href":"https:\/\/www.ecovis.com\/focus-tuerkei\/wp-json\/wp\/v2\/types\/post"}],"author":[{"embeddable":true,"href":"https:\/\/www.ecovis.com\/focus-tuerkei\/wp-json\/wp\/v2\/users\/11"}],"replies":[{"embeddable":true,"href":"https:\/\/www.ecovis.com\/focus-tuerkei\/wp-json\/wp\/v2\/comments?post=2250"}],"version-history":[{"count":1,"href":"https:\/\/www.ecovis.com\/focus-tuerkei\/wp-json\/wp\/v2\/posts\/2250\/revisions"}],"predecessor-version":[{"id":2251,"href":"https:\/\/www.ecovis.com\/focus-tuerkei\/wp-json\/wp\/v2\/posts\/2250\/revisions\/2251"}],"wp:attachment":[{"href":"https:\/\/www.ecovis.com\/focus-tuerkei\/wp-json\/wp\/v2\/media?parent=2250"}],"wp:term":[{"taxonomy":"category","embeddable":true,"href":"https:\/\/www.ecovis.com\/focus-tuerkei\/wp-json\/wp\/v2\/categories?post=2250"},{"taxonomy":"post_tag","embeddable":true,"href":"https:\/\/www.ecovis.com\/focus-tuerkei\/wp-json\/wp\/v2\/tags?post=2250"}],"curies":[{"name":"wp","href":"https:\/\/api.w.org\/{rel}","templated":true}]}}