{"id":2247,"date":"2016-06-16T14:00:33","date_gmt":"2016-06-16T12:00:33","guid":{"rendered":"https:\/\/www.ecovis.com\/focus-tuerkei\/?p=2247"},"modified":"2021-09-03T14:00:58","modified_gmt":"2021-09-03T12:00:58","slug":"elektronik-araclar-icin-vergisel-tesvik-ile-ilgili-yasa-tasarisi","status":"publish","type":"post","link":"https:\/\/www.ecovis.com\/focus-tuerkei\/elektronik-araclar-icin-vergisel-tesvik-ile-ilgili-yasa-tasarisi\/","title":{"rendered":"Elektronik ara\u00e7lar i\u00e7in vergisel te\u015fvik ile ilgili yasa tasar\u0131s\u0131"},"content":{"rendered":"<p>Almanya\u00b4da elektronik ara\u00e7lara Vergi avantaj\u0131 sa\u011flayabilmesi i\u00e7in planlanan Yasa y\u00fcr\u00fcrl\u00fc\u011fe girmektedir.<\/p>\n<p>Bu durumda elektronik ara\u00e7lar\u0131n ilk a\u00e7\u0131ld\u0131\u011f\u0131nda \u015fimdiki be\u015f senelik Vergi muafiyeti 01.01.2016 tarihinden itibaren geriye d\u00f6n\u00fck ba\u015flat\u0131larak on y\u0131la \u00e7\u0131kart\u0131lacakt\u0131r.<\/p>\n<p>Ayr\u0131ca i\u015fverenden elektronik ara\u00e7lar i\u00e7in sunulan imkanlar Vergi muafiyetinide kapsamaktad\u0131r. Bunun i\u00e7erisinde \u015fah\u0131sa ait elektronik arac\u0131n i\u015fyerinde \u015farj edilmesi ve ayriyetten bu \u015farj\u0131n ara ara \u00e7al\u0131\u015fan\u0131n i\u015fyerinin d\u0131\u015f\u0131nda kullan\u0131ma sunulmas\u0131nda da ge\u00e7erlidir.<\/p>\n<p>Yaln\u0131z bu d\u00fczenlemeler 1 Ocak 2017\u00b4den 31 Aral\u0131k 2020 kadar s\u0131n\u0131rlan\u0131lm\u0131\u015ft\u0131r.<br \/>\nGeli\u015fen yasa tasar\u0131s\u0131 ile ilgili bizimle irtibata ge\u00e7ebilirsiniz.<\/p>\n","protected":false},"excerpt":{"rendered":"<p>Almanya\u00b4da elektronik ara\u00e7lara Vergi avantaj\u0131 sa\u011flayabilmesi i\u00e7in planlanan Yasa y\u00fcr\u00fcrl\u00fc\u011fe girmektedir. Bu durumda elektronik ara\u00e7lar\u0131n ilk a\u00e7\u0131ld\u0131\u011f\u0131nda \u015fimdiki be\u015f senelik Vergi muafiyeti 01.01.2016 tarihinden itibaren geriye d\u00f6n\u00fck ba\u015flat\u0131larak on y\u0131la \u00e7\u0131kart\u0131lacakt\u0131r. Ayr\u0131ca i\u015fverenden elektronik ara\u00e7lar i\u00e7in sunulan imkanlar Vergi muafiyetinide kapsamaktad\u0131r. Bunun i\u00e7erisinde \u015fah\u0131sa ait elektronik arac\u0131n i\u015fyerinde \u015farj edilmesi ve ayriyetten bu \u015farj\u0131n ara [&hellip;]<\/p>\n","protected":false},"author":11,"featured_media":0,"comment_status":"closed","ping_status":"open","sticky":false,"template":"","format":"standard","meta":{"_acf_changed":false,"footnotes":""},"categories":[32],"tags":[37,38,39,40],"class_list":["post-2247","post","type-post","status-publish","format-standard","hentry","category-blog","tag-elektronik-arac","tag-elektronische-fahrzeuge","tag-steuer","tag-vergi"],"acf":[],"yoast_head":"<!-- This site is optimized with the Yoast SEO plugin v27.4 - https:\/\/yoast.com\/product\/yoast-seo-wordpress\/ -->\n<title>Elektronik ara\u00e7lar i\u00e7in vergisel te\u015fvik ile ilgili yasa tasar\u0131s\u0131 - Fokus T\u00fcrkei<\/title>\n<meta name=\"robots\" content=\"index, follow, max-snippet:-1, max-image-preview:large, max-video-preview:-1\" \/>\n<link rel=\"canonical\" href=\"https:\/\/www.ecovis.com\/focus-tuerkei\/elektronik-araclar-icin-vergisel-tesvik-ile-ilgili-yasa-tasarisi\/\" \/>\n<meta property=\"og:locale\" content=\"de_DE\" \/>\n<meta property=\"og:type\" content=\"article\" \/>\n<meta property=\"og:title\" content=\"Elektronik ara\u00e7lar i\u00e7in vergisel te\u015fvik ile ilgili yasa tasar\u0131s\u0131 - Fokus T\u00fcrkei\" \/>\n<meta property=\"og:description\" content=\"Almanya\u00b4da elektronik ara\u00e7lara Vergi avantaj\u0131 sa\u011flayabilmesi i\u00e7in planlanan Yasa y\u00fcr\u00fcrl\u00fc\u011fe girmektedir. Bu durumda elektronik ara\u00e7lar\u0131n ilk a\u00e7\u0131ld\u0131\u011f\u0131nda \u015fimdiki be\u015f senelik Vergi muafiyeti 01.01.2016 tarihinden itibaren geriye d\u00f6n\u00fck ba\u015flat\u0131larak on y\u0131la \u00e7\u0131kart\u0131lacakt\u0131r. Ayr\u0131ca i\u015fverenden elektronik ara\u00e7lar i\u00e7in sunulan imkanlar Vergi muafiyetinide kapsamaktad\u0131r. Bunun i\u00e7erisinde \u015fah\u0131sa ait elektronik arac\u0131n i\u015fyerinde \u015farj edilmesi ve ayriyetten bu \u015farj\u0131n ara [&hellip;]\" \/>\n<meta property=\"og:url\" content=\"https:\/\/www.ecovis.com\/focus-tuerkei\/elektronik-araclar-icin-vergisel-tesvik-ile-ilgili-yasa-tasarisi\/\" \/>\n<meta property=\"og:site_name\" content=\"Fokus T\u00fcrkei\" \/>\n<meta property=\"article:published_time\" content=\"2016-06-16T12:00:33+00:00\" \/>\n<meta property=\"article:modified_time\" content=\"2021-09-03T12:00:58+00:00\" \/>\n<meta name=\"author\" content=\"kh_focus-tuerkei\" \/>\n<meta name=\"twitter:card\" content=\"summary_large_image\" \/>\n<meta name=\"twitter:label1\" content=\"Verfasst von\" \/>\n\t<meta name=\"twitter:data1\" content=\"kh_focus-tuerkei\" \/>\n\t<meta name=\"twitter:label2\" content=\"Gesch\u00e4tzte Lesezeit\" \/>\n\t<meta name=\"twitter:data2\" content=\"1\u00a0Minute\" \/>\n<script type=\"application\/ld+json\" class=\"yoast-schema-graph\">{\"@context\":\"https:\\\/\\\/schema.org\",\"@graph\":[{\"@type\":\"Article\",\"@id\":\"https:\\\/\\\/www.ecovis.com\\\/focus-tuerkei\\\/elektronik-araclar-icin-vergisel-tesvik-ile-ilgili-yasa-tasarisi\\\/#article\",\"isPartOf\":{\"@id\":\"https:\\\/\\\/www.ecovis.com\\\/focus-tuerkei\\\/elektronik-araclar-icin-vergisel-tesvik-ile-ilgili-yasa-tasarisi\\\/\"},\"author\":{\"name\":\"kh_focus-tuerkei\",\"@id\":\"https:\\\/\\\/www.ecovis.com\\\/focus-tuerkei\\\/#\\\/schema\\\/person\\\/b94a369ead80f55a535b019ad573b42b\"},\"headline\":\"Elektronik ara\u00e7lar i\u00e7in vergisel te\u015fvik ile ilgili yasa tasar\u0131s\u0131\",\"datePublished\":\"2016-06-16T12:00:33+00:00\",\"dateModified\":\"2021-09-03T12:00:58+00:00\",\"mainEntityOfPage\":{\"@id\":\"https:\\\/\\\/www.ecovis.com\\\/focus-tuerkei\\\/elektronik-araclar-icin-vergisel-tesvik-ile-ilgili-yasa-tasarisi\\\/\"},\"wordCount\":137,\"keywords\":[\"Elektronik arac\",\"elektronische fahrzeuge\",\"steuer\",\"vergi\"],\"articleSection\":[\"Beitr\u00e4ge mit Fokus T\u00fcrkei\"],\"inLanguage\":\"de\"},{\"@type\":\"WebPage\",\"@id\":\"https:\\\/\\\/www.ecovis.com\\\/focus-tuerkei\\\/elektronik-araclar-icin-vergisel-tesvik-ile-ilgili-yasa-tasarisi\\\/\",\"url\":\"https:\\\/\\\/www.ecovis.com\\\/focus-tuerkei\\\/elektronik-araclar-icin-vergisel-tesvik-ile-ilgili-yasa-tasarisi\\\/\",\"name\":\"Elektronik ara\u00e7lar i\u00e7in vergisel te\u015fvik ile ilgili yasa tasar\u0131s\u0131 - Fokus T\u00fcrkei\",\"isPartOf\":{\"@id\":\"https:\\\/\\\/www.ecovis.com\\\/focus-tuerkei\\\/#website\"},\"datePublished\":\"2016-06-16T12:00:33+00:00\",\"dateModified\":\"2021-09-03T12:00:58+00:00\",\"author\":{\"@id\":\"https:\\\/\\\/www.ecovis.com\\\/focus-tuerkei\\\/#\\\/schema\\\/person\\\/b94a369ead80f55a535b019ad573b42b\"},\"breadcrumb\":{\"@id\":\"https:\\\/\\\/www.ecovis.com\\\/focus-tuerkei\\\/elektronik-araclar-icin-vergisel-tesvik-ile-ilgili-yasa-tasarisi\\\/#breadcrumb\"},\"inLanguage\":\"de\",\"potentialAction\":[{\"@type\":\"ReadAction\",\"target\":[\"https:\\\/\\\/www.ecovis.com\\\/focus-tuerkei\\\/elektronik-araclar-icin-vergisel-tesvik-ile-ilgili-yasa-tasarisi\\\/\"]}]},{\"@type\":\"BreadcrumbList\",\"@id\":\"https:\\\/\\\/www.ecovis.com\\\/focus-tuerkei\\\/elektronik-araclar-icin-vergisel-tesvik-ile-ilgili-yasa-tasarisi\\\/#breadcrumb\",\"itemListElement\":[{\"@type\":\"ListItem\",\"position\":1,\"name\":\"Ecovis Global\",\"item\":\"https:\\\/\\\/www.ecovis.com\\\/\"},{\"@type\":\"ListItem\",\"position\":2,\"name\":\"Blog Fokus T\u00fcrkei\",\"item\":\"https:\\\/\\\/www.ecovis.com\\\/focus-tuerkei\\\/\"},{\"@type\":\"ListItem\",\"position\":3,\"name\":\"Elektronik ara\u00e7lar i\u00e7in vergisel te\u015fvik ile ilgili yasa tasar\u0131s\u0131\"}]},{\"@type\":\"WebSite\",\"@id\":\"https:\\\/\\\/www.ecovis.com\\\/focus-tuerkei\\\/#website\",\"url\":\"https:\\\/\\\/www.ecovis.com\\\/focus-tuerkei\\\/\",\"name\":\"Ecovis.com\",\"description\":\"\",\"potentialAction\":[{\"@type\":\"SearchAction\",\"target\":{\"@type\":\"EntryPoint\",\"urlTemplate\":\"https:\\\/\\\/www.ecovis.com\\\/focus-tuerkei\\\/?s={search_term_string}\"},\"query-input\":{\"@type\":\"PropertyValueSpecification\",\"valueRequired\":true,\"valueName\":\"search_term_string\"}}],\"inLanguage\":\"de\"},{\"@type\":\"Person\",\"@id\":\"https:\\\/\\\/www.ecovis.com\\\/focus-tuerkei\\\/#\\\/schema\\\/person\\\/b94a369ead80f55a535b019ad573b42b\",\"name\":\"kh_focus-tuerkei\",\"image\":{\"@type\":\"ImageObject\",\"inLanguage\":\"de\",\"@id\":\"https:\\\/\\\/secure.gravatar.com\\\/avatar\\\/b6ecda5d1aade4ea3b3249529c1bddf9bc259cc852a4c8ab7d6d299a5c3ab838?s=96&d=mm&r=g\",\"url\":\"https:\\\/\\\/secure.gravatar.com\\\/avatar\\\/b6ecda5d1aade4ea3b3249529c1bddf9bc259cc852a4c8ab7d6d299a5c3ab838?s=96&d=mm&r=g\",\"contentUrl\":\"https:\\\/\\\/secure.gravatar.com\\\/avatar\\\/b6ecda5d1aade4ea3b3249529c1bddf9bc259cc852a4c8ab7d6d299a5c3ab838?s=96&d=mm&r=g\",\"caption\":\"kh_focus-tuerkei\"},\"url\":\"https:\\\/\\\/www.ecovis.com\\\/focus-tuerkei\\\/author\\\/kh_focus-tuerkei\\\/\"}]}<\/script>\n<!-- \/ Yoast SEO plugin. -->","yoast_head_json":{"title":"Elektronik ara\u00e7lar i\u00e7in vergisel te\u015fvik ile ilgili yasa tasar\u0131s\u0131 - Fokus T\u00fcrkei","robots":{"index":"index","follow":"follow","max-snippet":"max-snippet:-1","max-image-preview":"max-image-preview:large","max-video-preview":"max-video-preview:-1"},"canonical":"https:\/\/www.ecovis.com\/focus-tuerkei\/elektronik-araclar-icin-vergisel-tesvik-ile-ilgili-yasa-tasarisi\/","og_locale":"de_DE","og_type":"article","og_title":"Elektronik ara\u00e7lar i\u00e7in vergisel te\u015fvik ile ilgili yasa tasar\u0131s\u0131 - Fokus T\u00fcrkei","og_description":"Almanya\u00b4da elektronik ara\u00e7lara Vergi avantaj\u0131 sa\u011flayabilmesi i\u00e7in planlanan Yasa y\u00fcr\u00fcrl\u00fc\u011fe girmektedir. Bu durumda elektronik ara\u00e7lar\u0131n ilk a\u00e7\u0131ld\u0131\u011f\u0131nda \u015fimdiki be\u015f senelik Vergi muafiyeti 01.01.2016 tarihinden itibaren geriye d\u00f6n\u00fck ba\u015flat\u0131larak on y\u0131la \u00e7\u0131kart\u0131lacakt\u0131r. Ayr\u0131ca i\u015fverenden elektronik ara\u00e7lar i\u00e7in sunulan imkanlar Vergi muafiyetinide kapsamaktad\u0131r. Bunun i\u00e7erisinde \u015fah\u0131sa ait elektronik arac\u0131n i\u015fyerinde \u015farj edilmesi ve ayriyetten bu \u015farj\u0131n ara [&hellip;]","og_url":"https:\/\/www.ecovis.com\/focus-tuerkei\/elektronik-araclar-icin-vergisel-tesvik-ile-ilgili-yasa-tasarisi\/","og_site_name":"Fokus T\u00fcrkei","article_published_time":"2016-06-16T12:00:33+00:00","article_modified_time":"2021-09-03T12:00:58+00:00","author":"kh_focus-tuerkei","twitter_card":"summary_large_image","twitter_misc":{"Verfasst von":"kh_focus-tuerkei","Gesch\u00e4tzte Lesezeit":"1\u00a0Minute"},"schema":{"@context":"https:\/\/schema.org","@graph":[{"@type":"Article","@id":"https:\/\/www.ecovis.com\/focus-tuerkei\/elektronik-araclar-icin-vergisel-tesvik-ile-ilgili-yasa-tasarisi\/#article","isPartOf":{"@id":"https:\/\/www.ecovis.com\/focus-tuerkei\/elektronik-araclar-icin-vergisel-tesvik-ile-ilgili-yasa-tasarisi\/"},"author":{"name":"kh_focus-tuerkei","@id":"https:\/\/www.ecovis.com\/focus-tuerkei\/#\/schema\/person\/b94a369ead80f55a535b019ad573b42b"},"headline":"Elektronik ara\u00e7lar i\u00e7in vergisel te\u015fvik ile ilgili yasa tasar\u0131s\u0131","datePublished":"2016-06-16T12:00:33+00:00","dateModified":"2021-09-03T12:00:58+00:00","mainEntityOfPage":{"@id":"https:\/\/www.ecovis.com\/focus-tuerkei\/elektronik-araclar-icin-vergisel-tesvik-ile-ilgili-yasa-tasarisi\/"},"wordCount":137,"keywords":["Elektronik arac","elektronische fahrzeuge","steuer","vergi"],"articleSection":["Beitr\u00e4ge mit Fokus T\u00fcrkei"],"inLanguage":"de"},{"@type":"WebPage","@id":"https:\/\/www.ecovis.com\/focus-tuerkei\/elektronik-araclar-icin-vergisel-tesvik-ile-ilgili-yasa-tasarisi\/","url":"https:\/\/www.ecovis.com\/focus-tuerkei\/elektronik-araclar-icin-vergisel-tesvik-ile-ilgili-yasa-tasarisi\/","name":"Elektronik ara\u00e7lar i\u00e7in vergisel te\u015fvik ile ilgili yasa tasar\u0131s\u0131 - Fokus T\u00fcrkei","isPartOf":{"@id":"https:\/\/www.ecovis.com\/focus-tuerkei\/#website"},"datePublished":"2016-06-16T12:00:33+00:00","dateModified":"2021-09-03T12:00:58+00:00","author":{"@id":"https:\/\/www.ecovis.com\/focus-tuerkei\/#\/schema\/person\/b94a369ead80f55a535b019ad573b42b"},"breadcrumb":{"@id":"https:\/\/www.ecovis.com\/focus-tuerkei\/elektronik-araclar-icin-vergisel-tesvik-ile-ilgili-yasa-tasarisi\/#breadcrumb"},"inLanguage":"de","potentialAction":[{"@type":"ReadAction","target":["https:\/\/www.ecovis.com\/focus-tuerkei\/elektronik-araclar-icin-vergisel-tesvik-ile-ilgili-yasa-tasarisi\/"]}]},{"@type":"BreadcrumbList","@id":"https:\/\/www.ecovis.com\/focus-tuerkei\/elektronik-araclar-icin-vergisel-tesvik-ile-ilgili-yasa-tasarisi\/#breadcrumb","itemListElement":[{"@type":"ListItem","position":1,"name":"Ecovis Global","item":"https:\/\/www.ecovis.com\/"},{"@type":"ListItem","position":2,"name":"Blog Fokus T\u00fcrkei","item":"https:\/\/www.ecovis.com\/focus-tuerkei\/"},{"@type":"ListItem","position":3,"name":"Elektronik ara\u00e7lar i\u00e7in vergisel te\u015fvik ile ilgili yasa tasar\u0131s\u0131"}]},{"@type":"WebSite","@id":"https:\/\/www.ecovis.com\/focus-tuerkei\/#website","url":"https:\/\/www.ecovis.com\/focus-tuerkei\/","name":"Ecovis.com","description":"","potentialAction":[{"@type":"SearchAction","target":{"@type":"EntryPoint","urlTemplate":"https:\/\/www.ecovis.com\/focus-tuerkei\/?s={search_term_string}"},"query-input":{"@type":"PropertyValueSpecification","valueRequired":true,"valueName":"search_term_string"}}],"inLanguage":"de"},{"@type":"Person","@id":"https:\/\/www.ecovis.com\/focus-tuerkei\/#\/schema\/person\/b94a369ead80f55a535b019ad573b42b","name":"kh_focus-tuerkei","image":{"@type":"ImageObject","inLanguage":"de","@id":"https:\/\/secure.gravatar.com\/avatar\/b6ecda5d1aade4ea3b3249529c1bddf9bc259cc852a4c8ab7d6d299a5c3ab838?s=96&d=mm&r=g","url":"https:\/\/secure.gravatar.com\/avatar\/b6ecda5d1aade4ea3b3249529c1bddf9bc259cc852a4c8ab7d6d299a5c3ab838?s=96&d=mm&r=g","contentUrl":"https:\/\/secure.gravatar.com\/avatar\/b6ecda5d1aade4ea3b3249529c1bddf9bc259cc852a4c8ab7d6d299a5c3ab838?s=96&d=mm&r=g","caption":"kh_focus-tuerkei"},"url":"https:\/\/www.ecovis.com\/focus-tuerkei\/author\/kh_focus-tuerkei\/"}]}},"featured_image_url":"","featured_image_url_large":"","_links":{"self":[{"href":"https:\/\/www.ecovis.com\/focus-tuerkei\/wp-json\/wp\/v2\/posts\/2247","targetHints":{"allow":["GET"]}}],"collection":[{"href":"https:\/\/www.ecovis.com\/focus-tuerkei\/wp-json\/wp\/v2\/posts"}],"about":[{"href":"https:\/\/www.ecovis.com\/focus-tuerkei\/wp-json\/wp\/v2\/types\/post"}],"author":[{"embeddable":true,"href":"https:\/\/www.ecovis.com\/focus-tuerkei\/wp-json\/wp\/v2\/users\/11"}],"replies":[{"embeddable":true,"href":"https:\/\/www.ecovis.com\/focus-tuerkei\/wp-json\/wp\/v2\/comments?post=2247"}],"version-history":[{"count":1,"href":"https:\/\/www.ecovis.com\/focus-tuerkei\/wp-json\/wp\/v2\/posts\/2247\/revisions"}],"predecessor-version":[{"id":2248,"href":"https:\/\/www.ecovis.com\/focus-tuerkei\/wp-json\/wp\/v2\/posts\/2247\/revisions\/2248"}],"wp:attachment":[{"href":"https:\/\/www.ecovis.com\/focus-tuerkei\/wp-json\/wp\/v2\/media?parent=2247"}],"wp:term":[{"taxonomy":"category","embeddable":true,"href":"https:\/\/www.ecovis.com\/focus-tuerkei\/wp-json\/wp\/v2\/categories?post=2247"},{"taxonomy":"post_tag","embeddable":true,"href":"https:\/\/www.ecovis.com\/focus-tuerkei\/wp-json\/wp\/v2\/tags?post=2247"}],"curies":[{"name":"wp","href":"https:\/\/api.w.org\/{rel}","templated":true}]}}