{"id":2243,"date":"2016-09-23T14:00:06","date_gmt":"2016-09-23T12:00:06","guid":{"rendered":"https:\/\/www.ecovis.com\/focus-tuerkei\/?p=2243"},"modified":"2021-09-03T14:04:03","modified_gmt":"2021-09-03T12:04:03","slug":"tuerkiyedeki-vergi-affi-uygulamasi","status":"publish","type":"post","link":"https:\/\/www.ecovis.com\/focus-tuerkei\/tuerkiyedeki-vergi-affi-uygulamasi\/","title":{"rendered":"T\u00dcRK\u0130YE\u2019DEK\u0130 VERG\u0130 AFFI UYGULAMASI"},"content":{"rendered":"<p>T\u00fcrkiye\u2019de son d\u00f6nemlerde ortalama 4-5 y\u0131ll\u0131k d\u00f6nemlerde bir kapsaml\u0131 vergi aff\u0131 kanunlar\u0131 \u00e7\u0131kmaktad\u0131r. En son y\u00fcr\u00fcrl\u00fc\u011fe giren ve ge\u00e7ici s\u00fcre uygulanacak olan 6736 say\u0131l\u0131 Kanun da vergi aff\u0131 niteli\u011findedir.<\/p>\n<p>2016 y\u0131l\u0131nda uygulanacak olan vergi aff\u0131 kanununda, kesinle\u015fmi\u015f alacaklara d\u00f6n\u00fck \u00f6deme kolayl\u0131klar\u0131, kesinle\u015fmemi\u015f (tarh ve dava a\u015famas\u0131ndaki i\u015flemler) alacaklar, bilan\u00e7o d\u00fczeltmesi, matrah art\u0131r\u0131m\u0131 ve yurt d\u0131\u015f\u0131ndan ve i\u00e7inden getirilen paralarla ilgili olarak vergi aff\u0131 uygulanmas\u0131 maddeleri bulunmaktad\u0131r.<\/p>\n<p>Kanundan yararlanmak ihtiyaridir. Kanun pek \u00e7ok y\u00f6n\u00fcyle vergi m\u00fckelleflerine \u00f6nemli imkanlar sunmaktad\u0131r. Bu nedenle, Kanundan yararlanma alternatiflerini mutlaka uzman mali m\u00fc\u015favirlerle ve avukatlarla de\u011ferlendirmekte yarar bulunmaktad\u0131r.<\/p>\n<p>Kanun kapsam\u0131na T\u00fcrkiye devletine, belediyelere ait her t\u00fcrl\u00fc vergi, sosyal sigorta primi ana para, faiz ve cezalar\u0131 girmektedir.<\/p>\n<p>Kesinle\u015fmi\u015f alacaklarla ilgili yap\u0131lan d\u00fczenlemeye g\u00f6re, gecikmi\u015f ana para alacaklar\u0131n yap\u0131land\u0131r\u0131lmas\u0131 halinde, ge\u00e7mi\u015fte do\u011fan y\u00fcksek faizler silinmekte, bu faizlerin yerine enflasyon art\u0131\u015f\u0131na tekab\u00fcl eden oranda faiz \u00f6denmesi yeterli olmaktad\u0131r. Bu durum faizlerde % 40 \u2013 %70 aras\u0131nda bir indirime tekab\u00fcl etmektedir. \u00d6te yandan baz\u0131 durumlarda, faizlerin yan\u0131 s\u0131ra vergi cezalar\u0131 da k\u0131smen silinmektedir.<\/p>\n<p>Kesinle\u015fmemi\u015f (inceleme, tarh veya yarg\u0131 a\u015famas\u0131nda olan alacaklar) alacaklarla olan h\u00fck\u00fcmlere g\u00f6re, ihtilaf\u0131n bulundu\u011fu duruma g\u00f6re, vergi asl\u0131n\u0131n %20, %50 veya %100\u2019n\u00fcn ile buna tekab\u00fcl eden enflasyon oran\u0131ndaki faizin \u00f6denmesi halinde; alaca\u011f\u0131n kalan tutar\u0131, alacaklarla ilgili her t\u00fcrl\u00fc faiz ve cezas\u0131 silinmektedir. Bu maddeden yararlan\u0131lmas\u0131 halinde, s\u00f6z konusu alacaklarla ilgili dava a\u00e7\u0131lmamas\u0131, \u015fayet a\u00e7\u0131lm\u0131\u015fsa geri \u00e7ekilmesi gerekmektedir.<\/p>\n<p>Kanunun matrah art\u0131r\u0131m d\u00fczenlemelerine g\u00f6re, gelir, kurumlar, katma de\u011fer vergisi ve baz\u0131 gelir vergisi stopajlar\u0131n\u0131n, ge\u00e7mi\u015f y\u0131l matrahlar\u0131na g\u00f6re orant\u0131l\u0131 olarak art\u0131r\u0131lmas\u0131 halinde, o y\u0131llara ili\u015fkin vergi incelemesi yap\u0131lmamas\u0131 imkan\u0131 sa\u011flanmaktad\u0131r. \u00d6rne\u011fin 2015 y\u0131l\u0131nda 100.000 TL kurumlar vergisi \u00f6deyen bir \u015firketin, 11.250 TL \u00f6demesi halinde, 2015 y\u0131l\u0131 hesaplar\u0131 kurumlar vergisi y\u00f6n\u00fcnden incelenmeyecektir. Kanunda \u00e7ok say\u0131da oran ve tutar yer almakta olup, bunlar vergi t\u00fcr\u00fc ve y\u0131l ba\u011flam\u0131nda farkl\u0131la\u015fmaktad\u0131r.<\/p>\n<p>Kanunda m\u00fckelleflere \u015eirket bilan\u00e7olar\u0131n\u0131 d\u00fczeltme olana\u011f\u0131 da sunulmaktad\u0131r. Bu \u00e7er\u00e7evede 31.12.2015 tarihli bilan\u00e7oda kasada fiilen bulunmayan paralarla, ortaklardan bor\u00e7 verme vb. \u015feklinde olu\u015fan alacaklar\u0131 %3 vergi \u00f6demek suretiyle bilan\u00e7odan \u00e7\u0131karmak m\u00fcmk\u00fcnd\u00fcr. Ayr\u0131ca stoklar ve sabit k\u0131ymetlerle ilgili de bilan\u00e7o d\u00fczeltmesi yap\u0131labilmesi s\u00f6z konusudur.<\/p>\n<p>S\u00f6z konusu kanunla, yurt d\u0131\u015f\u0131nda bulunan para vb. varl\u0131klar\u0131 T\u00fcrkiye\u2019ye getirenlere herhangi bir vergi \u00f6demeyerek af getirilmektedir. Ayr\u0131ca ayn\u0131 madde ile T\u00fcrkiye\u2019de bulunan kay\u0131t d\u0131\u015f\u0131 paray\u0131 i\u015fletmeye dahil edilmesine imk\u00e2n sa\u011flanmaktad\u0131r.<\/p>\n<p>Af ve yeniden yap\u0131lanma yasas\u0131n\u0131n son ba\u015fvuru tarihi genel olarak 31.10.2016\u2019d\u0131r. Bakanlar Kurulu\u2019nun bu s\u00fcreyi uzatma yetkisi bulunmaktad\u0131r. Kanundan yararlanmak isteyenlerin, genel olarak Genel Tebli\u011flerde belirtilen dilek\u00e7e ve formlar\u0131 kullanarak s\u00fcresi i\u00e7erisinde ba\u015fvurmalar\u0131 gerekmektedir. Konuyla ilgili detay bilgileri Ecovis De\u011fer Ba\u011f\u0131ms\u0131z Denetim ve Yeminli Mali M\u00fc\u015favirlik A.\u015e. ortaklar\u0131ndan alabilirler.<\/p>\n","protected":false},"excerpt":{"rendered":"<p>T\u00fcrkiye\u2019de son d\u00f6nemlerde ortalama 4-5 y\u0131ll\u0131k d\u00f6nemlerde bir kapsaml\u0131 vergi aff\u0131 kanunlar\u0131 \u00e7\u0131kmaktad\u0131r. En son y\u00fcr\u00fcrl\u00fc\u011fe giren ve ge\u00e7ici s\u00fcre uygulanacak olan 6736 say\u0131l\u0131 Kanun da vergi aff\u0131 niteli\u011findedir. 2016 y\u0131l\u0131nda uygulanacak olan vergi aff\u0131 kanununda, kesinle\u015fmi\u015f alacaklara d\u00f6n\u00fck \u00f6deme kolayl\u0131klar\u0131, kesinle\u015fmemi\u015f (tarh ve dava a\u015famas\u0131ndaki i\u015flemler) alacaklar, bilan\u00e7o d\u00fczeltmesi, matrah art\u0131r\u0131m\u0131 ve yurt d\u0131\u015f\u0131ndan [&hellip;]<\/p>\n","protected":false},"author":11,"featured_media":0,"comment_status":"closed","ping_status":"open","sticky":false,"template":"","format":"standard","meta":{"_acf_changed":false,"footnotes":""},"categories":[32],"tags":[33,34,35,36],"class_list":["post-2243","post","type-post","status-publish","format-standard","hentry","category-blog","tag-af-ve-yeniden-yapilanma-yasasi","tag-selbstanzeige-tuerkei","tag-straferlass-tuerkei","tag-vergi-affi"],"acf":[],"yoast_head":"<!-- This site is optimized with the Yoast SEO plugin v27.4 - https:\/\/yoast.com\/product\/yoast-seo-wordpress\/ -->\n<title>T\u00dcRK\u0130YE\u2019DEK\u0130 VERG\u0130 AFFI UYGULAMASI - Fokus T\u00fcrkei<\/title>\n<meta name=\"robots\" content=\"index, follow, max-snippet:-1, max-image-preview:large, max-video-preview:-1\" \/>\n<link rel=\"canonical\" href=\"https:\/\/www.ecovis.com\/focus-tuerkei\/tuerkiyedeki-vergi-affi-uygulamasi\/\" \/>\n<meta property=\"og:locale\" content=\"de_DE\" \/>\n<meta property=\"og:type\" content=\"article\" \/>\n<meta property=\"og:title\" content=\"T\u00dcRK\u0130YE\u2019DEK\u0130 VERG\u0130 AFFI UYGULAMASI - Fokus T\u00fcrkei\" \/>\n<meta property=\"og:description\" content=\"T\u00fcrkiye\u2019de son d\u00f6nemlerde ortalama 4-5 y\u0131ll\u0131k d\u00f6nemlerde bir kapsaml\u0131 vergi aff\u0131 kanunlar\u0131 \u00e7\u0131kmaktad\u0131r. En son y\u00fcr\u00fcrl\u00fc\u011fe giren ve ge\u00e7ici s\u00fcre uygulanacak olan 6736 say\u0131l\u0131 Kanun da vergi aff\u0131 niteli\u011findedir. 2016 y\u0131l\u0131nda uygulanacak olan vergi aff\u0131 kanununda, kesinle\u015fmi\u015f alacaklara d\u00f6n\u00fck \u00f6deme kolayl\u0131klar\u0131, kesinle\u015fmemi\u015f (tarh ve dava a\u015famas\u0131ndaki i\u015flemler) alacaklar, bilan\u00e7o d\u00fczeltmesi, matrah art\u0131r\u0131m\u0131 ve yurt d\u0131\u015f\u0131ndan [&hellip;]\" \/>\n<meta property=\"og:url\" content=\"https:\/\/www.ecovis.com\/focus-tuerkei\/tuerkiyedeki-vergi-affi-uygulamasi\/\" \/>\n<meta property=\"og:site_name\" content=\"Fokus T\u00fcrkei\" \/>\n<meta property=\"article:published_time\" content=\"2016-09-23T12:00:06+00:00\" \/>\n<meta property=\"article:modified_time\" content=\"2021-09-03T12:04:03+00:00\" \/>\n<meta name=\"author\" content=\"kh_focus-tuerkei\" \/>\n<meta name=\"twitter:card\" content=\"summary_large_image\" \/>\n<meta name=\"twitter:label1\" content=\"Verfasst von\" \/>\n\t<meta name=\"twitter:data1\" content=\"kh_focus-tuerkei\" \/>\n\t<meta name=\"twitter:label2\" content=\"Gesch\u00e4tzte Lesezeit\" \/>\n\t<meta name=\"twitter:data2\" content=\"3\u00a0Minuten\" \/>\n<script type=\"application\/ld+json\" class=\"yoast-schema-graph\">{\"@context\":\"https:\\\/\\\/schema.org\",\"@graph\":[{\"@type\":\"Article\",\"@id\":\"https:\\\/\\\/www.ecovis.com\\\/focus-tuerkei\\\/tuerkiyedeki-vergi-affi-uygulamasi\\\/#article\",\"isPartOf\":{\"@id\":\"https:\\\/\\\/www.ecovis.com\\\/focus-tuerkei\\\/tuerkiyedeki-vergi-affi-uygulamasi\\\/\"},\"author\":{\"name\":\"kh_focus-tuerkei\",\"@id\":\"https:\\\/\\\/www.ecovis.com\\\/focus-tuerkei\\\/#\\\/schema\\\/person\\\/b94a369ead80f55a535b019ad573b42b\"},\"headline\":\"T\u00dcRK\u0130YE\u2019DEK\u0130 VERG\u0130 AFFI UYGULAMASI\",\"datePublished\":\"2016-09-23T12:00:06+00:00\",\"dateModified\":\"2021-09-03T12:04:03+00:00\",\"mainEntityOfPage\":{\"@id\":\"https:\\\/\\\/www.ecovis.com\\\/focus-tuerkei\\\/tuerkiyedeki-vergi-affi-uygulamasi\\\/\"},\"wordCount\":567,\"keywords\":[\"Af ve yeniden yap\u0131lanma yasas\u0131\",\"Selbstanzeige T\u00fcrkei\",\"Straferlass T\u00fcrkei\",\"Vergi aff\u0131\"],\"articleSection\":[\"Beitr\u00e4ge mit Fokus T\u00fcrkei\"],\"inLanguage\":\"de\"},{\"@type\":\"WebPage\",\"@id\":\"https:\\\/\\\/www.ecovis.com\\\/focus-tuerkei\\\/tuerkiyedeki-vergi-affi-uygulamasi\\\/\",\"url\":\"https:\\\/\\\/www.ecovis.com\\\/focus-tuerkei\\\/tuerkiyedeki-vergi-affi-uygulamasi\\\/\",\"name\":\"T\u00dcRK\u0130YE\u2019DEK\u0130 VERG\u0130 AFFI UYGULAMASI - Fokus T\u00fcrkei\",\"isPartOf\":{\"@id\":\"https:\\\/\\\/www.ecovis.com\\\/focus-tuerkei\\\/#website\"},\"datePublished\":\"2016-09-23T12:00:06+00:00\",\"dateModified\":\"2021-09-03T12:04:03+00:00\",\"author\":{\"@id\":\"https:\\\/\\\/www.ecovis.com\\\/focus-tuerkei\\\/#\\\/schema\\\/person\\\/b94a369ead80f55a535b019ad573b42b\"},\"breadcrumb\":{\"@id\":\"https:\\\/\\\/www.ecovis.com\\\/focus-tuerkei\\\/tuerkiyedeki-vergi-affi-uygulamasi\\\/#breadcrumb\"},\"inLanguage\":\"de\",\"potentialAction\":[{\"@type\":\"ReadAction\",\"target\":[\"https:\\\/\\\/www.ecovis.com\\\/focus-tuerkei\\\/tuerkiyedeki-vergi-affi-uygulamasi\\\/\"]}]},{\"@type\":\"BreadcrumbList\",\"@id\":\"https:\\\/\\\/www.ecovis.com\\\/focus-tuerkei\\\/tuerkiyedeki-vergi-affi-uygulamasi\\\/#breadcrumb\",\"itemListElement\":[{\"@type\":\"ListItem\",\"position\":1,\"name\":\"Ecovis Global\",\"item\":\"https:\\\/\\\/www.ecovis.com\\\/\"},{\"@type\":\"ListItem\",\"position\":2,\"name\":\"Blog Fokus T\u00fcrkei\",\"item\":\"https:\\\/\\\/www.ecovis.com\\\/focus-tuerkei\\\/\"},{\"@type\":\"ListItem\",\"position\":3,\"name\":\"T\u00dcRK\u0130YE\u2019DEK\u0130 VERG\u0130 AFFI UYGULAMASI\"}]},{\"@type\":\"WebSite\",\"@id\":\"https:\\\/\\\/www.ecovis.com\\\/focus-tuerkei\\\/#website\",\"url\":\"https:\\\/\\\/www.ecovis.com\\\/focus-tuerkei\\\/\",\"name\":\"Ecovis.com\",\"description\":\"\",\"potentialAction\":[{\"@type\":\"SearchAction\",\"target\":{\"@type\":\"EntryPoint\",\"urlTemplate\":\"https:\\\/\\\/www.ecovis.com\\\/focus-tuerkei\\\/?s={search_term_string}\"},\"query-input\":{\"@type\":\"PropertyValueSpecification\",\"valueRequired\":true,\"valueName\":\"search_term_string\"}}],\"inLanguage\":\"de\"},{\"@type\":\"Person\",\"@id\":\"https:\\\/\\\/www.ecovis.com\\\/focus-tuerkei\\\/#\\\/schema\\\/person\\\/b94a369ead80f55a535b019ad573b42b\",\"name\":\"kh_focus-tuerkei\",\"image\":{\"@type\":\"ImageObject\",\"inLanguage\":\"de\",\"@id\":\"https:\\\/\\\/secure.gravatar.com\\\/avatar\\\/b6ecda5d1aade4ea3b3249529c1bddf9bc259cc852a4c8ab7d6d299a5c3ab838?s=96&d=mm&r=g\",\"url\":\"https:\\\/\\\/secure.gravatar.com\\\/avatar\\\/b6ecda5d1aade4ea3b3249529c1bddf9bc259cc852a4c8ab7d6d299a5c3ab838?s=96&d=mm&r=g\",\"contentUrl\":\"https:\\\/\\\/secure.gravatar.com\\\/avatar\\\/b6ecda5d1aade4ea3b3249529c1bddf9bc259cc852a4c8ab7d6d299a5c3ab838?s=96&d=mm&r=g\",\"caption\":\"kh_focus-tuerkei\"},\"url\":\"https:\\\/\\\/www.ecovis.com\\\/focus-tuerkei\\\/author\\\/kh_focus-tuerkei\\\/\"}]}<\/script>\n<!-- \/ Yoast SEO plugin. -->","yoast_head_json":{"title":"T\u00dcRK\u0130YE\u2019DEK\u0130 VERG\u0130 AFFI UYGULAMASI - Fokus T\u00fcrkei","robots":{"index":"index","follow":"follow","max-snippet":"max-snippet:-1","max-image-preview":"max-image-preview:large","max-video-preview":"max-video-preview:-1"},"canonical":"https:\/\/www.ecovis.com\/focus-tuerkei\/tuerkiyedeki-vergi-affi-uygulamasi\/","og_locale":"de_DE","og_type":"article","og_title":"T\u00dcRK\u0130YE\u2019DEK\u0130 VERG\u0130 AFFI UYGULAMASI - Fokus T\u00fcrkei","og_description":"T\u00fcrkiye\u2019de son d\u00f6nemlerde ortalama 4-5 y\u0131ll\u0131k d\u00f6nemlerde bir kapsaml\u0131 vergi aff\u0131 kanunlar\u0131 \u00e7\u0131kmaktad\u0131r. En son y\u00fcr\u00fcrl\u00fc\u011fe giren ve ge\u00e7ici s\u00fcre uygulanacak olan 6736 say\u0131l\u0131 Kanun da vergi aff\u0131 niteli\u011findedir. 2016 y\u0131l\u0131nda uygulanacak olan vergi aff\u0131 kanununda, kesinle\u015fmi\u015f alacaklara d\u00f6n\u00fck \u00f6deme kolayl\u0131klar\u0131, kesinle\u015fmemi\u015f (tarh ve dava a\u015famas\u0131ndaki i\u015flemler) alacaklar, bilan\u00e7o d\u00fczeltmesi, matrah art\u0131r\u0131m\u0131 ve yurt d\u0131\u015f\u0131ndan [&hellip;]","og_url":"https:\/\/www.ecovis.com\/focus-tuerkei\/tuerkiyedeki-vergi-affi-uygulamasi\/","og_site_name":"Fokus T\u00fcrkei","article_published_time":"2016-09-23T12:00:06+00:00","article_modified_time":"2021-09-03T12:04:03+00:00","author":"kh_focus-tuerkei","twitter_card":"summary_large_image","twitter_misc":{"Verfasst von":"kh_focus-tuerkei","Gesch\u00e4tzte Lesezeit":"3\u00a0Minuten"},"schema":{"@context":"https:\/\/schema.org","@graph":[{"@type":"Article","@id":"https:\/\/www.ecovis.com\/focus-tuerkei\/tuerkiyedeki-vergi-affi-uygulamasi\/#article","isPartOf":{"@id":"https:\/\/www.ecovis.com\/focus-tuerkei\/tuerkiyedeki-vergi-affi-uygulamasi\/"},"author":{"name":"kh_focus-tuerkei","@id":"https:\/\/www.ecovis.com\/focus-tuerkei\/#\/schema\/person\/b94a369ead80f55a535b019ad573b42b"},"headline":"T\u00dcRK\u0130YE\u2019DEK\u0130 VERG\u0130 AFFI UYGULAMASI","datePublished":"2016-09-23T12:00:06+00:00","dateModified":"2021-09-03T12:04:03+00:00","mainEntityOfPage":{"@id":"https:\/\/www.ecovis.com\/focus-tuerkei\/tuerkiyedeki-vergi-affi-uygulamasi\/"},"wordCount":567,"keywords":["Af ve yeniden yap\u0131lanma yasas\u0131","Selbstanzeige T\u00fcrkei","Straferlass T\u00fcrkei","Vergi aff\u0131"],"articleSection":["Beitr\u00e4ge mit Fokus T\u00fcrkei"],"inLanguage":"de"},{"@type":"WebPage","@id":"https:\/\/www.ecovis.com\/focus-tuerkei\/tuerkiyedeki-vergi-affi-uygulamasi\/","url":"https:\/\/www.ecovis.com\/focus-tuerkei\/tuerkiyedeki-vergi-affi-uygulamasi\/","name":"T\u00dcRK\u0130YE\u2019DEK\u0130 VERG\u0130 AFFI UYGULAMASI - Fokus T\u00fcrkei","isPartOf":{"@id":"https:\/\/www.ecovis.com\/focus-tuerkei\/#website"},"datePublished":"2016-09-23T12:00:06+00:00","dateModified":"2021-09-03T12:04:03+00:00","author":{"@id":"https:\/\/www.ecovis.com\/focus-tuerkei\/#\/schema\/person\/b94a369ead80f55a535b019ad573b42b"},"breadcrumb":{"@id":"https:\/\/www.ecovis.com\/focus-tuerkei\/tuerkiyedeki-vergi-affi-uygulamasi\/#breadcrumb"},"inLanguage":"de","potentialAction":[{"@type":"ReadAction","target":["https:\/\/www.ecovis.com\/focus-tuerkei\/tuerkiyedeki-vergi-affi-uygulamasi\/"]}]},{"@type":"BreadcrumbList","@id":"https:\/\/www.ecovis.com\/focus-tuerkei\/tuerkiyedeki-vergi-affi-uygulamasi\/#breadcrumb","itemListElement":[{"@type":"ListItem","position":1,"name":"Ecovis Global","item":"https:\/\/www.ecovis.com\/"},{"@type":"ListItem","position":2,"name":"Blog Fokus T\u00fcrkei","item":"https:\/\/www.ecovis.com\/focus-tuerkei\/"},{"@type":"ListItem","position":3,"name":"T\u00dcRK\u0130YE\u2019DEK\u0130 VERG\u0130 AFFI UYGULAMASI"}]},{"@type":"WebSite","@id":"https:\/\/www.ecovis.com\/focus-tuerkei\/#website","url":"https:\/\/www.ecovis.com\/focus-tuerkei\/","name":"Ecovis.com","description":"","potentialAction":[{"@type":"SearchAction","target":{"@type":"EntryPoint","urlTemplate":"https:\/\/www.ecovis.com\/focus-tuerkei\/?s={search_term_string}"},"query-input":{"@type":"PropertyValueSpecification","valueRequired":true,"valueName":"search_term_string"}}],"inLanguage":"de"},{"@type":"Person","@id":"https:\/\/www.ecovis.com\/focus-tuerkei\/#\/schema\/person\/b94a369ead80f55a535b019ad573b42b","name":"kh_focus-tuerkei","image":{"@type":"ImageObject","inLanguage":"de","@id":"https:\/\/secure.gravatar.com\/avatar\/b6ecda5d1aade4ea3b3249529c1bddf9bc259cc852a4c8ab7d6d299a5c3ab838?s=96&d=mm&r=g","url":"https:\/\/secure.gravatar.com\/avatar\/b6ecda5d1aade4ea3b3249529c1bddf9bc259cc852a4c8ab7d6d299a5c3ab838?s=96&d=mm&r=g","contentUrl":"https:\/\/secure.gravatar.com\/avatar\/b6ecda5d1aade4ea3b3249529c1bddf9bc259cc852a4c8ab7d6d299a5c3ab838?s=96&d=mm&r=g","caption":"kh_focus-tuerkei"},"url":"https:\/\/www.ecovis.com\/focus-tuerkei\/author\/kh_focus-tuerkei\/"}]}},"featured_image_url":"","featured_image_url_large":"","_links":{"self":[{"href":"https:\/\/www.ecovis.com\/focus-tuerkei\/wp-json\/wp\/v2\/posts\/2243","targetHints":{"allow":["GET"]}}],"collection":[{"href":"https:\/\/www.ecovis.com\/focus-tuerkei\/wp-json\/wp\/v2\/posts"}],"about":[{"href":"https:\/\/www.ecovis.com\/focus-tuerkei\/wp-json\/wp\/v2\/types\/post"}],"author":[{"embeddable":true,"href":"https:\/\/www.ecovis.com\/focus-tuerkei\/wp-json\/wp\/v2\/users\/11"}],"replies":[{"embeddable":true,"href":"https:\/\/www.ecovis.com\/focus-tuerkei\/wp-json\/wp\/v2\/comments?post=2243"}],"version-history":[{"count":1,"href":"https:\/\/www.ecovis.com\/focus-tuerkei\/wp-json\/wp\/v2\/posts\/2243\/revisions"}],"predecessor-version":[{"id":2245,"href":"https:\/\/www.ecovis.com\/focus-tuerkei\/wp-json\/wp\/v2\/posts\/2243\/revisions\/2245"}],"wp:attachment":[{"href":"https:\/\/www.ecovis.com\/focus-tuerkei\/wp-json\/wp\/v2\/media?parent=2243"}],"wp:term":[{"taxonomy":"category","embeddable":true,"href":"https:\/\/www.ecovis.com\/focus-tuerkei\/wp-json\/wp\/v2\/categories?post=2243"},{"taxonomy":"post_tag","embeddable":true,"href":"https:\/\/www.ecovis.com\/focus-tuerkei\/wp-json\/wp\/v2\/tags?post=2243"}],"curies":[{"name":"wp","href":"https:\/\/api.w.org\/{rel}","templated":true}]}}