{"id":2229,"date":"2021-03-23T13:52:14","date_gmt":"2021-03-23T12:52:14","guid":{"rendered":"https:\/\/www.ecovis.com\/focus-tuerkei\/?p=2229"},"modified":"2021-09-03T14:06:27","modified_gmt":"2021-09-03T12:06:27","slug":"interview-bei-ebru-destan-guendem-tv8-ueber-wichtige-kriterien-bei-der-auswahl-des-steuerberaters","status":"publish","type":"post","link":"https:\/\/www.ecovis.com\/focus-tuerkei\/interview-bei-ebru-destan-guendem-tv8-ueber-wichtige-kriterien-bei-der-auswahl-des-steuerberaters\/","title":{"rendered":"Interview bei Ebru Destan G\u00fcndem tv8 \u00fcber wichtige Kriterien bei der Auswahl des Steuerberaters"},"content":{"rendered":"<p>Ebru Destan ile G\u00fcndem\/tv8\/ Yeminli Mali M\u00fcsavir<\/p>\n<p><a href=\"https:\/\/youtu.be\/WBUGSRENJ_E\" target=\"_blank\" rel=\"noopener\">https:\/\/youtu.be\/WBUGSRENJ_E<\/a><\/p>\n","protected":false},"excerpt":{"rendered":"<p>Ebru Destan ile G\u00fcndem\/tv8\/ Yeminli Mali M\u00fcsavir https:\/\/youtu.be\/WBUGSRENJ_E<\/p>\n","protected":false},"author":11,"featured_media":0,"comment_status":"closed","ping_status":"open","sticky":false,"template":"","format":"standard","meta":{"_acf_changed":false,"footnotes":""},"categories":[32],"tags":[],"class_list":["post-2229","post","type-post","status-publish","format-standard","hentry","category-blog"],"acf":[],"yoast_head":"<!-- This site is optimized with the Yoast SEO plugin v27.4 - https:\/\/yoast.com\/product\/yoast-seo-wordpress\/ -->\n<title>Interview bei Ebru Destan G\u00fcndem tv8 \u00fcber wichtige Kriterien bei der Auswahl des Steuerberaters - Fokus T\u00fcrkei<\/title>\n<meta name=\"robots\" content=\"index, follow, max-snippet:-1, max-image-preview:large, max-video-preview:-1\" \/>\n<link rel=\"canonical\" href=\"https:\/\/www.ecovis.com\/focus-tuerkei\/interview-bei-ebru-destan-guendem-tv8-ueber-wichtige-kriterien-bei-der-auswahl-des-steuerberaters\/\" \/>\n<meta property=\"og:locale\" content=\"de_DE\" \/>\n<meta property=\"og:type\" content=\"article\" \/>\n<meta property=\"og:title\" content=\"Interview bei Ebru Destan G\u00fcndem tv8 \u00fcber wichtige Kriterien bei der Auswahl des Steuerberaters - Fokus T\u00fcrkei\" \/>\n<meta property=\"og:description\" content=\"Ebru Destan ile G\u00fcndem\/tv8\/ Yeminli Mali M\u00fcsavir https:\/\/youtu.be\/WBUGSRENJ_E\" \/>\n<meta property=\"og:url\" content=\"https:\/\/www.ecovis.com\/focus-tuerkei\/interview-bei-ebru-destan-guendem-tv8-ueber-wichtige-kriterien-bei-der-auswahl-des-steuerberaters\/\" \/>\n<meta property=\"og:site_name\" content=\"Fokus T\u00fcrkei\" \/>\n<meta property=\"article:published_time\" content=\"2021-03-23T12:52:14+00:00\" \/>\n<meta property=\"article:modified_time\" content=\"2021-09-03T12:06:27+00:00\" \/>\n<meta name=\"author\" content=\"kh_focus-tuerkei\" \/>\n<meta name=\"twitter:card\" content=\"summary_large_image\" \/>\n<meta name=\"twitter:label1\" content=\"Verfasst von\" \/>\n\t<meta name=\"twitter:data1\" content=\"kh_focus-tuerkei\" \/>\n<script type=\"application\/ld+json\" class=\"yoast-schema-graph\">{\"@context\":\"https:\\\/\\\/schema.org\",\"@graph\":[{\"@type\":\"Article\",\"@id\":\"https:\\\/\\\/www.ecovis.com\\\/focus-tuerkei\\\/interview-bei-ebru-destan-guendem-tv8-ueber-wichtige-kriterien-bei-der-auswahl-des-steuerberaters\\\/#article\",\"isPartOf\":{\"@id\":\"https:\\\/\\\/www.ecovis.com\\\/focus-tuerkei\\\/interview-bei-ebru-destan-guendem-tv8-ueber-wichtige-kriterien-bei-der-auswahl-des-steuerberaters\\\/\"},\"author\":{\"name\":\"kh_focus-tuerkei\",\"@id\":\"https:\\\/\\\/www.ecovis.com\\\/focus-tuerkei\\\/#\\\/schema\\\/person\\\/b94a369ead80f55a535b019ad573b42b\"},\"headline\":\"Interview bei Ebru Destan G\u00fcndem tv8 \u00fcber wichtige Kriterien bei der Auswahl des Steuerberaters\",\"datePublished\":\"2021-03-23T12:52:14+00:00\",\"dateModified\":\"2021-09-03T12:06:27+00:00\",\"mainEntityOfPage\":{\"@id\":\"https:\\\/\\\/www.ecovis.com\\\/focus-tuerkei\\\/interview-bei-ebru-destan-guendem-tv8-ueber-wichtige-kriterien-bei-der-auswahl-des-steuerberaters\\\/\"},\"wordCount\":30,\"articleSection\":[\"Beitr\u00e4ge mit Fokus T\u00fcrkei\"],\"inLanguage\":\"de\"},{\"@type\":\"WebPage\",\"@id\":\"https:\\\/\\\/www.ecovis.com\\\/focus-tuerkei\\\/interview-bei-ebru-destan-guendem-tv8-ueber-wichtige-kriterien-bei-der-auswahl-des-steuerberaters\\\/\",\"url\":\"https:\\\/\\\/www.ecovis.com\\\/focus-tuerkei\\\/interview-bei-ebru-destan-guendem-tv8-ueber-wichtige-kriterien-bei-der-auswahl-des-steuerberaters\\\/\",\"name\":\"Interview bei Ebru Destan G\u00fcndem tv8 \u00fcber wichtige Kriterien bei der Auswahl des Steuerberaters - Fokus T\u00fcrkei\",\"isPartOf\":{\"@id\":\"https:\\\/\\\/www.ecovis.com\\\/focus-tuerkei\\\/#website\"},\"datePublished\":\"2021-03-23T12:52:14+00:00\",\"dateModified\":\"2021-09-03T12:06:27+00:00\",\"author\":{\"@id\":\"https:\\\/\\\/www.ecovis.com\\\/focus-tuerkei\\\/#\\\/schema\\\/person\\\/b94a369ead80f55a535b019ad573b42b\"},\"breadcrumb\":{\"@id\":\"https:\\\/\\\/www.ecovis.com\\\/focus-tuerkei\\\/interview-bei-ebru-destan-guendem-tv8-ueber-wichtige-kriterien-bei-der-auswahl-des-steuerberaters\\\/#breadcrumb\"},\"inLanguage\":\"de\",\"potentialAction\":[{\"@type\":\"ReadAction\",\"target\":[\"https:\\\/\\\/www.ecovis.com\\\/focus-tuerkei\\\/interview-bei-ebru-destan-guendem-tv8-ueber-wichtige-kriterien-bei-der-auswahl-des-steuerberaters\\\/\"]}]},{\"@type\":\"BreadcrumbList\",\"@id\":\"https:\\\/\\\/www.ecovis.com\\\/focus-tuerkei\\\/interview-bei-ebru-destan-guendem-tv8-ueber-wichtige-kriterien-bei-der-auswahl-des-steuerberaters\\\/#breadcrumb\",\"itemListElement\":[{\"@type\":\"ListItem\",\"position\":1,\"name\":\"Ecovis Global\",\"item\":\"https:\\\/\\\/www.ecovis.com\\\/\"},{\"@type\":\"ListItem\",\"position\":2,\"name\":\"Blog Fokus T\u00fcrkei\",\"item\":\"https:\\\/\\\/www.ecovis.com\\\/focus-tuerkei\\\/\"},{\"@type\":\"ListItem\",\"position\":3,\"name\":\"Interview bei Ebru Destan G\u00fcndem tv8 \u00fcber wichtige Kriterien bei der Auswahl des Steuerberaters\"}]},{\"@type\":\"WebSite\",\"@id\":\"https:\\\/\\\/www.ecovis.com\\\/focus-tuerkei\\\/#website\",\"url\":\"https:\\\/\\\/www.ecovis.com\\\/focus-tuerkei\\\/\",\"name\":\"Ecovis.com\",\"description\":\"\",\"potentialAction\":[{\"@type\":\"SearchAction\",\"target\":{\"@type\":\"EntryPoint\",\"urlTemplate\":\"https:\\\/\\\/www.ecovis.com\\\/focus-tuerkei\\\/?s={search_term_string}\"},\"query-input\":{\"@type\":\"PropertyValueSpecification\",\"valueRequired\":true,\"valueName\":\"search_term_string\"}}],\"inLanguage\":\"de\"},{\"@type\":\"Person\",\"@id\":\"https:\\\/\\\/www.ecovis.com\\\/focus-tuerkei\\\/#\\\/schema\\\/person\\\/b94a369ead80f55a535b019ad573b42b\",\"name\":\"kh_focus-tuerkei\",\"image\":{\"@type\":\"ImageObject\",\"inLanguage\":\"de\",\"@id\":\"https:\\\/\\\/secure.gravatar.com\\\/avatar\\\/b6ecda5d1aade4ea3b3249529c1bddf9bc259cc852a4c8ab7d6d299a5c3ab838?s=96&d=mm&r=g\",\"url\":\"https:\\\/\\\/secure.gravatar.com\\\/avatar\\\/b6ecda5d1aade4ea3b3249529c1bddf9bc259cc852a4c8ab7d6d299a5c3ab838?s=96&d=mm&r=g\",\"contentUrl\":\"https:\\\/\\\/secure.gravatar.com\\\/avatar\\\/b6ecda5d1aade4ea3b3249529c1bddf9bc259cc852a4c8ab7d6d299a5c3ab838?s=96&d=mm&r=g\",\"caption\":\"kh_focus-tuerkei\"},\"url\":\"https:\\\/\\\/www.ecovis.com\\\/focus-tuerkei\\\/author\\\/kh_focus-tuerkei\\\/\"}]}<\/script>\n<!-- \/ Yoast SEO plugin. -->","yoast_head_json":{"title":"Interview bei Ebru Destan G\u00fcndem tv8 \u00fcber wichtige Kriterien bei der Auswahl des Steuerberaters - Fokus T\u00fcrkei","robots":{"index":"index","follow":"follow","max-snippet":"max-snippet:-1","max-image-preview":"max-image-preview:large","max-video-preview":"max-video-preview:-1"},"canonical":"https:\/\/www.ecovis.com\/focus-tuerkei\/interview-bei-ebru-destan-guendem-tv8-ueber-wichtige-kriterien-bei-der-auswahl-des-steuerberaters\/","og_locale":"de_DE","og_type":"article","og_title":"Interview bei Ebru Destan G\u00fcndem tv8 \u00fcber wichtige Kriterien bei der Auswahl des Steuerberaters - Fokus T\u00fcrkei","og_description":"Ebru Destan ile G\u00fcndem\/tv8\/ Yeminli Mali M\u00fcsavir https:\/\/youtu.be\/WBUGSRENJ_E","og_url":"https:\/\/www.ecovis.com\/focus-tuerkei\/interview-bei-ebru-destan-guendem-tv8-ueber-wichtige-kriterien-bei-der-auswahl-des-steuerberaters\/","og_site_name":"Fokus T\u00fcrkei","article_published_time":"2021-03-23T12:52:14+00:00","article_modified_time":"2021-09-03T12:06:27+00:00","author":"kh_focus-tuerkei","twitter_card":"summary_large_image","twitter_misc":{"Verfasst von":"kh_focus-tuerkei"},"schema":{"@context":"https:\/\/schema.org","@graph":[{"@type":"Article","@id":"https:\/\/www.ecovis.com\/focus-tuerkei\/interview-bei-ebru-destan-guendem-tv8-ueber-wichtige-kriterien-bei-der-auswahl-des-steuerberaters\/#article","isPartOf":{"@id":"https:\/\/www.ecovis.com\/focus-tuerkei\/interview-bei-ebru-destan-guendem-tv8-ueber-wichtige-kriterien-bei-der-auswahl-des-steuerberaters\/"},"author":{"name":"kh_focus-tuerkei","@id":"https:\/\/www.ecovis.com\/focus-tuerkei\/#\/schema\/person\/b94a369ead80f55a535b019ad573b42b"},"headline":"Interview bei Ebru Destan G\u00fcndem tv8 \u00fcber wichtige Kriterien bei der Auswahl des Steuerberaters","datePublished":"2021-03-23T12:52:14+00:00","dateModified":"2021-09-03T12:06:27+00:00","mainEntityOfPage":{"@id":"https:\/\/www.ecovis.com\/focus-tuerkei\/interview-bei-ebru-destan-guendem-tv8-ueber-wichtige-kriterien-bei-der-auswahl-des-steuerberaters\/"},"wordCount":30,"articleSection":["Beitr\u00e4ge mit Fokus T\u00fcrkei"],"inLanguage":"de"},{"@type":"WebPage","@id":"https:\/\/www.ecovis.com\/focus-tuerkei\/interview-bei-ebru-destan-guendem-tv8-ueber-wichtige-kriterien-bei-der-auswahl-des-steuerberaters\/","url":"https:\/\/www.ecovis.com\/focus-tuerkei\/interview-bei-ebru-destan-guendem-tv8-ueber-wichtige-kriterien-bei-der-auswahl-des-steuerberaters\/","name":"Interview bei Ebru Destan G\u00fcndem tv8 \u00fcber wichtige Kriterien bei der Auswahl des Steuerberaters - Fokus T\u00fcrkei","isPartOf":{"@id":"https:\/\/www.ecovis.com\/focus-tuerkei\/#website"},"datePublished":"2021-03-23T12:52:14+00:00","dateModified":"2021-09-03T12:06:27+00:00","author":{"@id":"https:\/\/www.ecovis.com\/focus-tuerkei\/#\/schema\/person\/b94a369ead80f55a535b019ad573b42b"},"breadcrumb":{"@id":"https:\/\/www.ecovis.com\/focus-tuerkei\/interview-bei-ebru-destan-guendem-tv8-ueber-wichtige-kriterien-bei-der-auswahl-des-steuerberaters\/#breadcrumb"},"inLanguage":"de","potentialAction":[{"@type":"ReadAction","target":["https:\/\/www.ecovis.com\/focus-tuerkei\/interview-bei-ebru-destan-guendem-tv8-ueber-wichtige-kriterien-bei-der-auswahl-des-steuerberaters\/"]}]},{"@type":"BreadcrumbList","@id":"https:\/\/www.ecovis.com\/focus-tuerkei\/interview-bei-ebru-destan-guendem-tv8-ueber-wichtige-kriterien-bei-der-auswahl-des-steuerberaters\/#breadcrumb","itemListElement":[{"@type":"ListItem","position":1,"name":"Ecovis Global","item":"https:\/\/www.ecovis.com\/"},{"@type":"ListItem","position":2,"name":"Blog Fokus T\u00fcrkei","item":"https:\/\/www.ecovis.com\/focus-tuerkei\/"},{"@type":"ListItem","position":3,"name":"Interview bei Ebru Destan G\u00fcndem tv8 \u00fcber wichtige Kriterien bei der Auswahl des Steuerberaters"}]},{"@type":"WebSite","@id":"https:\/\/www.ecovis.com\/focus-tuerkei\/#website","url":"https:\/\/www.ecovis.com\/focus-tuerkei\/","name":"Ecovis.com","description":"","potentialAction":[{"@type":"SearchAction","target":{"@type":"EntryPoint","urlTemplate":"https:\/\/www.ecovis.com\/focus-tuerkei\/?s={search_term_string}"},"query-input":{"@type":"PropertyValueSpecification","valueRequired":true,"valueName":"search_term_string"}}],"inLanguage":"de"},{"@type":"Person","@id":"https:\/\/www.ecovis.com\/focus-tuerkei\/#\/schema\/person\/b94a369ead80f55a535b019ad573b42b","name":"kh_focus-tuerkei","image":{"@type":"ImageObject","inLanguage":"de","@id":"https:\/\/secure.gravatar.com\/avatar\/b6ecda5d1aade4ea3b3249529c1bddf9bc259cc852a4c8ab7d6d299a5c3ab838?s=96&d=mm&r=g","url":"https:\/\/secure.gravatar.com\/avatar\/b6ecda5d1aade4ea3b3249529c1bddf9bc259cc852a4c8ab7d6d299a5c3ab838?s=96&d=mm&r=g","contentUrl":"https:\/\/secure.gravatar.com\/avatar\/b6ecda5d1aade4ea3b3249529c1bddf9bc259cc852a4c8ab7d6d299a5c3ab838?s=96&d=mm&r=g","caption":"kh_focus-tuerkei"},"url":"https:\/\/www.ecovis.com\/focus-tuerkei\/author\/kh_focus-tuerkei\/"}]}},"featured_image_url":"","featured_image_url_large":"","_links":{"self":[{"href":"https:\/\/www.ecovis.com\/focus-tuerkei\/wp-json\/wp\/v2\/posts\/2229","targetHints":{"allow":["GET"]}}],"collection":[{"href":"https:\/\/www.ecovis.com\/focus-tuerkei\/wp-json\/wp\/v2\/posts"}],"about":[{"href":"https:\/\/www.ecovis.com\/focus-tuerkei\/wp-json\/wp\/v2\/types\/post"}],"author":[{"embeddable":true,"href":"https:\/\/www.ecovis.com\/focus-tuerkei\/wp-json\/wp\/v2\/users\/11"}],"replies":[{"embeddable":true,"href":"https:\/\/www.ecovis.com\/focus-tuerkei\/wp-json\/wp\/v2\/comments?post=2229"}],"version-history":[{"count":3,"href":"https:\/\/www.ecovis.com\/focus-tuerkei\/wp-json\/wp\/v2\/posts\/2229\/revisions"}],"predecessor-version":[{"id":2266,"href":"https:\/\/www.ecovis.com\/focus-tuerkei\/wp-json\/wp\/v2\/posts\/2229\/revisions\/2266"}],"wp:attachment":[{"href":"https:\/\/www.ecovis.com\/focus-tuerkei\/wp-json\/wp\/v2\/media?parent=2229"}],"wp:term":[{"taxonomy":"category","embeddable":true,"href":"https:\/\/www.ecovis.com\/focus-tuerkei\/wp-json\/wp\/v2\/categories?post=2229"},{"taxonomy":"post_tag","embeddable":true,"href":"https:\/\/www.ecovis.com\/focus-tuerkei\/wp-json\/wp\/v2\/tags?post=2229"}],"curies":[{"name":"wp","href":"https:\/\/api.w.org\/{rel}","templated":true}]}}