{"id":2270,"date":"2021-08-23T16:11:18","date_gmt":"2021-08-23T14:11:18","guid":{"rendered":"https:\/\/www.ecovis.com\/denmark\/dk\/?p=2270"},"modified":"2021-08-30T13:46:00","modified_gmt":"2021-08-30T11:46:00","slug":"nu-skal-der-tages-stilling-til-de-indefrosne-feriepenge","status":"publish","type":"post","link":"https:\/\/www.ecovis.com\/denmark\/dk\/nu-skal-der-tages-stilling-til-de-indefrosne-feriepenge\/","title":{"rendered":"Nu skal der tages stilling til de indefrosne feriepenge"},"content":{"rendered":"<p>Senest den 31. august 2021 skal virksomheder tage stilling til om de \u00f8nsker at beholde eller indbetales de indefrosne feriemidler til L\u00f8nmodtagernes Feriemidler.<!--more--><\/p>\n<p>Indberetning af virksomhedens valg skal ske via selvbetjening:<br \/>\n<a href=\"https:\/\/virk.dk\/myndigheder\/stat\/feriemidler\/selvbetjening\/Jeres_indberetninger_for_overgangsaaret\/\">https:\/\/virk.dk\/myndigheder\/stat\/feriemidler\/selvbetjening\/Jeres_indberetninger_for_overgangsaaret\/<\/a><\/p>\n<h3>Hvis virksomheden \u00f8nsker at indbetale alle feriepengene<\/h3>\n<p>S\u00e5fremt virksomheden \u00f8nsker at indbetale <strong>alle <\/strong>feriepengene til fonden, skal man ikke foretage sig noget.<\/p>\n<p>Fonden vil i s\u00e5 fald sende en opkr\u00e6vning til virksomheden p\u00e5 alle indefrosne feriepenge til betaling den 1. september 2021.<\/p>\n<h3>Hvis virksomheden \u00f8nsker at beholde feriepengene<\/h3>\n<p>Virksomheder kan v\u00e6lge at beholde alle eller en del af feriepengene.<\/p>\n<p>\u00d8nsker virksomheden at beholde en del eller alle feriepengene skal de medarbejdere, hvis feriepenge virksomheden \u00f8nsker at beholde, markeres i selvbetjeningsl\u00f8sningen.<\/p>\n<p><strong>Det er vigtigt at dette valg indberettes inden 1. september 2021, da virksomheden ellers vil blive opkr\u00e6vet alle de indefrosne feriepenge.<\/strong><\/p>\n<p>Konsekvensen ved at beholde er at feriepenge skal indekseres. Indekseringen skal indbetales \u00e9n gang \u00e5rligt, den 1. september. Indeksering tilskrives den 31. maj hvert \u00e5r.<\/p>\n<p>For perioden 1. september 2020 til 31. maj 2021 er den \u00e5rlige indekseringssats 1,5 %<\/p>\n<h3>Feriepenge som virksomheden altid skal indbetale<\/h3>\n<p>Virksomheden bliver opkr\u00e6vet feriepenge fra overgangs\u00e5ret for medarbejdere, der har ret til at f\u00e5 feriepengene udbetalt fra L\u00f8nmodtagernes Feriemidler. Det sker helt automatisk, hvis medarbejderen:<\/p>\n<ul>\n<li>d\u00f8r<\/li>\n<li>har ans\u00f8gt om udbetaling af feriepengene fx ved udrejse fra Danmark eller tilkendt f\u00f8rtidspension mv. Opkr\u00e6vningen omfatter ikke de to f\u00f8rtidige udbetalinger af feriemidler i efter\u00e5ret 2020 og for\u00e5ret 2021.<\/li>\n<li>n\u00e5r folkepensionsalderen<\/li>\n<li>har optjent feriepenge, der ikke overstiger 1.500 kr. i overgangs\u00e5ret<\/li>\n<\/ul>\n<p>Det er uden betydning for arbejdsgivers ret til at beholde feriemidlerne i virksomheden, om medarbejderen har f\u00e5et f\u00f8rtidigt udbetalt ved ans\u00f8gningsrunderne i 2020 og 2021. Feriemidlerne for disse medarbejde vil I skulle indbetale, n\u00e5r medarbejderen n\u00e5r folkepensionsalderen eller d\u00f8r, eller hvis de indberettede feriemidler ikke overstiger 1.500 kr.<\/p>\n<h3>Skal pengene indbetales eller blive i virksomheden?<\/h3>\n<p>Hvorvidt I som virksomhed skal indbetale alle de indefrosne feriemidler, en andel heraf eller om I skal beholde pengene i virksomheden, afh\u00e6nger af virksomhedens \u00f8konomi, likviditet, ind- og udl\u00e5nsrenter.<\/p>\n<p>Hvis man skal give nogle generelle anbefalinger, vil det v\u00e6re, at hvis virksomheden har overskudslikviditet der ikke indg\u00e5r i kapitalberedskabet, hvor man ikke f\u00e5r renteindt\u00e6gter eller betaler negative renter, s\u00e5 vil det v\u00e6re en fordel at indbetale til fonden. Men hvis man betaler rente p\u00e5 l\u00e5n eller kassekredit, der ligger over den rente, man skal betale til fonden, s\u00e5 b\u00f8r man ikke indbetale. Renten er for nuv\u00e6rende 1,5 %.<\/p>\n<p>Hvis I v\u00e6lger at beholde pengene i virksomheden, skal I v\u00e6re opm\u00e6rksomme p\u00e5 de administrative byrder der medf\u00f8lger. Disse vil v\u00e6re i form af administration i forhold til den l\u00f8bende indeksering (som omtalt ovenfor), samt \u00e5rlige indberetninger til Fonden.<\/p>\n","protected":false},"excerpt":{"rendered":"<p>Senest den 31. august 2021 skal virksomheder tage stilling til om de \u00f8nsker at beholde eller indbetales de indefrosne feriemidler til L\u00f8nmodtagernes Feriemidler.<\/p>\n","protected":false},"author":6,"featured_media":2269,"comment_status":"closed","ping_status":"open","sticky":false,"template":"","format":"standard","meta":{"_acf_changed":false,"footnotes":""},"categories":[17],"tags":[],"class_list":["post-2270","post","type-post","status-publish","format-standard","has-post-thumbnail","hentry","category-nyheder"],"acf":[],"yoast_head":"<!-- This site is optimized with the Yoast SEO plugin v27.4 - https:\/\/yoast.com\/product\/yoast-seo-wordpress\/ -->\n<title>Nu skal der tages stilling til de indefrosne feriepenge - Ecovis i Danmark<\/title>\n<meta name=\"robots\" content=\"index, follow, max-snippet:-1, max-image-preview:large, max-video-preview:-1\" \/>\n<link rel=\"canonical\" href=\"https:\/\/www.ecovis.com\/denmark\/dk\/nu-skal-der-tages-stilling-til-de-indefrosne-feriepenge\/\" \/>\n<meta property=\"og:locale\" content=\"da_DK\" \/>\n<meta property=\"og:type\" content=\"article\" \/>\n<meta property=\"og:title\" content=\"Nu skal der tages stilling til de indefrosne feriepenge - Ecovis i Danmark\" \/>\n<meta property=\"og:description\" content=\"Senest den 31. august 2021 skal virksomheder tage stilling til om de \u00f8nsker at beholde eller indbetales de indefrosne feriemidler til L\u00f8nmodtagernes Feriemidler.\" \/>\n<meta property=\"og:url\" content=\"https:\/\/www.ecovis.com\/denmark\/dk\/nu-skal-der-tages-stilling-til-de-indefrosne-feriepenge\/\" \/>\n<meta property=\"og:site_name\" content=\"Ecovis i Danmark\" \/>\n<meta property=\"article:published_time\" content=\"2021-08-23T14:11:18+00:00\" \/>\n<meta property=\"article:modified_time\" content=\"2021-08-30T11:46:00+00:00\" \/>\n<meta property=\"og:image\" content=\"https:\/\/www.ecovis.com\/denmark\/dk\/wp-content\/uploads\/sites\/4\/2021\/08\/vermoegenssicherung.jpg\" \/>\n\t<meta property=\"og:image:width\" content=\"1280\" \/>\n\t<meta property=\"og:image:height\" content=\"550\" \/>\n\t<meta property=\"og:image:type\" content=\"image\/jpeg\" \/>\n<meta name=\"author\" content=\"denmarkfelix\" \/>\n<meta name=\"twitter:card\" content=\"summary_large_image\" \/>\n<meta name=\"twitter:label1\" content=\"Skrevet af\" \/>\n\t<meta name=\"twitter:data1\" content=\"denmarkfelix\" \/>\n\t<meta name=\"twitter:label2\" content=\"Estimeret l\u00e6setid\" \/>\n\t<meta name=\"twitter:data2\" content=\"2 minutter\" \/>\n<script type=\"application\/ld+json\" class=\"yoast-schema-graph\">{\"@context\":\"https:\\\/\\\/schema.org\",\"@graph\":[{\"@type\":\"Article\",\"@id\":\"https:\\\/\\\/www.ecovis.com\\\/denmark\\\/dk\\\/nu-skal-der-tages-stilling-til-de-indefrosne-feriepenge\\\/#article\",\"isPartOf\":{\"@id\":\"https:\\\/\\\/www.ecovis.com\\\/denmark\\\/dk\\\/nu-skal-der-tages-stilling-til-de-indefrosne-feriepenge\\\/\"},\"author\":{\"name\":\"denmarkfelix\",\"@id\":\"https:\\\/\\\/www.ecovis.com\\\/denmark\\\/dk\\\/#\\\/schema\\\/person\\\/9268a22000f7251631fc05e35f3965a9\"},\"headline\":\"Nu skal der tages stilling til de indefrosne feriepenge\",\"datePublished\":\"2021-08-23T14:11:18+00:00\",\"dateModified\":\"2021-08-30T11:46:00+00:00\",\"mainEntityOfPage\":{\"@id\":\"https:\\\/\\\/www.ecovis.com\\\/denmark\\\/dk\\\/nu-skal-der-tages-stilling-til-de-indefrosne-feriepenge\\\/\"},\"wordCount\":476,\"image\":{\"@id\":\"https:\\\/\\\/www.ecovis.com\\\/denmark\\\/dk\\\/nu-skal-der-tages-stilling-til-de-indefrosne-feriepenge\\\/#primaryimage\"},\"thumbnailUrl\":\"https:\\\/\\\/www.ecovis.com\\\/denmark\\\/dk\\\/wp-content\\\/uploads\\\/sites\\\/4\\\/2021\\\/08\\\/vermoegenssicherung.jpg\",\"articleSection\":[\"Nyheder\"],\"inLanguage\":\"da-DK\"},{\"@type\":\"WebPage\",\"@id\":\"https:\\\/\\\/www.ecovis.com\\\/denmark\\\/dk\\\/nu-skal-der-tages-stilling-til-de-indefrosne-feriepenge\\\/\",\"url\":\"https:\\\/\\\/www.ecovis.com\\\/denmark\\\/dk\\\/nu-skal-der-tages-stilling-til-de-indefrosne-feriepenge\\\/\",\"name\":\"Nu skal der tages stilling til de indefrosne feriepenge - Ecovis i Danmark\",\"isPartOf\":{\"@id\":\"https:\\\/\\\/www.ecovis.com\\\/denmark\\\/dk\\\/#website\"},\"primaryImageOfPage\":{\"@id\":\"https:\\\/\\\/www.ecovis.com\\\/denmark\\\/dk\\\/nu-skal-der-tages-stilling-til-de-indefrosne-feriepenge\\\/#primaryimage\"},\"image\":{\"@id\":\"https:\\\/\\\/www.ecovis.com\\\/denmark\\\/dk\\\/nu-skal-der-tages-stilling-til-de-indefrosne-feriepenge\\\/#primaryimage\"},\"thumbnailUrl\":\"https:\\\/\\\/www.ecovis.com\\\/denmark\\\/dk\\\/wp-content\\\/uploads\\\/sites\\\/4\\\/2021\\\/08\\\/vermoegenssicherung.jpg\",\"datePublished\":\"2021-08-23T14:11:18+00:00\",\"dateModified\":\"2021-08-30T11:46:00+00:00\",\"author\":{\"@id\":\"https:\\\/\\\/www.ecovis.com\\\/denmark\\\/dk\\\/#\\\/schema\\\/person\\\/9268a22000f7251631fc05e35f3965a9\"},\"breadcrumb\":{\"@id\":\"https:\\\/\\\/www.ecovis.com\\\/denmark\\\/dk\\\/nu-skal-der-tages-stilling-til-de-indefrosne-feriepenge\\\/#breadcrumb\"},\"inLanguage\":\"da-DK\",\"potentialAction\":[{\"@type\":\"ReadAction\",\"target\":[\"https:\\\/\\\/www.ecovis.com\\\/denmark\\\/dk\\\/nu-skal-der-tages-stilling-til-de-indefrosne-feriepenge\\\/\"]}]},{\"@type\":\"ImageObject\",\"inLanguage\":\"da-DK\",\"@id\":\"https:\\\/\\\/www.ecovis.com\\\/denmark\\\/dk\\\/nu-skal-der-tages-stilling-til-de-indefrosne-feriepenge\\\/#primaryimage\",\"url\":\"https:\\\/\\\/www.ecovis.com\\\/denmark\\\/dk\\\/wp-content\\\/uploads\\\/sites\\\/4\\\/2021\\\/08\\\/vermoegenssicherung.jpg\",\"contentUrl\":\"https:\\\/\\\/www.ecovis.com\\\/denmark\\\/dk\\\/wp-content\\\/uploads\\\/sites\\\/4\\\/2021\\\/08\\\/vermoegenssicherung.jpg\",\"width\":1280,\"height\":550},{\"@type\":\"BreadcrumbList\",\"@id\":\"https:\\\/\\\/www.ecovis.com\\\/denmark\\\/dk\\\/nu-skal-der-tages-stilling-til-de-indefrosne-feriepenge\\\/#breadcrumb\",\"itemListElement\":[{\"@type\":\"ListItem\",\"position\":1,\"name\":\"Ecovis Global\",\"item\":\"https:\\\/\\\/www.ecovis.com\\\/\"},{\"@type\":\"ListItem\",\"position\":2,\"name\":\"Forside\",\"item\":\"https:\\\/\\\/www.ecovis.com\\\/denmark\\\/dk\\\/\"},{\"@type\":\"ListItem\",\"position\":3,\"name\":\"Nu skal der tages stilling til de indefrosne feriepenge\"}]},{\"@type\":\"WebSite\",\"@id\":\"https:\\\/\\\/www.ecovis.com\\\/denmark\\\/dk\\\/#website\",\"url\":\"https:\\\/\\\/www.ecovis.com\\\/denmark\\\/dk\\\/\",\"name\":\"Ecovis.com\",\"description\":\"\",\"potentialAction\":[{\"@type\":\"SearchAction\",\"target\":{\"@type\":\"EntryPoint\",\"urlTemplate\":\"https:\\\/\\\/www.ecovis.com\\\/denmark\\\/dk\\\/?s={search_term_string}\"},\"query-input\":{\"@type\":\"PropertyValueSpecification\",\"valueRequired\":true,\"valueName\":\"search_term_string\"}}],\"inLanguage\":\"da-DK\"},{\"@type\":\"Person\",\"@id\":\"https:\\\/\\\/www.ecovis.com\\\/denmark\\\/dk\\\/#\\\/schema\\\/person\\\/9268a22000f7251631fc05e35f3965a9\",\"name\":\"denmarkfelix\",\"image\":{\"@type\":\"ImageObject\",\"inLanguage\":\"da-DK\",\"@id\":\"https:\\\/\\\/secure.gravatar.com\\\/avatar\\\/5ce6f6b5a5b921e07e167daf0db9195b026559db86a8606174d985cbbcb9abb7?s=96&d=mm&r=g\",\"url\":\"https:\\\/\\\/secure.gravatar.com\\\/avatar\\\/5ce6f6b5a5b921e07e167daf0db9195b026559db86a8606174d985cbbcb9abb7?s=96&d=mm&r=g\",\"contentUrl\":\"https:\\\/\\\/secure.gravatar.com\\\/avatar\\\/5ce6f6b5a5b921e07e167daf0db9195b026559db86a8606174d985cbbcb9abb7?s=96&d=mm&r=g\",\"caption\":\"denmarkfelix\"},\"url\":\"https:\\\/\\\/www.ecovis.com\\\/denmark\\\/dk\\\/author\\\/denmarkfelix\\\/\"}]}<\/script>\n<!-- \/ Yoast SEO plugin. -->","yoast_head_json":{"title":"Nu skal der tages stilling til de indefrosne feriepenge - Ecovis i Danmark","robots":{"index":"index","follow":"follow","max-snippet":"max-snippet:-1","max-image-preview":"max-image-preview:large","max-video-preview":"max-video-preview:-1"},"canonical":"https:\/\/www.ecovis.com\/denmark\/dk\/nu-skal-der-tages-stilling-til-de-indefrosne-feriepenge\/","og_locale":"da_DK","og_type":"article","og_title":"Nu skal der tages stilling til de indefrosne feriepenge - Ecovis i Danmark","og_description":"Senest den 31. august 2021 skal virksomheder tage stilling til om de \u00f8nsker at beholde eller indbetales de indefrosne feriemidler til L\u00f8nmodtagernes Feriemidler.","og_url":"https:\/\/www.ecovis.com\/denmark\/dk\/nu-skal-der-tages-stilling-til-de-indefrosne-feriepenge\/","og_site_name":"Ecovis i Danmark","article_published_time":"2021-08-23T14:11:18+00:00","article_modified_time":"2021-08-30T11:46:00+00:00","og_image":[{"width":1280,"height":550,"url":"https:\/\/www.ecovis.com\/denmark\/dk\/wp-content\/uploads\/sites\/4\/2021\/08\/vermoegenssicherung.jpg","type":"image\/jpeg"}],"author":"denmarkfelix","twitter_card":"summary_large_image","twitter_misc":{"Skrevet af":"denmarkfelix","Estimeret l\u00e6setid":"2 minutter"},"schema":{"@context":"https:\/\/schema.org","@graph":[{"@type":"Article","@id":"https:\/\/www.ecovis.com\/denmark\/dk\/nu-skal-der-tages-stilling-til-de-indefrosne-feriepenge\/#article","isPartOf":{"@id":"https:\/\/www.ecovis.com\/denmark\/dk\/nu-skal-der-tages-stilling-til-de-indefrosne-feriepenge\/"},"author":{"name":"denmarkfelix","@id":"https:\/\/www.ecovis.com\/denmark\/dk\/#\/schema\/person\/9268a22000f7251631fc05e35f3965a9"},"headline":"Nu skal der tages stilling til de indefrosne feriepenge","datePublished":"2021-08-23T14:11:18+00:00","dateModified":"2021-08-30T11:46:00+00:00","mainEntityOfPage":{"@id":"https:\/\/www.ecovis.com\/denmark\/dk\/nu-skal-der-tages-stilling-til-de-indefrosne-feriepenge\/"},"wordCount":476,"image":{"@id":"https:\/\/www.ecovis.com\/denmark\/dk\/nu-skal-der-tages-stilling-til-de-indefrosne-feriepenge\/#primaryimage"},"thumbnailUrl":"https:\/\/www.ecovis.com\/denmark\/dk\/wp-content\/uploads\/sites\/4\/2021\/08\/vermoegenssicherung.jpg","articleSection":["Nyheder"],"inLanguage":"da-DK"},{"@type":"WebPage","@id":"https:\/\/www.ecovis.com\/denmark\/dk\/nu-skal-der-tages-stilling-til-de-indefrosne-feriepenge\/","url":"https:\/\/www.ecovis.com\/denmark\/dk\/nu-skal-der-tages-stilling-til-de-indefrosne-feriepenge\/","name":"Nu skal der tages stilling til de indefrosne feriepenge - Ecovis i Danmark","isPartOf":{"@id":"https:\/\/www.ecovis.com\/denmark\/dk\/#website"},"primaryImageOfPage":{"@id":"https:\/\/www.ecovis.com\/denmark\/dk\/nu-skal-der-tages-stilling-til-de-indefrosne-feriepenge\/#primaryimage"},"image":{"@id":"https:\/\/www.ecovis.com\/denmark\/dk\/nu-skal-der-tages-stilling-til-de-indefrosne-feriepenge\/#primaryimage"},"thumbnailUrl":"https:\/\/www.ecovis.com\/denmark\/dk\/wp-content\/uploads\/sites\/4\/2021\/08\/vermoegenssicherung.jpg","datePublished":"2021-08-23T14:11:18+00:00","dateModified":"2021-08-30T11:46:00+00:00","author":{"@id":"https:\/\/www.ecovis.com\/denmark\/dk\/#\/schema\/person\/9268a22000f7251631fc05e35f3965a9"},"breadcrumb":{"@id":"https:\/\/www.ecovis.com\/denmark\/dk\/nu-skal-der-tages-stilling-til-de-indefrosne-feriepenge\/#breadcrumb"},"inLanguage":"da-DK","potentialAction":[{"@type":"ReadAction","target":["https:\/\/www.ecovis.com\/denmark\/dk\/nu-skal-der-tages-stilling-til-de-indefrosne-feriepenge\/"]}]},{"@type":"ImageObject","inLanguage":"da-DK","@id":"https:\/\/www.ecovis.com\/denmark\/dk\/nu-skal-der-tages-stilling-til-de-indefrosne-feriepenge\/#primaryimage","url":"https:\/\/www.ecovis.com\/denmark\/dk\/wp-content\/uploads\/sites\/4\/2021\/08\/vermoegenssicherung.jpg","contentUrl":"https:\/\/www.ecovis.com\/denmark\/dk\/wp-content\/uploads\/sites\/4\/2021\/08\/vermoegenssicherung.jpg","width":1280,"height":550},{"@type":"BreadcrumbList","@id":"https:\/\/www.ecovis.com\/denmark\/dk\/nu-skal-der-tages-stilling-til-de-indefrosne-feriepenge\/#breadcrumb","itemListElement":[{"@type":"ListItem","position":1,"name":"Ecovis Global","item":"https:\/\/www.ecovis.com\/"},{"@type":"ListItem","position":2,"name":"Forside","item":"https:\/\/www.ecovis.com\/denmark\/dk\/"},{"@type":"ListItem","position":3,"name":"Nu skal der tages stilling til de indefrosne feriepenge"}]},{"@type":"WebSite","@id":"https:\/\/www.ecovis.com\/denmark\/dk\/#website","url":"https:\/\/www.ecovis.com\/denmark\/dk\/","name":"Ecovis.com","description":"","potentialAction":[{"@type":"SearchAction","target":{"@type":"EntryPoint","urlTemplate":"https:\/\/www.ecovis.com\/denmark\/dk\/?s={search_term_string}"},"query-input":{"@type":"PropertyValueSpecification","valueRequired":true,"valueName":"search_term_string"}}],"inLanguage":"da-DK"},{"@type":"Person","@id":"https:\/\/www.ecovis.com\/denmark\/dk\/#\/schema\/person\/9268a22000f7251631fc05e35f3965a9","name":"denmarkfelix","image":{"@type":"ImageObject","inLanguage":"da-DK","@id":"https:\/\/secure.gravatar.com\/avatar\/5ce6f6b5a5b921e07e167daf0db9195b026559db86a8606174d985cbbcb9abb7?s=96&d=mm&r=g","url":"https:\/\/secure.gravatar.com\/avatar\/5ce6f6b5a5b921e07e167daf0db9195b026559db86a8606174d985cbbcb9abb7?s=96&d=mm&r=g","contentUrl":"https:\/\/secure.gravatar.com\/avatar\/5ce6f6b5a5b921e07e167daf0db9195b026559db86a8606174d985cbbcb9abb7?s=96&d=mm&r=g","caption":"denmarkfelix"},"url":"https:\/\/www.ecovis.com\/denmark\/dk\/author\/denmarkfelix\/"}]}},"featured_image_url":"https:\/\/www.ecovis.com\/denmark\/dk\/wp-content\/uploads\/sites\/4\/2021\/08\/vermoegenssicherung-300x150.jpg","featured_image_url_large":"https:\/\/www.ecovis.com\/denmark\/dk\/wp-content\/uploads\/sites\/4\/2021\/08\/vermoegenssicherung-1280x550.jpg","_links":{"self":[{"href":"https:\/\/www.ecovis.com\/denmark\/dk\/wp-json\/wp\/v2\/posts\/2270","targetHints":{"allow":["GET"]}}],"collection":[{"href":"https:\/\/www.ecovis.com\/denmark\/dk\/wp-json\/wp\/v2\/posts"}],"about":[{"href":"https:\/\/www.ecovis.com\/denmark\/dk\/wp-json\/wp\/v2\/types\/post"}],"author":[{"embeddable":true,"href":"https:\/\/www.ecovis.com\/denmark\/dk\/wp-json\/wp\/v2\/users\/6"}],"replies":[{"embeddable":true,"href":"https:\/\/www.ecovis.com\/denmark\/dk\/wp-json\/wp\/v2\/comments?post=2270"}],"version-history":[{"count":3,"href":"https:\/\/www.ecovis.com\/denmark\/dk\/wp-json\/wp\/v2\/posts\/2270\/revisions"}],"predecessor-version":[{"id":2273,"href":"https:\/\/www.ecovis.com\/denmark\/dk\/wp-json\/wp\/v2\/posts\/2270\/revisions\/2273"}],"wp:featuredmedia":[{"embeddable":true,"href":"https:\/\/www.ecovis.com\/denmark\/dk\/wp-json\/wp\/v2\/media\/2269"}],"wp:attachment":[{"href":"https:\/\/www.ecovis.com\/denmark\/dk\/wp-json\/wp\/v2\/media?parent=2270"}],"wp:term":[{"taxonomy":"category","embeddable":true,"href":"https:\/\/www.ecovis.com\/denmark\/dk\/wp-json\/wp\/v2\/categories?post=2270"},{"taxonomy":"post_tag","embeddable":true,"href":"https:\/\/www.ecovis.com\/denmark\/dk\/wp-json\/wp\/v2\/tags?post=2270"}],"curies":[{"name":"wp","href":"https:\/\/api.w.org\/{rel}","templated":true}]}}