{"id":2208,"date":"2021-03-01T11:00:33","date_gmt":"2021-03-01T10:00:33","guid":{"rendered":"https:\/\/www.ecovis.com\/denmark\/dk\/?p=2208"},"modified":"2021-08-30T13:46:00","modified_gmt":"2021-08-30T11:46:00","slug":"momslaan-til-smaa-og-mellemstore-virksomheder","status":"publish","type":"post","link":"https:\/\/www.ecovis.com\/denmark\/dk\/momslaan-til-smaa-og-mellemstore-virksomheder\/","title":{"rendered":"Momsl\u00e5n til sm\u00e5 og mellemstore virksomheder"},"content":{"rendered":"<p>Folketinget har vedtaget en ny momsl\u00e5neordning, hvor sm\u00e5 og mellemstore virksomheder f\u00e5r mulighed for at l\u00e5ne et rentefrit bel\u00f8b svarende til den moms, virksomheden skal indberette og betale senest den 1. marts 2021.<\/p>\n<p>Der kan ans\u00f8ges fra 17. marts til 14. april 2021.<\/p>\n<p>L\u00e5net skal tilbagebetales senest 1. februar 2022.<\/p>\n<h3>Hvilke virksomheder kan s\u00f8ge om l\u00e5net?<\/h3>\n<p>Sm\u00e5 og mellemstore virksomheder kan ans\u00f8ge.<\/p>\n<p>Mellemstore virksomheder, der afregner kvartalsvis, omfatter typisk nyregistrerede virksomheder og virksomheder med en oms\u00e6tning mellem 5 mio. DKK og 50 mio. DKK og sm\u00e5 virksomheder, der afregner halv\u00e5rligt, omfatter virksomheder med en samlet oms\u00e6tning p\u00e5 under 5 mio. DKK.<\/p>\n<p>For at kunne s\u00f8ge kr\u00e6ver det, at virksomheden:<\/p>\n<ul>\n<li>ikke er en offentlig institution.<\/li>\n<li>ikke er under konkursbehandling, rekonstruktionsbehandling, likvidation eller tvangsopl\u00f8sning.<\/li>\n<li>ikke har en eller flere forel\u00f8bige fasts\u00e6ttelser, som ikke er erstattet af en indberetning. L\u00e6s mere om, hvordan du erstatter en forel\u00f8big fasts\u00e6ttelse l\u00e6ngere nede.<\/li>\n<li>ikke har stillet sikkerhed eller er blevet p\u00e5lagt at stille sikkerhed efter opkr\u00e6vningslovens \u00a7 11.<\/li>\n<li>ikke har en fysisk eller juridisk person, som indenfor de sidste 10 \u00e5r er d\u00f8mt for skatte- og afgiftssvig, og som:\n<ul>\n<li>ejer virksomheden\n<li>reelt driver virksomheden\n<li>er medlem af virksomhedens bestyrelse eller direktion\n<li>er filialbestyrer i virksomheden<\/li>\n<\/ul>\n<\/li>\n<li>ikke har skiftet 50 % eller mere ud af ejerkredsen i perioden fra og med den 29. januar 2021 til og med dagen for anmodning om l\u00e5n. Du kan dog godt ans\u00f8ge, hvis du kan vedl\u00e6gge en revisorerkl\u00e6ring om ejerskiftet.<\/li>\n<li>ikke er en finansiel virksomhed eller kreditinstitut<\/li>\n<\/ul>\n<p>Virksomheden skal overholde ovenst\u00e5ende kriterier i hele l\u00e5neperioden.<\/p>\n<h3>Husk at indberette moms senest 1. marts 2021<\/h3>\n<p>For at kunne f\u00e5 l\u00e5net, er det et krav at momsen er indberettet korrekt og er indberettet senest til fristen den 1. marts 2021.<\/p>\n<p>Det er samtidig vigtigt, at virksomheden overholder alle indberetningsfrister i l\u00e5neperioden. Det g\u00e6lder b\u00e5de moms, A-skat og AM-bidrag og punktafgifter. Overholdes indberetningsfristerne er betingelserne for l\u00e5net overtr\u00e5dt, og l\u00e5net vil skulle tilbagebetales straks.<\/p>\n<h3>Skal momsen indbetales?<\/h3>\n<p>Der vil v\u00e6re mulighed for ikke at indbetale momsen, og anvende momsl\u00e5net til at d\u00e6kke den skyldige moms. Du skal dog v\u00e6re opm\u00e6rksom f\u00f8lgende:<\/p>\n<ul>\n<li>Den manglende betaling vil blive konverteret til et rentefrit l\u00e5n, men l\u00e5net vil g\u00e5 til at d\u00e6kke det skyldige bel\u00f8b &#8211; og derfor bliver l\u00e5net ikke udbetalt.<\/li>\n<li>at der l\u00f8ber renter p\u00e5 betalingen af den skyldige moms, frem til et evt. l\u00e5n bevilges.<\/li>\n<li>at der muligvis vil blive rykket for betalingen, og at der i den forbindelse bliver lagt et rykkergebyr p\u00e5.<\/li>\n<li>at et evt. l\u00e5n ikke kommer til at omfatte disse renter og gebyrer. Renter og gebyrer skal virksomheden derfor selv betale, for ellers vil disse overg\u00e5 til inddrivelse.<\/li>\n<li>at det ikke er alle virksomheder, der kan blive godkendt til et l\u00e5n (fx virksomheder under konkursbehandling, rekonstruktionsbehandling, likvidation eller tvangsopl\u00f8sning). Det betyder, at hvis virksomheden ikke betaler p\u00e5 en anden m\u00e5de, vil den manglende betaling overg\u00e5 til inddrivelse.<\/li>\n<\/ul>\n<h3>Hvor stort er l\u00e5net?<\/h3>\n<p>Sm\u00e5 virksomheder kan ans\u00f8ge om et rentefrit momsl\u00e5n p\u00e5 et bel\u00f8b, der svarer til det bel\u00f8b, virksomheden har indberettet rettidigt i moms for 1. og 2. halv\u00e5r 2020 (frist 1. marts 2021).<\/p>\n<p>Mellemstore virksomheder kan ans\u00f8ge om et rentefrit momsl\u00e5n p\u00e5 et bel\u00f8b, der svarer til det bel\u00f8b, virksomheden har indberettet rettidigt i moms for 3. og 4. kvartal 2020 (frist 1. marts 2021).<\/p>\n<p>Det er kun muligt at s\u00f8ge om et l\u00e5n, der d\u00e6kker begge afregningsperioder (hhv. 1. og 2. halv\u00e5r eller 3. og 4. kvartal). Du kan derfor ikke s\u00f8ge om et l\u00e5n kun for den ene periode.<\/p>\n<p>Hvis virksomheden har ubetalte krav (fx manglende betaling af moms eller l\u00f8nsumsafgift), bliver det l\u00e5nte bel\u00f8b modregnet kravet. Dermed f\u00e5r virksomheden ikke en reel udbetaling, men en gratis kredittid, der svarer til det.<\/p>\n<h3>Hvordan bliver l\u00e5net udbetalt?<\/h3>\n<p>Hvis din virksomhed f\u00e5r godkendt et l\u00e5n, vil l\u00e5net fremg\u00e5 p\u00e5 virksomhedens Skattekonto.<\/p>\n<p>Hvis virksomheden ikke har betalt moms, l\u00f8nsumsafgift eller andre krav, vil l\u00e5net f\u00f8rst g\u00e5 til at d\u00e6kke disse krav. Derefter bliver l\u00e5net modregnet eventuel anden offentlig g\u00e6ld (hvis virksomheden skylder det offentlige penge). Hvis der derefter er penge tilbage, kan resten af l\u00e5net blive udbetalt til virksomhedens NemKonto.<\/p>\n<p>For at f\u00e5 pengene udbetalt, kr\u00e6ver det dog, at du s\u00e6tter virksomhedens udbetalingsgr\u00e6nse p\u00e5 Skattekontoen lavt, s\u00e5 de resterende penge automatisk kan blive udbetalt til virksomhedens NemKonto.<\/p>\n<p>Udbetalingsgr\u00e6nsen \u00e6ndres p\u00e5 Tastselv Erhverv.<\/p>\n<h3>Tilbagebetaling af l\u00e5net<\/h3>\n<p>L\u00e5net skal tilbagebetales senest 1. februar 2022.<\/p>\n<h3>S\u00e5dan s\u00f8ger du om l\u00e5net<\/h3>\n<p>Du kan ans\u00f8ge om momsl\u00e5n fra den 17. marts 2021 til 14. april 2021 via virk.dk. Du kan enten selv udfylde og indsende ans\u00f8gningen, eller du kan f\u00e5 os til at assistere dig. Tag kontakt til din daglige revisor hvis du har sp\u00f8rgsm\u00e5l til ans\u00f8gningen eller du \u00f8nsker hj\u00e6lp til at ans\u00f8ge.<\/p>\n<p>P\u00e5 virk.dk vil du kunne l\u00e6se mere om, hvordan du ans\u00f8ger om l\u00e5net, s\u00e5 snart l\u00e5net er muligt at s\u00f8ge.<\/p>\n","protected":false},"excerpt":{"rendered":"<p>Folketinget har vedtaget en ny momsl\u00e5neordning, hvor sm\u00e5 og mellemstore virksomheder f\u00e5r mulighed for at l\u00e5ne et rentefrit bel\u00f8b svarende til den moms, virksomheden skal indberette og betale senest den 1. marts 2021. Der kan ans\u00f8ges fra 17. marts til 14. april 2021. L\u00e5net skal tilbagebetales senest 1. februar 2022. Hvilke virksomheder kan s\u00f8ge om [&hellip;]<\/p>\n","protected":false},"author":6,"featured_media":2210,"comment_status":"closed","ping_status":"open","sticky":false,"template":"","format":"standard","meta":{"_acf_changed":false,"footnotes":""},"categories":[17],"tags":[],"class_list":["post-2208","post","type-post","status-publish","format-standard","has-post-thumbnail","hentry","category-nyheder"],"acf":[],"yoast_head":"<!-- This site is optimized with the Yoast SEO plugin v27.4 - https:\/\/yoast.com\/product\/yoast-seo-wordpress\/ -->\n<title>Momsl\u00e5n til sm\u00e5 og mellemstore virksomheder - Ecovis i Danmark<\/title>\n<meta name=\"robots\" content=\"index, follow, max-snippet:-1, max-image-preview:large, max-video-preview:-1\" \/>\n<link rel=\"canonical\" href=\"https:\/\/www.ecovis.com\/denmark\/dk\/momslaan-til-smaa-og-mellemstore-virksomheder\/\" \/>\n<meta property=\"og:locale\" content=\"da_DK\" \/>\n<meta property=\"og:type\" content=\"article\" \/>\n<meta property=\"og:title\" content=\"Momsl\u00e5n til sm\u00e5 og mellemstore virksomheder - Ecovis i Danmark\" \/>\n<meta property=\"og:description\" content=\"Folketinget har vedtaget en ny momsl\u00e5neordning, hvor sm\u00e5 og mellemstore virksomheder f\u00e5r mulighed for at l\u00e5ne et rentefrit bel\u00f8b svarende til den moms, virksomheden skal indberette og betale senest den 1. marts 2021. Der kan ans\u00f8ges fra 17. marts til 14. april 2021. L\u00e5net skal tilbagebetales senest 1. februar 2022. Hvilke virksomheder kan s\u00f8ge om [&hellip;]\" \/>\n<meta property=\"og:url\" content=\"https:\/\/www.ecovis.com\/denmark\/dk\/momslaan-til-smaa-og-mellemstore-virksomheder\/\" \/>\n<meta property=\"og:site_name\" content=\"Ecovis i Danmark\" \/>\n<meta property=\"article:published_time\" content=\"2021-03-01T10:00:33+00:00\" \/>\n<meta property=\"article:modified_time\" content=\"2021-08-30T11:46:00+00:00\" \/>\n<meta property=\"og:image\" content=\"https:\/\/www.ecovis.com\/denmark\/dk\/wp-content\/uploads\/sites\/4\/2021\/03\/gewerblicher-rechtsschutz.jpg\" \/>\n\t<meta property=\"og:image:width\" content=\"1280\" \/>\n\t<meta property=\"og:image:height\" content=\"550\" \/>\n\t<meta property=\"og:image:type\" content=\"image\/jpeg\" \/>\n<meta name=\"author\" content=\"denmarkfelix\" \/>\n<meta name=\"twitter:card\" content=\"summary_large_image\" \/>\n<meta name=\"twitter:label1\" content=\"Skrevet af\" \/>\n\t<meta name=\"twitter:data1\" content=\"denmarkfelix\" \/>\n\t<meta name=\"twitter:label2\" content=\"Estimeret l\u00e6setid\" \/>\n\t<meta name=\"twitter:data2\" content=\"4 minutter\" \/>\n<script type=\"application\/ld+json\" class=\"yoast-schema-graph\">{\"@context\":\"https:\\\/\\\/schema.org\",\"@graph\":[{\"@type\":\"Article\",\"@id\":\"https:\\\/\\\/www.ecovis.com\\\/denmark\\\/dk\\\/momslaan-til-smaa-og-mellemstore-virksomheder\\\/#article\",\"isPartOf\":{\"@id\":\"https:\\\/\\\/www.ecovis.com\\\/denmark\\\/dk\\\/momslaan-til-smaa-og-mellemstore-virksomheder\\\/\"},\"author\":{\"name\":\"denmarkfelix\",\"@id\":\"https:\\\/\\\/www.ecovis.com\\\/denmark\\\/dk\\\/#\\\/schema\\\/person\\\/9268a22000f7251631fc05e35f3965a9\"},\"headline\":\"Momsl\u00e5n til sm\u00e5 og mellemstore virksomheder\",\"datePublished\":\"2021-03-01T10:00:33+00:00\",\"dateModified\":\"2021-08-30T11:46:00+00:00\",\"mainEntityOfPage\":{\"@id\":\"https:\\\/\\\/www.ecovis.com\\\/denmark\\\/dk\\\/momslaan-til-smaa-og-mellemstore-virksomheder\\\/\"},\"wordCount\":871,\"image\":{\"@id\":\"https:\\\/\\\/www.ecovis.com\\\/denmark\\\/dk\\\/momslaan-til-smaa-og-mellemstore-virksomheder\\\/#primaryimage\"},\"thumbnailUrl\":\"https:\\\/\\\/www.ecovis.com\\\/denmark\\\/dk\\\/wp-content\\\/uploads\\\/sites\\\/4\\\/2021\\\/03\\\/gewerblicher-rechtsschutz.jpg\",\"articleSection\":[\"Nyheder\"],\"inLanguage\":\"da-DK\"},{\"@type\":\"WebPage\",\"@id\":\"https:\\\/\\\/www.ecovis.com\\\/denmark\\\/dk\\\/momslaan-til-smaa-og-mellemstore-virksomheder\\\/\",\"url\":\"https:\\\/\\\/www.ecovis.com\\\/denmark\\\/dk\\\/momslaan-til-smaa-og-mellemstore-virksomheder\\\/\",\"name\":\"Momsl\u00e5n til sm\u00e5 og mellemstore virksomheder - Ecovis i Danmark\",\"isPartOf\":{\"@id\":\"https:\\\/\\\/www.ecovis.com\\\/denmark\\\/dk\\\/#website\"},\"primaryImageOfPage\":{\"@id\":\"https:\\\/\\\/www.ecovis.com\\\/denmark\\\/dk\\\/momslaan-til-smaa-og-mellemstore-virksomheder\\\/#primaryimage\"},\"image\":{\"@id\":\"https:\\\/\\\/www.ecovis.com\\\/denmark\\\/dk\\\/momslaan-til-smaa-og-mellemstore-virksomheder\\\/#primaryimage\"},\"thumbnailUrl\":\"https:\\\/\\\/www.ecovis.com\\\/denmark\\\/dk\\\/wp-content\\\/uploads\\\/sites\\\/4\\\/2021\\\/03\\\/gewerblicher-rechtsschutz.jpg\",\"datePublished\":\"2021-03-01T10:00:33+00:00\",\"dateModified\":\"2021-08-30T11:46:00+00:00\",\"author\":{\"@id\":\"https:\\\/\\\/www.ecovis.com\\\/denmark\\\/dk\\\/#\\\/schema\\\/person\\\/9268a22000f7251631fc05e35f3965a9\"},\"breadcrumb\":{\"@id\":\"https:\\\/\\\/www.ecovis.com\\\/denmark\\\/dk\\\/momslaan-til-smaa-og-mellemstore-virksomheder\\\/#breadcrumb\"},\"inLanguage\":\"da-DK\",\"potentialAction\":[{\"@type\":\"ReadAction\",\"target\":[\"https:\\\/\\\/www.ecovis.com\\\/denmark\\\/dk\\\/momslaan-til-smaa-og-mellemstore-virksomheder\\\/\"]}]},{\"@type\":\"ImageObject\",\"inLanguage\":\"da-DK\",\"@id\":\"https:\\\/\\\/www.ecovis.com\\\/denmark\\\/dk\\\/momslaan-til-smaa-og-mellemstore-virksomheder\\\/#primaryimage\",\"url\":\"https:\\\/\\\/www.ecovis.com\\\/denmark\\\/dk\\\/wp-content\\\/uploads\\\/sites\\\/4\\\/2021\\\/03\\\/gewerblicher-rechtsschutz.jpg\",\"contentUrl\":\"https:\\\/\\\/www.ecovis.com\\\/denmark\\\/dk\\\/wp-content\\\/uploads\\\/sites\\\/4\\\/2021\\\/03\\\/gewerblicher-rechtsschutz.jpg\",\"width\":1280,\"height\":550},{\"@type\":\"BreadcrumbList\",\"@id\":\"https:\\\/\\\/www.ecovis.com\\\/denmark\\\/dk\\\/momslaan-til-smaa-og-mellemstore-virksomheder\\\/#breadcrumb\",\"itemListElement\":[{\"@type\":\"ListItem\",\"position\":1,\"name\":\"Ecovis Global\",\"item\":\"https:\\\/\\\/www.ecovis.com\\\/\"},{\"@type\":\"ListItem\",\"position\":2,\"name\":\"Forside\",\"item\":\"https:\\\/\\\/www.ecovis.com\\\/denmark\\\/dk\\\/\"},{\"@type\":\"ListItem\",\"position\":3,\"name\":\"Momsl\u00e5n til sm\u00e5 og mellemstore virksomheder\"}]},{\"@type\":\"WebSite\",\"@id\":\"https:\\\/\\\/www.ecovis.com\\\/denmark\\\/dk\\\/#website\",\"url\":\"https:\\\/\\\/www.ecovis.com\\\/denmark\\\/dk\\\/\",\"name\":\"Ecovis.com\",\"description\":\"\",\"potentialAction\":[{\"@type\":\"SearchAction\",\"target\":{\"@type\":\"EntryPoint\",\"urlTemplate\":\"https:\\\/\\\/www.ecovis.com\\\/denmark\\\/dk\\\/?s={search_term_string}\"},\"query-input\":{\"@type\":\"PropertyValueSpecification\",\"valueRequired\":true,\"valueName\":\"search_term_string\"}}],\"inLanguage\":\"da-DK\"},{\"@type\":\"Person\",\"@id\":\"https:\\\/\\\/www.ecovis.com\\\/denmark\\\/dk\\\/#\\\/schema\\\/person\\\/9268a22000f7251631fc05e35f3965a9\",\"name\":\"denmarkfelix\",\"image\":{\"@type\":\"ImageObject\",\"inLanguage\":\"da-DK\",\"@id\":\"https:\\\/\\\/secure.gravatar.com\\\/avatar\\\/5ce6f6b5a5b921e07e167daf0db9195b026559db86a8606174d985cbbcb9abb7?s=96&d=mm&r=g\",\"url\":\"https:\\\/\\\/secure.gravatar.com\\\/avatar\\\/5ce6f6b5a5b921e07e167daf0db9195b026559db86a8606174d985cbbcb9abb7?s=96&d=mm&r=g\",\"contentUrl\":\"https:\\\/\\\/secure.gravatar.com\\\/avatar\\\/5ce6f6b5a5b921e07e167daf0db9195b026559db86a8606174d985cbbcb9abb7?s=96&d=mm&r=g\",\"caption\":\"denmarkfelix\"},\"url\":\"https:\\\/\\\/www.ecovis.com\\\/denmark\\\/dk\\\/author\\\/denmarkfelix\\\/\"}]}<\/script>\n<!-- \/ Yoast SEO plugin. -->","yoast_head_json":{"title":"Momsl\u00e5n til sm\u00e5 og mellemstore virksomheder - Ecovis i Danmark","robots":{"index":"index","follow":"follow","max-snippet":"max-snippet:-1","max-image-preview":"max-image-preview:large","max-video-preview":"max-video-preview:-1"},"canonical":"https:\/\/www.ecovis.com\/denmark\/dk\/momslaan-til-smaa-og-mellemstore-virksomheder\/","og_locale":"da_DK","og_type":"article","og_title":"Momsl\u00e5n til sm\u00e5 og mellemstore virksomheder - Ecovis i Danmark","og_description":"Folketinget har vedtaget en ny momsl\u00e5neordning, hvor sm\u00e5 og mellemstore virksomheder f\u00e5r mulighed for at l\u00e5ne et rentefrit bel\u00f8b svarende til den moms, virksomheden skal indberette og betale senest den 1. marts 2021. Der kan ans\u00f8ges fra 17. marts til 14. april 2021. L\u00e5net skal tilbagebetales senest 1. februar 2022. Hvilke virksomheder kan s\u00f8ge om [&hellip;]","og_url":"https:\/\/www.ecovis.com\/denmark\/dk\/momslaan-til-smaa-og-mellemstore-virksomheder\/","og_site_name":"Ecovis i Danmark","article_published_time":"2021-03-01T10:00:33+00:00","article_modified_time":"2021-08-30T11:46:00+00:00","og_image":[{"width":1280,"height":550,"url":"https:\/\/www.ecovis.com\/denmark\/dk\/wp-content\/uploads\/sites\/4\/2021\/03\/gewerblicher-rechtsschutz.jpg","type":"image\/jpeg"}],"author":"denmarkfelix","twitter_card":"summary_large_image","twitter_misc":{"Skrevet af":"denmarkfelix","Estimeret l\u00e6setid":"4 minutter"},"schema":{"@context":"https:\/\/schema.org","@graph":[{"@type":"Article","@id":"https:\/\/www.ecovis.com\/denmark\/dk\/momslaan-til-smaa-og-mellemstore-virksomheder\/#article","isPartOf":{"@id":"https:\/\/www.ecovis.com\/denmark\/dk\/momslaan-til-smaa-og-mellemstore-virksomheder\/"},"author":{"name":"denmarkfelix","@id":"https:\/\/www.ecovis.com\/denmark\/dk\/#\/schema\/person\/9268a22000f7251631fc05e35f3965a9"},"headline":"Momsl\u00e5n til sm\u00e5 og mellemstore virksomheder","datePublished":"2021-03-01T10:00:33+00:00","dateModified":"2021-08-30T11:46:00+00:00","mainEntityOfPage":{"@id":"https:\/\/www.ecovis.com\/denmark\/dk\/momslaan-til-smaa-og-mellemstore-virksomheder\/"},"wordCount":871,"image":{"@id":"https:\/\/www.ecovis.com\/denmark\/dk\/momslaan-til-smaa-og-mellemstore-virksomheder\/#primaryimage"},"thumbnailUrl":"https:\/\/www.ecovis.com\/denmark\/dk\/wp-content\/uploads\/sites\/4\/2021\/03\/gewerblicher-rechtsschutz.jpg","articleSection":["Nyheder"],"inLanguage":"da-DK"},{"@type":"WebPage","@id":"https:\/\/www.ecovis.com\/denmark\/dk\/momslaan-til-smaa-og-mellemstore-virksomheder\/","url":"https:\/\/www.ecovis.com\/denmark\/dk\/momslaan-til-smaa-og-mellemstore-virksomheder\/","name":"Momsl\u00e5n til sm\u00e5 og mellemstore virksomheder - Ecovis i Danmark","isPartOf":{"@id":"https:\/\/www.ecovis.com\/denmark\/dk\/#website"},"primaryImageOfPage":{"@id":"https:\/\/www.ecovis.com\/denmark\/dk\/momslaan-til-smaa-og-mellemstore-virksomheder\/#primaryimage"},"image":{"@id":"https:\/\/www.ecovis.com\/denmark\/dk\/momslaan-til-smaa-og-mellemstore-virksomheder\/#primaryimage"},"thumbnailUrl":"https:\/\/www.ecovis.com\/denmark\/dk\/wp-content\/uploads\/sites\/4\/2021\/03\/gewerblicher-rechtsschutz.jpg","datePublished":"2021-03-01T10:00:33+00:00","dateModified":"2021-08-30T11:46:00+00:00","author":{"@id":"https:\/\/www.ecovis.com\/denmark\/dk\/#\/schema\/person\/9268a22000f7251631fc05e35f3965a9"},"breadcrumb":{"@id":"https:\/\/www.ecovis.com\/denmark\/dk\/momslaan-til-smaa-og-mellemstore-virksomheder\/#breadcrumb"},"inLanguage":"da-DK","potentialAction":[{"@type":"ReadAction","target":["https:\/\/www.ecovis.com\/denmark\/dk\/momslaan-til-smaa-og-mellemstore-virksomheder\/"]}]},{"@type":"ImageObject","inLanguage":"da-DK","@id":"https:\/\/www.ecovis.com\/denmark\/dk\/momslaan-til-smaa-og-mellemstore-virksomheder\/#primaryimage","url":"https:\/\/www.ecovis.com\/denmark\/dk\/wp-content\/uploads\/sites\/4\/2021\/03\/gewerblicher-rechtsschutz.jpg","contentUrl":"https:\/\/www.ecovis.com\/denmark\/dk\/wp-content\/uploads\/sites\/4\/2021\/03\/gewerblicher-rechtsschutz.jpg","width":1280,"height":550},{"@type":"BreadcrumbList","@id":"https:\/\/www.ecovis.com\/denmark\/dk\/momslaan-til-smaa-og-mellemstore-virksomheder\/#breadcrumb","itemListElement":[{"@type":"ListItem","position":1,"name":"Ecovis Global","item":"https:\/\/www.ecovis.com\/"},{"@type":"ListItem","position":2,"name":"Forside","item":"https:\/\/www.ecovis.com\/denmark\/dk\/"},{"@type":"ListItem","position":3,"name":"Momsl\u00e5n til sm\u00e5 og mellemstore virksomheder"}]},{"@type":"WebSite","@id":"https:\/\/www.ecovis.com\/denmark\/dk\/#website","url":"https:\/\/www.ecovis.com\/denmark\/dk\/","name":"Ecovis.com","description":"","potentialAction":[{"@type":"SearchAction","target":{"@type":"EntryPoint","urlTemplate":"https:\/\/www.ecovis.com\/denmark\/dk\/?s={search_term_string}"},"query-input":{"@type":"PropertyValueSpecification","valueRequired":true,"valueName":"search_term_string"}}],"inLanguage":"da-DK"},{"@type":"Person","@id":"https:\/\/www.ecovis.com\/denmark\/dk\/#\/schema\/person\/9268a22000f7251631fc05e35f3965a9","name":"denmarkfelix","image":{"@type":"ImageObject","inLanguage":"da-DK","@id":"https:\/\/secure.gravatar.com\/avatar\/5ce6f6b5a5b921e07e167daf0db9195b026559db86a8606174d985cbbcb9abb7?s=96&d=mm&r=g","url":"https:\/\/secure.gravatar.com\/avatar\/5ce6f6b5a5b921e07e167daf0db9195b026559db86a8606174d985cbbcb9abb7?s=96&d=mm&r=g","contentUrl":"https:\/\/secure.gravatar.com\/avatar\/5ce6f6b5a5b921e07e167daf0db9195b026559db86a8606174d985cbbcb9abb7?s=96&d=mm&r=g","caption":"denmarkfelix"},"url":"https:\/\/www.ecovis.com\/denmark\/dk\/author\/denmarkfelix\/"}]}},"featured_image_url":"https:\/\/www.ecovis.com\/denmark\/dk\/wp-content\/uploads\/sites\/4\/2021\/03\/gewerblicher-rechtsschutz-300x150.jpg","featured_image_url_large":"https:\/\/www.ecovis.com\/denmark\/dk\/wp-content\/uploads\/sites\/4\/2021\/03\/gewerblicher-rechtsschutz-1280x550.jpg","_links":{"self":[{"href":"https:\/\/www.ecovis.com\/denmark\/dk\/wp-json\/wp\/v2\/posts\/2208","targetHints":{"allow":["GET"]}}],"collection":[{"href":"https:\/\/www.ecovis.com\/denmark\/dk\/wp-json\/wp\/v2\/posts"}],"about":[{"href":"https:\/\/www.ecovis.com\/denmark\/dk\/wp-json\/wp\/v2\/types\/post"}],"author":[{"embeddable":true,"href":"https:\/\/www.ecovis.com\/denmark\/dk\/wp-json\/wp\/v2\/users\/6"}],"replies":[{"embeddable":true,"href":"https:\/\/www.ecovis.com\/denmark\/dk\/wp-json\/wp\/v2\/comments?post=2208"}],"version-history":[{"count":6,"href":"https:\/\/www.ecovis.com\/denmark\/dk\/wp-json\/wp\/v2\/posts\/2208\/revisions"}],"predecessor-version":[{"id":2231,"href":"https:\/\/www.ecovis.com\/denmark\/dk\/wp-json\/wp\/v2\/posts\/2208\/revisions\/2231"}],"wp:featuredmedia":[{"embeddable":true,"href":"https:\/\/www.ecovis.com\/denmark\/dk\/wp-json\/wp\/v2\/media\/2210"}],"wp:attachment":[{"href":"https:\/\/www.ecovis.com\/denmark\/dk\/wp-json\/wp\/v2\/media?parent=2208"}],"wp:term":[{"taxonomy":"category","embeddable":true,"href":"https:\/\/www.ecovis.com\/denmark\/dk\/wp-json\/wp\/v2\/categories?post=2208"},{"taxonomy":"post_tag","embeddable":true,"href":"https:\/\/www.ecovis.com\/denmark\/dk\/wp-json\/wp\/v2\/tags?post=2208"}],"curies":[{"name":"wp","href":"https:\/\/api.w.org\/{rel}","templated":true}]}}